{"id":14438,"date":"2015-10-13T16:18:39","date_gmt":"2015-10-13T14:18:39","guid":{"rendered":"http:\/\/tyrving.idrett.no\/10\/f\/?p=14438"},"modified":"2015-10-19T22:13:10","modified_gmt":"2015-10-19T20:13:10","slug":"bli-med-til-tenerife-i-pasken","status":"publish","type":"post","link":"https:\/\/tyrving.idrett.no\/10\/f\/2015\/10\/13\/bli-med-til-tenerife-i-pasken\/","title":{"rendered":"Bli med til Tenerife i p\u00e5sken (oppdatert)"},"content":{"rendered":"<p>Friidrettsgruppen velger \u00e5 dra til Tenerife p\u00e5 treningsleir i p\u00e5sken 2016 \u2013 nytt sted for Tyrving, men vel kjent som et flott treningssted for friidrettsut\u00f8vere og andre idrettsut\u00f8vere.<\/p>\n<p><strong>HVEM KAN BLI MED?<\/strong><\/p>\n<p>Treningsleiren er \u00e5pen for ut\u00f8vere f\u00f8dt i 2001 og tidligere. Ut\u00f8vere f\u00f8dt i 2001 m\u00e5 ha med seg en ansvarlig voksenperson (en voksen kan ha ansvaret for flere ut\u00f8vere).<\/p>\n<p><strong>F\u00f8lgende idrettslige forutsetninger gjelder:<\/strong><\/p>\n<ul>\n<li>Ut\u00f8ver f\u00f8dt i 2000 og eldre m\u00e5 ha klart UM-kravet eller ligge p\u00e5 et niv\u00e5 tett oppunder dette.<\/li>\n<li>Ut\u00f8vere f\u00f8dt i 2001 og nye ut\u00f8vere i eldre \u00e5rsklasser m\u00e5 vise god treningsvilje og ha potensial for og m\u00e5l om \u00e5 kvalifisere seg for UM. Oppfyllelse av disse forutsetningene vurderes og godkjennes av klubbens sportslige ledelse<\/li>\n<li>Alle aktuelle ut\u00f8vere m\u00e5 trene minst 3-4 ganger pr. uke i et opplegg godkjent av Tyrving. Dette for \u00e5 t\u00e5le belastningen ved \u00e5 trene to ganger om dagen p\u00e5 treningsleiren.<\/li>\n<\/ul>\n<p><strong>TIDSPUNKT:<\/strong><\/p>\n<p>Det settes opp to alternative datoer for avreise fra Gardermoen:<\/p>\n<ul>\n<li>Torsdag 17. mars.<\/li>\n<li>Fredag 18. mars.<\/li>\n<\/ul>\n<p>Retur fra Tenerife blir for alle tirsdag 29. mars.<\/p>\n<p><strong>PRIS:<\/strong><\/p>\n<p><strong>Kr 13.500,- som inkluderer:<\/strong><\/p>\n<ul>\n<li>Fly tur\/retur + transport til\/fra flyplass i Tenerife.<\/li>\n<li>Overnatting p\u00e5 hotell i 2 eller 3-sengs rom.<\/li>\n<li>Helpensjon.<\/li>\n<li>Sportspass.<\/li>\n<\/ul>\n<p>Merk at prisen er den samme uavhengig av hvilken dag man velger \u00e5 reise til Tenerife.<\/p>\n<p><strong>P\u00c5MELDINGSFRIST:<\/strong><\/p>\n<p><span style=\"color: #ff0000\"><strong>Bindende p\u00e5melding innen 20. oktober.<\/strong><\/span><\/p>\n<p>P\u00e5melding gj\u00f8res via denne linken:\u00a0<a href=\"http:\/\/www.palisoft.no\/pmdb\/?arrid=3062\">http:\/\/www.palisoft.no\/pmdb\/?arrid=3062<\/a><\/p>\n<p>Det\u00a0er begrenset med plasser!<\/p>\n<p><strong>Ved p\u00e5melding m\u00e5 du oppgi:<\/strong><\/p>\n<ul>\n<li>Om du vil reise til Tenerife p\u00e5 torsdag eller fredag.<\/li>\n<li>Navnet slik det st\u00e5r skrevet i ditt pass.<\/li>\n<\/ul>\n<p>Ut\u00f8vere som \u00f8nsker et annet reiseopplegg enn det som er skissert over, m\u00e5 ved p\u00e5melding gi beskjed om det slik at vi ikke bestiller flybilletter som ikke kan brukes\/refunderes. \u00a0Ekstrakostnader m\u00e5 betales av den enkelte.<\/p>\n<p><strong>BETALINGSBETINGELSER:<\/strong><\/p>\n<p>Depositum p\u00e5 kr 4.000 pr. person betales ved bindende p\u00e5melding (innen 20.10.). Depositumet betales p\u00e5 kontonummer 9235.17.25747 til IL Tyrving, Pb. 38, 1300 Sandvika. Restbel\u00f8pet betales medio februar.\u00a0 Mail om det vil bli sendt ut i god tid.<\/p>\n<p><strong>REGLEMENT:<\/strong><\/p>\n<p>Ut\u00f8vere som skal delta p\u00e5 treningsleiren m\u00e5 underskrive Tyrvings reglement.\u00a0 Det vil i god tid f\u00f8r treningsleiren bli avholdt et m\u00f8te med ut\u00f8vere og foreldre hvor reglement og annen informasjon vil bli n\u00f8ye gjennomg\u00e5tt. Dette for \u00e5 skape trygge rammer for ut\u00f8verne &#8211; b\u00e5de under trening og p\u00e5 fritiden.<\/p>\n","protected":false},"excerpt":{"rendered":"Friidrettsgruppen velger \u00e5 dra til Tenerife p\u00e5 treningsleir i p\u00e5sken 2016 \u2013 nytt sted for Tyrving, men vel kjent som et flott treningssted for friidrettsut\u00f8vere og andre idrettsut\u00f8vere. HVEM KAN BLI M&#8230;","protected":false},"author":2,"featured_media":0,"comment_status":"open","ping_status":"open","sticky":false,"template":"","format":"standard","meta":{"footnotes":"","_jetpack_memberships_contains_paid_content":false},"categories":[1],"tags":[32,3943],"acf":[],"yoast_head":"<!-- This site is optimized with the Yoast SEO plugin v21.2 - https:\/\/yoast.com\/wordpress\/plugins\/seo\/ -->\n<title>Bli med til Tenerife i p\u00e5sken (oppdatert) - Tyrving - Friidrett<\/title>\n<meta name=\"robots\" content=\"index, follow, max-snippet:-1, max-image-preview:large, max-video-preview:-1\" \/>\n<link rel=\"canonical\" href=\"https:\/\/tyrving.idrett.no\/10\/f\/2015\/10\/13\/bli-med-til-tenerife-i-pasken\/\" \/>\n<meta property=\"og:locale\" content=\"nb_NO\" \/>\n<meta property=\"og:type\" content=\"article\" \/>\n<meta property=\"og:title\" content=\"Bli med til Tenerife i p\u00e5sken (oppdatert) - Tyrving - Friidrett\" \/>\n<meta property=\"og:description\" content=\"Friidrettsgruppen velger \u00e5 dra til Tenerife p\u00e5 treningsleir i p\u00e5sken 2016 \u2013 nytt sted for Tyrving, men vel kjent som et flott treningssted for friidrettsut\u00f8vere og andre idrettsut\u00f8vere. HVEM KAN BLI M...\" \/>\n<meta property=\"og:url\" content=\"https:\/\/tyrving.idrett.no\/10\/f\/2015\/10\/13\/bli-med-til-tenerife-i-pasken\/\" \/>\n<meta property=\"og:site_name\" content=\"Tyrving - Friidrett\" \/>\n<meta property=\"article:published_time\" content=\"2015-10-13T14:18:39+00:00\" \/>\n<meta property=\"article:modified_time\" content=\"2015-10-19T20:13:10+00:00\" \/>\n<meta name=\"author\" content=\"Kirsten Larsen\" \/>\n<meta name=\"twitter:card\" content=\"summary_large_image\" \/>\n<meta name=\"twitter:label1\" content=\"Skrevet av\" \/>\n\t<meta name=\"twitter:data1\" content=\"Kirsten Larsen\" \/>\n\t<meta name=\"twitter:label2\" content=\"Ansl. lesetid\" \/>\n\t<meta name=\"twitter:data2\" content=\"2 minutter\" \/>\n<script type=\"application\/ld+json\" class=\"yoast-schema-graph\">{\"@context\":\"https:\/\/schema.org\",\"@graph\":[{\"@type\":\"Article\",\"@id\":\"https:\/\/tyrving.idrett.no\/10\/f\/2015\/10\/13\/bli-med-til-tenerife-i-pasken\/#article\",\"isPartOf\":{\"@id\":\"https:\/\/tyrving.idrett.no\/10\/f\/2015\/10\/13\/bli-med-til-tenerife-i-pasken\/\"},\"author\":{\"name\":\"Kirsten Larsen\",\"@id\":\"https:\/\/tyrving.idrett.no\/10\/f\/#\/schema\/person\/9d33b15b4997b99c21c6e0b044d8bfd3\"},\"headline\":\"Bli med til Tenerife i p\u00e5sken (oppdatert)\",\"datePublished\":\"2015-10-13T14:18:39+00:00\",\"dateModified\":\"2015-10-19T20:13:10+00:00\",\"mainEntityOfPage\":{\"@id\":\"https:\/\/tyrving.idrett.no\/10\/f\/2015\/10\/13\/bli-med-til-tenerife-i-pasken\/\"},\"wordCount\":407,\"commentCount\":0,\"publisher\":{\"@id\":\"https:\/\/tyrving.idrett.no\/10\/f\/#organization\"},\"keywords\":[\"P\u00e5sken\",\"Tyrving-tur\"],\"articleSection\":[\"Nyheter\"],\"inLanguage\":\"nb-NO\",\"potentialAction\":[{\"@type\":\"CommentAction\",\"name\":\"Comment\",\"target\":[\"https:\/\/tyrving.idrett.no\/10\/f\/2015\/10\/13\/bli-med-til-tenerife-i-pasken\/#respond\"]}]},{\"@type\":\"WebPage\",\"@id\":\"https:\/\/tyrving.idrett.no\/10\/f\/2015\/10\/13\/bli-med-til-tenerife-i-pasken\/\",\"url\":\"https:\/\/tyrving.idrett.no\/10\/f\/2015\/10\/13\/bli-med-til-tenerife-i-pasken\/\",\"name\":\"Bli med til Tenerife i p\u00e5sken (oppdatert) - Tyrving - Friidrett\",\"isPartOf\":{\"@id\":\"https:\/\/tyrving.idrett.no\/10\/f\/#website\"},\"datePublished\":\"2015-10-13T14:18:39+00:00\",\"dateModified\":\"2015-10-19T20:13:10+00:00\",\"breadcrumb\":{\"@id\":\"https:\/\/tyrving.idrett.no\/10\/f\/2015\/10\/13\/bli-med-til-tenerife-i-pasken\/#breadcrumb\"},\"inLanguage\":\"nb-NO\",\"potentialAction\":[{\"@type\":\"ReadAction\",\"target\":[\"https:\/\/tyrving.idrett.no\/10\/f\/2015\/10\/13\/bli-med-til-tenerife-i-pasken\/\"]}]},{\"@type\":\"BreadcrumbList\",\"@id\":\"https:\/\/tyrving.idrett.no\/10\/f\/2015\/10\/13\/bli-med-til-tenerife-i-pasken\/#breadcrumb\",\"itemListElement\":[{\"@type\":\"ListItem\",\"position\":1,\"name\":\"Hjem\",\"item\":\"https:\/\/tyrving.idrett.no\/10\/f\/\"},{\"@type\":\"ListItem\",\"position\":2,\"name\":\"Bli med til Tenerife i p\u00e5sken (oppdatert)\"}]},{\"@type\":\"WebSite\",\"@id\":\"https:\/\/tyrving.idrett.no\/10\/f\/#website\",\"url\":\"https:\/\/tyrving.idrett.no\/10\/f\/\",\"name\":\"Tyrving - Friidrett\",\"description\":\"Friidrettsgruppa\",\"publisher\":{\"@id\":\"https:\/\/tyrving.idrett.no\/10\/f\/#organization\"},\"potentialAction\":[{\"@type\":\"SearchAction\",\"target\":{\"@type\":\"EntryPoint\",\"urlTemplate\":\"https:\/\/tyrving.idrett.no\/10\/f\/?s={search_term_string}\"},\"query-input\":\"required name=search_term_string\"}],\"inLanguage\":\"nb-NO\"},{\"@type\":\"Organization\",\"@id\":\"https:\/\/tyrving.idrett.no\/10\/f\/#organization\",\"name\":\"Tyrving Friidrettsgruppa\",\"url\":\"https:\/\/tyrving.idrett.no\/10\/f\/\",\"logo\":{\"@type\":\"ImageObject\",\"inLanguage\":\"nb-NO\",\"@id\":\"https:\/\/tyrving.idrett.no\/10\/f\/#\/schema\/logo\/image\/\",\"url\":\"https:\/\/tyrving.idrett.no\/10\/f\/files\/2019\/04\/Tyrving-Logo-Friidrett-2019.jpg\",\"contentUrl\":\"https:\/\/tyrving.idrett.no\/10\/f\/files\/2019\/04\/Tyrving-Logo-Friidrett-2019.jpg\",\"width\":460,\"height\":360,\"caption\":\"Tyrving Friidrettsgruppa\"},\"image\":{\"@id\":\"https:\/\/tyrving.idrett.no\/10\/f\/#\/schema\/logo\/image\/\"}},{\"@type\":\"Person\",\"@id\":\"https:\/\/tyrving.idrett.no\/10\/f\/#\/schema\/person\/9d33b15b4997b99c21c6e0b044d8bfd3\",\"name\":\"Kirsten Larsen\",\"image\":{\"@type\":\"ImageObject\",\"inLanguage\":\"nb-NO\",\"@id\":\"https:\/\/tyrving.idrett.no\/10\/f\/#\/schema\/person\/image\/\",\"url\":\"https:\/\/secure.gravatar.com\/avatar\/2924b58c2b807e7f70945c639540a744?s=96&d=mm&r=g\",\"contentUrl\":\"https:\/\/secure.gravatar.com\/avatar\/2924b58c2b807e7f70945c639540a744?s=96&d=mm&r=g\",\"caption\":\"Kirsten Larsen\"}}]}<\/script>\n<!-- \/ Yoast SEO plugin. -->","yoast_head_json":{"title":"Bli med til Tenerife i p\u00e5sken (oppdatert) - Tyrving - Friidrett","robots":{"index":"index","follow":"follow","max-snippet":"max-snippet:-1","max-image-preview":"max-image-preview:large","max-video-preview":"max-video-preview:-1"},"canonical":"https:\/\/tyrving.idrett.no\/10\/f\/2015\/10\/13\/bli-med-til-tenerife-i-pasken\/","og_locale":"nb_NO","og_type":"article","og_title":"Bli med til Tenerife i p\u00e5sken (oppdatert) - Tyrving - Friidrett","og_description":"Friidrettsgruppen velger \u00e5 dra til Tenerife p\u00e5 treningsleir i p\u00e5sken 2016 \u2013 nytt sted for Tyrving, men vel kjent som et flott treningssted for friidrettsut\u00f8vere og andre idrettsut\u00f8vere. HVEM KAN BLI M...","og_url":"https:\/\/tyrving.idrett.no\/10\/f\/2015\/10\/13\/bli-med-til-tenerife-i-pasken\/","og_site_name":"Tyrving - Friidrett","article_published_time":"2015-10-13T14:18:39+00:00","article_modified_time":"2015-10-19T20:13:10+00:00","author":"Kirsten Larsen","twitter_card":"summary_large_image","twitter_misc":{"Skrevet av":"Kirsten Larsen","Ansl. lesetid":"2 minutter"},"schema":{"@context":"https:\/\/schema.org","@graph":[{"@type":"Article","@id":"https:\/\/tyrving.idrett.no\/10\/f\/2015\/10\/13\/bli-med-til-tenerife-i-pasken\/#article","isPartOf":{"@id":"https:\/\/tyrving.idrett.no\/10\/f\/2015\/10\/13\/bli-med-til-tenerife-i-pasken\/"},"author":{"name":"Kirsten Larsen","@id":"https:\/\/tyrving.idrett.no\/10\/f\/#\/schema\/person\/9d33b15b4997b99c21c6e0b044d8bfd3"},"headline":"Bli med til Tenerife i p\u00e5sken (oppdatert)","datePublished":"2015-10-13T14:18:39+00:00","dateModified":"2015-10-19T20:13:10+00:00","mainEntityOfPage":{"@id":"https:\/\/tyrving.idrett.no\/10\/f\/2015\/10\/13\/bli-med-til-tenerife-i-pasken\/"},"wordCount":407,"commentCount":0,"publisher":{"@id":"https:\/\/tyrving.idrett.no\/10\/f\/#organization"},"keywords":["P\u00e5sken","Tyrving-tur"],"articleSection":["Nyheter"],"inLanguage":"nb-NO","potentialAction":[{"@type":"CommentAction","name":"Comment","target":["https:\/\/tyrving.idrett.no\/10\/f\/2015\/10\/13\/bli-med-til-tenerife-i-pasken\/#respond"]}]},{"@type":"WebPage","@id":"https:\/\/tyrving.idrett.no\/10\/f\/2015\/10\/13\/bli-med-til-tenerife-i-pasken\/","url":"https:\/\/tyrving.idrett.no\/10\/f\/2015\/10\/13\/bli-med-til-tenerife-i-pasken\/","name":"Bli med til Tenerife i p\u00e5sken (oppdatert) - Tyrving - Friidrett","isPartOf":{"@id":"https:\/\/tyrving.idrett.no\/10\/f\/#website"},"datePublished":"2015-10-13T14:18:39+00:00","dateModified":"2015-10-19T20:13:10+00:00","breadcrumb":{"@id":"https:\/\/tyrving.idrett.no\/10\/f\/2015\/10\/13\/bli-med-til-tenerife-i-pasken\/#breadcrumb"},"inLanguage":"nb-NO","potentialAction":[{"@type":"ReadAction","target":["https:\/\/tyrving.idrett.no\/10\/f\/2015\/10\/13\/bli-med-til-tenerife-i-pasken\/"]}]},{"@type":"BreadcrumbList","@id":"https:\/\/tyrving.idrett.no\/10\/f\/2015\/10\/13\/bli-med-til-tenerife-i-pasken\/#breadcrumb","itemListElement":[{"@type":"ListItem","position":1,"name":"Hjem","item":"https:\/\/tyrving.idrett.no\/10\/f\/"},{"@type":"ListItem","position":2,"name":"Bli med til Tenerife i p\u00e5sken (oppdatert)"}]},{"@type":"WebSite","@id":"https:\/\/tyrving.idrett.no\/10\/f\/#website","url":"https:\/\/tyrving.idrett.no\/10\/f\/","name":"Tyrving - Friidrett","description":"Friidrettsgruppa","publisher":{"@id":"https:\/\/tyrving.idrett.no\/10\/f\/#organization"},"potentialAction":[{"@type":"SearchAction","target":{"@type":"EntryPoint","urlTemplate":"https:\/\/tyrving.idrett.no\/10\/f\/?s={search_term_string}"},"query-input":"required name=search_term_string"}],"inLanguage":"nb-NO"},{"@type":"Organization","@id":"https:\/\/tyrving.idrett.no\/10\/f\/#organization","name":"Tyrving Friidrettsgruppa","url":"https:\/\/tyrving.idrett.no\/10\/f\/","logo":{"@type":"ImageObject","inLanguage":"nb-NO","@id":"https:\/\/tyrving.idrett.no\/10\/f\/#\/schema\/logo\/image\/","url":"https:\/\/tyrving.idrett.no\/10\/f\/files\/2019\/04\/Tyrving-Logo-Friidrett-2019.jpg","contentUrl":"https:\/\/tyrving.idrett.no\/10\/f\/files\/2019\/04\/Tyrving-Logo-Friidrett-2019.jpg","width":460,"height":360,"caption":"Tyrving Friidrettsgruppa"},"image":{"@id":"https:\/\/tyrving.idrett.no\/10\/f\/#\/schema\/logo\/image\/"}},{"@type":"Person","@id":"https:\/\/tyrving.idrett.no\/10\/f\/#\/schema\/person\/9d33b15b4997b99c21c6e0b044d8bfd3","name":"Kirsten Larsen","image":{"@type":"ImageObject","inLanguage":"nb-NO","@id":"https:\/\/tyrving.idrett.no\/10\/f\/#\/schema\/person\/image\/","url":"https:\/\/secure.gravatar.com\/avatar\/2924b58c2b807e7f70945c639540a744?s=96&d=mm&r=g","contentUrl":"https:\/\/secure.gravatar.com\/avatar\/2924b58c2b807e7f70945c639540a744?s=96&d=mm&r=g","caption":"Kirsten Larsen"}}]}},"jetpack_sharing_enabled":true,"jetpack_featured_media_url":"","_links":{"self":[{"href":"https:\/\/tyrving.idrett.no\/10\/f\/wp-json\/wp\/v2\/posts\/14438"}],"collection":[{"href":"https:\/\/tyrving.idrett.no\/10\/f\/wp-json\/wp\/v2\/posts"}],"about":[{"href":"https:\/\/tyrving.idrett.no\/10\/f\/wp-json\/wp\/v2\/types\/post"}],"author":[{"embeddable":true,"href":"https:\/\/tyrving.idrett.no\/10\/f\/wp-json\/wp\/v2\/users\/2"}],"replies":[{"embeddable":true,"href":"https:\/\/tyrving.idrett.no\/10\/f\/wp-json\/wp\/v2\/comments?post=14438"}],"version-history":[{"count":4,"href":"https:\/\/tyrving.idrett.no\/10\/f\/wp-json\/wp\/v2\/posts\/14438\/revisions"}],"predecessor-version":[{"id":14445,"href":"https:\/\/tyrving.idrett.no\/10\/f\/wp-json\/wp\/v2\/posts\/14438\/revisions\/14445"}],"wp:attachment":[{"href":"https:\/\/tyrving.idrett.no\/10\/f\/wp-json\/wp\/v2\/media?parent=14438"}],"wp:term":[{"taxonomy":"category","embeddable":true,"href":"https:\/\/tyrving.idrett.no\/10\/f\/wp-json\/wp\/v2\/categories?post=14438"},{"taxonomy":"post_tag","embeddable":true,"href":"https:\/\/tyrving.idrett.no\/10\/f\/wp-json\/wp\/v2\/tags?post=14438"}],"curies":[{"name":"wp","href":"https:\/\/api.w.org\/{rel}","templated":true}]}}