{"id":14537,"date":"2015-11-17T11:35:53","date_gmt":"2015-11-17T10:35:53","guid":{"rendered":"http:\/\/tyrving.idrett.no\/10\/f\/?p=14537"},"modified":"2015-11-17T11:35:53","modified_gmt":"2015-11-17T10:35:53","slug":"lop-med-gruppa-var","status":"publish","type":"post","link":"https:\/\/tyrving.idrett.no\/10\/f\/2015\/11\/17\/lop-med-gruppa-var\/","title":{"rendered":"L\u00f8p med gruppa v\u00e5r!"},"content":{"rendered":"<p>Her ser du Tyrvings mellomdistanse-gjeng for 12-16 \u00e5r. De vil gjerne ha med deg som liker \u00e5 l\u00f8pe!<!--more--><\/p>\n<div id=\"attachment_14539\" style=\"width: 310px\" class=\"wp-caption aligncenter\"><a href=\"http:\/\/tyrving.idrett.no\/10\/f\/files\/2015\/11\/P1018763.jpg\"><img aria-describedby=\"caption-attachment-14539\" decoding=\"async\" loading=\"lazy\" class=\"size-medium wp-image-14539\" src=\"http:\/\/tyrving.idrett.no\/10\/f\/files\/2015\/11\/P1018763-300x225.jpg\" alt=\"Disse trente mellomdistanse forrige onsdag.\" width=\"300\" height=\"225\" srcset=\"https:\/\/tyrving.idrett.no\/10\/f\/files\/2015\/11\/P1018763-300x225.jpg 300w, https:\/\/tyrving.idrett.no\/10\/f\/files\/2015\/11\/P1018763-1024x768.jpg 1024w, https:\/\/tyrving.idrett.no\/10\/f\/files\/2015\/11\/P1018763-600x450.jpg 600w\" sizes=\"(max-width: 300px) 100vw, 300px\" \/><\/a><p id=\"caption-attachment-14539\" class=\"wp-caption-text\">Disse trente mellomdistanse forrige onsdag.<\/p><\/div>\n<p>Gruppa med ut\u00f8vere f\u00f8dt 2000-2004 har <strong>mellomdistansetrening <\/strong>onsdag kl. 1730-1930 og <strong>mellomdistanse\/sprinttrening f<\/strong>redag kl. 1730-1900. Trenerne er Eivind Drabl\u00f8s, Mari Drabl\u00f8s og Anita Hundseid.<\/p>\n<p>Eivind har blant annet l\u00f8pt bra p\u00e5 400 meter og er en av v\u00e5re mest gjennomtrente ut\u00f8vere. Mari har blant annet konkurrert i ungdoms-VM! og tatt 5 gull i ett og samme ungdomsmesterskap. Anita har ogs\u00e5 bra perser p\u00e5 400 og 800. Dette er bra folk \u00e5 trene med, og s\u00e5 mange hyggelige ungdommer da!<\/p>\n<div id=\"attachment_14538\" style=\"width: 310px\" class=\"wp-caption aligncenter\"><a href=\"http:\/\/tyrving.idrett.no\/10\/f\/files\/2015\/11\/P1018760.jpg\"><img aria-describedby=\"caption-attachment-14538\" decoding=\"async\" loading=\"lazy\" class=\"size-medium wp-image-14538\" src=\"http:\/\/tyrving.idrett.no\/10\/f\/files\/2015\/11\/P1018760-300x225.jpg\" alt=\"Gruppa trener ikke bare l\u00f8ping, men ogs\u00e5 basistrening og hopping.\" width=\"300\" height=\"225\" srcset=\"https:\/\/tyrving.idrett.no\/10\/f\/files\/2015\/11\/P1018760-300x225.jpg 300w, https:\/\/tyrving.idrett.no\/10\/f\/files\/2015\/11\/P1018760-1024x768.jpg 1024w, https:\/\/tyrving.idrett.no\/10\/f\/files\/2015\/11\/P1018760-600x450.jpg 600w\" sizes=\"(max-width: 300px) 100vw, 300px\" \/><\/a><p id=\"caption-attachment-14538\" class=\"wp-caption-text\">Gruppa trener ikke bare l\u00f8ping, men ogs\u00e5 basistrening og hopping.<\/p><\/div>\n<p><a href=\"http:\/\/tyrving.idrett.no\/10\/f\/treningstider\/\" target=\"_blank\">Her ser du treningstider<\/a>. Ta kontakt med Elin Marvik \u2013 mail: elin@tyrving.no \u2013 hvis det er noen sp\u00f8rsm\u00e5l vedr treningsplanen.<\/p>\n","protected":false},"excerpt":{"rendered":"Her ser du Tyrvings mellomdistanse-gjeng for 12-16 \u00e5r. De vil gjerne ha med deg som liker \u00e5 l\u00f8pe!","protected":false},"author":7,"featured_media":14539,"comment_status":"open","ping_status":"open","sticky":false,"template":"","format":"standard","meta":{"footnotes":"","_jetpack_memberships_contains_paid_content":false},"categories":[1],"tags":[6],"acf":[],"yoast_head":"<!-- This site is optimized with the Yoast SEO plugin v21.2 - https:\/\/yoast.com\/wordpress\/plugins\/seo\/ -->\n<title>L\u00f8p med gruppa v\u00e5r! - Tyrving - Friidrett<\/title>\n<meta name=\"robots\" content=\"index, follow, max-snippet:-1, max-image-preview:large, max-video-preview:-1\" \/>\n<link rel=\"canonical\" href=\"https:\/\/tyrving.idrett.no\/10\/f\/2015\/11\/17\/lop-med-gruppa-var\/\" \/>\n<meta property=\"og:locale\" content=\"nb_NO\" \/>\n<meta property=\"og:type\" content=\"article\" \/>\n<meta property=\"og:title\" content=\"L\u00f8p med gruppa v\u00e5r! - Tyrving - Friidrett\" \/>\n<meta property=\"og:description\" content=\"Her ser du Tyrvings mellomdistanse-gjeng for 12-16 \u00e5r. De vil gjerne ha med deg som liker \u00e5 l\u00f8pe!\" \/>\n<meta property=\"og:url\" content=\"https:\/\/tyrving.idrett.no\/10\/f\/2015\/11\/17\/lop-med-gruppa-var\/\" \/>\n<meta property=\"og:site_name\" content=\"Tyrving - Friidrett\" \/>\n<meta property=\"article:published_time\" content=\"2015-11-17T10:35:53+00:00\" \/>\n<meta property=\"og:image\" content=\"https:\/\/tyrving.idrett.no\/10\/f\/files\/2015\/11\/P1018763-1024x768.jpg\" \/>\n\t<meta property=\"og:image:width\" content=\"1024\" \/>\n\t<meta property=\"og:image:height\" content=\"768\" \/>\n\t<meta property=\"og:image:type\" content=\"image\/jpeg\" \/>\n<meta name=\"author\" content=\"Morten Haave\" \/>\n<meta name=\"twitter:card\" content=\"summary_large_image\" \/>\n<meta name=\"twitter:label1\" content=\"Skrevet av\" \/>\n\t<meta name=\"twitter:data1\" content=\"Morten Haave\" \/>\n\t<meta name=\"twitter:label2\" content=\"Ansl. lesetid\" \/>\n\t<meta name=\"twitter:data2\" content=\"1 minutt\" \/>\n<script type=\"application\/ld+json\" class=\"yoast-schema-graph\">{\"@context\":\"https:\/\/schema.org\",\"@graph\":[{\"@type\":\"Article\",\"@id\":\"https:\/\/tyrving.idrett.no\/10\/f\/2015\/11\/17\/lop-med-gruppa-var\/#article\",\"isPartOf\":{\"@id\":\"https:\/\/tyrving.idrett.no\/10\/f\/2015\/11\/17\/lop-med-gruppa-var\/\"},\"author\":{\"name\":\"Morten Haave\",\"@id\":\"https:\/\/tyrving.idrett.no\/10\/f\/#\/schema\/person\/2793cb24a801a6fab14f2743deebd312\"},\"headline\":\"L\u00f8p med gruppa v\u00e5r!\",\"datePublished\":\"2015-11-17T10:35:53+00:00\",\"dateModified\":\"2015-11-17T10:35:53+00:00\",\"mainEntityOfPage\":{\"@id\":\"https:\/\/tyrving.idrett.no\/10\/f\/2015\/11\/17\/lop-med-gruppa-var\/\"},\"wordCount\":158,\"commentCount\":0,\"publisher\":{\"@id\":\"https:\/\/tyrving.idrett.no\/10\/f\/#organization\"},\"keywords\":[\"Trening\"],\"articleSection\":[\"Nyheter\"],\"inLanguage\":\"nb-NO\",\"potentialAction\":[{\"@type\":\"CommentAction\",\"name\":\"Comment\",\"target\":[\"https:\/\/tyrving.idrett.no\/10\/f\/2015\/11\/17\/lop-med-gruppa-var\/#respond\"]}]},{\"@type\":\"WebPage\",\"@id\":\"https:\/\/tyrving.idrett.no\/10\/f\/2015\/11\/17\/lop-med-gruppa-var\/\",\"url\":\"https:\/\/tyrving.idrett.no\/10\/f\/2015\/11\/17\/lop-med-gruppa-var\/\",\"name\":\"L\u00f8p med gruppa v\u00e5r! - Tyrving - Friidrett\",\"isPartOf\":{\"@id\":\"https:\/\/tyrving.idrett.no\/10\/f\/#website\"},\"datePublished\":\"2015-11-17T10:35:53+00:00\",\"dateModified\":\"2015-11-17T10:35:53+00:00\",\"breadcrumb\":{\"@id\":\"https:\/\/tyrving.idrett.no\/10\/f\/2015\/11\/17\/lop-med-gruppa-var\/#breadcrumb\"},\"inLanguage\":\"nb-NO\",\"potentialAction\":[{\"@type\":\"ReadAction\",\"target\":[\"https:\/\/tyrving.idrett.no\/10\/f\/2015\/11\/17\/lop-med-gruppa-var\/\"]}]},{\"@type\":\"BreadcrumbList\",\"@id\":\"https:\/\/tyrving.idrett.no\/10\/f\/2015\/11\/17\/lop-med-gruppa-var\/#breadcrumb\",\"itemListElement\":[{\"@type\":\"ListItem\",\"position\":1,\"name\":\"Hjem\",\"item\":\"https:\/\/tyrving.idrett.no\/10\/f\/\"},{\"@type\":\"ListItem\",\"position\":2,\"name\":\"L\u00f8p med gruppa v\u00e5r!\"}]},{\"@type\":\"WebSite\",\"@id\":\"https:\/\/tyrving.idrett.no\/10\/f\/#website\",\"url\":\"https:\/\/tyrving.idrett.no\/10\/f\/\",\"name\":\"Tyrving - Friidrett\",\"description\":\"Friidrettsgruppa\",\"publisher\":{\"@id\":\"https:\/\/tyrving.idrett.no\/10\/f\/#organization\"},\"potentialAction\":[{\"@type\":\"SearchAction\",\"target\":{\"@type\":\"EntryPoint\",\"urlTemplate\":\"https:\/\/tyrving.idrett.no\/10\/f\/?s={search_term_string}\"},\"query-input\":\"required name=search_term_string\"}],\"inLanguage\":\"nb-NO\"},{\"@type\":\"Organization\",\"@id\":\"https:\/\/tyrving.idrett.no\/10\/f\/#organization\",\"name\":\"Tyrving Friidrettsgruppa\",\"url\":\"https:\/\/tyrving.idrett.no\/10\/f\/\",\"logo\":{\"@type\":\"ImageObject\",\"inLanguage\":\"nb-NO\",\"@id\":\"https:\/\/tyrving.idrett.no\/10\/f\/#\/schema\/logo\/image\/\",\"url\":\"https:\/\/tyrving.idrett.no\/10\/f\/files\/2019\/04\/Tyrving-Logo-Friidrett-2019.jpg\",\"contentUrl\":\"https:\/\/tyrving.idrett.no\/10\/f\/files\/2019\/04\/Tyrving-Logo-Friidrett-2019.jpg\",\"width\":460,\"height\":360,\"caption\":\"Tyrving Friidrettsgruppa\"},\"image\":{\"@id\":\"https:\/\/tyrving.idrett.no\/10\/f\/#\/schema\/logo\/image\/\"}},{\"@type\":\"Person\",\"@id\":\"https:\/\/tyrving.idrett.no\/10\/f\/#\/schema\/person\/2793cb24a801a6fab14f2743deebd312\",\"name\":\"Morten Haave\",\"image\":{\"@type\":\"ImageObject\",\"inLanguage\":\"nb-NO\",\"@id\":\"https:\/\/tyrving.idrett.no\/10\/f\/#\/schema\/person\/image\/\",\"url\":\"https:\/\/secure.gravatar.com\/avatar\/a8839b259224b1750967164624d3918f?s=96&d=mm&r=g\",\"contentUrl\":\"https:\/\/secure.gravatar.com\/avatar\/a8839b259224b1750967164624d3918f?s=96&d=mm&r=g\",\"caption\":\"Morten Haave\"},\"description\":\"Ut\u00f8ver i Tyrving. Kretsrekord og seks NM-gull i stille h\u00f8yde (fra 2007 til i dag), samt en s\u00f8lv (2010) og en bronse (2008) i stille lengde. Kretsrekord i h.u.t. og uoffisiell kretsbestenotering i stille tresteg. Bidrar til lagserielaget med dette pluss litt odde tekniske \u00f8velser, hadde klubbrekord p\u00e5 110 hekk fra 2009 til 2010. Styreleder i friidrettskretsen. Liker \u00e5 skrive, bl.a. i aviser, historiske \u00e5rb\u00f8ker, p\u00e5 Tyrving, kretsen og NFIF sine nettsider. Er master i historie fra UiO (2012) og g\u00e5r praktisk-pedagogisk utdanning for \u00e5 bli lektor.\",\"sameAs\":[\"http:\/\/www.tyrving.com\"]}]}<\/script>\n<!-- \/ Yoast SEO plugin. -->","yoast_head_json":{"title":"L\u00f8p med gruppa v\u00e5r! - Tyrving - Friidrett","robots":{"index":"index","follow":"follow","max-snippet":"max-snippet:-1","max-image-preview":"max-image-preview:large","max-video-preview":"max-video-preview:-1"},"canonical":"https:\/\/tyrving.idrett.no\/10\/f\/2015\/11\/17\/lop-med-gruppa-var\/","og_locale":"nb_NO","og_type":"article","og_title":"L\u00f8p med gruppa v\u00e5r! - Tyrving - Friidrett","og_description":"Her ser du Tyrvings mellomdistanse-gjeng for 12-16 \u00e5r. De vil gjerne ha med deg som liker \u00e5 l\u00f8pe!","og_url":"https:\/\/tyrving.idrett.no\/10\/f\/2015\/11\/17\/lop-med-gruppa-var\/","og_site_name":"Tyrving - Friidrett","article_published_time":"2015-11-17T10:35:53+00:00","og_image":[{"width":1024,"height":768,"url":"https:\/\/tyrving.idrett.no\/10\/f\/files\/2015\/11\/P1018763-1024x768.jpg","type":"image\/jpeg"}],"author":"Morten Haave","twitter_card":"summary_large_image","twitter_misc":{"Skrevet av":"Morten Haave","Ansl. lesetid":"1 minutt"},"schema":{"@context":"https:\/\/schema.org","@graph":[{"@type":"Article","@id":"https:\/\/tyrving.idrett.no\/10\/f\/2015\/11\/17\/lop-med-gruppa-var\/#article","isPartOf":{"@id":"https:\/\/tyrving.idrett.no\/10\/f\/2015\/11\/17\/lop-med-gruppa-var\/"},"author":{"name":"Morten Haave","@id":"https:\/\/tyrving.idrett.no\/10\/f\/#\/schema\/person\/2793cb24a801a6fab14f2743deebd312"},"headline":"L\u00f8p med gruppa v\u00e5r!","datePublished":"2015-11-17T10:35:53+00:00","dateModified":"2015-11-17T10:35:53+00:00","mainEntityOfPage":{"@id":"https:\/\/tyrving.idrett.no\/10\/f\/2015\/11\/17\/lop-med-gruppa-var\/"},"wordCount":158,"commentCount":0,"publisher":{"@id":"https:\/\/tyrving.idrett.no\/10\/f\/#organization"},"keywords":["Trening"],"articleSection":["Nyheter"],"inLanguage":"nb-NO","potentialAction":[{"@type":"CommentAction","name":"Comment","target":["https:\/\/tyrving.idrett.no\/10\/f\/2015\/11\/17\/lop-med-gruppa-var\/#respond"]}]},{"@type":"WebPage","@id":"https:\/\/tyrving.idrett.no\/10\/f\/2015\/11\/17\/lop-med-gruppa-var\/","url":"https:\/\/tyrving.idrett.no\/10\/f\/2015\/11\/17\/lop-med-gruppa-var\/","name":"L\u00f8p med gruppa v\u00e5r! - Tyrving - Friidrett","isPartOf":{"@id":"https:\/\/tyrving.idrett.no\/10\/f\/#website"},"datePublished":"2015-11-17T10:35:53+00:00","dateModified":"2015-11-17T10:35:53+00:00","breadcrumb":{"@id":"https:\/\/tyrving.idrett.no\/10\/f\/2015\/11\/17\/lop-med-gruppa-var\/#breadcrumb"},"inLanguage":"nb-NO","potentialAction":[{"@type":"ReadAction","target":["https:\/\/tyrving.idrett.no\/10\/f\/2015\/11\/17\/lop-med-gruppa-var\/"]}]},{"@type":"BreadcrumbList","@id":"https:\/\/tyrving.idrett.no\/10\/f\/2015\/11\/17\/lop-med-gruppa-var\/#breadcrumb","itemListElement":[{"@type":"ListItem","position":1,"name":"Hjem","item":"https:\/\/tyrving.idrett.no\/10\/f\/"},{"@type":"ListItem","position":2,"name":"L\u00f8p med gruppa v\u00e5r!"}]},{"@type":"WebSite","@id":"https:\/\/tyrving.idrett.no\/10\/f\/#website","url":"https:\/\/tyrving.idrett.no\/10\/f\/","name":"Tyrving - Friidrett","description":"Friidrettsgruppa","publisher":{"@id":"https:\/\/tyrving.idrett.no\/10\/f\/#organization"},"potentialAction":[{"@type":"SearchAction","target":{"@type":"EntryPoint","urlTemplate":"https:\/\/tyrving.idrett.no\/10\/f\/?s={search_term_string}"},"query-input":"required name=search_term_string"}],"inLanguage":"nb-NO"},{"@type":"Organization","@id":"https:\/\/tyrving.idrett.no\/10\/f\/#organization","name":"Tyrving Friidrettsgruppa","url":"https:\/\/tyrving.idrett.no\/10\/f\/","logo":{"@type":"ImageObject","inLanguage":"nb-NO","@id":"https:\/\/tyrving.idrett.no\/10\/f\/#\/schema\/logo\/image\/","url":"https:\/\/tyrving.idrett.no\/10\/f\/files\/2019\/04\/Tyrving-Logo-Friidrett-2019.jpg","contentUrl":"https:\/\/tyrving.idrett.no\/10\/f\/files\/2019\/04\/Tyrving-Logo-Friidrett-2019.jpg","width":460,"height":360,"caption":"Tyrving Friidrettsgruppa"},"image":{"@id":"https:\/\/tyrving.idrett.no\/10\/f\/#\/schema\/logo\/image\/"}},{"@type":"Person","@id":"https:\/\/tyrving.idrett.no\/10\/f\/#\/schema\/person\/2793cb24a801a6fab14f2743deebd312","name":"Morten Haave","image":{"@type":"ImageObject","inLanguage":"nb-NO","@id":"https:\/\/tyrving.idrett.no\/10\/f\/#\/schema\/person\/image\/","url":"https:\/\/secure.gravatar.com\/avatar\/a8839b259224b1750967164624d3918f?s=96&d=mm&r=g","contentUrl":"https:\/\/secure.gravatar.com\/avatar\/a8839b259224b1750967164624d3918f?s=96&d=mm&r=g","caption":"Morten Haave"},"description":"Ut\u00f8ver i Tyrving. Kretsrekord og seks NM-gull i stille h\u00f8yde (fra 2007 til i dag), samt en s\u00f8lv (2010) og en bronse (2008) i stille lengde. Kretsrekord i h.u.t. og uoffisiell kretsbestenotering i stille tresteg. Bidrar til lagserielaget med dette pluss litt odde tekniske \u00f8velser, hadde klubbrekord p\u00e5 110 hekk fra 2009 til 2010. Styreleder i friidrettskretsen. Liker \u00e5 skrive, bl.a. i aviser, historiske \u00e5rb\u00f8ker, p\u00e5 Tyrving, kretsen og NFIF sine nettsider. Er master i historie fra UiO (2012) og g\u00e5r praktisk-pedagogisk utdanning for \u00e5 bli lektor.","sameAs":["http:\/\/www.tyrving.com"]}]}},"jetpack_sharing_enabled":true,"jetpack_featured_media_url":"https:\/\/tyrving.idrett.no\/10\/f\/files\/2015\/11\/P1018763.jpg","_links":{"self":[{"href":"https:\/\/tyrving.idrett.no\/10\/f\/wp-json\/wp\/v2\/posts\/14537"}],"collection":[{"href":"https:\/\/tyrving.idrett.no\/10\/f\/wp-json\/wp\/v2\/posts"}],"about":[{"href":"https:\/\/tyrving.idrett.no\/10\/f\/wp-json\/wp\/v2\/types\/post"}],"author":[{"embeddable":true,"href":"https:\/\/tyrving.idrett.no\/10\/f\/wp-json\/wp\/v2\/users\/7"}],"replies":[{"embeddable":true,"href":"https:\/\/tyrving.idrett.no\/10\/f\/wp-json\/wp\/v2\/comments?post=14537"}],"version-history":[{"count":1,"href":"https:\/\/tyrving.idrett.no\/10\/f\/wp-json\/wp\/v2\/posts\/14537\/revisions"}],"predecessor-version":[{"id":14540,"href":"https:\/\/tyrving.idrett.no\/10\/f\/wp-json\/wp\/v2\/posts\/14537\/revisions\/14540"}],"wp:featuredmedia":[{"embeddable":true,"href":"https:\/\/tyrving.idrett.no\/10\/f\/wp-json\/wp\/v2\/media\/14539"}],"wp:attachment":[{"href":"https:\/\/tyrving.idrett.no\/10\/f\/wp-json\/wp\/v2\/media?parent=14537"}],"wp:term":[{"taxonomy":"category","embeddable":true,"href":"https:\/\/tyrving.idrett.no\/10\/f\/wp-json\/wp\/v2\/categories?post=14537"},{"taxonomy":"post_tag","embeddable":true,"href":"https:\/\/tyrving.idrett.no\/10\/f\/wp-json\/wp\/v2\/tags?post=14537"}],"curies":[{"name":"wp","href":"https:\/\/api.w.org\/{rel}","templated":true}]}}