{"id":14544,"date":"2015-11-20T10:47:24","date_gmt":"2015-11-20T09:47:24","guid":{"rendered":"http:\/\/tyrving.idrett.no\/10\/f\/?p=14544"},"modified":"2015-11-18T11:03:54","modified_gmt":"2015-11-18T10:03:54","slug":"gamle-idrettsfolk-i-ny-hall","status":"publish","type":"post","link":"https:\/\/tyrving.idrett.no\/10\/f\/2015\/11\/20\/gamle-idrettsfolk-i-ny-hall\/","title":{"rendered":"Gamle idrettsfolk i ny hall"},"content":{"rendered":"<p>Idrettslaget Tyrving sitter med mange superveteraner som har mye erfaring og mange gode historier fra friidretten. N\u00e5 m\u00f8tes de i blant for \u00e5 mimre om sine idrettsbragder 50-60 \u00e5r tilbake i tid, og prate om siste nytt. Denne gangen fant treffet sted i friidrettens nye storstue, B\u00e6rum idrettspark.<\/p>\n<div id=\"attachment_14543\" style=\"width: 310px\" class=\"wp-caption aligncenter\"><a href=\"http:\/\/tyrving.idrett.no\/10\/f\/files\/2015\/11\/P1018769.jpg\"><img aria-describedby=\"caption-attachment-14543\" decoding=\"async\" loading=\"lazy\" class=\"size-medium wp-image-14543\" src=\"http:\/\/tyrving.idrett.no\/10\/f\/files\/2015\/11\/P1018769-300x225.jpg\" alt=\"Bildetekst: Noen av Tyrvings superveteraner samlet i B\u00e6rum Idrettspark. Initiativtaker Erik Odd Espelien til venstre.\" width=\"300\" height=\"225\" srcset=\"https:\/\/tyrving.idrett.no\/10\/f\/files\/2015\/11\/P1018769-300x225.jpg 300w, https:\/\/tyrving.idrett.no\/10\/f\/files\/2015\/11\/P1018769-1024x768.jpg 1024w, https:\/\/tyrving.idrett.no\/10\/f\/files\/2015\/11\/P1018769-600x450.jpg 600w\" sizes=\"(max-width: 300px) 100vw, 300px\" \/><\/a><p id=\"caption-attachment-14543\" class=\"wp-caption-text\">Bildetekst: Noen av Tyrvings superveteraner samlet i B\u00e6rum Idrettspark. Initiativtaker Erik Odd Espelien til venstre.<\/p><\/div>\n<p>P\u00e5 samlingene m\u00f8ter det opp mellom 15 og 30 personer som var aktive og trenere p\u00e5 50- og 60 tallet. Det var etter initiativ av Erik Odd Espelien at gruppa m\u00f8ttes f\u00f8rste gang h\u00f8sten 2014. Espelien tok NM-bronse i h\u00f8yde uten till\u00f8p s\u00e5 langt tilbake som i 1959.<\/p>\n<div class=\"gmail_quote\">\n<div>\nEtter litt fram og tilbake ble man enige om at kveldens eldste deltaker var Yngve Andersen p\u00e5 83 \u00e5r. Hans kone tok sine f\u00f8rste NM-medaljer i friidrett som 14-\u00e5ring \u2013 n\u00e5 har ikke s\u00e5 unge jenter lov til \u00e5 stille i NM engang!<\/p>\n<p>Denne kvelden hadde de hanket inn Tyrvings n\u00e5v\u00e6rende sportslige leder, Jo Nesse, for \u00e5 holde et foredrag om klubben i dag. \u2013 Tyrving er Norges ledende friidrettsklubb, slo Nesse fast.<\/p>\n<p>\u2013 I 2001 hadde vi 79 aktive ut\u00f8vere. Ved sesongslutt 2013 hadde vi 344 ut\u00f8vere med i stevner og 538 medlemmer i friidrettsgruppen, eksemplifiserte Nesse.<\/p>\n<p>18 ut\u00f8vere har konkurrert med Norge p\u00e5 ryggen, og bredden er representert ved at 87 ungdommer har kvalifisert seg til ungdommenes norgesmesterskap.<\/p>\n<p>Tyrving har samlet nesten 70 navn p\u00e5 superveteraner, og kommer gjerne i kontakt med flere. Det vil bli arrangert flere treff over nytt\u00e5r, avslutter \u00d8yvind Fjellh\u00f8y i friidrettsstyret.<\/p>\n<\/div>\n<div><i>Teksten sto p\u00e5 trykk i Budstikka onsdag.<br \/>\n<\/i><\/div>\n<\/div>\n","protected":false},"excerpt":{"rendered":"Idrettslaget Tyrving sitter med mange superveteraner som har mye erfaring og mange gode historier fra friidretten. N\u00e5 m\u00f8tes de i blant for \u00e5 mimre om sine idrettsbragder 50-60 \u00e5r tilbake i tid, og pra&#8230;","protected":false},"author":7,"featured_media":14543,"comment_status":"open","ping_status":"open","sticky":false,"template":"","format":"standard","meta":{"footnotes":"","_jetpack_memberships_contains_paid_content":false},"categories":[1],"tags":[3917,3944],"acf":[],"yoast_head":"<!-- This site is optimized with the Yoast SEO plugin v21.2 - https:\/\/yoast.com\/wordpress\/plugins\/seo\/ -->\n<title>Gamle idrettsfolk i ny hall - Tyrving - Friidrett<\/title>\n<meta name=\"robots\" content=\"index, follow, max-snippet:-1, max-image-preview:large, max-video-preview:-1\" \/>\n<link rel=\"canonical\" href=\"https:\/\/tyrving.idrett.no\/10\/f\/2015\/11\/20\/gamle-idrettsfolk-i-ny-hall\/\" \/>\n<meta property=\"og:locale\" content=\"nb_NO\" \/>\n<meta property=\"og:type\" content=\"article\" \/>\n<meta property=\"og:title\" content=\"Gamle idrettsfolk i ny hall - Tyrving - Friidrett\" \/>\n<meta property=\"og:description\" content=\"Idrettslaget Tyrving sitter med mange superveteraner som har mye erfaring og mange gode historier fra friidretten. N\u00e5 m\u00f8tes de i blant for \u00e5 mimre om sine idrettsbragder 50-60 \u00e5r tilbake i tid, og pra...\" \/>\n<meta property=\"og:url\" content=\"https:\/\/tyrving.idrett.no\/10\/f\/2015\/11\/20\/gamle-idrettsfolk-i-ny-hall\/\" \/>\n<meta property=\"og:site_name\" content=\"Tyrving - Friidrett\" \/>\n<meta property=\"article:published_time\" content=\"2015-11-20T09:47:24+00:00\" \/>\n<meta property=\"article:modified_time\" content=\"2015-11-18T10:03:54+00:00\" \/>\n<meta property=\"og:image\" content=\"https:\/\/tyrving.idrett.no\/10\/f\/files\/2015\/11\/P1018769-1024x768.jpg\" \/>\n\t<meta property=\"og:image:width\" content=\"1024\" \/>\n\t<meta property=\"og:image:height\" content=\"768\" \/>\n\t<meta property=\"og:image:type\" content=\"image\/jpeg\" \/>\n<meta name=\"author\" content=\"Morten Haave\" \/>\n<meta name=\"twitter:card\" content=\"summary_large_image\" \/>\n<meta name=\"twitter:label1\" content=\"Skrevet av\" \/>\n\t<meta name=\"twitter:data1\" content=\"Morten Haave\" \/>\n\t<meta name=\"twitter:label2\" content=\"Ansl. lesetid\" \/>\n\t<meta name=\"twitter:data2\" content=\"1 minutt\" \/>\n<script type=\"application\/ld+json\" class=\"yoast-schema-graph\">{\"@context\":\"https:\/\/schema.org\",\"@graph\":[{\"@type\":\"Article\",\"@id\":\"https:\/\/tyrving.idrett.no\/10\/f\/2015\/11\/20\/gamle-idrettsfolk-i-ny-hall\/#article\",\"isPartOf\":{\"@id\":\"https:\/\/tyrving.idrett.no\/10\/f\/2015\/11\/20\/gamle-idrettsfolk-i-ny-hall\/\"},\"author\":{\"name\":\"Morten Haave\",\"@id\":\"https:\/\/tyrving.idrett.no\/10\/f\/#\/schema\/person\/2793cb24a801a6fab14f2743deebd312\"},\"headline\":\"Gamle idrettsfolk i ny hall\",\"datePublished\":\"2015-11-20T09:47:24+00:00\",\"dateModified\":\"2015-11-18T10:03:54+00:00\",\"mainEntityOfPage\":{\"@id\":\"https:\/\/tyrving.idrett.no\/10\/f\/2015\/11\/20\/gamle-idrettsfolk-i-ny-hall\/\"},\"wordCount\":276,\"commentCount\":0,\"publisher\":{\"@id\":\"https:\/\/tyrving.idrett.no\/10\/f\/#organization\"},\"keywords\":[\"Historikk og annen moro\",\"T-utvalget\"],\"articleSection\":[\"Nyheter\"],\"inLanguage\":\"nb-NO\",\"potentialAction\":[{\"@type\":\"CommentAction\",\"name\":\"Comment\",\"target\":[\"https:\/\/tyrving.idrett.no\/10\/f\/2015\/11\/20\/gamle-idrettsfolk-i-ny-hall\/#respond\"]}]},{\"@type\":\"WebPage\",\"@id\":\"https:\/\/tyrving.idrett.no\/10\/f\/2015\/11\/20\/gamle-idrettsfolk-i-ny-hall\/\",\"url\":\"https:\/\/tyrving.idrett.no\/10\/f\/2015\/11\/20\/gamle-idrettsfolk-i-ny-hall\/\",\"name\":\"Gamle idrettsfolk i ny hall - Tyrving - Friidrett\",\"isPartOf\":{\"@id\":\"https:\/\/tyrving.idrett.no\/10\/f\/#website\"},\"datePublished\":\"2015-11-20T09:47:24+00:00\",\"dateModified\":\"2015-11-18T10:03:54+00:00\",\"breadcrumb\":{\"@id\":\"https:\/\/tyrving.idrett.no\/10\/f\/2015\/11\/20\/gamle-idrettsfolk-i-ny-hall\/#breadcrumb\"},\"inLanguage\":\"nb-NO\",\"potentialAction\":[{\"@type\":\"ReadAction\",\"target\":[\"https:\/\/tyrving.idrett.no\/10\/f\/2015\/11\/20\/gamle-idrettsfolk-i-ny-hall\/\"]}]},{\"@type\":\"BreadcrumbList\",\"@id\":\"https:\/\/tyrving.idrett.no\/10\/f\/2015\/11\/20\/gamle-idrettsfolk-i-ny-hall\/#breadcrumb\",\"itemListElement\":[{\"@type\":\"ListItem\",\"position\":1,\"name\":\"Hjem\",\"item\":\"https:\/\/tyrving.idrett.no\/10\/f\/\"},{\"@type\":\"ListItem\",\"position\":2,\"name\":\"Gamle idrettsfolk i ny hall\"}]},{\"@type\":\"WebSite\",\"@id\":\"https:\/\/tyrving.idrett.no\/10\/f\/#website\",\"url\":\"https:\/\/tyrving.idrett.no\/10\/f\/\",\"name\":\"Tyrving - Friidrett\",\"description\":\"Friidrettsgruppa\",\"publisher\":{\"@id\":\"https:\/\/tyrving.idrett.no\/10\/f\/#organization\"},\"potentialAction\":[{\"@type\":\"SearchAction\",\"target\":{\"@type\":\"EntryPoint\",\"urlTemplate\":\"https:\/\/tyrving.idrett.no\/10\/f\/?s={search_term_string}\"},\"query-input\":\"required name=search_term_string\"}],\"inLanguage\":\"nb-NO\"},{\"@type\":\"Organization\",\"@id\":\"https:\/\/tyrving.idrett.no\/10\/f\/#organization\",\"name\":\"Tyrving Friidrettsgruppa\",\"url\":\"https:\/\/tyrving.idrett.no\/10\/f\/\",\"logo\":{\"@type\":\"ImageObject\",\"inLanguage\":\"nb-NO\",\"@id\":\"https:\/\/tyrving.idrett.no\/10\/f\/#\/schema\/logo\/image\/\",\"url\":\"https:\/\/tyrving.idrett.no\/10\/f\/files\/2019\/04\/Tyrving-Logo-Friidrett-2019.jpg\",\"contentUrl\":\"https:\/\/tyrving.idrett.no\/10\/f\/files\/2019\/04\/Tyrving-Logo-Friidrett-2019.jpg\",\"width\":460,\"height\":360,\"caption\":\"Tyrving Friidrettsgruppa\"},\"image\":{\"@id\":\"https:\/\/tyrving.idrett.no\/10\/f\/#\/schema\/logo\/image\/\"}},{\"@type\":\"Person\",\"@id\":\"https:\/\/tyrving.idrett.no\/10\/f\/#\/schema\/person\/2793cb24a801a6fab14f2743deebd312\",\"name\":\"Morten Haave\",\"image\":{\"@type\":\"ImageObject\",\"inLanguage\":\"nb-NO\",\"@id\":\"https:\/\/tyrving.idrett.no\/10\/f\/#\/schema\/person\/image\/\",\"url\":\"https:\/\/secure.gravatar.com\/avatar\/a8839b259224b1750967164624d3918f?s=96&d=mm&r=g\",\"contentUrl\":\"https:\/\/secure.gravatar.com\/avatar\/a8839b259224b1750967164624d3918f?s=96&d=mm&r=g\",\"caption\":\"Morten Haave\"},\"description\":\"Ut\u00f8ver i Tyrving. Kretsrekord og seks NM-gull i stille h\u00f8yde (fra 2007 til i dag), samt en s\u00f8lv (2010) og en bronse (2008) i stille lengde. Kretsrekord i h.u.t. og uoffisiell kretsbestenotering i stille tresteg. Bidrar til lagserielaget med dette pluss litt odde tekniske \u00f8velser, hadde klubbrekord p\u00e5 110 hekk fra 2009 til 2010. Styreleder i friidrettskretsen. Liker \u00e5 skrive, bl.a. i aviser, historiske \u00e5rb\u00f8ker, p\u00e5 Tyrving, kretsen og NFIF sine nettsider. Er master i historie fra UiO (2012) og g\u00e5r praktisk-pedagogisk utdanning for \u00e5 bli lektor.\",\"sameAs\":[\"http:\/\/www.tyrving.com\"]}]}<\/script>\n<!-- \/ Yoast SEO plugin. -->","yoast_head_json":{"title":"Gamle idrettsfolk i ny hall - Tyrving - Friidrett","robots":{"index":"index","follow":"follow","max-snippet":"max-snippet:-1","max-image-preview":"max-image-preview:large","max-video-preview":"max-video-preview:-1"},"canonical":"https:\/\/tyrving.idrett.no\/10\/f\/2015\/11\/20\/gamle-idrettsfolk-i-ny-hall\/","og_locale":"nb_NO","og_type":"article","og_title":"Gamle idrettsfolk i ny hall - Tyrving - Friidrett","og_description":"Idrettslaget Tyrving sitter med mange superveteraner som har mye erfaring og mange gode historier fra friidretten. N\u00e5 m\u00f8tes de i blant for \u00e5 mimre om sine idrettsbragder 50-60 \u00e5r tilbake i tid, og pra...","og_url":"https:\/\/tyrving.idrett.no\/10\/f\/2015\/11\/20\/gamle-idrettsfolk-i-ny-hall\/","og_site_name":"Tyrving - Friidrett","article_published_time":"2015-11-20T09:47:24+00:00","article_modified_time":"2015-11-18T10:03:54+00:00","og_image":[{"width":1024,"height":768,"url":"https:\/\/tyrving.idrett.no\/10\/f\/files\/2015\/11\/P1018769-1024x768.jpg","type":"image\/jpeg"}],"author":"Morten Haave","twitter_card":"summary_large_image","twitter_misc":{"Skrevet av":"Morten Haave","Ansl. lesetid":"1 minutt"},"schema":{"@context":"https:\/\/schema.org","@graph":[{"@type":"Article","@id":"https:\/\/tyrving.idrett.no\/10\/f\/2015\/11\/20\/gamle-idrettsfolk-i-ny-hall\/#article","isPartOf":{"@id":"https:\/\/tyrving.idrett.no\/10\/f\/2015\/11\/20\/gamle-idrettsfolk-i-ny-hall\/"},"author":{"name":"Morten Haave","@id":"https:\/\/tyrving.idrett.no\/10\/f\/#\/schema\/person\/2793cb24a801a6fab14f2743deebd312"},"headline":"Gamle idrettsfolk i ny hall","datePublished":"2015-11-20T09:47:24+00:00","dateModified":"2015-11-18T10:03:54+00:00","mainEntityOfPage":{"@id":"https:\/\/tyrving.idrett.no\/10\/f\/2015\/11\/20\/gamle-idrettsfolk-i-ny-hall\/"},"wordCount":276,"commentCount":0,"publisher":{"@id":"https:\/\/tyrving.idrett.no\/10\/f\/#organization"},"keywords":["Historikk og annen moro","T-utvalget"],"articleSection":["Nyheter"],"inLanguage":"nb-NO","potentialAction":[{"@type":"CommentAction","name":"Comment","target":["https:\/\/tyrving.idrett.no\/10\/f\/2015\/11\/20\/gamle-idrettsfolk-i-ny-hall\/#respond"]}]},{"@type":"WebPage","@id":"https:\/\/tyrving.idrett.no\/10\/f\/2015\/11\/20\/gamle-idrettsfolk-i-ny-hall\/","url":"https:\/\/tyrving.idrett.no\/10\/f\/2015\/11\/20\/gamle-idrettsfolk-i-ny-hall\/","name":"Gamle idrettsfolk i ny hall - Tyrving - Friidrett","isPartOf":{"@id":"https:\/\/tyrving.idrett.no\/10\/f\/#website"},"datePublished":"2015-11-20T09:47:24+00:00","dateModified":"2015-11-18T10:03:54+00:00","breadcrumb":{"@id":"https:\/\/tyrving.idrett.no\/10\/f\/2015\/11\/20\/gamle-idrettsfolk-i-ny-hall\/#breadcrumb"},"inLanguage":"nb-NO","potentialAction":[{"@type":"ReadAction","target":["https:\/\/tyrving.idrett.no\/10\/f\/2015\/11\/20\/gamle-idrettsfolk-i-ny-hall\/"]}]},{"@type":"BreadcrumbList","@id":"https:\/\/tyrving.idrett.no\/10\/f\/2015\/11\/20\/gamle-idrettsfolk-i-ny-hall\/#breadcrumb","itemListElement":[{"@type":"ListItem","position":1,"name":"Hjem","item":"https:\/\/tyrving.idrett.no\/10\/f\/"},{"@type":"ListItem","position":2,"name":"Gamle idrettsfolk i ny hall"}]},{"@type":"WebSite","@id":"https:\/\/tyrving.idrett.no\/10\/f\/#website","url":"https:\/\/tyrving.idrett.no\/10\/f\/","name":"Tyrving - Friidrett","description":"Friidrettsgruppa","publisher":{"@id":"https:\/\/tyrving.idrett.no\/10\/f\/#organization"},"potentialAction":[{"@type":"SearchAction","target":{"@type":"EntryPoint","urlTemplate":"https:\/\/tyrving.idrett.no\/10\/f\/?s={search_term_string}"},"query-input":"required name=search_term_string"}],"inLanguage":"nb-NO"},{"@type":"Organization","@id":"https:\/\/tyrving.idrett.no\/10\/f\/#organization","name":"Tyrving Friidrettsgruppa","url":"https:\/\/tyrving.idrett.no\/10\/f\/","logo":{"@type":"ImageObject","inLanguage":"nb-NO","@id":"https:\/\/tyrving.idrett.no\/10\/f\/#\/schema\/logo\/image\/","url":"https:\/\/tyrving.idrett.no\/10\/f\/files\/2019\/04\/Tyrving-Logo-Friidrett-2019.jpg","contentUrl":"https:\/\/tyrving.idrett.no\/10\/f\/files\/2019\/04\/Tyrving-Logo-Friidrett-2019.jpg","width":460,"height":360,"caption":"Tyrving Friidrettsgruppa"},"image":{"@id":"https:\/\/tyrving.idrett.no\/10\/f\/#\/schema\/logo\/image\/"}},{"@type":"Person","@id":"https:\/\/tyrving.idrett.no\/10\/f\/#\/schema\/person\/2793cb24a801a6fab14f2743deebd312","name":"Morten Haave","image":{"@type":"ImageObject","inLanguage":"nb-NO","@id":"https:\/\/tyrving.idrett.no\/10\/f\/#\/schema\/person\/image\/","url":"https:\/\/secure.gravatar.com\/avatar\/a8839b259224b1750967164624d3918f?s=96&d=mm&r=g","contentUrl":"https:\/\/secure.gravatar.com\/avatar\/a8839b259224b1750967164624d3918f?s=96&d=mm&r=g","caption":"Morten Haave"},"description":"Ut\u00f8ver i Tyrving. Kretsrekord og seks NM-gull i stille h\u00f8yde (fra 2007 til i dag), samt en s\u00f8lv (2010) og en bronse (2008) i stille lengde. Kretsrekord i h.u.t. og uoffisiell kretsbestenotering i stille tresteg. Bidrar til lagserielaget med dette pluss litt odde tekniske \u00f8velser, hadde klubbrekord p\u00e5 110 hekk fra 2009 til 2010. Styreleder i friidrettskretsen. Liker \u00e5 skrive, bl.a. i aviser, historiske \u00e5rb\u00f8ker, p\u00e5 Tyrving, kretsen og NFIF sine nettsider. Er master i historie fra UiO (2012) og g\u00e5r praktisk-pedagogisk utdanning for \u00e5 bli lektor.","sameAs":["http:\/\/www.tyrving.com"]}]}},"jetpack_sharing_enabled":true,"jetpack_featured_media_url":"https:\/\/tyrving.idrett.no\/10\/f\/files\/2015\/11\/P1018769.jpg","_links":{"self":[{"href":"https:\/\/tyrving.idrett.no\/10\/f\/wp-json\/wp\/v2\/posts\/14544"}],"collection":[{"href":"https:\/\/tyrving.idrett.no\/10\/f\/wp-json\/wp\/v2\/posts"}],"about":[{"href":"https:\/\/tyrving.idrett.no\/10\/f\/wp-json\/wp\/v2\/types\/post"}],"author":[{"embeddable":true,"href":"https:\/\/tyrving.idrett.no\/10\/f\/wp-json\/wp\/v2\/users\/7"}],"replies":[{"embeddable":true,"href":"https:\/\/tyrving.idrett.no\/10\/f\/wp-json\/wp\/v2\/comments?post=14544"}],"version-history":[{"count":1,"href":"https:\/\/tyrving.idrett.no\/10\/f\/wp-json\/wp\/v2\/posts\/14544\/revisions"}],"predecessor-version":[{"id":14545,"href":"https:\/\/tyrving.idrett.no\/10\/f\/wp-json\/wp\/v2\/posts\/14544\/revisions\/14545"}],"wp:featuredmedia":[{"embeddable":true,"href":"https:\/\/tyrving.idrett.no\/10\/f\/wp-json\/wp\/v2\/media\/14543"}],"wp:attachment":[{"href":"https:\/\/tyrving.idrett.no\/10\/f\/wp-json\/wp\/v2\/media?parent=14544"}],"wp:term":[{"taxonomy":"category","embeddable":true,"href":"https:\/\/tyrving.idrett.no\/10\/f\/wp-json\/wp\/v2\/categories?post=14544"},{"taxonomy":"post_tag","embeddable":true,"href":"https:\/\/tyrving.idrett.no\/10\/f\/wp-json\/wp\/v2\/tags?post=14544"}],"curies":[{"name":"wp","href":"https:\/\/api.w.org\/{rel}","templated":true}]}}