{"id":14567,"date":"2015-11-30T20:12:58","date_gmt":"2015-11-30T19:12:58","guid":{"rendered":"http:\/\/tyrving.idrett.no\/10\/f\/?p=14567"},"modified":"2015-12-05T16:26:21","modified_gmt":"2015-12-05T15:26:21","slug":"a-for-en-hoppgruppe-vi-har","status":"publish","type":"post","link":"https:\/\/tyrving.idrett.no\/10\/f\/2015\/11\/30\/a-for-en-hoppgruppe-vi-har\/","title":{"rendered":"\u00c5, for en hoppgruppe vi har!"},"content":{"rendered":"<p>Er du hopper i Tyrving &#8211; lengde- eller tresteghopper i dette tilfellet &#8211; kan vi by p\u00e5 supertrener og supergruppe.<!--more--> Selvsagt ogs\u00e5 supre treningsforhold i hallen.<\/p>\n<p>Her ser du glade hoppere i Tyrving, f\u00f8dt 1997&#8211;2000. Og jammen fikk de ikke med seg treneren p\u00e5 et av bildene ogs\u00e5.<\/p>\n<p>Ut\u00f8verne p\u00e5 bildet er: Celine Bressand, Rebecka Gr\u00f8nli, Anna Eikebrokk, Julie Bressand, Marthe R\u00f8e, Aroran Philip og Erik L\u00f8nskog. Hvor mange UM- og junior-NM-medaljer den gjengen har &#8212; hvem vet! Anna har til og med v\u00e6rt med i nordisk juniorlandskamp.<\/p>\n<p>Treneren heter Espen T\u00f8nnessen og er fagsjef for trening i selveste Olympiatoppen siden 2009. Han har doktorgrad i treningsl\u00e6re, og er spesialist p\u00e5 utholdenhet i tillegg til hopp som han har drevet med selv.<\/p>\n<p>Dietmar M\u00f6genburg er ogs\u00e5 trener i gruppa, han kjenner vi best som olympiamester i h\u00f8yde &#8212; og er en av de som kan aller mest om teknisk, allsidig og skadeforebyggende trening i Norge!<\/p>\n<p>&nbsp;<\/p>\n<p><a href=\"http:\/\/tyrving.idrett.no\/10\/f\/files\/2015\/11\/P1018754.jpg\"><img decoding=\"async\" loading=\"lazy\" class=\"wp-image-14552 size-large\" src=\"http:\/\/tyrving.idrett.no\/10\/f\/files\/2015\/11\/P1018754-1024x768.jpg\" alt=\"OLYMPUS DIGITAL CAMERA\" width=\"1024\" height=\"768\" srcset=\"https:\/\/tyrving.idrett.no\/10\/f\/files\/2015\/11\/P1018754-1024x768.jpg 1024w, https:\/\/tyrving.idrett.no\/10\/f\/files\/2015\/11\/P1018754-300x225.jpg 300w, https:\/\/tyrving.idrett.no\/10\/f\/files\/2015\/11\/P1018754-600x450.jpg 600w\" sizes=\"(max-width: 1024px) 100vw, 1024px\" \/><\/a><\/p>\n<p><a href=\"http:\/\/tyrving.idrett.no\/10\/f\/files\/2015\/11\/P1018750.jpg\"><img decoding=\"async\" loading=\"lazy\" class=\"wp-image-14551 size-large\" src=\"http:\/\/tyrving.idrett.no\/10\/f\/files\/2015\/11\/P1018750-1024x768.jpg\" alt=\"OLYMPUS DIGITAL CAMERA\" width=\"1024\" height=\"768\" srcset=\"https:\/\/tyrving.idrett.no\/10\/f\/files\/2015\/11\/P1018750-1024x768.jpg 1024w, https:\/\/tyrving.idrett.no\/10\/f\/files\/2015\/11\/P1018750-300x225.jpg 300w, https:\/\/tyrving.idrett.no\/10\/f\/files\/2015\/11\/P1018750-600x450.jpg 600w\" sizes=\"(max-width: 1024px) 100vw, 1024px\" \/><\/a><\/p>\n<p>&nbsp;<\/p>\n","protected":false},"excerpt":{"rendered":"Er du hopper i Tyrving &#8211; lengde- eller tresteghopper i dette tilfellet &#8211; kan vi by p\u00e5 supertrener og supergruppe.","protected":false},"author":7,"featured_media":14552,"comment_status":"open","ping_status":"open","sticky":false,"template":"","format":"standard","meta":{"footnotes":"","_jetpack_memberships_contains_paid_content":false},"categories":[1],"tags":[6],"acf":[],"yoast_head":"<!-- This site is optimized with the Yoast SEO plugin v21.2 - https:\/\/yoast.com\/wordpress\/plugins\/seo\/ -->\n<title>\u00c5, for en hoppgruppe vi har! - Tyrving - Friidrett<\/title>\n<meta name=\"robots\" content=\"index, follow, max-snippet:-1, max-image-preview:large, max-video-preview:-1\" \/>\n<link rel=\"canonical\" href=\"https:\/\/tyrving.idrett.no\/10\/f\/2015\/11\/30\/a-for-en-hoppgruppe-vi-har\/\" \/>\n<meta property=\"og:locale\" content=\"nb_NO\" \/>\n<meta property=\"og:type\" content=\"article\" \/>\n<meta property=\"og:title\" content=\"\u00c5, for en hoppgruppe vi har! - Tyrving - Friidrett\" \/>\n<meta property=\"og:description\" content=\"Er du hopper i Tyrving &#8211; lengde- eller tresteghopper i dette tilfellet &#8211; kan vi by p\u00e5 supertrener og supergruppe.\" \/>\n<meta property=\"og:url\" content=\"https:\/\/tyrving.idrett.no\/10\/f\/2015\/11\/30\/a-for-en-hoppgruppe-vi-har\/\" \/>\n<meta property=\"og:site_name\" content=\"Tyrving - Friidrett\" \/>\n<meta property=\"article:published_time\" content=\"2015-11-30T19:12:58+00:00\" \/>\n<meta property=\"article:modified_time\" content=\"2015-12-05T15:26:21+00:00\" \/>\n<meta property=\"og:image\" content=\"https:\/\/tyrving.idrett.no\/10\/f\/files\/2015\/11\/P1018754-1024x768.jpg\" \/>\n\t<meta property=\"og:image:width\" content=\"1024\" \/>\n\t<meta property=\"og:image:height\" content=\"768\" \/>\n\t<meta property=\"og:image:type\" content=\"image\/jpeg\" \/>\n<meta name=\"author\" content=\"Morten Haave\" \/>\n<meta name=\"twitter:card\" content=\"summary_large_image\" \/>\n<meta name=\"twitter:label1\" content=\"Skrevet av\" \/>\n\t<meta name=\"twitter:data1\" content=\"Morten Haave\" \/>\n\t<meta name=\"twitter:label2\" content=\"Ansl. lesetid\" \/>\n\t<meta name=\"twitter:data2\" content=\"1 minutt\" \/>\n<script type=\"application\/ld+json\" class=\"yoast-schema-graph\">{\"@context\":\"https:\/\/schema.org\",\"@graph\":[{\"@type\":\"Article\",\"@id\":\"https:\/\/tyrving.idrett.no\/10\/f\/2015\/11\/30\/a-for-en-hoppgruppe-vi-har\/#article\",\"isPartOf\":{\"@id\":\"https:\/\/tyrving.idrett.no\/10\/f\/2015\/11\/30\/a-for-en-hoppgruppe-vi-har\/\"},\"author\":{\"name\":\"Morten Haave\",\"@id\":\"https:\/\/tyrving.idrett.no\/10\/f\/#\/schema\/person\/2793cb24a801a6fab14f2743deebd312\"},\"headline\":\"\u00c5, for en hoppgruppe vi har!\",\"datePublished\":\"2015-11-30T19:12:58+00:00\",\"dateModified\":\"2015-12-05T15:26:21+00:00\",\"mainEntityOfPage\":{\"@id\":\"https:\/\/tyrving.idrett.no\/10\/f\/2015\/11\/30\/a-for-en-hoppgruppe-vi-har\/\"},\"wordCount\":171,\"commentCount\":0,\"publisher\":{\"@id\":\"https:\/\/tyrving.idrett.no\/10\/f\/#organization\"},\"keywords\":[\"Trening\"],\"articleSection\":[\"Nyheter\"],\"inLanguage\":\"nb-NO\",\"potentialAction\":[{\"@type\":\"CommentAction\",\"name\":\"Comment\",\"target\":[\"https:\/\/tyrving.idrett.no\/10\/f\/2015\/11\/30\/a-for-en-hoppgruppe-vi-har\/#respond\"]}]},{\"@type\":\"WebPage\",\"@id\":\"https:\/\/tyrving.idrett.no\/10\/f\/2015\/11\/30\/a-for-en-hoppgruppe-vi-har\/\",\"url\":\"https:\/\/tyrving.idrett.no\/10\/f\/2015\/11\/30\/a-for-en-hoppgruppe-vi-har\/\",\"name\":\"\u00c5, for en hoppgruppe vi har! - Tyrving - Friidrett\",\"isPartOf\":{\"@id\":\"https:\/\/tyrving.idrett.no\/10\/f\/#website\"},\"datePublished\":\"2015-11-30T19:12:58+00:00\",\"dateModified\":\"2015-12-05T15:26:21+00:00\",\"breadcrumb\":{\"@id\":\"https:\/\/tyrving.idrett.no\/10\/f\/2015\/11\/30\/a-for-en-hoppgruppe-vi-har\/#breadcrumb\"},\"inLanguage\":\"nb-NO\",\"potentialAction\":[{\"@type\":\"ReadAction\",\"target\":[\"https:\/\/tyrving.idrett.no\/10\/f\/2015\/11\/30\/a-for-en-hoppgruppe-vi-har\/\"]}]},{\"@type\":\"BreadcrumbList\",\"@id\":\"https:\/\/tyrving.idrett.no\/10\/f\/2015\/11\/30\/a-for-en-hoppgruppe-vi-har\/#breadcrumb\",\"itemListElement\":[{\"@type\":\"ListItem\",\"position\":1,\"name\":\"Hjem\",\"item\":\"https:\/\/tyrving.idrett.no\/10\/f\/\"},{\"@type\":\"ListItem\",\"position\":2,\"name\":\"\u00c5, for en hoppgruppe vi har!\"}]},{\"@type\":\"WebSite\",\"@id\":\"https:\/\/tyrving.idrett.no\/10\/f\/#website\",\"url\":\"https:\/\/tyrving.idrett.no\/10\/f\/\",\"name\":\"Tyrving - Friidrett\",\"description\":\"Friidrettsgruppa\",\"publisher\":{\"@id\":\"https:\/\/tyrving.idrett.no\/10\/f\/#organization\"},\"potentialAction\":[{\"@type\":\"SearchAction\",\"target\":{\"@type\":\"EntryPoint\",\"urlTemplate\":\"https:\/\/tyrving.idrett.no\/10\/f\/?s={search_term_string}\"},\"query-input\":\"required name=search_term_string\"}],\"inLanguage\":\"nb-NO\"},{\"@type\":\"Organization\",\"@id\":\"https:\/\/tyrving.idrett.no\/10\/f\/#organization\",\"name\":\"Tyrving Friidrettsgruppa\",\"url\":\"https:\/\/tyrving.idrett.no\/10\/f\/\",\"logo\":{\"@type\":\"ImageObject\",\"inLanguage\":\"nb-NO\",\"@id\":\"https:\/\/tyrving.idrett.no\/10\/f\/#\/schema\/logo\/image\/\",\"url\":\"https:\/\/tyrving.idrett.no\/10\/f\/files\/2019\/04\/Tyrving-Logo-Friidrett-2019.jpg\",\"contentUrl\":\"https:\/\/tyrving.idrett.no\/10\/f\/files\/2019\/04\/Tyrving-Logo-Friidrett-2019.jpg\",\"width\":460,\"height\":360,\"caption\":\"Tyrving Friidrettsgruppa\"},\"image\":{\"@id\":\"https:\/\/tyrving.idrett.no\/10\/f\/#\/schema\/logo\/image\/\"}},{\"@type\":\"Person\",\"@id\":\"https:\/\/tyrving.idrett.no\/10\/f\/#\/schema\/person\/2793cb24a801a6fab14f2743deebd312\",\"name\":\"Morten Haave\",\"image\":{\"@type\":\"ImageObject\",\"inLanguage\":\"nb-NO\",\"@id\":\"https:\/\/tyrving.idrett.no\/10\/f\/#\/schema\/person\/image\/\",\"url\":\"https:\/\/secure.gravatar.com\/avatar\/a8839b259224b1750967164624d3918f?s=96&d=mm&r=g\",\"contentUrl\":\"https:\/\/secure.gravatar.com\/avatar\/a8839b259224b1750967164624d3918f?s=96&d=mm&r=g\",\"caption\":\"Morten Haave\"},\"description\":\"Ut\u00f8ver i Tyrving. Kretsrekord og seks NM-gull i stille h\u00f8yde (fra 2007 til i dag), samt en s\u00f8lv (2010) og en bronse (2008) i stille lengde. Kretsrekord i h.u.t. og uoffisiell kretsbestenotering i stille tresteg. Bidrar til lagserielaget med dette pluss litt odde tekniske \u00f8velser, hadde klubbrekord p\u00e5 110 hekk fra 2009 til 2010. Styreleder i friidrettskretsen. Liker \u00e5 skrive, bl.a. i aviser, historiske \u00e5rb\u00f8ker, p\u00e5 Tyrving, kretsen og NFIF sine nettsider. Er master i historie fra UiO (2012) og g\u00e5r praktisk-pedagogisk utdanning for \u00e5 bli lektor.\",\"sameAs\":[\"http:\/\/www.tyrving.com\"]}]}<\/script>\n<!-- \/ Yoast SEO plugin. -->","yoast_head_json":{"title":"\u00c5, for en hoppgruppe vi har! - Tyrving - Friidrett","robots":{"index":"index","follow":"follow","max-snippet":"max-snippet:-1","max-image-preview":"max-image-preview:large","max-video-preview":"max-video-preview:-1"},"canonical":"https:\/\/tyrving.idrett.no\/10\/f\/2015\/11\/30\/a-for-en-hoppgruppe-vi-har\/","og_locale":"nb_NO","og_type":"article","og_title":"\u00c5, for en hoppgruppe vi har! - Tyrving - Friidrett","og_description":"Er du hopper i Tyrving &#8211; lengde- eller tresteghopper i dette tilfellet &#8211; kan vi by p\u00e5 supertrener og supergruppe.","og_url":"https:\/\/tyrving.idrett.no\/10\/f\/2015\/11\/30\/a-for-en-hoppgruppe-vi-har\/","og_site_name":"Tyrving - Friidrett","article_published_time":"2015-11-30T19:12:58+00:00","article_modified_time":"2015-12-05T15:26:21+00:00","og_image":[{"width":1024,"height":768,"url":"https:\/\/tyrving.idrett.no\/10\/f\/files\/2015\/11\/P1018754-1024x768.jpg","type":"image\/jpeg"}],"author":"Morten Haave","twitter_card":"summary_large_image","twitter_misc":{"Skrevet av":"Morten Haave","Ansl. lesetid":"1 minutt"},"schema":{"@context":"https:\/\/schema.org","@graph":[{"@type":"Article","@id":"https:\/\/tyrving.idrett.no\/10\/f\/2015\/11\/30\/a-for-en-hoppgruppe-vi-har\/#article","isPartOf":{"@id":"https:\/\/tyrving.idrett.no\/10\/f\/2015\/11\/30\/a-for-en-hoppgruppe-vi-har\/"},"author":{"name":"Morten Haave","@id":"https:\/\/tyrving.idrett.no\/10\/f\/#\/schema\/person\/2793cb24a801a6fab14f2743deebd312"},"headline":"\u00c5, for en hoppgruppe vi har!","datePublished":"2015-11-30T19:12:58+00:00","dateModified":"2015-12-05T15:26:21+00:00","mainEntityOfPage":{"@id":"https:\/\/tyrving.idrett.no\/10\/f\/2015\/11\/30\/a-for-en-hoppgruppe-vi-har\/"},"wordCount":171,"commentCount":0,"publisher":{"@id":"https:\/\/tyrving.idrett.no\/10\/f\/#organization"},"keywords":["Trening"],"articleSection":["Nyheter"],"inLanguage":"nb-NO","potentialAction":[{"@type":"CommentAction","name":"Comment","target":["https:\/\/tyrving.idrett.no\/10\/f\/2015\/11\/30\/a-for-en-hoppgruppe-vi-har\/#respond"]}]},{"@type":"WebPage","@id":"https:\/\/tyrving.idrett.no\/10\/f\/2015\/11\/30\/a-for-en-hoppgruppe-vi-har\/","url":"https:\/\/tyrving.idrett.no\/10\/f\/2015\/11\/30\/a-for-en-hoppgruppe-vi-har\/","name":"\u00c5, for en hoppgruppe vi har! - Tyrving - Friidrett","isPartOf":{"@id":"https:\/\/tyrving.idrett.no\/10\/f\/#website"},"datePublished":"2015-11-30T19:12:58+00:00","dateModified":"2015-12-05T15:26:21+00:00","breadcrumb":{"@id":"https:\/\/tyrving.idrett.no\/10\/f\/2015\/11\/30\/a-for-en-hoppgruppe-vi-har\/#breadcrumb"},"inLanguage":"nb-NO","potentialAction":[{"@type":"ReadAction","target":["https:\/\/tyrving.idrett.no\/10\/f\/2015\/11\/30\/a-for-en-hoppgruppe-vi-har\/"]}]},{"@type":"BreadcrumbList","@id":"https:\/\/tyrving.idrett.no\/10\/f\/2015\/11\/30\/a-for-en-hoppgruppe-vi-har\/#breadcrumb","itemListElement":[{"@type":"ListItem","position":1,"name":"Hjem","item":"https:\/\/tyrving.idrett.no\/10\/f\/"},{"@type":"ListItem","position":2,"name":"\u00c5, for en hoppgruppe vi har!"}]},{"@type":"WebSite","@id":"https:\/\/tyrving.idrett.no\/10\/f\/#website","url":"https:\/\/tyrving.idrett.no\/10\/f\/","name":"Tyrving - Friidrett","description":"Friidrettsgruppa","publisher":{"@id":"https:\/\/tyrving.idrett.no\/10\/f\/#organization"},"potentialAction":[{"@type":"SearchAction","target":{"@type":"EntryPoint","urlTemplate":"https:\/\/tyrving.idrett.no\/10\/f\/?s={search_term_string}"},"query-input":"required name=search_term_string"}],"inLanguage":"nb-NO"},{"@type":"Organization","@id":"https:\/\/tyrving.idrett.no\/10\/f\/#organization","name":"Tyrving Friidrettsgruppa","url":"https:\/\/tyrving.idrett.no\/10\/f\/","logo":{"@type":"ImageObject","inLanguage":"nb-NO","@id":"https:\/\/tyrving.idrett.no\/10\/f\/#\/schema\/logo\/image\/","url":"https:\/\/tyrving.idrett.no\/10\/f\/files\/2019\/04\/Tyrving-Logo-Friidrett-2019.jpg","contentUrl":"https:\/\/tyrving.idrett.no\/10\/f\/files\/2019\/04\/Tyrving-Logo-Friidrett-2019.jpg","width":460,"height":360,"caption":"Tyrving Friidrettsgruppa"},"image":{"@id":"https:\/\/tyrving.idrett.no\/10\/f\/#\/schema\/logo\/image\/"}},{"@type":"Person","@id":"https:\/\/tyrving.idrett.no\/10\/f\/#\/schema\/person\/2793cb24a801a6fab14f2743deebd312","name":"Morten Haave","image":{"@type":"ImageObject","inLanguage":"nb-NO","@id":"https:\/\/tyrving.idrett.no\/10\/f\/#\/schema\/person\/image\/","url":"https:\/\/secure.gravatar.com\/avatar\/a8839b259224b1750967164624d3918f?s=96&d=mm&r=g","contentUrl":"https:\/\/secure.gravatar.com\/avatar\/a8839b259224b1750967164624d3918f?s=96&d=mm&r=g","caption":"Morten Haave"},"description":"Ut\u00f8ver i Tyrving. Kretsrekord og seks NM-gull i stille h\u00f8yde (fra 2007 til i dag), samt en s\u00f8lv (2010) og en bronse (2008) i stille lengde. Kretsrekord i h.u.t. og uoffisiell kretsbestenotering i stille tresteg. Bidrar til lagserielaget med dette pluss litt odde tekniske \u00f8velser, hadde klubbrekord p\u00e5 110 hekk fra 2009 til 2010. Styreleder i friidrettskretsen. Liker \u00e5 skrive, bl.a. i aviser, historiske \u00e5rb\u00f8ker, p\u00e5 Tyrving, kretsen og NFIF sine nettsider. Er master i historie fra UiO (2012) og g\u00e5r praktisk-pedagogisk utdanning for \u00e5 bli lektor.","sameAs":["http:\/\/www.tyrving.com"]}]}},"jetpack_sharing_enabled":true,"jetpack_featured_media_url":"https:\/\/tyrving.idrett.no\/10\/f\/files\/2015\/11\/P1018754.jpg","_links":{"self":[{"href":"https:\/\/tyrving.idrett.no\/10\/f\/wp-json\/wp\/v2\/posts\/14567"}],"collection":[{"href":"https:\/\/tyrving.idrett.no\/10\/f\/wp-json\/wp\/v2\/posts"}],"about":[{"href":"https:\/\/tyrving.idrett.no\/10\/f\/wp-json\/wp\/v2\/types\/post"}],"author":[{"embeddable":true,"href":"https:\/\/tyrving.idrett.no\/10\/f\/wp-json\/wp\/v2\/users\/7"}],"replies":[{"embeddable":true,"href":"https:\/\/tyrving.idrett.no\/10\/f\/wp-json\/wp\/v2\/comments?post=14567"}],"version-history":[{"count":5,"href":"https:\/\/tyrving.idrett.no\/10\/f\/wp-json\/wp\/v2\/posts\/14567\/revisions"}],"predecessor-version":[{"id":14596,"href":"https:\/\/tyrving.idrett.no\/10\/f\/wp-json\/wp\/v2\/posts\/14567\/revisions\/14596"}],"wp:featuredmedia":[{"embeddable":true,"href":"https:\/\/tyrving.idrett.no\/10\/f\/wp-json\/wp\/v2\/media\/14552"}],"wp:attachment":[{"href":"https:\/\/tyrving.idrett.no\/10\/f\/wp-json\/wp\/v2\/media?parent=14567"}],"wp:term":[{"taxonomy":"category","embeddable":true,"href":"https:\/\/tyrving.idrett.no\/10\/f\/wp-json\/wp\/v2\/categories?post=14567"},{"taxonomy":"post_tag","embeddable":true,"href":"https:\/\/tyrving.idrett.no\/10\/f\/wp-json\/wp\/v2\/tags?post=14567"}],"curies":[{"name":"wp","href":"https:\/\/api.w.org\/{rel}","templated":true}]}}