{"id":14606,"date":"2015-12-08T12:59:17","date_gmt":"2015-12-08T11:59:17","guid":{"rendered":"http:\/\/tyrving.idrett.no\/10\/f\/?p=14606"},"modified":"2015-12-08T13:01:06","modified_gmt":"2015-12-08T12:01:06","slug":"julestevnet-2003-2004-gruppa","status":"publish","type":"post","link":"https:\/\/tyrving.idrett.no\/10\/f\/2015\/12\/08\/julestevnet-2003-2004-gruppa\/","title":{"rendered":"Julestevnet: 2003-2004-gruppa"},"content":{"rendered":"<p>Vi har tidligere konstatert at laginnsatsen var super i julestevnet, og det er p\u00e5 tide \u00e5 skrive litt om resultatene ogs\u00e5.<\/p>\n<p>Hvor mange som satte pers, har vi dessverre ikke mulighet til \u00e5 f\u00e5 oversikt over. Men det var mange! Egen pers er det viktigste i friidrett, for da f\u00f8ler man at man er i framgang.<\/p>\n<p>Vi kan nevne litt om klubbrekorder. Tyrvings oversikt er utdatert med mange \u00e5r, men likevel t\u00f8r vi p\u00e5st\u00e5 at Jonathan Hertwig \u00d8deg\u00e5rd (konkurrerte i G11, men er 10) har satt flere. 9,11 p\u00e5 60 meter kan v\u00e6re ny klubbrekord (<a href=\"http:\/\/tyrving.idrett.no\/10\/f\/files\/2013\/02\/2012-inne-g10-19-pr-3112121.pdf\" target=\"_blank\">gamle per 2013<\/a> var 9,23), det samme med 1.51,92 (gamle var 1.56,33). Vi t\u00f8r p\u00e5st\u00e5 at han tidligere i h\u00f8st ogs\u00e5 har satt klubbrekord i stille h\u00f8yde med 1,02 (gamle var 1,00).<\/p>\n<p>Sondre Audahl Vik <em>er<\/em> i 11-\u00e5rsklassen og 60 meter p\u00e5 8,49 og 200 meter (i 14-\u00e5rsklassen!) p\u00e5 27,81 som ogs\u00e5 er klubbrekorder &#8212; tror vi. Sondre og Jonathan hoppet ogs\u00e5 lengde (i g12) p\u00e5 4,41 og 4,18.<\/p>\n<p>I G11 l\u00f8p ogs\u00e5 Andreas Fjeld Halvorsen 600 meter p\u00e5 1.52,49. Det er ikke langt bak klubbrekorden som st\u00e5r per 2013, p\u00e5 1.51. Ser vi et hakk lenger ned, p\u00e5 800 meter, ser vi at en B\u00f8rre Fjeld Halvorsen satte klubbrekord for samme \u00e5rsklasse i 1981. Og G13 i 1983. Her er det sikkert et slektskap som vil utfordrende gjeldende rekorder.<\/p>\n<p>Jonathan hoppet ogs\u00e5 1,25 i h\u00f8yde og Andreas 1,25. Jonathan st\u00f8tte 7,82 i kule som er bedre enn den klubbrekorden som st\u00e5r med 5 cm. Hampus \u00c5strand st\u00f8tte 7,20 og l\u00f8p p\u00e5 9,39 og 2.00,98. Ola Raabe-\u00d8degaard l\u00f8p bare 60 meter, p\u00e5 9,54, mens Endre Buseth Hammerstad fikk resultatene 9,94 og 6,37.<\/p>\n<p>I G12 var Sigurd Clemetsen og Niels Pretorius godt forn\u00f8yd med gull og bronse. Sigurd l\u00f8p p\u00e5 8,40, bare tre hundredeler bak det som st\u00e5r som klubbrekord. Niels l\u00f8p faktisk p\u00e5 det samme &#8212; 8,69 &#8212; som i Tyrvinglekene inne. Jammen var Budstikka der ogs\u00e5 for \u00e5 prate med dem.<\/p>\n<p>Elina L\u00f8ken Dahl ga Tyrving dobbeltseier med gode 8,56 i J12. Elina kom ogs\u00e5 p\u00e5 pallen &#8212; s\u00f8lv &#8212; i lengde med 4,70. Bronsen her tok faktisk en av v\u00e5re 11-\u00e5ringer, Eilan Aas med 4,36!<\/p>\n<div id=\"attachment_14601\" style=\"width: 807px\" class=\"wp-caption aligncenter\"><a href=\"http:\/\/tyrving.idrett.no\/10\/f\/files\/2015\/12\/Pall-5-des-2015.jpg\"><img aria-describedby=\"caption-attachment-14601\" decoding=\"async\" loading=\"lazy\" class=\"size-large wp-image-14601\" src=\"http:\/\/tyrving.idrett.no\/10\/f\/files\/2015\/12\/Pall-5-des-2015-797x1024.jpg\" alt=\"OLYMPUS DIGITAL CAMERA\" width=\"797\" height=\"1024\" srcset=\"https:\/\/tyrving.idrett.no\/10\/f\/files\/2015\/12\/Pall-5-des-2015-797x1024.jpg 797w, https:\/\/tyrving.idrett.no\/10\/f\/files\/2015\/12\/Pall-5-des-2015-234x300.jpg 234w, https:\/\/tyrving.idrett.no\/10\/f\/files\/2015\/12\/Pall-5-des-2015-600x771.jpg 600w\" sizes=\"(max-width: 797px) 100vw, 797px\" \/><\/a><p id=\"caption-attachment-14601\" class=\"wp-caption-text\">Her er pallen med Sigurd og Niels. Jeg kunne sverge p\u00e5 at jeg ogs\u00e5 tok bilde av pallen med Elina p\u00e5 60 meter og Eilan i lengde. Men de bildene finner jeg ikke igjen!<\/p><\/div>\n<p>I J11 er det morsomt \u00e5 se framgangen. Den er stor i mange \u00f8velser. Det ser vi av statistikken fra sist sesong hvor flere hadde sin \u00e5rsbeste fra julestevnet. Eilan satte for eksempel lengdepers med 35 centimeter. Ser vi p\u00e5 kule satte Anne Mimmi Wahlstr\u00f8m pers med 57 centimeter til 6,27 og Synne Fiva \u00d8iestad pers med 1,68 meter (!) til 6,69.<\/p>\n<p>Annikka Grenan st\u00f8tte ogs\u00e5 7,06 og Eilan 6,91. Andreplass til Eilan i h\u00f8yde med 1,30 og 60 meter med 8,95! P\u00e5 600 meteren vant Annikka det f\u00f8rste heatet med 1.57,25. Mille Baastad Berg l\u00f8p i det andre heatet og kom p\u00e5 plassen foran &#8212; og tok en bronse &#8212; med 1.55,15. Solveig Elger Wiik l\u00f8p p\u00e5 2.01,97 og Hannah Emilie Bergh p\u00e5 2.02,98. Hedvig Kall\u00e5k l\u00f8p p\u00e5 9,09 og hoppa 1,25.<\/p>\n<p>Og ellers var 60 meter-tidene: Mille 9,11, Hannah Emilie 9,12, Anne Mimmi 9,60 og Synne 9,87. B\u00e5de Anne Mimmi og Synne hoppa ogs\u00e5 h\u00f8yde p\u00e5 1,20.<\/p>\n<p>I lengde hoppa Niels Pretorius omtrent det samme som Alfred R\u00f8st Aar\u00f8, 4,32 og 4,24. En annen som er flink til \u00e5 trene, og som vant kulest\u00f8t, er J\u00f8rgen Brenna Loennechen som fikk opp fine 9,48.<\/p>\n<p>William Jones fikk 9,04, men det var p\u00e5 60 meter. Peder Henriksen Dings\u00f8r fikk 9,28 p\u00e5 60 meter, fine 1.50,04 p\u00e5 600 og 3,87 i lengde. Jo Magnus Kleven og Eskil Hylbak Vie var med i kule og lengde: henholdsvis 6,69 og 3,06 &#8212; og 6,35 og 3,69.<\/p>\n<p>Ogs\u00e5 i J12 kom det masse perser. N\u00e5 tenker vi oss en liten firekamp med 60 meter, 600 meter, kule og lengde hvor vi setter en i for ikke deltatt i \u00f8velsen:<br \/>\nHedda Wien-Christenson (9,37 &#8212; 2.06,44 &#8212; i &#8212; i)<br \/>\nJenny Holtlund Steingrimsen (9,79 &#8212; 2.10,94 &#8212; 7,15 &#8212; 3,60)<br \/>\nIsabell Svenberg (10,00 &#8212; i &#8212; 6,62 &#8212; 3,54)<br \/>\nThea Bjerke Stjernstedt (10,25 &#8212; 2.17,46 &#8212; i &#8212; 3,22)<\/p>\n<p>Deilig \u00e5 se p\u00e5 den gode rekrutteringen, som ogs\u00e5 gjelder \u00e5rsklassene under dette! Vi hadde for eksempel med 11 gutter i kule i 10-\u00e5rsklassen. (12 hvis du teller med denne karen:<\/p>\n<p><a href=\"http:\/\/tyrving.idrett.no\/10\/f\/files\/2015\/12\/P1018886.jpg\"><img decoding=\"async\" loading=\"lazy\" class=\"aligncenter size-large wp-image-14599\" src=\"http:\/\/tyrving.idrett.no\/10\/f\/files\/2015\/12\/P1018886-1024x768.jpg\" alt=\"OLYMPUS DIGITAL CAMERA\" width=\"1024\" height=\"768\" srcset=\"https:\/\/tyrving.idrett.no\/10\/f\/files\/2015\/12\/P1018886-1024x768.jpg 1024w, https:\/\/tyrving.idrett.no\/10\/f\/files\/2015\/12\/P1018886-300x225.jpg 300w, https:\/\/tyrving.idrett.no\/10\/f\/files\/2015\/12\/P1018886-600x450.jpg 600w\" sizes=\"(max-width: 1024px) 100vw, 1024px\" \/><\/a><a href=\"http:\/\/tyrving.idrett.no\/10\/f\/files\/2015\/12\/P1018887.jpg\"><img decoding=\"async\" loading=\"lazy\" class=\"aligncenter size-large wp-image-14600\" src=\"http:\/\/tyrving.idrett.no\/10\/f\/files\/2015\/12\/P1018887-1024x768.jpg\" alt=\"OLYMPUS DIGITAL CAMERA\" width=\"1024\" height=\"768\" srcset=\"https:\/\/tyrving.idrett.no\/10\/f\/files\/2015\/12\/P1018887-1024x768.jpg 1024w, https:\/\/tyrving.idrett.no\/10\/f\/files\/2015\/12\/P1018887-300x225.jpg 300w, https:\/\/tyrving.idrett.no\/10\/f\/files\/2015\/12\/P1018887-600x450.jpg 600w\" sizes=\"(max-width: 1024px) 100vw, 1024px\" \/><\/a><\/p>\n<p>Hvis noen har mer fakta \u00e5 legge til, s\u00e5 bruk gjerne kommentarfeltet under!<\/p>\n","protected":false},"excerpt":{"rendered":"Vi har tidligere konstatert at laginnsatsen var super i julestevnet, og det er p\u00e5 tide \u00e5 skrive litt om resultatene ogs\u00e5. Hvor mange som satte pers, har vi dessverre ikke mulighet til \u00e5 f\u00e5 oversikt ov&#8230;","protected":false},"author":7,"featured_media":0,"comment_status":"open","ping_status":"open","sticky":false,"template":"","format":"standard","meta":{"footnotes":"","_jetpack_memberships_contains_paid_content":false},"categories":[1],"tags":[],"acf":[],"yoast_head":"<!-- This site is optimized with the Yoast SEO plugin v21.2 - https:\/\/yoast.com\/wordpress\/plugins\/seo\/ -->\n<title>Julestevnet: 2003-2004-gruppa - Tyrving - Friidrett<\/title>\n<meta name=\"robots\" content=\"index, follow, max-snippet:-1, max-image-preview:large, max-video-preview:-1\" \/>\n<link rel=\"canonical\" href=\"https:\/\/tyrving.idrett.no\/10\/f\/2015\/12\/08\/julestevnet-2003-2004-gruppa\/\" \/>\n<meta property=\"og:locale\" content=\"nb_NO\" \/>\n<meta property=\"og:type\" content=\"article\" \/>\n<meta property=\"og:title\" content=\"Julestevnet: 2003-2004-gruppa - Tyrving - Friidrett\" \/>\n<meta property=\"og:description\" content=\"Vi har tidligere konstatert at laginnsatsen var super i julestevnet, og det er p\u00e5 tide \u00e5 skrive litt om resultatene ogs\u00e5. Hvor mange som satte pers, har vi dessverre ikke mulighet til \u00e5 f\u00e5 oversikt ov...\" \/>\n<meta property=\"og:url\" content=\"https:\/\/tyrving.idrett.no\/10\/f\/2015\/12\/08\/julestevnet-2003-2004-gruppa\/\" \/>\n<meta property=\"og:site_name\" content=\"Tyrving - Friidrett\" \/>\n<meta property=\"article:published_time\" content=\"2015-12-08T11:59:17+00:00\" \/>\n<meta property=\"article:modified_time\" content=\"2015-12-08T12:01:06+00:00\" \/>\n<meta property=\"og:image\" content=\"http:\/\/tyrving.idrett.no\/10\/f\/files\/2015\/12\/Pall-5-des-2015-797x1024.jpg\" \/>\n<meta name=\"author\" content=\"Morten Haave\" \/>\n<meta name=\"twitter:card\" content=\"summary_large_image\" \/>\n<meta name=\"twitter:label1\" content=\"Skrevet av\" \/>\n\t<meta name=\"twitter:data1\" content=\"Morten Haave\" \/>\n\t<meta name=\"twitter:label2\" content=\"Ansl. lesetid\" \/>\n\t<meta name=\"twitter:data2\" content=\"4 minutter\" \/>\n<script type=\"application\/ld+json\" class=\"yoast-schema-graph\">{\"@context\":\"https:\/\/schema.org\",\"@graph\":[{\"@type\":\"Article\",\"@id\":\"https:\/\/tyrving.idrett.no\/10\/f\/2015\/12\/08\/julestevnet-2003-2004-gruppa\/#article\",\"isPartOf\":{\"@id\":\"https:\/\/tyrving.idrett.no\/10\/f\/2015\/12\/08\/julestevnet-2003-2004-gruppa\/\"},\"author\":{\"name\":\"Morten Haave\",\"@id\":\"https:\/\/tyrving.idrett.no\/10\/f\/#\/schema\/person\/2793cb24a801a6fab14f2743deebd312\"},\"headline\":\"Julestevnet: 2003-2004-gruppa\",\"datePublished\":\"2015-12-08T11:59:17+00:00\",\"dateModified\":\"2015-12-08T12:01:06+00:00\",\"mainEntityOfPage\":{\"@id\":\"https:\/\/tyrving.idrett.no\/10\/f\/2015\/12\/08\/julestevnet-2003-2004-gruppa\/\"},\"wordCount\":707,\"commentCount\":0,\"publisher\":{\"@id\":\"https:\/\/tyrving.idrett.no\/10\/f\/#organization\"},\"articleSection\":[\"Nyheter\"],\"inLanguage\":\"nb-NO\",\"potentialAction\":[{\"@type\":\"CommentAction\",\"name\":\"Comment\",\"target\":[\"https:\/\/tyrving.idrett.no\/10\/f\/2015\/12\/08\/julestevnet-2003-2004-gruppa\/#respond\"]}]},{\"@type\":\"WebPage\",\"@id\":\"https:\/\/tyrving.idrett.no\/10\/f\/2015\/12\/08\/julestevnet-2003-2004-gruppa\/\",\"url\":\"https:\/\/tyrving.idrett.no\/10\/f\/2015\/12\/08\/julestevnet-2003-2004-gruppa\/\",\"name\":\"Julestevnet: 2003-2004-gruppa - Tyrving - Friidrett\",\"isPartOf\":{\"@id\":\"https:\/\/tyrving.idrett.no\/10\/f\/#website\"},\"datePublished\":\"2015-12-08T11:59:17+00:00\",\"dateModified\":\"2015-12-08T12:01:06+00:00\",\"breadcrumb\":{\"@id\":\"https:\/\/tyrving.idrett.no\/10\/f\/2015\/12\/08\/julestevnet-2003-2004-gruppa\/#breadcrumb\"},\"inLanguage\":\"nb-NO\",\"potentialAction\":[{\"@type\":\"ReadAction\",\"target\":[\"https:\/\/tyrving.idrett.no\/10\/f\/2015\/12\/08\/julestevnet-2003-2004-gruppa\/\"]}]},{\"@type\":\"BreadcrumbList\",\"@id\":\"https:\/\/tyrving.idrett.no\/10\/f\/2015\/12\/08\/julestevnet-2003-2004-gruppa\/#breadcrumb\",\"itemListElement\":[{\"@type\":\"ListItem\",\"position\":1,\"name\":\"Hjem\",\"item\":\"https:\/\/tyrving.idrett.no\/10\/f\/\"},{\"@type\":\"ListItem\",\"position\":2,\"name\":\"Julestevnet: 2003-2004-gruppa\"}]},{\"@type\":\"WebSite\",\"@id\":\"https:\/\/tyrving.idrett.no\/10\/f\/#website\",\"url\":\"https:\/\/tyrving.idrett.no\/10\/f\/\",\"name\":\"Tyrving - Friidrett\",\"description\":\"Friidrettsgruppa\",\"publisher\":{\"@id\":\"https:\/\/tyrving.idrett.no\/10\/f\/#organization\"},\"potentialAction\":[{\"@type\":\"SearchAction\",\"target\":{\"@type\":\"EntryPoint\",\"urlTemplate\":\"https:\/\/tyrving.idrett.no\/10\/f\/?s={search_term_string}\"},\"query-input\":\"required name=search_term_string\"}],\"inLanguage\":\"nb-NO\"},{\"@type\":\"Organization\",\"@id\":\"https:\/\/tyrving.idrett.no\/10\/f\/#organization\",\"name\":\"Tyrving Friidrettsgruppa\",\"url\":\"https:\/\/tyrving.idrett.no\/10\/f\/\",\"logo\":{\"@type\":\"ImageObject\",\"inLanguage\":\"nb-NO\",\"@id\":\"https:\/\/tyrving.idrett.no\/10\/f\/#\/schema\/logo\/image\/\",\"url\":\"https:\/\/tyrving.idrett.no\/10\/f\/files\/2019\/04\/Tyrving-Logo-Friidrett-2019.jpg\",\"contentUrl\":\"https:\/\/tyrving.idrett.no\/10\/f\/files\/2019\/04\/Tyrving-Logo-Friidrett-2019.jpg\",\"width\":460,\"height\":360,\"caption\":\"Tyrving Friidrettsgruppa\"},\"image\":{\"@id\":\"https:\/\/tyrving.idrett.no\/10\/f\/#\/schema\/logo\/image\/\"}},{\"@type\":\"Person\",\"@id\":\"https:\/\/tyrving.idrett.no\/10\/f\/#\/schema\/person\/2793cb24a801a6fab14f2743deebd312\",\"name\":\"Morten Haave\",\"image\":{\"@type\":\"ImageObject\",\"inLanguage\":\"nb-NO\",\"@id\":\"https:\/\/tyrving.idrett.no\/10\/f\/#\/schema\/person\/image\/\",\"url\":\"https:\/\/secure.gravatar.com\/avatar\/a8839b259224b1750967164624d3918f?s=96&d=mm&r=g\",\"contentUrl\":\"https:\/\/secure.gravatar.com\/avatar\/a8839b259224b1750967164624d3918f?s=96&d=mm&r=g\",\"caption\":\"Morten Haave\"},\"description\":\"Ut\u00f8ver i Tyrving. Kretsrekord og seks NM-gull i stille h\u00f8yde (fra 2007 til i dag), samt en s\u00f8lv (2010) og en bronse (2008) i stille lengde. Kretsrekord i h.u.t. og uoffisiell kretsbestenotering i stille tresteg. Bidrar til lagserielaget med dette pluss litt odde tekniske \u00f8velser, hadde klubbrekord p\u00e5 110 hekk fra 2009 til 2010. Styreleder i friidrettskretsen. Liker \u00e5 skrive, bl.a. i aviser, historiske \u00e5rb\u00f8ker, p\u00e5 Tyrving, kretsen og NFIF sine nettsider. Er master i historie fra UiO (2012) og g\u00e5r praktisk-pedagogisk utdanning for \u00e5 bli lektor.\",\"sameAs\":[\"http:\/\/www.tyrving.com\"]}]}<\/script>\n<!-- \/ Yoast SEO plugin. -->","yoast_head_json":{"title":"Julestevnet: 2003-2004-gruppa - Tyrving - Friidrett","robots":{"index":"index","follow":"follow","max-snippet":"max-snippet:-1","max-image-preview":"max-image-preview:large","max-video-preview":"max-video-preview:-1"},"canonical":"https:\/\/tyrving.idrett.no\/10\/f\/2015\/12\/08\/julestevnet-2003-2004-gruppa\/","og_locale":"nb_NO","og_type":"article","og_title":"Julestevnet: 2003-2004-gruppa - Tyrving - Friidrett","og_description":"Vi har tidligere konstatert at laginnsatsen var super i julestevnet, og det er p\u00e5 tide \u00e5 skrive litt om resultatene ogs\u00e5. Hvor mange som satte pers, har vi dessverre ikke mulighet til \u00e5 f\u00e5 oversikt ov...","og_url":"https:\/\/tyrving.idrett.no\/10\/f\/2015\/12\/08\/julestevnet-2003-2004-gruppa\/","og_site_name":"Tyrving - Friidrett","article_published_time":"2015-12-08T11:59:17+00:00","article_modified_time":"2015-12-08T12:01:06+00:00","og_image":[{"url":"http:\/\/tyrving.idrett.no\/10\/f\/files\/2015\/12\/Pall-5-des-2015-797x1024.jpg"}],"author":"Morten Haave","twitter_card":"summary_large_image","twitter_misc":{"Skrevet av":"Morten Haave","Ansl. lesetid":"4 minutter"},"schema":{"@context":"https:\/\/schema.org","@graph":[{"@type":"Article","@id":"https:\/\/tyrving.idrett.no\/10\/f\/2015\/12\/08\/julestevnet-2003-2004-gruppa\/#article","isPartOf":{"@id":"https:\/\/tyrving.idrett.no\/10\/f\/2015\/12\/08\/julestevnet-2003-2004-gruppa\/"},"author":{"name":"Morten Haave","@id":"https:\/\/tyrving.idrett.no\/10\/f\/#\/schema\/person\/2793cb24a801a6fab14f2743deebd312"},"headline":"Julestevnet: 2003-2004-gruppa","datePublished":"2015-12-08T11:59:17+00:00","dateModified":"2015-12-08T12:01:06+00:00","mainEntityOfPage":{"@id":"https:\/\/tyrving.idrett.no\/10\/f\/2015\/12\/08\/julestevnet-2003-2004-gruppa\/"},"wordCount":707,"commentCount":0,"publisher":{"@id":"https:\/\/tyrving.idrett.no\/10\/f\/#organization"},"articleSection":["Nyheter"],"inLanguage":"nb-NO","potentialAction":[{"@type":"CommentAction","name":"Comment","target":["https:\/\/tyrving.idrett.no\/10\/f\/2015\/12\/08\/julestevnet-2003-2004-gruppa\/#respond"]}]},{"@type":"WebPage","@id":"https:\/\/tyrving.idrett.no\/10\/f\/2015\/12\/08\/julestevnet-2003-2004-gruppa\/","url":"https:\/\/tyrving.idrett.no\/10\/f\/2015\/12\/08\/julestevnet-2003-2004-gruppa\/","name":"Julestevnet: 2003-2004-gruppa - Tyrving - Friidrett","isPartOf":{"@id":"https:\/\/tyrving.idrett.no\/10\/f\/#website"},"datePublished":"2015-12-08T11:59:17+00:00","dateModified":"2015-12-08T12:01:06+00:00","breadcrumb":{"@id":"https:\/\/tyrving.idrett.no\/10\/f\/2015\/12\/08\/julestevnet-2003-2004-gruppa\/#breadcrumb"},"inLanguage":"nb-NO","potentialAction":[{"@type":"ReadAction","target":["https:\/\/tyrving.idrett.no\/10\/f\/2015\/12\/08\/julestevnet-2003-2004-gruppa\/"]}]},{"@type":"BreadcrumbList","@id":"https:\/\/tyrving.idrett.no\/10\/f\/2015\/12\/08\/julestevnet-2003-2004-gruppa\/#breadcrumb","itemListElement":[{"@type":"ListItem","position":1,"name":"Hjem","item":"https:\/\/tyrving.idrett.no\/10\/f\/"},{"@type":"ListItem","position":2,"name":"Julestevnet: 2003-2004-gruppa"}]},{"@type":"WebSite","@id":"https:\/\/tyrving.idrett.no\/10\/f\/#website","url":"https:\/\/tyrving.idrett.no\/10\/f\/","name":"Tyrving - Friidrett","description":"Friidrettsgruppa","publisher":{"@id":"https:\/\/tyrving.idrett.no\/10\/f\/#organization"},"potentialAction":[{"@type":"SearchAction","target":{"@type":"EntryPoint","urlTemplate":"https:\/\/tyrving.idrett.no\/10\/f\/?s={search_term_string}"},"query-input":"required name=search_term_string"}],"inLanguage":"nb-NO"},{"@type":"Organization","@id":"https:\/\/tyrving.idrett.no\/10\/f\/#organization","name":"Tyrving Friidrettsgruppa","url":"https:\/\/tyrving.idrett.no\/10\/f\/","logo":{"@type":"ImageObject","inLanguage":"nb-NO","@id":"https:\/\/tyrving.idrett.no\/10\/f\/#\/schema\/logo\/image\/","url":"https:\/\/tyrving.idrett.no\/10\/f\/files\/2019\/04\/Tyrving-Logo-Friidrett-2019.jpg","contentUrl":"https:\/\/tyrving.idrett.no\/10\/f\/files\/2019\/04\/Tyrving-Logo-Friidrett-2019.jpg","width":460,"height":360,"caption":"Tyrving Friidrettsgruppa"},"image":{"@id":"https:\/\/tyrving.idrett.no\/10\/f\/#\/schema\/logo\/image\/"}},{"@type":"Person","@id":"https:\/\/tyrving.idrett.no\/10\/f\/#\/schema\/person\/2793cb24a801a6fab14f2743deebd312","name":"Morten Haave","image":{"@type":"ImageObject","inLanguage":"nb-NO","@id":"https:\/\/tyrving.idrett.no\/10\/f\/#\/schema\/person\/image\/","url":"https:\/\/secure.gravatar.com\/avatar\/a8839b259224b1750967164624d3918f?s=96&d=mm&r=g","contentUrl":"https:\/\/secure.gravatar.com\/avatar\/a8839b259224b1750967164624d3918f?s=96&d=mm&r=g","caption":"Morten Haave"},"description":"Ut\u00f8ver i Tyrving. Kretsrekord og seks NM-gull i stille h\u00f8yde (fra 2007 til i dag), samt en s\u00f8lv (2010) og en bronse (2008) i stille lengde. Kretsrekord i h.u.t. og uoffisiell kretsbestenotering i stille tresteg. Bidrar til lagserielaget med dette pluss litt odde tekniske \u00f8velser, hadde klubbrekord p\u00e5 110 hekk fra 2009 til 2010. Styreleder i friidrettskretsen. Liker \u00e5 skrive, bl.a. i aviser, historiske \u00e5rb\u00f8ker, p\u00e5 Tyrving, kretsen og NFIF sine nettsider. Er master i historie fra UiO (2012) og g\u00e5r praktisk-pedagogisk utdanning for \u00e5 bli lektor.","sameAs":["http:\/\/www.tyrving.com"]}]}},"jetpack_sharing_enabled":true,"jetpack_featured_media_url":"","_links":{"self":[{"href":"https:\/\/tyrving.idrett.no\/10\/f\/wp-json\/wp\/v2\/posts\/14606"}],"collection":[{"href":"https:\/\/tyrving.idrett.no\/10\/f\/wp-json\/wp\/v2\/posts"}],"about":[{"href":"https:\/\/tyrving.idrett.no\/10\/f\/wp-json\/wp\/v2\/types\/post"}],"author":[{"embeddable":true,"href":"https:\/\/tyrving.idrett.no\/10\/f\/wp-json\/wp\/v2\/users\/7"}],"replies":[{"embeddable":true,"href":"https:\/\/tyrving.idrett.no\/10\/f\/wp-json\/wp\/v2\/comments?post=14606"}],"version-history":[{"count":5,"href":"https:\/\/tyrving.idrett.no\/10\/f\/wp-json\/wp\/v2\/posts\/14606\/revisions"}],"predecessor-version":[{"id":14611,"href":"https:\/\/tyrving.idrett.no\/10\/f\/wp-json\/wp\/v2\/posts\/14606\/revisions\/14611"}],"wp:attachment":[{"href":"https:\/\/tyrving.idrett.no\/10\/f\/wp-json\/wp\/v2\/media?parent=14606"}],"wp:term":[{"taxonomy":"category","embeddable":true,"href":"https:\/\/tyrving.idrett.no\/10\/f\/wp-json\/wp\/v2\/categories?post=14606"},{"taxonomy":"post_tag","embeddable":true,"href":"https:\/\/tyrving.idrett.no\/10\/f\/wp-json\/wp\/v2\/tags?post=14606"}],"curies":[{"name":"wp","href":"https:\/\/api.w.org\/{rel}","templated":true}]}}