{"id":14618,"date":"2015-12-13T16:28:29","date_gmt":"2015-12-13T15:28:29","guid":{"rendered":"http:\/\/tyrving.idrett.no\/10\/f\/?p=14618"},"modified":"2015-12-13T16:31:00","modified_gmt":"2015-12-13T15:31:00","slug":"bra-samling-i-gar","status":"publish","type":"post","link":"https:\/\/tyrving.idrett.no\/10\/f\/2015\/12\/13\/bra-samling-i-gar\/","title":{"rendered":"Bra samling i g\u00e5r"},"content":{"rendered":"<p>B\u00e5de ut\u00f8vere og trenere fra Tyrving var med p\u00e5 storsamling i g\u00e5r for 2002-2003.<!--more--><\/p>\n<p>Oslo og Akershus friidrettskretser innb\u00f8d til samlingen, hvor blant annet J\u00f8rgen og Jo Magnus trente med OL-deltaker i slegge, Eivind Henriksen.<\/p>\n<p><img decoding=\"async\" loading=\"lazy\" class=\"alignnone\" src=\"https:\/\/www.friidrett.no\/globalassets\/bildearkiv\/0000006samlingbip121215.jpg\" alt=\"\" width=\"4774\" height=\"2536\" \/><\/p>\n<p>En hel del trente med sprintmester Kristoffer Buhagen, som har 60 meter-pers p\u00e5 6,80. Morten (trener 2003-04) og Petra (flere grupper) var ogs\u00e5 trenere. Samlingen hadde ogs\u00e5 en sosial del med mat og drikke osv.<\/p>\n<div style=\"width: 5222px\" class=\"wp-caption alignnone\"><img decoding=\"async\" loading=\"lazy\" class=\"\" src=\"https:\/\/www.friidrett.no\/globalassets\/bildearkiv\/0000005samlingbip121215.jpg\" alt=\"\" width=\"5212\" height=\"2523\" \/><p class=\"wp-caption-text\">Finner du deg selv p\u00e5 kjempebildet?<\/p><\/div>\n","protected":false},"excerpt":{"rendered":"B\u00e5de ut\u00f8vere og trenere fra Tyrving var med p\u00e5 storsamling i g\u00e5r for 2002-2003.","protected":false},"author":7,"featured_media":14621,"comment_status":"open","ping_status":"open","sticky":false,"template":"","format":"standard","meta":{"footnotes":"","_jetpack_memberships_contains_paid_content":false},"categories":[1],"tags":[3914,3955],"acf":[],"yoast_head":"<!-- This site is optimized with the Yoast SEO plugin v21.2 - https:\/\/yoast.com\/wordpress\/plugins\/seo\/ -->\n<title>Bra samling i g\u00e5r - Tyrving - Friidrett<\/title>\n<meta name=\"robots\" content=\"index, follow, max-snippet:-1, max-image-preview:large, max-video-preview:-1\" \/>\n<link rel=\"canonical\" href=\"https:\/\/tyrving.idrett.no\/10\/f\/2015\/12\/13\/bra-samling-i-gar\/\" \/>\n<meta property=\"og:locale\" content=\"nb_NO\" \/>\n<meta property=\"og:type\" content=\"article\" \/>\n<meta property=\"og:title\" content=\"Bra samling i g\u00e5r - Tyrving - Friidrett\" \/>\n<meta property=\"og:description\" content=\"B\u00e5de ut\u00f8vere og trenere fra Tyrving var med p\u00e5 storsamling i g\u00e5r for 2002-2003.\" \/>\n<meta property=\"og:url\" content=\"https:\/\/tyrving.idrett.no\/10\/f\/2015\/12\/13\/bra-samling-i-gar\/\" \/>\n<meta property=\"og:site_name\" content=\"Tyrving - Friidrett\" \/>\n<meta property=\"article:published_time\" content=\"2015-12-13T15:28:29+00:00\" \/>\n<meta property=\"article:modified_time\" content=\"2015-12-13T15:31:00+00:00\" \/>\n<meta property=\"og:image\" content=\"https:\/\/tyrving.idrett.no\/10\/f\/files\/2015\/12\/0000005samlingbip121215-1024x496.jpg\" \/>\n\t<meta property=\"og:image:width\" content=\"1024\" \/>\n\t<meta property=\"og:image:height\" content=\"496\" \/>\n\t<meta property=\"og:image:type\" content=\"image\/jpeg\" \/>\n<meta name=\"author\" content=\"Morten Haave\" \/>\n<meta name=\"twitter:card\" content=\"summary_large_image\" \/>\n<meta name=\"twitter:label1\" content=\"Skrevet av\" \/>\n\t<meta name=\"twitter:data1\" content=\"Morten Haave\" \/>\n<script type=\"application\/ld+json\" class=\"yoast-schema-graph\">{\"@context\":\"https:\/\/schema.org\",\"@graph\":[{\"@type\":\"Article\",\"@id\":\"https:\/\/tyrving.idrett.no\/10\/f\/2015\/12\/13\/bra-samling-i-gar\/#article\",\"isPartOf\":{\"@id\":\"https:\/\/tyrving.idrett.no\/10\/f\/2015\/12\/13\/bra-samling-i-gar\/\"},\"author\":{\"name\":\"Morten Haave\",\"@id\":\"https:\/\/tyrving.idrett.no\/10\/f\/#\/schema\/person\/2793cb24a801a6fab14f2743deebd312\"},\"headline\":\"Bra samling i g\u00e5r\",\"datePublished\":\"2015-12-13T15:28:29+00:00\",\"dateModified\":\"2015-12-13T15:31:00+00:00\",\"mainEntityOfPage\":{\"@id\":\"https:\/\/tyrving.idrett.no\/10\/f\/2015\/12\/13\/bra-samling-i-gar\/\"},\"wordCount\":90,\"commentCount\":0,\"publisher\":{\"@id\":\"https:\/\/tyrving.idrett.no\/10\/f\/#organization\"},\"keywords\":[\"AFIK\",\"Bendit\"],\"articleSection\":[\"Nyheter\"],\"inLanguage\":\"nb-NO\",\"potentialAction\":[{\"@type\":\"CommentAction\",\"name\":\"Comment\",\"target\":[\"https:\/\/tyrving.idrett.no\/10\/f\/2015\/12\/13\/bra-samling-i-gar\/#respond\"]}]},{\"@type\":\"WebPage\",\"@id\":\"https:\/\/tyrving.idrett.no\/10\/f\/2015\/12\/13\/bra-samling-i-gar\/\",\"url\":\"https:\/\/tyrving.idrett.no\/10\/f\/2015\/12\/13\/bra-samling-i-gar\/\",\"name\":\"Bra samling i g\u00e5r - Tyrving - Friidrett\",\"isPartOf\":{\"@id\":\"https:\/\/tyrving.idrett.no\/10\/f\/#website\"},\"datePublished\":\"2015-12-13T15:28:29+00:00\",\"dateModified\":\"2015-12-13T15:31:00+00:00\",\"breadcrumb\":{\"@id\":\"https:\/\/tyrving.idrett.no\/10\/f\/2015\/12\/13\/bra-samling-i-gar\/#breadcrumb\"},\"inLanguage\":\"nb-NO\",\"potentialAction\":[{\"@type\":\"ReadAction\",\"target\":[\"https:\/\/tyrving.idrett.no\/10\/f\/2015\/12\/13\/bra-samling-i-gar\/\"]}]},{\"@type\":\"BreadcrumbList\",\"@id\":\"https:\/\/tyrving.idrett.no\/10\/f\/2015\/12\/13\/bra-samling-i-gar\/#breadcrumb\",\"itemListElement\":[{\"@type\":\"ListItem\",\"position\":1,\"name\":\"Hjem\",\"item\":\"https:\/\/tyrving.idrett.no\/10\/f\/\"},{\"@type\":\"ListItem\",\"position\":2,\"name\":\"Bra samling i g\u00e5r\"}]},{\"@type\":\"WebSite\",\"@id\":\"https:\/\/tyrving.idrett.no\/10\/f\/#website\",\"url\":\"https:\/\/tyrving.idrett.no\/10\/f\/\",\"name\":\"Tyrving - Friidrett\",\"description\":\"Friidrettsgruppa\",\"publisher\":{\"@id\":\"https:\/\/tyrving.idrett.no\/10\/f\/#organization\"},\"potentialAction\":[{\"@type\":\"SearchAction\",\"target\":{\"@type\":\"EntryPoint\",\"urlTemplate\":\"https:\/\/tyrving.idrett.no\/10\/f\/?s={search_term_string}\"},\"query-input\":\"required name=search_term_string\"}],\"inLanguage\":\"nb-NO\"},{\"@type\":\"Organization\",\"@id\":\"https:\/\/tyrving.idrett.no\/10\/f\/#organization\",\"name\":\"Tyrving Friidrettsgruppa\",\"url\":\"https:\/\/tyrving.idrett.no\/10\/f\/\",\"logo\":{\"@type\":\"ImageObject\",\"inLanguage\":\"nb-NO\",\"@id\":\"https:\/\/tyrving.idrett.no\/10\/f\/#\/schema\/logo\/image\/\",\"url\":\"https:\/\/tyrving.idrett.no\/10\/f\/files\/2019\/04\/Tyrving-Logo-Friidrett-2019.jpg\",\"contentUrl\":\"https:\/\/tyrving.idrett.no\/10\/f\/files\/2019\/04\/Tyrving-Logo-Friidrett-2019.jpg\",\"width\":460,\"height\":360,\"caption\":\"Tyrving Friidrettsgruppa\"},\"image\":{\"@id\":\"https:\/\/tyrving.idrett.no\/10\/f\/#\/schema\/logo\/image\/\"}},{\"@type\":\"Person\",\"@id\":\"https:\/\/tyrving.idrett.no\/10\/f\/#\/schema\/person\/2793cb24a801a6fab14f2743deebd312\",\"name\":\"Morten Haave\",\"image\":{\"@type\":\"ImageObject\",\"inLanguage\":\"nb-NO\",\"@id\":\"https:\/\/tyrving.idrett.no\/10\/f\/#\/schema\/person\/image\/\",\"url\":\"https:\/\/secure.gravatar.com\/avatar\/a8839b259224b1750967164624d3918f?s=96&d=mm&r=g\",\"contentUrl\":\"https:\/\/secure.gravatar.com\/avatar\/a8839b259224b1750967164624d3918f?s=96&d=mm&r=g\",\"caption\":\"Morten Haave\"},\"description\":\"Ut\u00f8ver i Tyrving. Kretsrekord og seks NM-gull i stille h\u00f8yde (fra 2007 til i dag), samt en s\u00f8lv (2010) og en bronse (2008) i stille lengde. Kretsrekord i h.u.t. og uoffisiell kretsbestenotering i stille tresteg. Bidrar til lagserielaget med dette pluss litt odde tekniske \u00f8velser, hadde klubbrekord p\u00e5 110 hekk fra 2009 til 2010. Styreleder i friidrettskretsen. Liker \u00e5 skrive, bl.a. i aviser, historiske \u00e5rb\u00f8ker, p\u00e5 Tyrving, kretsen og NFIF sine nettsider. Er master i historie fra UiO (2012) og g\u00e5r praktisk-pedagogisk utdanning for \u00e5 bli lektor.\",\"sameAs\":[\"http:\/\/www.tyrving.com\"]}]}<\/script>\n<!-- \/ Yoast SEO plugin. -->","yoast_head_json":{"title":"Bra samling i g\u00e5r - Tyrving - Friidrett","robots":{"index":"index","follow":"follow","max-snippet":"max-snippet:-1","max-image-preview":"max-image-preview:large","max-video-preview":"max-video-preview:-1"},"canonical":"https:\/\/tyrving.idrett.no\/10\/f\/2015\/12\/13\/bra-samling-i-gar\/","og_locale":"nb_NO","og_type":"article","og_title":"Bra samling i g\u00e5r - Tyrving - Friidrett","og_description":"B\u00e5de ut\u00f8vere og trenere fra Tyrving var med p\u00e5 storsamling i g\u00e5r for 2002-2003.","og_url":"https:\/\/tyrving.idrett.no\/10\/f\/2015\/12\/13\/bra-samling-i-gar\/","og_site_name":"Tyrving - Friidrett","article_published_time":"2015-12-13T15:28:29+00:00","article_modified_time":"2015-12-13T15:31:00+00:00","og_image":[{"width":1024,"height":496,"url":"https:\/\/tyrving.idrett.no\/10\/f\/files\/2015\/12\/0000005samlingbip121215-1024x496.jpg","type":"image\/jpeg"}],"author":"Morten Haave","twitter_card":"summary_large_image","twitter_misc":{"Skrevet av":"Morten Haave"},"schema":{"@context":"https:\/\/schema.org","@graph":[{"@type":"Article","@id":"https:\/\/tyrving.idrett.no\/10\/f\/2015\/12\/13\/bra-samling-i-gar\/#article","isPartOf":{"@id":"https:\/\/tyrving.idrett.no\/10\/f\/2015\/12\/13\/bra-samling-i-gar\/"},"author":{"name":"Morten Haave","@id":"https:\/\/tyrving.idrett.no\/10\/f\/#\/schema\/person\/2793cb24a801a6fab14f2743deebd312"},"headline":"Bra samling i g\u00e5r","datePublished":"2015-12-13T15:28:29+00:00","dateModified":"2015-12-13T15:31:00+00:00","mainEntityOfPage":{"@id":"https:\/\/tyrving.idrett.no\/10\/f\/2015\/12\/13\/bra-samling-i-gar\/"},"wordCount":90,"commentCount":0,"publisher":{"@id":"https:\/\/tyrving.idrett.no\/10\/f\/#organization"},"keywords":["AFIK","Bendit"],"articleSection":["Nyheter"],"inLanguage":"nb-NO","potentialAction":[{"@type":"CommentAction","name":"Comment","target":["https:\/\/tyrving.idrett.no\/10\/f\/2015\/12\/13\/bra-samling-i-gar\/#respond"]}]},{"@type":"WebPage","@id":"https:\/\/tyrving.idrett.no\/10\/f\/2015\/12\/13\/bra-samling-i-gar\/","url":"https:\/\/tyrving.idrett.no\/10\/f\/2015\/12\/13\/bra-samling-i-gar\/","name":"Bra samling i g\u00e5r - Tyrving - Friidrett","isPartOf":{"@id":"https:\/\/tyrving.idrett.no\/10\/f\/#website"},"datePublished":"2015-12-13T15:28:29+00:00","dateModified":"2015-12-13T15:31:00+00:00","breadcrumb":{"@id":"https:\/\/tyrving.idrett.no\/10\/f\/2015\/12\/13\/bra-samling-i-gar\/#breadcrumb"},"inLanguage":"nb-NO","potentialAction":[{"@type":"ReadAction","target":["https:\/\/tyrving.idrett.no\/10\/f\/2015\/12\/13\/bra-samling-i-gar\/"]}]},{"@type":"BreadcrumbList","@id":"https:\/\/tyrving.idrett.no\/10\/f\/2015\/12\/13\/bra-samling-i-gar\/#breadcrumb","itemListElement":[{"@type":"ListItem","position":1,"name":"Hjem","item":"https:\/\/tyrving.idrett.no\/10\/f\/"},{"@type":"ListItem","position":2,"name":"Bra samling i g\u00e5r"}]},{"@type":"WebSite","@id":"https:\/\/tyrving.idrett.no\/10\/f\/#website","url":"https:\/\/tyrving.idrett.no\/10\/f\/","name":"Tyrving - Friidrett","description":"Friidrettsgruppa","publisher":{"@id":"https:\/\/tyrving.idrett.no\/10\/f\/#organization"},"potentialAction":[{"@type":"SearchAction","target":{"@type":"EntryPoint","urlTemplate":"https:\/\/tyrving.idrett.no\/10\/f\/?s={search_term_string}"},"query-input":"required name=search_term_string"}],"inLanguage":"nb-NO"},{"@type":"Organization","@id":"https:\/\/tyrving.idrett.no\/10\/f\/#organization","name":"Tyrving Friidrettsgruppa","url":"https:\/\/tyrving.idrett.no\/10\/f\/","logo":{"@type":"ImageObject","inLanguage":"nb-NO","@id":"https:\/\/tyrving.idrett.no\/10\/f\/#\/schema\/logo\/image\/","url":"https:\/\/tyrving.idrett.no\/10\/f\/files\/2019\/04\/Tyrving-Logo-Friidrett-2019.jpg","contentUrl":"https:\/\/tyrving.idrett.no\/10\/f\/files\/2019\/04\/Tyrving-Logo-Friidrett-2019.jpg","width":460,"height":360,"caption":"Tyrving Friidrettsgruppa"},"image":{"@id":"https:\/\/tyrving.idrett.no\/10\/f\/#\/schema\/logo\/image\/"}},{"@type":"Person","@id":"https:\/\/tyrving.idrett.no\/10\/f\/#\/schema\/person\/2793cb24a801a6fab14f2743deebd312","name":"Morten Haave","image":{"@type":"ImageObject","inLanguage":"nb-NO","@id":"https:\/\/tyrving.idrett.no\/10\/f\/#\/schema\/person\/image\/","url":"https:\/\/secure.gravatar.com\/avatar\/a8839b259224b1750967164624d3918f?s=96&d=mm&r=g","contentUrl":"https:\/\/secure.gravatar.com\/avatar\/a8839b259224b1750967164624d3918f?s=96&d=mm&r=g","caption":"Morten Haave"},"description":"Ut\u00f8ver i Tyrving. Kretsrekord og seks NM-gull i stille h\u00f8yde (fra 2007 til i dag), samt en s\u00f8lv (2010) og en bronse (2008) i stille lengde. Kretsrekord i h.u.t. og uoffisiell kretsbestenotering i stille tresteg. Bidrar til lagserielaget med dette pluss litt odde tekniske \u00f8velser, hadde klubbrekord p\u00e5 110 hekk fra 2009 til 2010. Styreleder i friidrettskretsen. Liker \u00e5 skrive, bl.a. i aviser, historiske \u00e5rb\u00f8ker, p\u00e5 Tyrving, kretsen og NFIF sine nettsider. Er master i historie fra UiO (2012) og g\u00e5r praktisk-pedagogisk utdanning for \u00e5 bli lektor.","sameAs":["http:\/\/www.tyrving.com"]}]}},"jetpack_sharing_enabled":true,"jetpack_featured_media_url":"https:\/\/tyrving.idrett.no\/10\/f\/files\/2015\/12\/0000005samlingbip121215.jpg","_links":{"self":[{"href":"https:\/\/tyrving.idrett.no\/10\/f\/wp-json\/wp\/v2\/posts\/14618"}],"collection":[{"href":"https:\/\/tyrving.idrett.no\/10\/f\/wp-json\/wp\/v2\/posts"}],"about":[{"href":"https:\/\/tyrving.idrett.no\/10\/f\/wp-json\/wp\/v2\/types\/post"}],"author":[{"embeddable":true,"href":"https:\/\/tyrving.idrett.no\/10\/f\/wp-json\/wp\/v2\/users\/7"}],"replies":[{"embeddable":true,"href":"https:\/\/tyrving.idrett.no\/10\/f\/wp-json\/wp\/v2\/comments?post=14618"}],"version-history":[{"count":4,"href":"https:\/\/tyrving.idrett.no\/10\/f\/wp-json\/wp\/v2\/posts\/14618\/revisions"}],"predecessor-version":[{"id":14623,"href":"https:\/\/tyrving.idrett.no\/10\/f\/wp-json\/wp\/v2\/posts\/14618\/revisions\/14623"}],"wp:featuredmedia":[{"embeddable":true,"href":"https:\/\/tyrving.idrett.no\/10\/f\/wp-json\/wp\/v2\/media\/14621"}],"wp:attachment":[{"href":"https:\/\/tyrving.idrett.no\/10\/f\/wp-json\/wp\/v2\/media?parent=14618"}],"wp:term":[{"taxonomy":"category","embeddable":true,"href":"https:\/\/tyrving.idrett.no\/10\/f\/wp-json\/wp\/v2\/categories?post=14618"},{"taxonomy":"post_tag","embeddable":true,"href":"https:\/\/tyrving.idrett.no\/10\/f\/wp-json\/wp\/v2\/tags?post=14618"}],"curies":[{"name":"wp","href":"https:\/\/api.w.org\/{rel}","templated":true}]}}