{"id":15070,"date":"2016-03-09T10:15:56","date_gmt":"2016-03-09T09:15:56","guid":{"rendered":"http:\/\/tyrving.idrett.no\/10\/f\/?p=15070"},"modified":"2016-03-09T20:32:54","modified_gmt":"2016-03-09T19:32:54","slug":"treningsokt-med-internasjonale-trenere","status":"publish","type":"post","link":"https:\/\/tyrving.idrett.no\/10\/f\/2016\/03\/09\/treningsokt-med-internasjonale-trenere\/","title":{"rendered":"Trenings\u00f8kt med internasjonale trenere"},"content":{"rendered":"<div class=\"rmTopSpacer rmTop\">\n<div class=\"rmButtons\">Norges Friidrettsforbund skal i morgen, torsdag 10.03, arrangere en konferanse for nordiske og britiske friidrettstrenere i B\u00e6rum Idrettspark. Fra kl. 19.00-20.00 blir det avholdt en demonstrasjon av en engelsk trener, og vi har behov for ti til tolv ut\u00f8vere i alderen elleve til 15 \u00e5r som \u00f8vingsbilder p\u00e5 \u00f8kten.<\/div>\n<\/div>\n<div id=\"readMessagePartControl481f\" class=\"c-ReadMessagePart ReadMsgContainer HasLayout ClearBoth HideShadows FullPart NoHistory Read RmIc\">\n<div class=\"c-ReadMessagePartBody\">\n<div class=\"readMsgBody\">\n<div id=\"bodyreadMessagePartBodyControl486f\" class=\"ExternalClass MsgBodyContainer\">\n<div class=\"ecxWordSection1\">\n<p class=\"ecxMsoNormal\">De ti til tolv f\u00f8rste som sender Matias en melding p\u00e5 telefon 452 04 125 f\u00e5r v\u00e6re med. Alle som deltar f\u00e5r en t-skjorte, buff, n\u00f8kkelb\u00e5nd, kortholder, refleksb\u00e5nd, iste og yoghurt. Dette er en fin mulighet til \u00e5 l\u00e6re av en dyktig trener.<\/p>\n<p class=\"ecxMsoNormal\"><span lang=\"EN-US\">Om konseptet: \u00ab<\/span><span lang=\"EN-US\">Athletics 365 focuses not only on <\/span><span lang=\"EN\">how fast someone runs or how far someone jumps or throws but also, more importantly, on developing the technical skills (\u2018how\u2019 to run, jump and throw) required to perform at full potential and move like a champion. In addition to technical skills, Athletics 365 also looks at an athlete\u2019s physical, mental and emotional development, as well as their lifestyle and social development.\u201d <\/span>Se Youtubefilm her: <a href=\"https:\/\/youtu.be\/EIJTOVRAJ9w\" target=\"_blank\">https:\/\/youtu.be\/EIJTOVRAJ9w<\/a><\/p>\n<p>Obs! Om noen trenere fra Tyrving \u00f8nsker \u00e5 overv\u00e6re presentasjonen, s\u00e5 starter \u00f8kten kl 18.00 ved kiosken i andre etasje med en muntlig presentasjon, og g\u00e5r deretter videre til en praktisk gjennomgang fra kl 19.00.<\/p>\n<\/div>\n<\/div>\n<\/div>\n<\/div>\n<\/div>\n","protected":false},"excerpt":{"rendered":"Norges Friidrettsforbund skal i morgen, torsdag 10.03, arrangere en konferanse for nordiske og britiske friidrettstrenere i B\u00e6rum Idrettspark. Fra kl. 19.00-20.00 blir det avholdt en demonstrasjon av &#8230;","protected":false},"author":1,"featured_media":0,"comment_status":"open","ping_status":"open","sticky":false,"template":"","format":"standard","meta":{"footnotes":"","_jetpack_memberships_contains_paid_content":false},"categories":[1],"tags":[6],"acf":[],"yoast_head":"<!-- This site is optimized with the Yoast SEO plugin v21.2 - https:\/\/yoast.com\/wordpress\/plugins\/seo\/ -->\n<title>Trenings\u00f8kt med internasjonale trenere - Tyrving - Friidrett<\/title>\n<meta name=\"robots\" content=\"index, follow, max-snippet:-1, max-image-preview:large, max-video-preview:-1\" \/>\n<link rel=\"canonical\" href=\"https:\/\/tyrving.idrett.no\/10\/f\/2016\/03\/09\/treningsokt-med-internasjonale-trenere\/\" \/>\n<meta property=\"og:locale\" content=\"nb_NO\" \/>\n<meta property=\"og:type\" content=\"article\" \/>\n<meta property=\"og:title\" content=\"Trenings\u00f8kt med internasjonale trenere - Tyrving - Friidrett\" \/>\n<meta property=\"og:description\" content=\"Norges Friidrettsforbund skal i morgen, torsdag 10.03, arrangere en konferanse for nordiske og britiske friidrettstrenere i B\u00e6rum Idrettspark. Fra kl. 19.00-20.00 blir det avholdt en demonstrasjon av ...\" \/>\n<meta property=\"og:url\" content=\"https:\/\/tyrving.idrett.no\/10\/f\/2016\/03\/09\/treningsokt-med-internasjonale-trenere\/\" \/>\n<meta property=\"og:site_name\" content=\"Tyrving - Friidrett\" \/>\n<meta property=\"article:published_time\" content=\"2016-03-09T09:15:56+00:00\" \/>\n<meta property=\"article:modified_time\" content=\"2016-03-09T19:32:54+00:00\" \/>\n<meta name=\"author\" content=\"admin\" \/>\n<meta name=\"twitter:card\" content=\"summary_large_image\" \/>\n<meta name=\"twitter:label1\" content=\"Skrevet av\" \/>\n\t<meta name=\"twitter:data1\" content=\"admin\" \/>\n\t<meta name=\"twitter:label2\" content=\"Ansl. lesetid\" \/>\n\t<meta name=\"twitter:data2\" content=\"1 minutt\" \/>\n<script type=\"application\/ld+json\" class=\"yoast-schema-graph\">{\"@context\":\"https:\/\/schema.org\",\"@graph\":[{\"@type\":\"Article\",\"@id\":\"https:\/\/tyrving.idrett.no\/10\/f\/2016\/03\/09\/treningsokt-med-internasjonale-trenere\/#article\",\"isPartOf\":{\"@id\":\"https:\/\/tyrving.idrett.no\/10\/f\/2016\/03\/09\/treningsokt-med-internasjonale-trenere\/\"},\"author\":{\"name\":\"admin\",\"@id\":\"https:\/\/tyrving.idrett.no\/10\/f\/#\/schema\/person\/b0b301ce26d13339293caf5c0bc7d286\"},\"headline\":\"Trenings\u00f8kt med internasjonale trenere\",\"datePublished\":\"2016-03-09T09:15:56+00:00\",\"dateModified\":\"2016-03-09T19:32:54+00:00\",\"mainEntityOfPage\":{\"@id\":\"https:\/\/tyrving.idrett.no\/10\/f\/2016\/03\/09\/treningsokt-med-internasjonale-trenere\/\"},\"wordCount\":212,\"commentCount\":0,\"publisher\":{\"@id\":\"https:\/\/tyrving.idrett.no\/10\/f\/#organization\"},\"keywords\":[\"Trening\"],\"articleSection\":[\"Nyheter\"],\"inLanguage\":\"nb-NO\",\"potentialAction\":[{\"@type\":\"CommentAction\",\"name\":\"Comment\",\"target\":[\"https:\/\/tyrving.idrett.no\/10\/f\/2016\/03\/09\/treningsokt-med-internasjonale-trenere\/#respond\"]}]},{\"@type\":\"WebPage\",\"@id\":\"https:\/\/tyrving.idrett.no\/10\/f\/2016\/03\/09\/treningsokt-med-internasjonale-trenere\/\",\"url\":\"https:\/\/tyrving.idrett.no\/10\/f\/2016\/03\/09\/treningsokt-med-internasjonale-trenere\/\",\"name\":\"Trenings\u00f8kt med internasjonale trenere - Tyrving - Friidrett\",\"isPartOf\":{\"@id\":\"https:\/\/tyrving.idrett.no\/10\/f\/#website\"},\"datePublished\":\"2016-03-09T09:15:56+00:00\",\"dateModified\":\"2016-03-09T19:32:54+00:00\",\"breadcrumb\":{\"@id\":\"https:\/\/tyrving.idrett.no\/10\/f\/2016\/03\/09\/treningsokt-med-internasjonale-trenere\/#breadcrumb\"},\"inLanguage\":\"nb-NO\",\"potentialAction\":[{\"@type\":\"ReadAction\",\"target\":[\"https:\/\/tyrving.idrett.no\/10\/f\/2016\/03\/09\/treningsokt-med-internasjonale-trenere\/\"]}]},{\"@type\":\"BreadcrumbList\",\"@id\":\"https:\/\/tyrving.idrett.no\/10\/f\/2016\/03\/09\/treningsokt-med-internasjonale-trenere\/#breadcrumb\",\"itemListElement\":[{\"@type\":\"ListItem\",\"position\":1,\"name\":\"Hjem\",\"item\":\"https:\/\/tyrving.idrett.no\/10\/f\/\"},{\"@type\":\"ListItem\",\"position\":2,\"name\":\"Trenings\u00f8kt med internasjonale trenere\"}]},{\"@type\":\"WebSite\",\"@id\":\"https:\/\/tyrving.idrett.no\/10\/f\/#website\",\"url\":\"https:\/\/tyrving.idrett.no\/10\/f\/\",\"name\":\"Tyrving - Friidrett\",\"description\":\"Friidrettsgruppa\",\"publisher\":{\"@id\":\"https:\/\/tyrving.idrett.no\/10\/f\/#organization\"},\"potentialAction\":[{\"@type\":\"SearchAction\",\"target\":{\"@type\":\"EntryPoint\",\"urlTemplate\":\"https:\/\/tyrving.idrett.no\/10\/f\/?s={search_term_string}\"},\"query-input\":\"required name=search_term_string\"}],\"inLanguage\":\"nb-NO\"},{\"@type\":\"Organization\",\"@id\":\"https:\/\/tyrving.idrett.no\/10\/f\/#organization\",\"name\":\"Tyrving Friidrettsgruppa\",\"url\":\"https:\/\/tyrving.idrett.no\/10\/f\/\",\"logo\":{\"@type\":\"ImageObject\",\"inLanguage\":\"nb-NO\",\"@id\":\"https:\/\/tyrving.idrett.no\/10\/f\/#\/schema\/logo\/image\/\",\"url\":\"https:\/\/tyrving.idrett.no\/10\/f\/files\/2019\/04\/Tyrving-Logo-Friidrett-2019.jpg\",\"contentUrl\":\"https:\/\/tyrving.idrett.no\/10\/f\/files\/2019\/04\/Tyrving-Logo-Friidrett-2019.jpg\",\"width\":460,\"height\":360,\"caption\":\"Tyrving Friidrettsgruppa\"},\"image\":{\"@id\":\"https:\/\/tyrving.idrett.no\/10\/f\/#\/schema\/logo\/image\/\"}},{\"@type\":\"Person\",\"@id\":\"https:\/\/tyrving.idrett.no\/10\/f\/#\/schema\/person\/b0b301ce26d13339293caf5c0bc7d286\",\"name\":\"admin\",\"image\":{\"@type\":\"ImageObject\",\"inLanguage\":\"nb-NO\",\"@id\":\"https:\/\/tyrving.idrett.no\/10\/f\/#\/schema\/person\/image\/\",\"url\":\"https:\/\/secure.gravatar.com\/avatar\/4b0456acc2ea550a97d3a11ebb27598d?s=96&d=mm&r=g\",\"contentUrl\":\"https:\/\/secure.gravatar.com\/avatar\/4b0456acc2ea550a97d3a11ebb27598d?s=96&d=mm&r=g\",\"caption\":\"admin\"}}]}<\/script>\n<!-- \/ Yoast SEO plugin. -->","yoast_head_json":{"title":"Trenings\u00f8kt med internasjonale trenere - Tyrving - Friidrett","robots":{"index":"index","follow":"follow","max-snippet":"max-snippet:-1","max-image-preview":"max-image-preview:large","max-video-preview":"max-video-preview:-1"},"canonical":"https:\/\/tyrving.idrett.no\/10\/f\/2016\/03\/09\/treningsokt-med-internasjonale-trenere\/","og_locale":"nb_NO","og_type":"article","og_title":"Trenings\u00f8kt med internasjonale trenere - Tyrving - Friidrett","og_description":"Norges Friidrettsforbund skal i morgen, torsdag 10.03, arrangere en konferanse for nordiske og britiske friidrettstrenere i B\u00e6rum Idrettspark. Fra kl. 19.00-20.00 blir det avholdt en demonstrasjon av ...","og_url":"https:\/\/tyrving.idrett.no\/10\/f\/2016\/03\/09\/treningsokt-med-internasjonale-trenere\/","og_site_name":"Tyrving - Friidrett","article_published_time":"2016-03-09T09:15:56+00:00","article_modified_time":"2016-03-09T19:32:54+00:00","author":"admin","twitter_card":"summary_large_image","twitter_misc":{"Skrevet av":"admin","Ansl. lesetid":"1 minutt"},"schema":{"@context":"https:\/\/schema.org","@graph":[{"@type":"Article","@id":"https:\/\/tyrving.idrett.no\/10\/f\/2016\/03\/09\/treningsokt-med-internasjonale-trenere\/#article","isPartOf":{"@id":"https:\/\/tyrving.idrett.no\/10\/f\/2016\/03\/09\/treningsokt-med-internasjonale-trenere\/"},"author":{"name":"admin","@id":"https:\/\/tyrving.idrett.no\/10\/f\/#\/schema\/person\/b0b301ce26d13339293caf5c0bc7d286"},"headline":"Trenings\u00f8kt med internasjonale trenere","datePublished":"2016-03-09T09:15:56+00:00","dateModified":"2016-03-09T19:32:54+00:00","mainEntityOfPage":{"@id":"https:\/\/tyrving.idrett.no\/10\/f\/2016\/03\/09\/treningsokt-med-internasjonale-trenere\/"},"wordCount":212,"commentCount":0,"publisher":{"@id":"https:\/\/tyrving.idrett.no\/10\/f\/#organization"},"keywords":["Trening"],"articleSection":["Nyheter"],"inLanguage":"nb-NO","potentialAction":[{"@type":"CommentAction","name":"Comment","target":["https:\/\/tyrving.idrett.no\/10\/f\/2016\/03\/09\/treningsokt-med-internasjonale-trenere\/#respond"]}]},{"@type":"WebPage","@id":"https:\/\/tyrving.idrett.no\/10\/f\/2016\/03\/09\/treningsokt-med-internasjonale-trenere\/","url":"https:\/\/tyrving.idrett.no\/10\/f\/2016\/03\/09\/treningsokt-med-internasjonale-trenere\/","name":"Trenings\u00f8kt med internasjonale trenere - Tyrving - Friidrett","isPartOf":{"@id":"https:\/\/tyrving.idrett.no\/10\/f\/#website"},"datePublished":"2016-03-09T09:15:56+00:00","dateModified":"2016-03-09T19:32:54+00:00","breadcrumb":{"@id":"https:\/\/tyrving.idrett.no\/10\/f\/2016\/03\/09\/treningsokt-med-internasjonale-trenere\/#breadcrumb"},"inLanguage":"nb-NO","potentialAction":[{"@type":"ReadAction","target":["https:\/\/tyrving.idrett.no\/10\/f\/2016\/03\/09\/treningsokt-med-internasjonale-trenere\/"]}]},{"@type":"BreadcrumbList","@id":"https:\/\/tyrving.idrett.no\/10\/f\/2016\/03\/09\/treningsokt-med-internasjonale-trenere\/#breadcrumb","itemListElement":[{"@type":"ListItem","position":1,"name":"Hjem","item":"https:\/\/tyrving.idrett.no\/10\/f\/"},{"@type":"ListItem","position":2,"name":"Trenings\u00f8kt med internasjonale trenere"}]},{"@type":"WebSite","@id":"https:\/\/tyrving.idrett.no\/10\/f\/#website","url":"https:\/\/tyrving.idrett.no\/10\/f\/","name":"Tyrving - Friidrett","description":"Friidrettsgruppa","publisher":{"@id":"https:\/\/tyrving.idrett.no\/10\/f\/#organization"},"potentialAction":[{"@type":"SearchAction","target":{"@type":"EntryPoint","urlTemplate":"https:\/\/tyrving.idrett.no\/10\/f\/?s={search_term_string}"},"query-input":"required name=search_term_string"}],"inLanguage":"nb-NO"},{"@type":"Organization","@id":"https:\/\/tyrving.idrett.no\/10\/f\/#organization","name":"Tyrving Friidrettsgruppa","url":"https:\/\/tyrving.idrett.no\/10\/f\/","logo":{"@type":"ImageObject","inLanguage":"nb-NO","@id":"https:\/\/tyrving.idrett.no\/10\/f\/#\/schema\/logo\/image\/","url":"https:\/\/tyrving.idrett.no\/10\/f\/files\/2019\/04\/Tyrving-Logo-Friidrett-2019.jpg","contentUrl":"https:\/\/tyrving.idrett.no\/10\/f\/files\/2019\/04\/Tyrving-Logo-Friidrett-2019.jpg","width":460,"height":360,"caption":"Tyrving Friidrettsgruppa"},"image":{"@id":"https:\/\/tyrving.idrett.no\/10\/f\/#\/schema\/logo\/image\/"}},{"@type":"Person","@id":"https:\/\/tyrving.idrett.no\/10\/f\/#\/schema\/person\/b0b301ce26d13339293caf5c0bc7d286","name":"admin","image":{"@type":"ImageObject","inLanguage":"nb-NO","@id":"https:\/\/tyrving.idrett.no\/10\/f\/#\/schema\/person\/image\/","url":"https:\/\/secure.gravatar.com\/avatar\/4b0456acc2ea550a97d3a11ebb27598d?s=96&d=mm&r=g","contentUrl":"https:\/\/secure.gravatar.com\/avatar\/4b0456acc2ea550a97d3a11ebb27598d?s=96&d=mm&r=g","caption":"admin"}}]}},"jetpack_sharing_enabled":true,"jetpack_featured_media_url":"","_links":{"self":[{"href":"https:\/\/tyrving.idrett.no\/10\/f\/wp-json\/wp\/v2\/posts\/15070"}],"collection":[{"href":"https:\/\/tyrving.idrett.no\/10\/f\/wp-json\/wp\/v2\/posts"}],"about":[{"href":"https:\/\/tyrving.idrett.no\/10\/f\/wp-json\/wp\/v2\/types\/post"}],"author":[{"embeddable":true,"href":"https:\/\/tyrving.idrett.no\/10\/f\/wp-json\/wp\/v2\/users\/1"}],"replies":[{"embeddable":true,"href":"https:\/\/tyrving.idrett.no\/10\/f\/wp-json\/wp\/v2\/comments?post=15070"}],"version-history":[{"count":4,"href":"https:\/\/tyrving.idrett.no\/10\/f\/wp-json\/wp\/v2\/posts\/15070\/revisions"}],"predecessor-version":[{"id":15074,"href":"https:\/\/tyrving.idrett.no\/10\/f\/wp-json\/wp\/v2\/posts\/15070\/revisions\/15074"}],"wp:attachment":[{"href":"https:\/\/tyrving.idrett.no\/10\/f\/wp-json\/wp\/v2\/media?parent=15070"}],"wp:term":[{"taxonomy":"category","embeddable":true,"href":"https:\/\/tyrving.idrett.no\/10\/f\/wp-json\/wp\/v2\/categories?post=15070"},{"taxonomy":"post_tag","embeddable":true,"href":"https:\/\/tyrving.idrett.no\/10\/f\/wp-json\/wp\/v2\/tags?post=15070"}],"curies":[{"name":"wp","href":"https:\/\/api.w.org\/{rel}","templated":true}]}}