{"id":15451,"date":"2016-04-12T12:11:35","date_gmt":"2016-04-12T10:11:35","guid":{"rendered":"http:\/\/tyrving.idrett.no\/10\/f\/?p=15451"},"modified":"2016-08-09T18:32:45","modified_gmt":"2016-08-09T16:32:45","slug":"storsamling-pa-bislett-23-april-for-15","status":"publish","type":"post","link":"https:\/\/tyrving.idrett.no\/10\/f\/2016\/04\/12\/storsamling-pa-bislett-23-april-for-15\/","title":{"rendered":"Samling p\u00e5 Bislett 23.4. for 15+"},"content":{"rendered":"<p><strong>Oslo, Akershus, Vestfold, \u00d8stfold, Telemark, Buskerud, Hedmark og Oppland har igjen g\u00e5tt sammen for \u00e5 arrangere storsamling for ut\u00f8vere over 15 \u00e5r. \u00a0Denne gangen er det p\u00e5 Bislett stadion torsdag 23. april.<\/strong><\/p>\n<p><!--more--><\/p>\n<p>P\u00e5melding gj\u00f8res ved \u00e5 klikke <a href=\"https:\/\/response.questback.com\/norgesfriidrettsforbund\/cmkfgallnl\/\">HER<\/a>. \u00a0 Dette er treningsgrupper og trenere:<\/p>\n<p>&nbsp;<\/p>\n<table border=\"1\">\n<tbody>\n<tr>\n<td valign=\"top\" width=\"79\">\n<div>H\u00f8yde<\/div>\n<\/td>\n<td valign=\"top\" width=\"557\">\n<div><b>Adrian Proteasa<\/b>\u00a0\u2013 bronse i EM, nr 7 i OL og respektert trener for mange h\u00f8ydehoppere i Norge<\/div>\n<\/td>\n<\/tr>\n<tr>\n<td valign=\"top\" width=\"79\">\n<div>Sprint<\/div>\n<\/td>\n<td valign=\"top\" width=\"557\">\n<div><b>Mauritz K\u00e5shagen<\/b>\/\u2013 semifinale i JRVM, norgesrekord 400m innend\u00f8rs<\/div>\n<div><b>Tormod Hjortnes Larsen<\/b>\u00a0bl.a 11 NM medaljer i sprint, repr i EM friidrett<\/div>\n<div><\/div>\n<\/td>\n<\/tr>\n<tr>\n<td valign=\"top\" width=\"79\">\n<div>Distanse<\/div>\n<\/td>\n<td valign=\"top\" width=\"557\">\n<div><b>Tor Eivind \u00d8deg\u00e5rd<\/b>, flere ganger Norsk mester p\u00e5 800m, samt gode plasseringer i VM.\u00a0\u00a0Det blir sannsynligvis en trener til her<\/div>\n<\/td>\n<\/tr>\n<tr>\n<td valign=\"top\" width=\"79\">\n<div>Stav<\/div>\n<\/td>\n<td valign=\"top\" width=\"557\">\n<div><b>Kjetil R\u00f8nneberg<\/b>\u00a0\u2013 en av Norges beste stavhoppere gjennom tidene<\/div>\n<\/td>\n<\/tr>\n<tr>\n<td valign=\"top\" width=\"79\">\n<div>Slegge \/diskos<\/div>\n<\/td>\n<td valign=\"top\" width=\"557\">\n<div><b>Eivind Henriksen<\/b>\u00a0\u00a0-norsk rekordholder i sleggekast og 4. plass i JR VM, Nr 13 i OL\u00a0\u00a0\u00a0\u00a0\u00a0\u00a0\u00a0\u00a0\u00a0\u00a0\u00a0\u00a0<b>NB: Lambertseter grusbane<\/b><\/div>\n<\/td>\n<\/tr>\n<tr>\n<td valign=\"top\" width=\"79\">\n<div>Spyd<\/div>\n<\/td>\n<td valign=\"top\" width=\"557\">\n<div><b>\u00c5smund Martinsen<\/b>\u00a0\u2013 trener\u2019n til Andras Torkildsen<\/div>\n<\/td>\n<\/tr>\n<tr>\n<td valign=\"top\" width=\"79\">\n<div>Lengde\/tresteg<\/div>\n<\/td>\n<td valign=\"top\" width=\"557\">\n<div><b>Birger S\u00f8yland<\/b>\u00a0\u2013 tidligere habil 10 \u2013kjemper, med flere NM medaljer, trener bl.a den nye norgesmesteren i H\u00f8yde<\/div>\n<div><b>Jesper Vestb\u00f8<\/b>\u00a0\u2013 fersk norgesmester i tresteg<\/div>\n<\/td>\n<\/tr>\n<tr>\n<td valign=\"top\" width=\"79\">\n<div>Kappgang<\/div>\n<\/td>\n<td valign=\"top\" width=\"557\">\n<div><b>Kjersti Tysse Pl\u00e4tzer<\/b>\u2013 47 NM titler, og 2 OL s\u00f8lv sier vel sitt<\/div>\n<\/td>\n<\/tr>\n<tr>\n<td valign=\"top\" width=\"79\">\n<div>Hekk<\/div>\n<\/td>\n<td valign=\"top\" width=\"557\">\n<div><b>Monica G. Fr\u00f8ynes &#8211;\u00a0<\/b>\u00a0\u00a0Norgesmester og kongepokalvinner \u2013 7 norske rekorder p\u00e5 100mhk,\u00a0\u00a0\u00a0EM og VM deltaker<\/div>\n<\/td>\n<\/tr>\n<\/tbody>\n<\/table>\n","protected":false},"excerpt":{"rendered":"Oslo, Akershus, Vestfold, \u00d8stfold, Telemark, Buskerud, Hedmark og Oppland har igjen g\u00e5tt sammen for \u00e5 arrangere storsamling for ut\u00f8vere over 15 \u00e5r. \u00a0Denne gangen er det p\u00e5 Bislett stadion torsdag 23. &#8230;","protected":false},"author":2,"featured_media":15452,"comment_status":"open","ping_status":"open","sticky":false,"template":"","format":"standard","meta":{"footnotes":"","_jetpack_memberships_contains_paid_content":false},"categories":[1],"tags":[3914],"acf":[],"yoast_head":"<!-- This site is optimized with the Yoast SEO plugin v21.2 - https:\/\/yoast.com\/wordpress\/plugins\/seo\/ -->\n<title>Samling p\u00e5 Bislett 23.4. for 15+ - Tyrving - Friidrett<\/title>\n<meta name=\"robots\" content=\"index, follow, max-snippet:-1, max-image-preview:large, max-video-preview:-1\" \/>\n<link rel=\"canonical\" href=\"https:\/\/tyrving.idrett.no\/10\/f\/2016\/04\/12\/storsamling-pa-bislett-23-april-for-15\/\" \/>\n<meta property=\"og:locale\" content=\"nb_NO\" \/>\n<meta property=\"og:type\" content=\"article\" \/>\n<meta property=\"og:title\" content=\"Samling p\u00e5 Bislett 23.4. for 15+ - Tyrving - Friidrett\" \/>\n<meta property=\"og:description\" content=\"Oslo, Akershus, Vestfold, \u00d8stfold, Telemark, Buskerud, Hedmark og Oppland har igjen g\u00e5tt sammen for \u00e5 arrangere storsamling for ut\u00f8vere over 15 \u00e5r. \u00a0Denne gangen er det p\u00e5 Bislett stadion torsdag 23. ...\" \/>\n<meta property=\"og:url\" content=\"https:\/\/tyrving.idrett.no\/10\/f\/2016\/04\/12\/storsamling-pa-bislett-23-april-for-15\/\" \/>\n<meta property=\"og:site_name\" content=\"Tyrving - Friidrett\" \/>\n<meta property=\"article:published_time\" content=\"2016-04-12T10:11:35+00:00\" \/>\n<meta property=\"article:modified_time\" content=\"2016-08-09T16:32:45+00:00\" \/>\n<meta property=\"og:image\" content=\"https:\/\/tyrving.idrett.no\/10\/f\/files\/2016\/04\/Bislett_stadion3.jpg\" \/>\n\t<meta property=\"og:image:width\" content=\"3072\" \/>\n\t<meta property=\"og:image:height\" content=\"2304\" \/>\n\t<meta property=\"og:image:type\" content=\"image\/jpeg\" \/>\n<meta name=\"author\" content=\"Kirsten Larsen\" \/>\n<meta name=\"twitter:card\" content=\"summary_large_image\" \/>\n<meta name=\"twitter:label1\" content=\"Skrevet av\" \/>\n\t<meta name=\"twitter:data1\" content=\"Kirsten Larsen\" \/>\n\t<meta name=\"twitter:label2\" content=\"Ansl. lesetid\" \/>\n\t<meta name=\"twitter:data2\" content=\"1 minutt\" \/>\n<script type=\"application\/ld+json\" class=\"yoast-schema-graph\">{\"@context\":\"https:\/\/schema.org\",\"@graph\":[{\"@type\":\"Article\",\"@id\":\"https:\/\/tyrving.idrett.no\/10\/f\/2016\/04\/12\/storsamling-pa-bislett-23-april-for-15\/#article\",\"isPartOf\":{\"@id\":\"https:\/\/tyrving.idrett.no\/10\/f\/2016\/04\/12\/storsamling-pa-bislett-23-april-for-15\/\"},\"author\":{\"name\":\"Kirsten Larsen\",\"@id\":\"https:\/\/tyrving.idrett.no\/10\/f\/#\/schema\/person\/9d33b15b4997b99c21c6e0b044d8bfd3\"},\"headline\":\"Samling p\u00e5 Bislett 23.4. for 15+\",\"datePublished\":\"2016-04-12T10:11:35+00:00\",\"dateModified\":\"2016-08-09T16:32:45+00:00\",\"mainEntityOfPage\":{\"@id\":\"https:\/\/tyrving.idrett.no\/10\/f\/2016\/04\/12\/storsamling-pa-bislett-23-april-for-15\/\"},\"wordCount\":210,\"commentCount\":0,\"publisher\":{\"@id\":\"https:\/\/tyrving.idrett.no\/10\/f\/#organization\"},\"keywords\":[\"AFIK\"],\"articleSection\":[\"Nyheter\"],\"inLanguage\":\"nb-NO\",\"potentialAction\":[{\"@type\":\"CommentAction\",\"name\":\"Comment\",\"target\":[\"https:\/\/tyrving.idrett.no\/10\/f\/2016\/04\/12\/storsamling-pa-bislett-23-april-for-15\/#respond\"]}]},{\"@type\":\"WebPage\",\"@id\":\"https:\/\/tyrving.idrett.no\/10\/f\/2016\/04\/12\/storsamling-pa-bislett-23-april-for-15\/\",\"url\":\"https:\/\/tyrving.idrett.no\/10\/f\/2016\/04\/12\/storsamling-pa-bislett-23-april-for-15\/\",\"name\":\"Samling p\u00e5 Bislett 23.4. for 15+ - Tyrving - Friidrett\",\"isPartOf\":{\"@id\":\"https:\/\/tyrving.idrett.no\/10\/f\/#website\"},\"datePublished\":\"2016-04-12T10:11:35+00:00\",\"dateModified\":\"2016-08-09T16:32:45+00:00\",\"breadcrumb\":{\"@id\":\"https:\/\/tyrving.idrett.no\/10\/f\/2016\/04\/12\/storsamling-pa-bislett-23-april-for-15\/#breadcrumb\"},\"inLanguage\":\"nb-NO\",\"potentialAction\":[{\"@type\":\"ReadAction\",\"target\":[\"https:\/\/tyrving.idrett.no\/10\/f\/2016\/04\/12\/storsamling-pa-bislett-23-april-for-15\/\"]}]},{\"@type\":\"BreadcrumbList\",\"@id\":\"https:\/\/tyrving.idrett.no\/10\/f\/2016\/04\/12\/storsamling-pa-bislett-23-april-for-15\/#breadcrumb\",\"itemListElement\":[{\"@type\":\"ListItem\",\"position\":1,\"name\":\"Hjem\",\"item\":\"https:\/\/tyrving.idrett.no\/10\/f\/\"},{\"@type\":\"ListItem\",\"position\":2,\"name\":\"Samling p\u00e5 Bislett 23.4. for 15+\"}]},{\"@type\":\"WebSite\",\"@id\":\"https:\/\/tyrving.idrett.no\/10\/f\/#website\",\"url\":\"https:\/\/tyrving.idrett.no\/10\/f\/\",\"name\":\"Tyrving - Friidrett\",\"description\":\"Friidrettsgruppa\",\"publisher\":{\"@id\":\"https:\/\/tyrving.idrett.no\/10\/f\/#organization\"},\"potentialAction\":[{\"@type\":\"SearchAction\",\"target\":{\"@type\":\"EntryPoint\",\"urlTemplate\":\"https:\/\/tyrving.idrett.no\/10\/f\/?s={search_term_string}\"},\"query-input\":\"required name=search_term_string\"}],\"inLanguage\":\"nb-NO\"},{\"@type\":\"Organization\",\"@id\":\"https:\/\/tyrving.idrett.no\/10\/f\/#organization\",\"name\":\"Tyrving Friidrettsgruppa\",\"url\":\"https:\/\/tyrving.idrett.no\/10\/f\/\",\"logo\":{\"@type\":\"ImageObject\",\"inLanguage\":\"nb-NO\",\"@id\":\"https:\/\/tyrving.idrett.no\/10\/f\/#\/schema\/logo\/image\/\",\"url\":\"https:\/\/tyrving.idrett.no\/10\/f\/files\/2019\/04\/Tyrving-Logo-Friidrett-2019.jpg\",\"contentUrl\":\"https:\/\/tyrving.idrett.no\/10\/f\/files\/2019\/04\/Tyrving-Logo-Friidrett-2019.jpg\",\"width\":460,\"height\":360,\"caption\":\"Tyrving Friidrettsgruppa\"},\"image\":{\"@id\":\"https:\/\/tyrving.idrett.no\/10\/f\/#\/schema\/logo\/image\/\"}},{\"@type\":\"Person\",\"@id\":\"https:\/\/tyrving.idrett.no\/10\/f\/#\/schema\/person\/9d33b15b4997b99c21c6e0b044d8bfd3\",\"name\":\"Kirsten Larsen\",\"image\":{\"@type\":\"ImageObject\",\"inLanguage\":\"nb-NO\",\"@id\":\"https:\/\/tyrving.idrett.no\/10\/f\/#\/schema\/person\/image\/\",\"url\":\"https:\/\/secure.gravatar.com\/avatar\/2924b58c2b807e7f70945c639540a744?s=96&d=mm&r=g\",\"contentUrl\":\"https:\/\/secure.gravatar.com\/avatar\/2924b58c2b807e7f70945c639540a744?s=96&d=mm&r=g\",\"caption\":\"Kirsten Larsen\"}}]}<\/script>\n<!-- \/ Yoast SEO plugin. -->","yoast_head_json":{"title":"Samling p\u00e5 Bislett 23.4. for 15+ - Tyrving - Friidrett","robots":{"index":"index","follow":"follow","max-snippet":"max-snippet:-1","max-image-preview":"max-image-preview:large","max-video-preview":"max-video-preview:-1"},"canonical":"https:\/\/tyrving.idrett.no\/10\/f\/2016\/04\/12\/storsamling-pa-bislett-23-april-for-15\/","og_locale":"nb_NO","og_type":"article","og_title":"Samling p\u00e5 Bislett 23.4. for 15+ - Tyrving - Friidrett","og_description":"Oslo, Akershus, Vestfold, \u00d8stfold, Telemark, Buskerud, Hedmark og Oppland har igjen g\u00e5tt sammen for \u00e5 arrangere storsamling for ut\u00f8vere over 15 \u00e5r. \u00a0Denne gangen er det p\u00e5 Bislett stadion torsdag 23. ...","og_url":"https:\/\/tyrving.idrett.no\/10\/f\/2016\/04\/12\/storsamling-pa-bislett-23-april-for-15\/","og_site_name":"Tyrving - Friidrett","article_published_time":"2016-04-12T10:11:35+00:00","article_modified_time":"2016-08-09T16:32:45+00:00","og_image":[{"width":3072,"height":2304,"url":"https:\/\/tyrving.idrett.no\/10\/f\/files\/2016\/04\/Bislett_stadion3.jpg","type":"image\/jpeg"}],"author":"Kirsten Larsen","twitter_card":"summary_large_image","twitter_misc":{"Skrevet av":"Kirsten Larsen","Ansl. lesetid":"1 minutt"},"schema":{"@context":"https:\/\/schema.org","@graph":[{"@type":"Article","@id":"https:\/\/tyrving.idrett.no\/10\/f\/2016\/04\/12\/storsamling-pa-bislett-23-april-for-15\/#article","isPartOf":{"@id":"https:\/\/tyrving.idrett.no\/10\/f\/2016\/04\/12\/storsamling-pa-bislett-23-april-for-15\/"},"author":{"name":"Kirsten Larsen","@id":"https:\/\/tyrving.idrett.no\/10\/f\/#\/schema\/person\/9d33b15b4997b99c21c6e0b044d8bfd3"},"headline":"Samling p\u00e5 Bislett 23.4. for 15+","datePublished":"2016-04-12T10:11:35+00:00","dateModified":"2016-08-09T16:32:45+00:00","mainEntityOfPage":{"@id":"https:\/\/tyrving.idrett.no\/10\/f\/2016\/04\/12\/storsamling-pa-bislett-23-april-for-15\/"},"wordCount":210,"commentCount":0,"publisher":{"@id":"https:\/\/tyrving.idrett.no\/10\/f\/#organization"},"keywords":["AFIK"],"articleSection":["Nyheter"],"inLanguage":"nb-NO","potentialAction":[{"@type":"CommentAction","name":"Comment","target":["https:\/\/tyrving.idrett.no\/10\/f\/2016\/04\/12\/storsamling-pa-bislett-23-april-for-15\/#respond"]}]},{"@type":"WebPage","@id":"https:\/\/tyrving.idrett.no\/10\/f\/2016\/04\/12\/storsamling-pa-bislett-23-april-for-15\/","url":"https:\/\/tyrving.idrett.no\/10\/f\/2016\/04\/12\/storsamling-pa-bislett-23-april-for-15\/","name":"Samling p\u00e5 Bislett 23.4. for 15+ - Tyrving - Friidrett","isPartOf":{"@id":"https:\/\/tyrving.idrett.no\/10\/f\/#website"},"datePublished":"2016-04-12T10:11:35+00:00","dateModified":"2016-08-09T16:32:45+00:00","breadcrumb":{"@id":"https:\/\/tyrving.idrett.no\/10\/f\/2016\/04\/12\/storsamling-pa-bislett-23-april-for-15\/#breadcrumb"},"inLanguage":"nb-NO","potentialAction":[{"@type":"ReadAction","target":["https:\/\/tyrving.idrett.no\/10\/f\/2016\/04\/12\/storsamling-pa-bislett-23-april-for-15\/"]}]},{"@type":"BreadcrumbList","@id":"https:\/\/tyrving.idrett.no\/10\/f\/2016\/04\/12\/storsamling-pa-bislett-23-april-for-15\/#breadcrumb","itemListElement":[{"@type":"ListItem","position":1,"name":"Hjem","item":"https:\/\/tyrving.idrett.no\/10\/f\/"},{"@type":"ListItem","position":2,"name":"Samling p\u00e5 Bislett 23.4. for 15+"}]},{"@type":"WebSite","@id":"https:\/\/tyrving.idrett.no\/10\/f\/#website","url":"https:\/\/tyrving.idrett.no\/10\/f\/","name":"Tyrving - Friidrett","description":"Friidrettsgruppa","publisher":{"@id":"https:\/\/tyrving.idrett.no\/10\/f\/#organization"},"potentialAction":[{"@type":"SearchAction","target":{"@type":"EntryPoint","urlTemplate":"https:\/\/tyrving.idrett.no\/10\/f\/?s={search_term_string}"},"query-input":"required name=search_term_string"}],"inLanguage":"nb-NO"},{"@type":"Organization","@id":"https:\/\/tyrving.idrett.no\/10\/f\/#organization","name":"Tyrving Friidrettsgruppa","url":"https:\/\/tyrving.idrett.no\/10\/f\/","logo":{"@type":"ImageObject","inLanguage":"nb-NO","@id":"https:\/\/tyrving.idrett.no\/10\/f\/#\/schema\/logo\/image\/","url":"https:\/\/tyrving.idrett.no\/10\/f\/files\/2019\/04\/Tyrving-Logo-Friidrett-2019.jpg","contentUrl":"https:\/\/tyrving.idrett.no\/10\/f\/files\/2019\/04\/Tyrving-Logo-Friidrett-2019.jpg","width":460,"height":360,"caption":"Tyrving Friidrettsgruppa"},"image":{"@id":"https:\/\/tyrving.idrett.no\/10\/f\/#\/schema\/logo\/image\/"}},{"@type":"Person","@id":"https:\/\/tyrving.idrett.no\/10\/f\/#\/schema\/person\/9d33b15b4997b99c21c6e0b044d8bfd3","name":"Kirsten Larsen","image":{"@type":"ImageObject","inLanguage":"nb-NO","@id":"https:\/\/tyrving.idrett.no\/10\/f\/#\/schema\/person\/image\/","url":"https:\/\/secure.gravatar.com\/avatar\/2924b58c2b807e7f70945c639540a744?s=96&d=mm&r=g","contentUrl":"https:\/\/secure.gravatar.com\/avatar\/2924b58c2b807e7f70945c639540a744?s=96&d=mm&r=g","caption":"Kirsten Larsen"}}]}},"jetpack_sharing_enabled":true,"jetpack_featured_media_url":"https:\/\/tyrving.idrett.no\/10\/f\/files\/2016\/04\/Bislett_stadion3.jpg","_links":{"self":[{"href":"https:\/\/tyrving.idrett.no\/10\/f\/wp-json\/wp\/v2\/posts\/15451"}],"collection":[{"href":"https:\/\/tyrving.idrett.no\/10\/f\/wp-json\/wp\/v2\/posts"}],"about":[{"href":"https:\/\/tyrving.idrett.no\/10\/f\/wp-json\/wp\/v2\/types\/post"}],"author":[{"embeddable":true,"href":"https:\/\/tyrving.idrett.no\/10\/f\/wp-json\/wp\/v2\/users\/2"}],"replies":[{"embeddable":true,"href":"https:\/\/tyrving.idrett.no\/10\/f\/wp-json\/wp\/v2\/comments?post=15451"}],"version-history":[{"count":3,"href":"https:\/\/tyrving.idrett.no\/10\/f\/wp-json\/wp\/v2\/posts\/15451\/revisions"}],"predecessor-version":[{"id":15455,"href":"https:\/\/tyrving.idrett.no\/10\/f\/wp-json\/wp\/v2\/posts\/15451\/revisions\/15455"}],"wp:featuredmedia":[{"embeddable":true,"href":"https:\/\/tyrving.idrett.no\/10\/f\/wp-json\/wp\/v2\/media\/15452"}],"wp:attachment":[{"href":"https:\/\/tyrving.idrett.no\/10\/f\/wp-json\/wp\/v2\/media?parent=15451"}],"wp:term":[{"taxonomy":"category","embeddable":true,"href":"https:\/\/tyrving.idrett.no\/10\/f\/wp-json\/wp\/v2\/categories?post=15451"},{"taxonomy":"post_tag","embeddable":true,"href":"https:\/\/tyrving.idrett.no\/10\/f\/wp-json\/wp\/v2\/tags?post=15451"}],"curies":[{"name":"wp","href":"https:\/\/api.w.org\/{rel}","templated":true}]}}