{"id":15504,"date":"2016-04-21T15:38:26","date_gmt":"2016-04-21T13:38:26","guid":{"rendered":"http:\/\/tyrving.idrett.no\/10\/f\/?p=15504"},"modified":"2016-08-09T18:28:59","modified_gmt":"2016-08-09T16:28:59","slug":"lagoppsett-tyrvingstafetten","status":"publish","type":"post","link":"https:\/\/tyrving.idrett.no\/10\/f\/2016\/04\/21\/lagoppsett-tyrvingstafetten\/","title":{"rendered":"Lagoppsett Tyrvingstafetten"},"content":{"rendered":"<p>Gutta p\u00e5 bildet l\u00f8p p\u00e5 to av fjor\u00e5rets Tyrvinglag p\u00e5 Tyrvingstafetten p\u00e5 Kalv\u00f8ya, og flere av disse vil ogs\u00e5 l\u00f8pe i \u00e5r. \u00a0Forel\u00f8pig er det satt opp 18 Tyrvinglag, men det er god plass til enda flere lag. \u00a0Send en mail snarest til friidrett@tyrving.no hvis du er interessert i \u00e5 l\u00f8pe. \u00a0Vi minner spesielt om f\u00f8lgende:<\/p>\n<ul>\n<li>Fremm\u00f8te er p\u00e5 Kalv\u00f8ya &#8211; ved Tyrving-teltet som settes opp like over brua.<\/li>\n<li>Fremm\u00f8tetider:\n<ul>\n<li>Jenter 10-14 \u00e5r: kl. 1130.<\/li>\n<li>Gutter 10-14 \u00e5r: kl. 1200.<\/li>\n<li>Jenter 15-19 \u00e5r: kl. 1300.<\/li>\n<li>Gutter 15-19 \u00e5r + MS: kl. 1315.<\/li>\n<\/ul>\n<\/li>\n<li>L\u00f8peantrekk er selvsagt Tyrving-t\u00f8y, men husk at det kan bli kaldt s\u00e5 ta med godt med t\u00f8y.<\/li>\n<li>Tidsskjema &#8211; klikk p\u00e5 denne linken<b>:\u00a0<a href=\"http:\/\/tyrving.idrett.no\/10\/f\/files\/2015\/04\/2016-Tidsskjema-og-heatoppsett-Tyrvingstafetten-3.pdf\">http:\/\/tyrving.idrett.no\/10\/f\/files\/2015\/04\/2016-Tidsskjema-og-heatoppsett-Tyrvingstafetten-3.pdf<\/a><\/b><\/li>\n<li>Et par av lagene mangler noen l\u00f8pere. Det jobbes med \u00e5 f\u00e5 dette p\u00e5 plass i god tid.<\/li>\n<li>Vi h\u00e5per at de som har s\u00f8sken i passende alder tar med disse, slik at vi kan ha litt reservekapasitet \u2013 det er jo alltid noen som blir syke eller forhindret p\u00e5 l\u00f8psdagen!<\/li>\n<li><span style=\"color: #ff0000\">Kontaktperson i forkant av stafetten er Liv Koppen: Tlf. 90941252.<\/span><\/li>\n<li><strong>NYTT<\/strong> av \u00e5ret er det i forkant av Tyrvingstafetten vil bli arrangert terrengl\u00f8p for barn opp til 9 \u00e5r. \u00a0L\u00f8ypelengde valgfritt ca 200m eller 400m. \u00a0P\u00e5melding p\u00e5 Kalv\u00f8ya stevnedagen fra kl. 1130. L\u00f8pet starter kl. 1230. \u00a0Startkontingent kr 50. 25% rabatt ved fremvisning av Budstikkakortet. Medaljer til alle. Gratis for deltakere p\u00e5 Tyrvings barneidrettskurs.<\/li>\n<\/ul>\n<p><strong>LAGOPPSETT &#8211; oppdatert pr. 21.04. &#8211; det kan bli endringer:\u00a0<\/strong><\/p>\n<p><strong>JENTER 10-14 \u00c5R &#8211; MAX ALDER 63 \u00c5R<\/strong><\/p>\n<table>\n<tbody>\n<tr>\n<td width=\"75\"><strong>\u00a0<\/strong><\/td>\n<td width=\"85\"><strong>\u00a0<\/strong><\/td>\n<td width=\"170\"><strong>LAG NR. 1<\/strong><\/td>\n<td width=\"57\"><strong>\u00a0<\/strong><\/td>\n<\/tr>\n<tr>\n<td width=\"75\"><strong>Etappenr.<\/strong><\/td>\n<td width=\"85\"><strong>Lengde<\/strong><\/td>\n<td width=\"170\"><strong>Navn<\/strong><\/td>\n<td width=\"57\"><strong>Alder<\/strong><\/td>\n<\/tr>\n<tr>\n<td width=\"75\">1.<\/td>\n<td width=\"85\">450m<\/td>\n<td width=\"170\">Anna Langeland<\/td>\n<td width=\"57\">14<\/td>\n<\/tr>\n<tr>\n<td width=\"75\">2.<\/td>\n<td width=\"85\">250m<\/td>\n<td width=\"170\">Elina L\u00f8ken Dahl<\/td>\n<td width=\"57\">13<\/td>\n<\/tr>\n<tr>\n<td width=\"75\">3.<\/td>\n<td width=\"85\">200m<\/td>\n<td width=\"170\">Hannah Emilie Bergh<\/td>\n<td width=\"57\">12<\/td>\n<\/tr>\n<tr>\n<td width=\"75\">4.<\/td>\n<td width=\"85\">700m<\/td>\n<td width=\"170\">Mille Baastad Berg<\/td>\n<td width=\"57\">12<\/td>\n<\/tr>\n<tr>\n<td width=\"75\">5.<\/td>\n<td width=\"85\">200m<\/td>\n<td width=\"170\">Hedvig Kall\u00e5k<\/td>\n<td width=\"57\">12<\/td>\n<\/tr>\n<tr>\n<td width=\"75\">Lagleder<\/td>\n<td width=\"85\"><\/td>\n<td width=\"170\">Petra Stepankova<\/td>\n<td width=\"57\"><\/td>\n<\/tr>\n<\/tbody>\n<\/table>\n<p>&nbsp;<\/p>\n<table>\n<tbody>\n<tr>\n<td width=\"75\"><strong>\u00a0<\/strong><\/td>\n<td width=\"85\"><strong>\u00a0<\/strong><\/td>\n<td width=\"170\"><strong>LAG NR. 2<\/strong><\/td>\n<td width=\"57\"><strong>\u00a0<\/strong><\/td>\n<\/tr>\n<tr>\n<td width=\"75\"><strong>Etappenr.<\/strong><\/td>\n<td width=\"85\"><strong>Lengde<\/strong><\/td>\n<td width=\"170\"><strong>Navn<\/strong><\/td>\n<td width=\"57\"><strong>Alder<\/strong><\/td>\n<\/tr>\n<tr>\n<td width=\"75\">1.<\/td>\n<td width=\"85\">450m<\/td>\n<td width=\"170\">Cornelia Braseth<\/td>\n<td width=\"57\">14<\/td>\n<\/tr>\n<tr>\n<td width=\"75\">2.<\/td>\n<td width=\"85\">250m<\/td>\n<td width=\"170\">Maren Haga Berglund<\/td>\n<td width=\"57\">14<\/td>\n<\/tr>\n<tr>\n<td width=\"75\">3.<\/td>\n<td width=\"85\">200m<\/td>\n<td width=\"170\">Silia Stang<\/td>\n<td width=\"57\">11<\/td>\n<\/tr>\n<tr>\n<td width=\"75\">4.<\/td>\n<td width=\"85\">700m<\/td>\n<td width=\"170\">Emma Str\u00f8m<\/td>\n<td width=\"57\">14<\/td>\n<\/tr>\n<tr>\n<td width=\"75\">5.<\/td>\n<td width=\"85\">200m<\/td>\n<td width=\"170\">Johanne Krossen<\/td>\n<td width=\"57\">10<\/td>\n<\/tr>\n<tr>\n<td width=\"75\">Lagleder<\/td>\n<td width=\"85\"><\/td>\n<td width=\"170\">Tonje Berglund<\/td>\n<td width=\"57\"><\/td>\n<\/tr>\n<\/tbody>\n<\/table>\n<p>&nbsp;<\/p>\n<table>\n<tbody>\n<tr>\n<td width=\"75\"><strong>\u00a0<\/strong><\/td>\n<td width=\"85\"><strong>\u00a0<\/strong><\/td>\n<td width=\"170\"><strong>LAG NR. 3<\/strong><\/td>\n<td width=\"57\"><strong>\u00a0<\/strong><\/td>\n<\/tr>\n<tr>\n<td width=\"75\"><strong>Etappenr.<\/strong><\/td>\n<td width=\"85\"><strong>Lengde<\/strong><\/td>\n<td width=\"170\"><strong>Navn<\/strong><\/td>\n<td width=\"57\"><strong>Alder<\/strong><\/td>\n<\/tr>\n<tr>\n<td width=\"75\">1.<\/td>\n<td width=\"85\">450m<\/td>\n<td width=\"170\">Maja Vullum<\/td>\n<td width=\"57\">13<\/td>\n<\/tr>\n<tr>\n<td width=\"75\">2.<\/td>\n<td width=\"85\">250m<\/td>\n<td width=\"170\">Veera Bj\u00f8rgan<\/td>\n<td width=\"57\">12<\/td>\n<\/tr>\n<tr>\n<td width=\"75\">3.<\/td>\n<td width=\"85\">200m<\/td>\n<td width=\"170\">Benedikte Kristoffersen<\/td>\n<td width=\"57\">13<\/td>\n<\/tr>\n<tr>\n<td width=\"75\">4.<\/td>\n<td width=\"85\">700m<\/td>\n<td width=\"170\">Annika Grenan<\/td>\n<td width=\"57\">12<\/td>\n<\/tr>\n<tr>\n<td width=\"75\">5.<\/td>\n<td width=\"85\">200m<\/td>\n<td width=\"170\">Synne Fiva<\/td>\n<td width=\"57\">12<\/td>\n<\/tr>\n<tr>\n<td width=\"75\">Lagleder<\/td>\n<td width=\"85\"><\/td>\n<td width=\"170\">Jon Fiva<\/td>\n<td width=\"57\"><\/td>\n<\/tr>\n<\/tbody>\n<\/table>\n<p>&nbsp;<\/p>\n<table>\n<tbody>\n<tr>\n<td width=\"75\"><strong>\u00a0<\/strong><\/td>\n<td width=\"85\"><strong>\u00a0<\/strong><\/td>\n<td width=\"170\"><strong>LAG NR. 4<\/strong><\/td>\n<td width=\"57\"><strong>\u00a0<\/strong><\/td>\n<\/tr>\n<tr>\n<td width=\"75\"><strong>Etappenr.<\/strong><\/td>\n<td width=\"85\"><strong>Lengde<\/strong><\/td>\n<td width=\"170\"><strong>Navn<\/strong><\/td>\n<td width=\"57\"><strong>Alder<\/strong><\/td>\n<\/tr>\n<tr>\n<td width=\"75\">1.<\/td>\n<td width=\"85\">450m<\/td>\n<td width=\"170\">Synne Nesheim<\/td>\n<td width=\"57\">12<\/td>\n<\/tr>\n<tr>\n<td width=\"75\">2.<\/td>\n<td width=\"85\">250m<\/td>\n<td width=\"170\">Ida Leir<\/td>\n<td width=\"57\">13<\/td>\n<\/tr>\n<tr>\n<td width=\"75\">3.<\/td>\n<td width=\"85\">200m<\/td>\n<td width=\"170\">Anne Mimmi Wahlstr\u00f8m<\/td>\n<td width=\"57\">12<\/td>\n<\/tr>\n<tr>\n<td width=\"75\">4.<\/td>\n<td width=\"85\">700m<\/td>\n<td width=\"170\">Siri Nesheim<\/td>\n<td width=\"57\">12<\/td>\n<\/tr>\n<tr>\n<td width=\"75\">5.<\/td>\n<td width=\"85\">200m<\/td>\n<td width=\"170\">Hanne Sagen<\/td>\n<td width=\"57\">14<\/td>\n<\/tr>\n<tr>\n<td width=\"75\">Lagleder<\/td>\n<td width=\"85\"><\/td>\n<td width=\"170\">Nesheim<\/td>\n<td width=\"57\"><\/td>\n<\/tr>\n<\/tbody>\n<\/table>\n<p>&nbsp;<\/p>\n<table>\n<tbody>\n<tr>\n<td width=\"75\"><strong>\u00a0<\/strong><\/td>\n<td width=\"85\"><strong>\u00a0<\/strong><\/td>\n<td width=\"170\"><strong>LAG NR. 5<\/strong><\/td>\n<td width=\"57\"><strong>\u00a0<\/strong><\/td>\n<\/tr>\n<tr>\n<td width=\"75\"><strong>Etappenr.<\/strong><\/td>\n<td width=\"85\"><strong>Lengde<\/strong><\/td>\n<td width=\"170\"><strong>Navn<\/strong><\/td>\n<td width=\"57\"><strong>Alder<\/strong><\/td>\n<\/tr>\n<tr>\n<td width=\"75\">1.<\/td>\n<td width=\"85\">450m<\/td>\n<td width=\"170\">Jenny Steingrimsen<\/td>\n<td width=\"57\">13<\/td>\n<\/tr>\n<tr>\n<td width=\"75\">2.<\/td>\n<td width=\"85\">250m<\/td>\n<td width=\"170\">Solveig Elger Wiik<\/td>\n<td width=\"57\">12<\/td>\n<\/tr>\n<tr>\n<td width=\"75\">3.<\/td>\n<td width=\"85\">200m<\/td>\n<td width=\"170\">Thea STjernstedt<\/td>\n<td width=\"57\">13<\/td>\n<\/tr>\n<tr>\n<td width=\"75\">4.<\/td>\n<td width=\"85\">700m<\/td>\n<td width=\"170\">Merete Sperstad<\/td>\n<td width=\"57\">13<\/td>\n<\/tr>\n<tr>\n<td width=\"75\">5.<\/td>\n<td width=\"85\">200m<\/td>\n<td width=\"170\">Katinka Lie-Petterson<\/td>\n<td width=\"57\">12<\/td>\n<\/tr>\n<tr>\n<td width=\"75\">Lagleder<\/td>\n<td width=\"85\"><\/td>\n<td width=\"170\">Elger Wiik<\/td>\n<td width=\"57\"><\/td>\n<\/tr>\n<\/tbody>\n<\/table>\n<p>&nbsp;<\/p>\n<table>\n<tbody>\n<tr>\n<td width=\"75\"><strong>\u00a0<\/strong><\/td>\n<td width=\"85\"><strong>\u00a0<\/strong><\/td>\n<td width=\"170\"><strong>LAG NR. 6<\/strong><\/td>\n<td width=\"57\"><strong>\u00a0<\/strong><\/td>\n<\/tr>\n<tr>\n<td width=\"75\"><strong>Etappenr.<\/strong><\/td>\n<td width=\"85\"><strong>Lengde<\/strong><\/td>\n<td width=\"170\"><strong>Navn<\/strong><\/td>\n<td width=\"57\"><strong>Alder<\/strong><\/td>\n<\/tr>\n<tr>\n<td width=\"75\">1.<\/td>\n<td width=\"85\">450m<\/td>\n<td width=\"170\">Eva Alfstad<\/td>\n<td width=\"57\">13<\/td>\n<\/tr>\n<tr>\n<td width=\"75\">2.<\/td>\n<td width=\"85\">250m<\/td>\n<td width=\"170\">Mille Martinussen<\/td>\n<td width=\"57\">13<\/td>\n<\/tr>\n<tr>\n<td width=\"75\">3.<\/td>\n<td width=\"85\">200m<\/td>\n<td width=\"170\">Anna Svarlien<\/td>\n<td width=\"57\">11<\/td>\n<\/tr>\n<tr>\n<td width=\"75\">4.<\/td>\n<td width=\"85\">700m<\/td>\n<td width=\"170\">Alva Barthel Sveen<\/td>\n<td width=\"57\">13<\/td>\n<\/tr>\n<tr>\n<td width=\"75\">5.<\/td>\n<td width=\"85\">200m<\/td>\n<td width=\"170\">Josefine Fjeldtvedt<\/td>\n<td width=\"57\">13<\/td>\n<\/tr>\n<tr>\n<td width=\"75\">Lagleder<\/td>\n<td width=\"85\"><\/td>\n<td width=\"170\">Sveen<\/td>\n<td width=\"57\"><\/td>\n<\/tr>\n<\/tbody>\n<\/table>\n<p>&nbsp;<\/p>\n<table>\n<tbody>\n<tr>\n<td width=\"75\"><strong>\u00a0<\/strong><\/td>\n<td width=\"85\"><strong>\u00a0<\/strong><\/td>\n<td width=\"170\"><strong>LAG NR. 7<\/strong><\/td>\n<td width=\"57\"><strong>\u00a0<\/strong><\/td>\n<\/tr>\n<tr>\n<td width=\"75\"><strong>Etappenr.<\/strong><\/td>\n<td width=\"85\"><strong>Lengde<\/strong><\/td>\n<td width=\"170\"><strong>Navn<\/strong><\/td>\n<td width=\"57\"><strong>Alder<\/strong><\/td>\n<\/tr>\n<tr>\n<td width=\"75\">1.<\/td>\n<td width=\"85\">450m<\/td>\n<td width=\"170\">Line N\u00e6ss<\/td>\n<td width=\"57\">14<\/td>\n<\/tr>\n<tr>\n<td width=\"75\">2.<\/td>\n<td width=\"85\">250m<\/td>\n<td width=\"170\">Maren Br\u00e4nnare-Gran<\/td>\n<td width=\"57\">12<\/td>\n<\/tr>\n<tr>\n<td width=\"75\">3.<\/td>\n<td width=\"85\">200m<\/td>\n<td width=\"170\">Johanna Holstr\u00f8m<\/td>\n<td width=\"57\">11<\/td>\n<\/tr>\n<tr>\n<td width=\"75\">4.<\/td>\n<td width=\"85\">700m<\/td>\n<td width=\"170\">Kajsa Jonasson<\/td>\n<td width=\"57\">14<\/td>\n<\/tr>\n<tr>\n<td width=\"75\">5.<\/td>\n<td width=\"85\">200m<\/td>\n<td width=\"170\">Sunniva Lauten<\/td>\n<td width=\"57\">12<\/td>\n<\/tr>\n<tr>\n<td width=\"75\">Lagleder<\/td>\n<td width=\"85\"><\/td>\n<td width=\"170\">Jonasson<\/td>\n<td width=\"57\"><\/td>\n<\/tr>\n<\/tbody>\n<\/table>\n<p>&nbsp;<\/p>\n<table>\n<tbody>\n<tr>\n<td width=\"75\"><strong>\u00a0<\/strong><\/td>\n<td width=\"85\"><strong>\u00a0<\/strong><\/td>\n<td width=\"170\"><strong>LAG NR. 8<\/strong><\/td>\n<td width=\"57\"><strong>\u00a0<\/strong><\/td>\n<\/tr>\n<tr>\n<td width=\"75\"><strong>Etappenr.<\/strong><\/td>\n<td width=\"85\"><strong>Lengde<\/strong><\/td>\n<td width=\"170\"><strong>Navn<\/strong><\/td>\n<td width=\"57\"><strong>Alder<\/strong><\/td>\n<\/tr>\n<tr>\n<td width=\"75\">1.<\/td>\n<td width=\"85\">450m<\/td>\n<td width=\"170\">Marie L\u00f8nnve<\/td>\n<td width=\"57\">13<\/td>\n<\/tr>\n<tr>\n<td width=\"75\">2.<\/td>\n<td width=\"85\">250m<\/td>\n<td width=\"170\">Jenny L\u00f8nnve<\/td>\n<td width=\"57\">13<\/td>\n<\/tr>\n<tr>\n<td width=\"75\">3.<\/td>\n<td width=\"85\">200m<\/td>\n<td width=\"170\">Helena Thursfield<\/td>\n<td width=\"57\">12<\/td>\n<\/tr>\n<tr>\n<td width=\"75\">4.<\/td>\n<td width=\"85\">700m<\/td>\n<td width=\"170\">Bertine Haneberg<\/td>\n<td width=\"57\">13<\/td>\n<\/tr>\n<tr>\n<td width=\"75\">5.<\/td>\n<td width=\"85\">200m<\/td>\n<td width=\"170\"><\/td>\n<td width=\"57\"><\/td>\n<\/tr>\n<tr>\n<td width=\"75\">Lagleder<\/td>\n<td width=\"85\"><\/td>\n<td width=\"170\"><\/td>\n<td width=\"57\"><\/td>\n<\/tr>\n<\/tbody>\n<\/table>\n<p>&nbsp;<\/p>\n<p><strong>JENTER 15-19 \u00c5R &#8211; MAX ALDER 85 \u00c5R<\/strong><\/p>\n<table>\n<tbody>\n<tr>\n<td width=\"75\"><strong>\u00a0<\/strong><\/td>\n<td width=\"85\"><strong>\u00a0<\/strong><\/td>\n<td width=\"170\"><\/td>\n<td width=\"57\"><strong>\u00a0<\/strong><\/td>\n<\/tr>\n<tr>\n<td width=\"75\"><strong>Etappenr.<\/strong><\/td>\n<td width=\"85\"><strong>Lengde<\/strong><\/td>\n<td width=\"170\"><strong>Navn<\/strong><\/td>\n<td width=\"57\"><strong>Alder<\/strong><\/td>\n<\/tr>\n<tr>\n<td width=\"75\">1.<\/td>\n<td width=\"85\">700m<\/td>\n<td width=\"170\">Julie A. Bakklund<\/td>\n<td width=\"57\">15<\/td>\n<\/tr>\n<tr>\n<td width=\"75\">2.<\/td>\n<td width=\"85\">200m<\/td>\n<td width=\"170\">Maria Aaberg<\/td>\n<td width=\"57\">15<\/td>\n<\/tr>\n<tr>\n<td width=\"75\">3.<\/td>\n<td width=\"85\">450m<\/td>\n<td width=\"170\">Tuva Magnussen<\/td>\n<td width=\"57\">15<\/td>\n<\/tr>\n<tr>\n<td width=\"75\">4.<\/td>\n<td width=\"85\">900m<\/td>\n<td width=\"170\">Silje Myhre<\/td>\n<td width=\"57\">15<\/td>\n<\/tr>\n<tr>\n<td width=\"75\">5.<\/td>\n<td width=\"85\">450m<\/td>\n<td width=\"170\">Anastasia Schnell<\/td>\n<td width=\"57\">15<\/td>\n<\/tr>\n<tr>\n<td width=\"75\">Lagleder<\/td>\n<td width=\"85\"><\/td>\n<td width=\"170\">Lars Schnell<\/td>\n<td width=\"57\"><\/td>\n<\/tr>\n<\/tbody>\n<\/table>\n<p><strong>KVINNER SENIOR<\/strong><\/p>\n<table>\n<tbody>\n<tr>\n<td width=\"75\"><strong>\u00a0<\/strong><\/td>\n<td width=\"85\"><strong>\u00a0<\/strong><\/td>\n<td width=\"170\"><\/td>\n<td width=\"57\"><strong>\u00a0<\/strong><\/td>\n<\/tr>\n<tr>\n<td width=\"75\"><strong>Etappenr.<\/strong><\/td>\n<td width=\"85\"><strong>Lengde<\/strong><\/td>\n<td width=\"170\"><strong>Navn<\/strong><\/td>\n<td width=\"57\"><strong>Alder<\/strong><\/td>\n<\/tr>\n<tr>\n<td width=\"75\">1.<\/td>\n<td width=\"85\">700m<\/td>\n<td width=\"170\">Anita Hundseid<\/td>\n<td width=\"57\">18<\/td>\n<\/tr>\n<tr>\n<td width=\"75\">2.<\/td>\n<td width=\"85\">200m<\/td>\n<td width=\"170\">Rebecka Gr\u00f8nli<\/td>\n<td width=\"57\">17<\/td>\n<\/tr>\n<tr>\n<td width=\"75\">3.<\/td>\n<td width=\"85\">450m<\/td>\n<td width=\"170\"><\/td>\n<td width=\"57\"><\/td>\n<\/tr>\n<tr>\n<td width=\"75\">4.<\/td>\n<td width=\"85\">900m<\/td>\n<td width=\"170\"><\/td>\n<td width=\"57\"><\/td>\n<\/tr>\n<tr>\n<td width=\"75\">5.<\/td>\n<td width=\"85\">450m<\/td>\n<td width=\"170\"><\/td>\n<td width=\"57\"><\/td>\n<\/tr>\n<\/tbody>\n<\/table>\n<p><strong>\u00a0<\/strong><\/p>\n<p><strong>GUTTER 10-14 \u00c5R &#8211; MAX ALDER 63 \u00c5R<\/strong><\/p>\n<table>\n<tbody>\n<tr>\n<td width=\"75\"><strong>\u00a0<\/strong><\/td>\n<td width=\"85\"><strong>\u00a0<\/strong><\/td>\n<td width=\"170\"><strong>LAG NR. 1<\/strong><\/td>\n<td width=\"57\"><strong>\u00a0<\/strong><\/td>\n<\/tr>\n<tr>\n<td width=\"75\"><strong>Etappenr.<\/strong><\/td>\n<td width=\"85\"><strong>Lengde<\/strong><\/td>\n<td width=\"170\"><strong>Navn<\/strong><\/td>\n<td width=\"57\"><strong>Alder<\/strong><\/td>\n<\/tr>\n<tr>\n<td width=\"75\">1.<\/td>\n<td width=\"85\">450m<\/td>\n<td width=\"170\">Nikolai Holmboe<\/td>\n<td width=\"57\">14<\/td>\n<\/tr>\n<tr>\n<td width=\"75\">2.<\/td>\n<td width=\"85\">250m<\/td>\n<td width=\"170\">Sigurd Clementsen<\/td>\n<td width=\"57\">13<\/td>\n<\/tr>\n<tr>\n<td width=\"75\">3.<\/td>\n<td width=\"85\">200m<\/td>\n<td width=\"170\">Hein Skol-Snekkvik<\/td>\n<td width=\"57\">10<\/td>\n<\/tr>\n<tr>\n<td width=\"75\">4.<\/td>\n<td width=\"85\">700m<\/td>\n<td width=\"170\">Aleksander Holmboe<\/td>\n<td width=\"57\">14<\/td>\n<\/tr>\n<tr>\n<td width=\"75\">5.<\/td>\n<td width=\"85\">200m<\/td>\n<td width=\"170\">Sondre Audahl Vik<\/td>\n<td width=\"57\">12<\/td>\n<\/tr>\n<tr>\n<td width=\"75\">Lagleder<\/td>\n<td width=\"85\"><\/td>\n<td width=\"170\">Audahl Vik<\/td>\n<td width=\"57\"><\/td>\n<\/tr>\n<\/tbody>\n<\/table>\n<p>&nbsp;<\/p>\n<table>\n<tbody>\n<tr>\n<td width=\"75\"><strong>\u00a0<\/strong><\/td>\n<td width=\"85\"><strong>\u00a0<\/strong><\/td>\n<td width=\"170\"><strong>LAG NR. 2<\/strong><\/td>\n<td width=\"57\"><strong>\u00a0<\/strong><\/td>\n<\/tr>\n<tr>\n<td width=\"75\"><strong>Etappenr.<\/strong><\/td>\n<td width=\"85\"><strong>Lengde<\/strong><\/td>\n<td width=\"170\"><strong>Navn<\/strong><\/td>\n<td width=\"57\"><strong>Alder<\/strong><\/td>\n<\/tr>\n<tr>\n<td width=\"75\">1.<\/td>\n<td width=\"85\">450m<\/td>\n<td width=\"170\">Tarjei Nesheim<\/td>\n<td width=\"57\">14<\/td>\n<\/tr>\n<tr>\n<td width=\"75\">2.<\/td>\n<td width=\"85\">250m<\/td>\n<td width=\"170\">Sander Hartmann<\/td>\n<td width=\"57\">14<\/td>\n<\/tr>\n<tr>\n<td width=\"75\">3.<\/td>\n<td width=\"85\">200m<\/td>\n<td width=\"170\">Lucas Avestruz<\/td>\n<td width=\"57\">10<\/td>\n<\/tr>\n<tr>\n<td width=\"75\">4.<\/td>\n<td width=\"85\">700m<\/td>\n<td width=\"170\">Brage Hammerstad<\/td>\n<td width=\"57\">14<\/td>\n<\/tr>\n<tr>\n<td width=\"75\">5.<\/td>\n<td width=\"85\">200m<\/td>\n<td width=\"170\">Jonathan H-\u00d8degaard<\/td>\n<td width=\"57\">11<\/td>\n<\/tr>\n<tr>\n<td width=\"75\">Lagleder<\/td>\n<td width=\"85\"><\/td>\n<td width=\"170\">Espen \u00d8degaard<\/td>\n<td width=\"57\"><\/td>\n<\/tr>\n<\/tbody>\n<\/table>\n<p>&nbsp;<\/p>\n<table>\n<tbody>\n<tr>\n<td width=\"75\"><strong>\u00a0<\/strong><\/td>\n<td width=\"85\"><strong>\u00a0<\/strong><\/td>\n<td width=\"170\"><strong>LAG NR. 3<\/strong><\/td>\n<td width=\"57\"><strong>\u00a0<\/strong><\/td>\n<\/tr>\n<tr>\n<td width=\"75\"><strong>Etappenr.<\/strong><\/td>\n<td width=\"85\"><strong>Lengde<\/strong><\/td>\n<td width=\"170\"><strong>Navn<\/strong><\/td>\n<td width=\"57\"><strong>Alder<\/strong><\/td>\n<\/tr>\n<tr>\n<td width=\"75\">1.<\/td>\n<td width=\"85\">450m<\/td>\n<td width=\"170\">Andreas Halvorsen<\/td>\n<td width=\"57\">11<\/td>\n<\/tr>\n<tr>\n<td width=\"75\">2.<\/td>\n<td width=\"85\">250m<\/td>\n<td width=\"170\">William Jones<\/td>\n<td width=\"57\">13<\/td>\n<\/tr>\n<tr>\n<td width=\"75\">3.<\/td>\n<td width=\"85\">200m<\/td>\n<td width=\"170\">Sigmund Le Fjeld<\/td>\n<td width=\"57\">11<\/td>\n<\/tr>\n<tr>\n<td width=\"75\">4.<\/td>\n<td width=\"85\">700m<\/td>\n<td width=\"170\">Archie Hall<\/td>\n<td width=\"57\">14<\/td>\n<\/tr>\n<tr>\n<td width=\"75\">5.<\/td>\n<td width=\"85\">200m<\/td>\n<td width=\"170\">Eskil Hylbak Vie<\/td>\n<td width=\"57\">13<\/td>\n<\/tr>\n<tr>\n<td width=\"75\">Lagleder<\/td>\n<td width=\"85\"><\/td>\n<td width=\"170\">Halvorsen<\/td>\n<td width=\"57\"><\/td>\n<\/tr>\n<\/tbody>\n<\/table>\n<p>&nbsp;<\/p>\n<table>\n<tbody>\n<tr>\n<td width=\"75\"><strong>\u00a0<\/strong><\/td>\n<td width=\"85\"><strong>\u00a0<\/strong><\/td>\n<td width=\"170\"><strong>LAG NR. 4<\/strong><\/td>\n<td width=\"57\"><strong>\u00a0<\/strong><\/td>\n<\/tr>\n<tr>\n<td width=\"75\"><strong>Etappenr.<\/strong><\/td>\n<td width=\"85\"><strong>Lengde<\/strong><\/td>\n<td width=\"170\"><strong>Navn<\/strong><\/td>\n<td width=\"57\"><strong>Alder<\/strong><\/td>\n<\/tr>\n<tr>\n<td width=\"75\">1.<\/td>\n<td width=\"85\">450m<\/td>\n<td width=\"170\">Lars \u00c5dland<\/td>\n<td width=\"57\">14<\/td>\n<\/tr>\n<tr>\n<td width=\"75\">2.<\/td>\n<td width=\"85\">250m<\/td>\n<td width=\"170\">Magnus H. Holgersen<\/td>\n<td width=\"57\">13<\/td>\n<\/tr>\n<tr>\n<td width=\"75\">3.<\/td>\n<td width=\"85\">200m<\/td>\n<td width=\"170\">Eivind Urnes Berg<\/td>\n<td width=\"57\">11<\/td>\n<\/tr>\n<tr>\n<td width=\"75\">4.<\/td>\n<td width=\"85\">700m<\/td>\n<td width=\"170\">Martinius Lie-Petterson<\/td>\n<td width=\"57\">14<\/td>\n<\/tr>\n<tr>\n<td width=\"75\">5.<\/td>\n<td width=\"85\">200m<\/td>\n<td width=\"170\">Mathias Heatley<\/td>\n<td width=\"57\">11<\/td>\n<\/tr>\n<tr>\n<td width=\"75\">Lagleder<\/td>\n<td width=\"85\"><\/td>\n<td width=\"170\">Lie-Petterson<\/td>\n<td width=\"57\"><\/td>\n<\/tr>\n<\/tbody>\n<\/table>\n<p>&nbsp;<\/p>\n<table>\n<tbody>\n<tr>\n<td width=\"75\"><strong>\u00a0<\/strong><\/td>\n<td width=\"85\"><strong>\u00a0<\/strong><\/td>\n<td width=\"170\"><strong>LAG NR. 5<\/strong><\/td>\n<td width=\"57\"><strong>\u00a0<\/strong><\/td>\n<\/tr>\n<tr>\n<td width=\"75\"><strong>Etappenr.<\/strong><\/td>\n<td width=\"85\"><strong>Lengde<\/strong><\/td>\n<td width=\"170\"><strong>Navn<\/strong><\/td>\n<td width=\"57\"><strong>Alder<\/strong><\/td>\n<\/tr>\n<tr>\n<td width=\"75\">1.<\/td>\n<td width=\"85\">450m<\/td>\n<td width=\"170\">Marius Friling<\/td>\n<td width=\"57\">14<\/td>\n<\/tr>\n<tr>\n<td width=\"75\">2.<\/td>\n<td width=\"85\">250m<\/td>\n<td width=\"170\">Kristian Drabl\u00f8s<\/td>\n<td width=\"57\">11<\/td>\n<\/tr>\n<tr>\n<td width=\"75\">3.<\/td>\n<td width=\"85\">200m<\/td>\n<td width=\"170\">Endre Hammerstad<\/td>\n<td width=\"57\">12<\/td>\n<\/tr>\n<tr>\n<td width=\"75\">4.<\/td>\n<td width=\"85\">700m<\/td>\n<td width=\"170\">Isak Leknes Frey<\/td>\n<td width=\"57\">13<\/td>\n<\/tr>\n<tr>\n<td width=\"75\">5.<\/td>\n<td width=\"85\">200m<\/td>\n<td width=\"170\">Jo Magnus Kleven<\/td>\n<td width=\"57\">13<\/td>\n<\/tr>\n<tr>\n<td width=\"75\">Lagleder<\/td>\n<td width=\"85\"><\/td>\n<td width=\"170\">Hammerstad<\/td>\n<td width=\"57\"><\/td>\n<\/tr>\n<\/tbody>\n<\/table>\n<p>&nbsp;<\/p>\n<table>\n<tbody>\n<tr>\n<td width=\"75\"><strong>\u00a0<\/strong><\/td>\n<td width=\"85\"><strong>\u00a0<\/strong><\/td>\n<td width=\"170\"><strong>LAG NR. 6<\/strong><\/td>\n<td width=\"57\"><strong>\u00a0<\/strong><\/td>\n<\/tr>\n<tr>\n<td width=\"75\"><strong>Etappenr.<\/strong><\/td>\n<td width=\"85\"><strong>Lengde<\/strong><\/td>\n<td width=\"170\"><strong>Navn<\/strong><\/td>\n<td width=\"57\"><strong>Alder<\/strong><\/td>\n<\/tr>\n<tr>\n<td width=\"75\">1.<\/td>\n<td width=\"85\">450m<\/td>\n<td width=\"170\">Sebastian S. Lamb<\/td>\n<td width=\"57\">11<\/td>\n<\/tr>\n<tr>\n<td width=\"75\">2.<\/td>\n<td width=\"85\">250m<\/td>\n<td width=\"170\"><\/td>\n<td width=\"57\"><\/td>\n<\/tr>\n<tr>\n<td width=\"75\">3.<\/td>\n<td width=\"85\">200m<\/td>\n<td width=\"170\"><\/td>\n<td width=\"57\"><\/td>\n<\/tr>\n<tr>\n<td width=\"75\">4.<\/td>\n<td width=\"85\">700m<\/td>\n<td width=\"170\"><\/td>\n<td width=\"57\"><\/td>\n<\/tr>\n<tr>\n<td width=\"75\">5.<\/td>\n<td width=\"85\">200m<\/td>\n<td width=\"170\"><\/td>\n<td width=\"57\"><\/td>\n<\/tr>\n<tr>\n<td width=\"75\">Lagleder<\/td>\n<td width=\"85\"><\/td>\n<td width=\"170\"><\/td>\n<td width=\"57\"><\/td>\n<\/tr>\n<\/tbody>\n<\/table>\n<p>&nbsp;<\/p>\n<p><strong>GUTTER 15-19 \u00c5R &#8211; MAX ALDER 85 \u00c5R<\/strong><\/p>\n<table>\n<tbody>\n<tr>\n<td width=\"75\"><strong>\u00a0<\/strong><\/td>\n<td width=\"85\"><strong>\u00a0<\/strong><\/td>\n<td width=\"170\"><strong>LAG NR. 1<\/strong><\/td>\n<td width=\"57\"><strong>\u00a0<\/strong><\/td>\n<\/tr>\n<tr>\n<td width=\"75\"><strong>Etappenr.<\/strong><\/td>\n<td width=\"85\"><strong>Lengde<\/strong><\/td>\n<td width=\"170\"><strong>Navn<\/strong><\/td>\n<td width=\"57\"><strong>Alder<\/strong><\/td>\n<\/tr>\n<tr>\n<td width=\"75\">1.<\/td>\n<td width=\"85\">700m<\/td>\n<td width=\"170\"><\/td>\n<td width=\"57\"><\/td>\n<\/tr>\n<tr>\n<td width=\"75\">2.<\/td>\n<td width=\"85\">200m<\/td>\n<td width=\"170\">Carsten Gr\u00f8nli<\/td>\n<td width=\"57\">17<\/td>\n<\/tr>\n<tr>\n<td width=\"75\">3.<\/td>\n<td width=\"85\">450m<\/td>\n<td width=\"170\">Jonas Fj\u00f8rtoft<\/td>\n<td width=\"57\">18<\/td>\n<\/tr>\n<tr>\n<td width=\"75\">4.<\/td>\n<td width=\"85\">900m<\/td>\n<td width=\"170\"><\/td>\n<td width=\"57\"><\/td>\n<\/tr>\n<tr>\n<td width=\"75\">5.<\/td>\n<td width=\"85\">450m<\/td>\n<td width=\"170\">Max Resar<\/td>\n<td width=\"57\">16<\/td>\n<\/tr>\n<tr>\n<td width=\"75\">Lagleder<\/td>\n<td width=\"85\"><\/td>\n<td width=\"170\"><\/td>\n<td width=\"57\"><\/td>\n<\/tr>\n<\/tbody>\n<\/table>\n<p>&nbsp;<\/p>\n<p><strong>MENN SENIOR <\/strong><\/p>\n<table>\n<tbody>\n<tr>\n<td width=\"75\"><strong>\u00a0<\/strong><\/td>\n<td width=\"85\"><strong>\u00a0<\/strong><\/td>\n<td width=\"170\"><strong>LAG NR. 1<\/strong><\/td>\n<td width=\"57\"><strong>\u00a0<\/strong><\/td>\n<\/tr>\n<tr>\n<td width=\"75\"><strong>Etappenr.<\/strong><\/td>\n<td width=\"85\"><strong>Lengde<\/strong><\/td>\n<td width=\"170\"><strong>Navn<\/strong><\/td>\n<td width=\"57\"><strong>Alder<\/strong><\/td>\n<\/tr>\n<tr>\n<td width=\"75\">1.<\/td>\n<td width=\"85\">700m<\/td>\n<td width=\"170\">Sebastian Selbekk<\/td>\n<td width=\"57\"><\/td>\n<\/tr>\n<tr>\n<td width=\"75\">2.<\/td>\n<td width=\"85\">200m<\/td>\n<td width=\"170\"><\/td>\n<td width=\"57\"><\/td>\n<\/tr>\n<tr>\n<td width=\"75\">3.<\/td>\n<td width=\"85\">450m<\/td>\n<td width=\"170\"><\/td>\n<td width=\"57\"><\/td>\n<\/tr>\n<tr>\n<td width=\"75\">4.<\/td>\n<td width=\"85\">900m<\/td>\n<td width=\"170\">Steinar Gj\u00f8nnes<\/td>\n<td width=\"57\"><\/td>\n<\/tr>\n<tr>\n<td width=\"75\">5.<\/td>\n<td width=\"85\">450m<\/td>\n<td width=\"170\"><\/td>\n<td width=\"57\"><\/td>\n<\/tr>\n<\/tbody>\n<\/table>\n<p>&nbsp;<\/p>\n","protected":false},"excerpt":{"rendered":"Gutta p\u00e5 bildet l\u00f8p p\u00e5 to av fjor\u00e5rets Tyrvinglag p\u00e5 Tyrvingstafetten p\u00e5 Kalv\u00f8ya, og flere av disse vil ogs\u00e5 l\u00f8pe i \u00e5r. \u00a0Forel\u00f8pig er det satt opp 18 Tyrvinglag, men det er god plass til enda flere la&#8230;","protected":false},"author":2,"featured_media":13691,"comment_status":"open","ping_status":"open","sticky":false,"template":"","format":"standard","meta":{"footnotes":"","_jetpack_memberships_contains_paid_content":false},"categories":[1],"tags":[25],"acf":[],"yoast_head":"<!-- This site is optimized with the Yoast SEO plugin v21.2 - https:\/\/yoast.com\/wordpress\/plugins\/seo\/ -->\n<title>Lagoppsett Tyrvingstafetten - Tyrving - Friidrett<\/title>\n<meta name=\"robots\" content=\"index, follow, max-snippet:-1, max-image-preview:large, max-video-preview:-1\" \/>\n<link rel=\"canonical\" href=\"https:\/\/tyrving.idrett.no\/10\/f\/2016\/04\/21\/lagoppsett-tyrvingstafetten\/\" \/>\n<meta property=\"og:locale\" content=\"nb_NO\" \/>\n<meta property=\"og:type\" content=\"article\" \/>\n<meta property=\"og:title\" content=\"Lagoppsett Tyrvingstafetten - Tyrving - Friidrett\" \/>\n<meta property=\"og:description\" content=\"Gutta p\u00e5 bildet l\u00f8p p\u00e5 to av fjor\u00e5rets Tyrvinglag p\u00e5 Tyrvingstafetten p\u00e5 Kalv\u00f8ya, og flere av disse vil ogs\u00e5 l\u00f8pe i \u00e5r. \u00a0Forel\u00f8pig er det satt opp 18 Tyrvinglag, men det er god plass til enda flere la...\" \/>\n<meta property=\"og:url\" content=\"https:\/\/tyrving.idrett.no\/10\/f\/2016\/04\/21\/lagoppsett-tyrvingstafetten\/\" \/>\n<meta property=\"og:site_name\" content=\"Tyrving - Friidrett\" \/>\n<meta property=\"article:published_time\" content=\"2016-04-21T13:38:26+00:00\" \/>\n<meta property=\"article:modified_time\" content=\"2016-08-09T16:28:59+00:00\" \/>\n<meta property=\"og:image\" content=\"https:\/\/tyrving.idrett.no\/10\/f\/files\/2015\/04\/TS2015-1024x683.jpg\" \/>\n\t<meta property=\"og:image:width\" content=\"1024\" \/>\n\t<meta property=\"og:image:height\" content=\"683\" \/>\n\t<meta property=\"og:image:type\" content=\"image\/jpeg\" \/>\n<meta name=\"author\" content=\"Kirsten Larsen\" \/>\n<meta name=\"twitter:card\" content=\"summary_large_image\" \/>\n<meta name=\"twitter:label1\" content=\"Skrevet av\" \/>\n\t<meta name=\"twitter:data1\" content=\"Kirsten Larsen\" \/>\n\t<meta name=\"twitter:label2\" content=\"Ansl. lesetid\" \/>\n\t<meta name=\"twitter:data2\" content=\"4 minutter\" \/>\n<script type=\"application\/ld+json\" class=\"yoast-schema-graph\">{\"@context\":\"https:\/\/schema.org\",\"@graph\":[{\"@type\":\"Article\",\"@id\":\"https:\/\/tyrving.idrett.no\/10\/f\/2016\/04\/21\/lagoppsett-tyrvingstafetten\/#article\",\"isPartOf\":{\"@id\":\"https:\/\/tyrving.idrett.no\/10\/f\/2016\/04\/21\/lagoppsett-tyrvingstafetten\/\"},\"author\":{\"name\":\"Kirsten Larsen\",\"@id\":\"https:\/\/tyrving.idrett.no\/10\/f\/#\/schema\/person\/9d33b15b4997b99c21c6e0b044d8bfd3\"},\"headline\":\"Lagoppsett Tyrvingstafetten\",\"datePublished\":\"2016-04-21T13:38:26+00:00\",\"dateModified\":\"2016-08-09T16:28:59+00:00\",\"mainEntityOfPage\":{\"@id\":\"https:\/\/tyrving.idrett.no\/10\/f\/2016\/04\/21\/lagoppsett-tyrvingstafetten\/\"},\"wordCount\":722,\"commentCount\":0,\"publisher\":{\"@id\":\"https:\/\/tyrving.idrett.no\/10\/f\/#organization\"},\"keywords\":[\"Tyrvingstafetten\"],\"articleSection\":[\"Nyheter\"],\"inLanguage\":\"nb-NO\",\"potentialAction\":[{\"@type\":\"CommentAction\",\"name\":\"Comment\",\"target\":[\"https:\/\/tyrving.idrett.no\/10\/f\/2016\/04\/21\/lagoppsett-tyrvingstafetten\/#respond\"]}]},{\"@type\":\"WebPage\",\"@id\":\"https:\/\/tyrving.idrett.no\/10\/f\/2016\/04\/21\/lagoppsett-tyrvingstafetten\/\",\"url\":\"https:\/\/tyrving.idrett.no\/10\/f\/2016\/04\/21\/lagoppsett-tyrvingstafetten\/\",\"name\":\"Lagoppsett Tyrvingstafetten - Tyrving - Friidrett\",\"isPartOf\":{\"@id\":\"https:\/\/tyrving.idrett.no\/10\/f\/#website\"},\"datePublished\":\"2016-04-21T13:38:26+00:00\",\"dateModified\":\"2016-08-09T16:28:59+00:00\",\"breadcrumb\":{\"@id\":\"https:\/\/tyrving.idrett.no\/10\/f\/2016\/04\/21\/lagoppsett-tyrvingstafetten\/#breadcrumb\"},\"inLanguage\":\"nb-NO\",\"potentialAction\":[{\"@type\":\"ReadAction\",\"target\":[\"https:\/\/tyrving.idrett.no\/10\/f\/2016\/04\/21\/lagoppsett-tyrvingstafetten\/\"]}]},{\"@type\":\"BreadcrumbList\",\"@id\":\"https:\/\/tyrving.idrett.no\/10\/f\/2016\/04\/21\/lagoppsett-tyrvingstafetten\/#breadcrumb\",\"itemListElement\":[{\"@type\":\"ListItem\",\"position\":1,\"name\":\"Hjem\",\"item\":\"https:\/\/tyrving.idrett.no\/10\/f\/\"},{\"@type\":\"ListItem\",\"position\":2,\"name\":\"Lagoppsett Tyrvingstafetten\"}]},{\"@type\":\"WebSite\",\"@id\":\"https:\/\/tyrving.idrett.no\/10\/f\/#website\",\"url\":\"https:\/\/tyrving.idrett.no\/10\/f\/\",\"name\":\"Tyrving - Friidrett\",\"description\":\"Friidrettsgruppa\",\"publisher\":{\"@id\":\"https:\/\/tyrving.idrett.no\/10\/f\/#organization\"},\"potentialAction\":[{\"@type\":\"SearchAction\",\"target\":{\"@type\":\"EntryPoint\",\"urlTemplate\":\"https:\/\/tyrving.idrett.no\/10\/f\/?s={search_term_string}\"},\"query-input\":\"required name=search_term_string\"}],\"inLanguage\":\"nb-NO\"},{\"@type\":\"Organization\",\"@id\":\"https:\/\/tyrving.idrett.no\/10\/f\/#organization\",\"name\":\"Tyrving Friidrettsgruppa\",\"url\":\"https:\/\/tyrving.idrett.no\/10\/f\/\",\"logo\":{\"@type\":\"ImageObject\",\"inLanguage\":\"nb-NO\",\"@id\":\"https:\/\/tyrving.idrett.no\/10\/f\/#\/schema\/logo\/image\/\",\"url\":\"https:\/\/tyrving.idrett.no\/10\/f\/files\/2019\/04\/Tyrving-Logo-Friidrett-2019.jpg\",\"contentUrl\":\"https:\/\/tyrving.idrett.no\/10\/f\/files\/2019\/04\/Tyrving-Logo-Friidrett-2019.jpg\",\"width\":460,\"height\":360,\"caption\":\"Tyrving Friidrettsgruppa\"},\"image\":{\"@id\":\"https:\/\/tyrving.idrett.no\/10\/f\/#\/schema\/logo\/image\/\"}},{\"@type\":\"Person\",\"@id\":\"https:\/\/tyrving.idrett.no\/10\/f\/#\/schema\/person\/9d33b15b4997b99c21c6e0b044d8bfd3\",\"name\":\"Kirsten Larsen\",\"image\":{\"@type\":\"ImageObject\",\"inLanguage\":\"nb-NO\",\"@id\":\"https:\/\/tyrving.idrett.no\/10\/f\/#\/schema\/person\/image\/\",\"url\":\"https:\/\/secure.gravatar.com\/avatar\/2924b58c2b807e7f70945c639540a744?s=96&d=mm&r=g\",\"contentUrl\":\"https:\/\/secure.gravatar.com\/avatar\/2924b58c2b807e7f70945c639540a744?s=96&d=mm&r=g\",\"caption\":\"Kirsten Larsen\"}}]}<\/script>\n<!-- \/ Yoast SEO plugin. -->","yoast_head_json":{"title":"Lagoppsett Tyrvingstafetten - Tyrving - Friidrett","robots":{"index":"index","follow":"follow","max-snippet":"max-snippet:-1","max-image-preview":"max-image-preview:large","max-video-preview":"max-video-preview:-1"},"canonical":"https:\/\/tyrving.idrett.no\/10\/f\/2016\/04\/21\/lagoppsett-tyrvingstafetten\/","og_locale":"nb_NO","og_type":"article","og_title":"Lagoppsett Tyrvingstafetten - Tyrving - Friidrett","og_description":"Gutta p\u00e5 bildet l\u00f8p p\u00e5 to av fjor\u00e5rets Tyrvinglag p\u00e5 Tyrvingstafetten p\u00e5 Kalv\u00f8ya, og flere av disse vil ogs\u00e5 l\u00f8pe i \u00e5r. \u00a0Forel\u00f8pig er det satt opp 18 Tyrvinglag, men det er god plass til enda flere la...","og_url":"https:\/\/tyrving.idrett.no\/10\/f\/2016\/04\/21\/lagoppsett-tyrvingstafetten\/","og_site_name":"Tyrving - Friidrett","article_published_time":"2016-04-21T13:38:26+00:00","article_modified_time":"2016-08-09T16:28:59+00:00","og_image":[{"width":1024,"height":683,"url":"https:\/\/tyrving.idrett.no\/10\/f\/files\/2015\/04\/TS2015-1024x683.jpg","type":"image\/jpeg"}],"author":"Kirsten Larsen","twitter_card":"summary_large_image","twitter_misc":{"Skrevet av":"Kirsten Larsen","Ansl. lesetid":"4 minutter"},"schema":{"@context":"https:\/\/schema.org","@graph":[{"@type":"Article","@id":"https:\/\/tyrving.idrett.no\/10\/f\/2016\/04\/21\/lagoppsett-tyrvingstafetten\/#article","isPartOf":{"@id":"https:\/\/tyrving.idrett.no\/10\/f\/2016\/04\/21\/lagoppsett-tyrvingstafetten\/"},"author":{"name":"Kirsten Larsen","@id":"https:\/\/tyrving.idrett.no\/10\/f\/#\/schema\/person\/9d33b15b4997b99c21c6e0b044d8bfd3"},"headline":"Lagoppsett Tyrvingstafetten","datePublished":"2016-04-21T13:38:26+00:00","dateModified":"2016-08-09T16:28:59+00:00","mainEntityOfPage":{"@id":"https:\/\/tyrving.idrett.no\/10\/f\/2016\/04\/21\/lagoppsett-tyrvingstafetten\/"},"wordCount":722,"commentCount":0,"publisher":{"@id":"https:\/\/tyrving.idrett.no\/10\/f\/#organization"},"keywords":["Tyrvingstafetten"],"articleSection":["Nyheter"],"inLanguage":"nb-NO","potentialAction":[{"@type":"CommentAction","name":"Comment","target":["https:\/\/tyrving.idrett.no\/10\/f\/2016\/04\/21\/lagoppsett-tyrvingstafetten\/#respond"]}]},{"@type":"WebPage","@id":"https:\/\/tyrving.idrett.no\/10\/f\/2016\/04\/21\/lagoppsett-tyrvingstafetten\/","url":"https:\/\/tyrving.idrett.no\/10\/f\/2016\/04\/21\/lagoppsett-tyrvingstafetten\/","name":"Lagoppsett Tyrvingstafetten - Tyrving - Friidrett","isPartOf":{"@id":"https:\/\/tyrving.idrett.no\/10\/f\/#website"},"datePublished":"2016-04-21T13:38:26+00:00","dateModified":"2016-08-09T16:28:59+00:00","breadcrumb":{"@id":"https:\/\/tyrving.idrett.no\/10\/f\/2016\/04\/21\/lagoppsett-tyrvingstafetten\/#breadcrumb"},"inLanguage":"nb-NO","potentialAction":[{"@type":"ReadAction","target":["https:\/\/tyrving.idrett.no\/10\/f\/2016\/04\/21\/lagoppsett-tyrvingstafetten\/"]}]},{"@type":"BreadcrumbList","@id":"https:\/\/tyrving.idrett.no\/10\/f\/2016\/04\/21\/lagoppsett-tyrvingstafetten\/#breadcrumb","itemListElement":[{"@type":"ListItem","position":1,"name":"Hjem","item":"https:\/\/tyrving.idrett.no\/10\/f\/"},{"@type":"ListItem","position":2,"name":"Lagoppsett Tyrvingstafetten"}]},{"@type":"WebSite","@id":"https:\/\/tyrving.idrett.no\/10\/f\/#website","url":"https:\/\/tyrving.idrett.no\/10\/f\/","name":"Tyrving - Friidrett","description":"Friidrettsgruppa","publisher":{"@id":"https:\/\/tyrving.idrett.no\/10\/f\/#organization"},"potentialAction":[{"@type":"SearchAction","target":{"@type":"EntryPoint","urlTemplate":"https:\/\/tyrving.idrett.no\/10\/f\/?s={search_term_string}"},"query-input":"required name=search_term_string"}],"inLanguage":"nb-NO"},{"@type":"Organization","@id":"https:\/\/tyrving.idrett.no\/10\/f\/#organization","name":"Tyrving Friidrettsgruppa","url":"https:\/\/tyrving.idrett.no\/10\/f\/","logo":{"@type":"ImageObject","inLanguage":"nb-NO","@id":"https:\/\/tyrving.idrett.no\/10\/f\/#\/schema\/logo\/image\/","url":"https:\/\/tyrving.idrett.no\/10\/f\/files\/2019\/04\/Tyrving-Logo-Friidrett-2019.jpg","contentUrl":"https:\/\/tyrving.idrett.no\/10\/f\/files\/2019\/04\/Tyrving-Logo-Friidrett-2019.jpg","width":460,"height":360,"caption":"Tyrving Friidrettsgruppa"},"image":{"@id":"https:\/\/tyrving.idrett.no\/10\/f\/#\/schema\/logo\/image\/"}},{"@type":"Person","@id":"https:\/\/tyrving.idrett.no\/10\/f\/#\/schema\/person\/9d33b15b4997b99c21c6e0b044d8bfd3","name":"Kirsten Larsen","image":{"@type":"ImageObject","inLanguage":"nb-NO","@id":"https:\/\/tyrving.idrett.no\/10\/f\/#\/schema\/person\/image\/","url":"https:\/\/secure.gravatar.com\/avatar\/2924b58c2b807e7f70945c639540a744?s=96&d=mm&r=g","contentUrl":"https:\/\/secure.gravatar.com\/avatar\/2924b58c2b807e7f70945c639540a744?s=96&d=mm&r=g","caption":"Kirsten Larsen"}}]}},"jetpack_sharing_enabled":true,"jetpack_featured_media_url":"https:\/\/tyrving.idrett.no\/10\/f\/files\/2015\/04\/TS2015.jpg","_links":{"self":[{"href":"https:\/\/tyrving.idrett.no\/10\/f\/wp-json\/wp\/v2\/posts\/15504"}],"collection":[{"href":"https:\/\/tyrving.idrett.no\/10\/f\/wp-json\/wp\/v2\/posts"}],"about":[{"href":"https:\/\/tyrving.idrett.no\/10\/f\/wp-json\/wp\/v2\/types\/post"}],"author":[{"embeddable":true,"href":"https:\/\/tyrving.idrett.no\/10\/f\/wp-json\/wp\/v2\/users\/2"}],"replies":[{"embeddable":true,"href":"https:\/\/tyrving.idrett.no\/10\/f\/wp-json\/wp\/v2\/comments?post=15504"}],"version-history":[{"count":5,"href":"https:\/\/tyrving.idrett.no\/10\/f\/wp-json\/wp\/v2\/posts\/15504\/revisions"}],"predecessor-version":[{"id":15517,"href":"https:\/\/tyrving.idrett.no\/10\/f\/wp-json\/wp\/v2\/posts\/15504\/revisions\/15517"}],"wp:featuredmedia":[{"embeddable":true,"href":"https:\/\/tyrving.idrett.no\/10\/f\/wp-json\/wp\/v2\/media\/13691"}],"wp:attachment":[{"href":"https:\/\/tyrving.idrett.no\/10\/f\/wp-json\/wp\/v2\/media?parent=15504"}],"wp:term":[{"taxonomy":"category","embeddable":true,"href":"https:\/\/tyrving.idrett.no\/10\/f\/wp-json\/wp\/v2\/categories?post=15504"},{"taxonomy":"post_tag","embeddable":true,"href":"https:\/\/tyrving.idrett.no\/10\/f\/wp-json\/wp\/v2\/tags?post=15504"}],"curies":[{"name":"wp","href":"https:\/\/api.w.org\/{rel}","templated":true}]}}