{"id":15526,"date":"2016-04-24T22:28:19","date_gmt":"2016-04-24T20:28:19","guid":{"rendered":"http:\/\/tyrving.idrett.no\/10\/f\/?p=15526"},"modified":"2016-08-09T18:28:37","modified_gmt":"2016-08-09T16:28:37","slug":"76-lag-lop-tyrvingstafetten","status":"publish","type":"post","link":"https:\/\/tyrving.idrett.no\/10\/f\/2016\/04\/24\/76-lag-lop-tyrvingstafetten\/","title":{"rendered":"76 lag l\u00f8p Tyrvingstafetten"},"content":{"rendered":"<p>L\u00f8pere fra mange klubber i Oslo, Akershus, Buskerud, Telemark og Vestfold deltok da \u00e5rets Tyrvingstafett ble avholdt p\u00e5 Kalv\u00f8ya s\u00f8ndag 24. april. \u00a0Stor innsats av de mange l\u00f8perne og kaldt v\u00e6r, er vel det vi setter igjen med av inntrykk etter denne s\u00f8ndagen.<\/p>\n<p>Vi gratulerer l\u00f8pere fra Lambertseter, Ull\/Kisa, Nittedal og Tyrving x 2 som vant hver sine klasser i \u00e5rets stafett. \u00a0Resultatene ser man via denne linken:\u00a0<a href=\"http:\/\/tyrving.idrett.no\/10\/f\/files\/2016\/04\/2016-Resultater-Tyrvingstafetten.pdf\" rel=\"\">2016 Resultater Tyrvingstafetten<\/a><\/p>\n<p><a href=\"http:\/\/tyrving.idrett.no\/10\/f\/files\/2016\/04\/13101016_1168799213133109_84064023_n.jpg\" rel=\"attachment wp-att-15539\"><img decoding=\"async\" loading=\"lazy\" class=\"alignright wp-image-15539\" src=\"http:\/\/tyrving.idrett.no\/10\/f\/files\/2016\/04\/13101016_1168799213133109_84064023_n.jpg\" alt=\"13101016_1168799213133109_84064023_n\" width=\"946\" height=\"709\" srcset=\"https:\/\/tyrving.idrett.no\/10\/f\/files\/2016\/04\/13101016_1168799213133109_84064023_n.jpg 960w, https:\/\/tyrving.idrett.no\/10\/f\/files\/2016\/04\/13101016_1168799213133109_84064023_n-300x225.jpg 300w, https:\/\/tyrving.idrett.no\/10\/f\/files\/2016\/04\/13101016_1168799213133109_84064023_n-768x576.jpg 768w, https:\/\/tyrving.idrett.no\/10\/f\/files\/2016\/04\/13101016_1168799213133109_84064023_n-600x450.jpg 600w\" sizes=\"(max-width: 946px) 100vw, 946px\" \/><\/a><\/p>\n<p><a href=\"http:\/\/tyrving.idrett.no\/10\/f\/files\/2016\/04\/DSC02625.jpg\" rel=\"attachment wp-att-15528\"><img decoding=\"async\" loading=\"lazy\" class=\"alignright size-full wp-image-15528\" src=\"http:\/\/tyrving.idrett.no\/10\/f\/files\/2016\/04\/DSC02625.jpg\" alt=\"DSC02625\" width=\"3568\" height=\"2000\" srcset=\"https:\/\/tyrving.idrett.no\/10\/f\/files\/2016\/04\/DSC02625.jpg 3568w, https:\/\/tyrving.idrett.no\/10\/f\/files\/2016\/04\/DSC02625-300x168.jpg 300w, https:\/\/tyrving.idrett.no\/10\/f\/files\/2016\/04\/DSC02625-768x430.jpg 768w, https:\/\/tyrving.idrett.no\/10\/f\/files\/2016\/04\/DSC02625-1024x574.jpg 1024w, https:\/\/tyrving.idrett.no\/10\/f\/files\/2016\/04\/DSC02625-600x336.jpg 600w\" sizes=\"(max-width: 3568px) 100vw, 3568px\" \/><\/a> <a href=\"http:\/\/tyrving.idrett.no\/10\/f\/files\/2016\/04\/DSC02618.jpg\" rel=\"attachment wp-att-15529\"><img decoding=\"async\" loading=\"lazy\" class=\"alignright size-full wp-image-15529\" src=\"http:\/\/tyrving.idrett.no\/10\/f\/files\/2016\/04\/DSC02618.jpg\" alt=\"DSC02618\" width=\"3568\" height=\"2000\" srcset=\"https:\/\/tyrving.idrett.no\/10\/f\/files\/2016\/04\/DSC02618.jpg 3568w, https:\/\/tyrving.idrett.no\/10\/f\/files\/2016\/04\/DSC02618-300x168.jpg 300w, https:\/\/tyrving.idrett.no\/10\/f\/files\/2016\/04\/DSC02618-768x430.jpg 768w, https:\/\/tyrving.idrett.no\/10\/f\/files\/2016\/04\/DSC02618-1024x574.jpg 1024w, https:\/\/tyrving.idrett.no\/10\/f\/files\/2016\/04\/DSC02618-600x336.jpg 600w\" sizes=\"(max-width: 3568px) 100vw, 3568px\" \/><\/a> <a href=\"http:\/\/tyrving.idrett.no\/10\/f\/files\/2016\/04\/DSC02619.jpg\" rel=\"attachment wp-att-15530\"><img decoding=\"async\" loading=\"lazy\" class=\"alignright size-full wp-image-15530\" src=\"http:\/\/tyrving.idrett.no\/10\/f\/files\/2016\/04\/DSC02619.jpg\" alt=\"DSC02619\" width=\"3568\" height=\"2000\" srcset=\"https:\/\/tyrving.idrett.no\/10\/f\/files\/2016\/04\/DSC02619.jpg 3568w, https:\/\/tyrving.idrett.no\/10\/f\/files\/2016\/04\/DSC02619-300x168.jpg 300w, https:\/\/tyrving.idrett.no\/10\/f\/files\/2016\/04\/DSC02619-768x430.jpg 768w, https:\/\/tyrving.idrett.no\/10\/f\/files\/2016\/04\/DSC02619-1024x574.jpg 1024w, https:\/\/tyrving.idrett.no\/10\/f\/files\/2016\/04\/DSC02619-600x336.jpg 600w\" sizes=\"(max-width: 3568px) 100vw, 3568px\" \/><\/a> <a href=\"http:\/\/tyrving.idrett.no\/10\/f\/files\/2016\/04\/DSC02620.jpg\" rel=\"attachment wp-att-15531\"><img decoding=\"async\" loading=\"lazy\" class=\"alignright size-full wp-image-15531\" src=\"http:\/\/tyrving.idrett.no\/10\/f\/files\/2016\/04\/DSC02620.jpg\" alt=\"DSC02620\" width=\"3568\" height=\"2000\" srcset=\"https:\/\/tyrving.idrett.no\/10\/f\/files\/2016\/04\/DSC02620.jpg 3568w, https:\/\/tyrving.idrett.no\/10\/f\/files\/2016\/04\/DSC02620-300x168.jpg 300w, https:\/\/tyrving.idrett.no\/10\/f\/files\/2016\/04\/DSC02620-768x430.jpg 768w, https:\/\/tyrving.idrett.no\/10\/f\/files\/2016\/04\/DSC02620-1024x574.jpg 1024w, https:\/\/tyrving.idrett.no\/10\/f\/files\/2016\/04\/DSC02620-600x336.jpg 600w\" sizes=\"(max-width: 3568px) 100vw, 3568px\" \/><\/a> <a href=\"http:\/\/tyrving.idrett.no\/10\/f\/files\/2016\/04\/DSC02622.jpg\" rel=\"attachment wp-att-15532\"><img decoding=\"async\" loading=\"lazy\" class=\"alignright size-full wp-image-15532\" src=\"http:\/\/tyrving.idrett.no\/10\/f\/files\/2016\/04\/DSC02622.jpg\" alt=\"DSC02622\" width=\"3568\" height=\"2000\" srcset=\"https:\/\/tyrving.idrett.no\/10\/f\/files\/2016\/04\/DSC02622.jpg 3568w, https:\/\/tyrving.idrett.no\/10\/f\/files\/2016\/04\/DSC02622-300x168.jpg 300w, https:\/\/tyrving.idrett.no\/10\/f\/files\/2016\/04\/DSC02622-768x430.jpg 768w, https:\/\/tyrving.idrett.no\/10\/f\/files\/2016\/04\/DSC02622-1024x574.jpg 1024w, https:\/\/tyrving.idrett.no\/10\/f\/files\/2016\/04\/DSC02622-600x336.jpg 600w\" sizes=\"(max-width: 3568px) 100vw, 3568px\" \/><\/a> <a href=\"http:\/\/tyrving.idrett.no\/10\/f\/files\/2016\/04\/DSC02629.jpg\" rel=\"attachment wp-att-15533\"><img decoding=\"async\" loading=\"lazy\" class=\"alignright size-full wp-image-15533\" src=\"http:\/\/tyrving.idrett.no\/10\/f\/files\/2016\/04\/DSC02629.jpg\" alt=\"DSC02629\" width=\"3568\" height=\"2000\" srcset=\"https:\/\/tyrving.idrett.no\/10\/f\/files\/2016\/04\/DSC02629.jpg 3568w, https:\/\/tyrving.idrett.no\/10\/f\/files\/2016\/04\/DSC02629-300x168.jpg 300w, https:\/\/tyrving.idrett.no\/10\/f\/files\/2016\/04\/DSC02629-768x430.jpg 768w, https:\/\/tyrving.idrett.no\/10\/f\/files\/2016\/04\/DSC02629-1024x574.jpg 1024w, https:\/\/tyrving.idrett.no\/10\/f\/files\/2016\/04\/DSC02629-600x336.jpg 600w\" sizes=\"(max-width: 3568px) 100vw, 3568px\" \/><\/a> <a href=\"http:\/\/tyrving.idrett.no\/10\/f\/files\/2016\/04\/DSC02632.jpg\" rel=\"attachment wp-att-15534\"><img decoding=\"async\" loading=\"lazy\" class=\"alignright size-full wp-image-15534\" src=\"http:\/\/tyrving.idrett.no\/10\/f\/files\/2016\/04\/DSC02632.jpg\" alt=\"DSC02632\" width=\"3648\" height=\"2056\" srcset=\"https:\/\/tyrving.idrett.no\/10\/f\/files\/2016\/04\/DSC02632.jpg 3648w, https:\/\/tyrving.idrett.no\/10\/f\/files\/2016\/04\/DSC02632-300x169.jpg 300w, https:\/\/tyrving.idrett.no\/10\/f\/files\/2016\/04\/DSC02632-768x433.jpg 768w, https:\/\/tyrving.idrett.no\/10\/f\/files\/2016\/04\/DSC02632-1024x577.jpg 1024w, https:\/\/tyrving.idrett.no\/10\/f\/files\/2016\/04\/DSC02632-600x338.jpg 600w\" sizes=\"(max-width: 3648px) 100vw, 3648px\" \/><\/a> <a href=\"http:\/\/tyrving.idrett.no\/10\/f\/files\/2016\/04\/IMG_2270.jpg\" rel=\"attachment wp-att-15535\"><img decoding=\"async\" loading=\"lazy\" class=\"alignright size-full wp-image-15535\" src=\"http:\/\/tyrving.idrett.no\/10\/f\/files\/2016\/04\/IMG_2270.jpg\" alt=\"IMG_2270\" width=\"1632\" height=\"1224\" srcset=\"https:\/\/tyrving.idrett.no\/10\/f\/files\/2016\/04\/IMG_2270.jpg 1632w, https:\/\/tyrving.idrett.no\/10\/f\/files\/2016\/04\/IMG_2270-300x225.jpg 300w, https:\/\/tyrving.idrett.no\/10\/f\/files\/2016\/04\/IMG_2270-768x576.jpg 768w, https:\/\/tyrving.idrett.no\/10\/f\/files\/2016\/04\/IMG_2270-1024x768.jpg 1024w, https:\/\/tyrving.idrett.no\/10\/f\/files\/2016\/04\/IMG_2270-600x450.jpg 600w\" sizes=\"(max-width: 1632px) 100vw, 1632px\" \/><\/a> <a href=\"http:\/\/tyrving.idrett.no\/10\/f\/files\/2016\/04\/IMG_2273.jpg\" rel=\"attachment wp-att-15536\"><img decoding=\"async\" loading=\"lazy\" class=\"alignright size-full wp-image-15536\" src=\"http:\/\/tyrving.idrett.no\/10\/f\/files\/2016\/04\/IMG_2273.jpg\" alt=\"IMG_2273\" width=\"1632\" height=\"1224\" srcset=\"https:\/\/tyrving.idrett.no\/10\/f\/files\/2016\/04\/IMG_2273.jpg 1632w, https:\/\/tyrving.idrett.no\/10\/f\/files\/2016\/04\/IMG_2273-300x225.jpg 300w, https:\/\/tyrving.idrett.no\/10\/f\/files\/2016\/04\/IMG_2273-768x576.jpg 768w, https:\/\/tyrving.idrett.no\/10\/f\/files\/2016\/04\/IMG_2273-1024x768.jpg 1024w, https:\/\/tyrving.idrett.no\/10\/f\/files\/2016\/04\/IMG_2273-600x450.jpg 600w\" sizes=\"(max-width: 1632px) 100vw, 1632px\" \/><\/a><\/p>\n","protected":false},"excerpt":{"rendered":"L\u00f8pere fra mange klubber i Oslo, Akershus, Buskerud, Telemark og Vestfold deltok da \u00e5rets Tyrvingstafett ble avholdt p\u00e5 Kalv\u00f8ya s\u00f8ndag 24. april. \u00a0Stor innsats av de mange l\u00f8perne og kaldt v\u00e6r, er vel&#8230;","protected":false},"author":2,"featured_media":15528,"comment_status":"open","ping_status":"open","sticky":false,"template":"","format":"standard","meta":{"footnotes":"","_jetpack_memberships_contains_paid_content":false},"categories":[1],"tags":[25],"acf":[],"yoast_head":"<!-- This site is optimized with the Yoast SEO plugin v21.2 - https:\/\/yoast.com\/wordpress\/plugins\/seo\/ -->\n<title>76 lag l\u00f8p Tyrvingstafetten - Tyrving - Friidrett<\/title>\n<meta name=\"robots\" content=\"index, follow, max-snippet:-1, max-image-preview:large, max-video-preview:-1\" \/>\n<link rel=\"canonical\" href=\"https:\/\/tyrving.idrett.no\/10\/f\/2016\/04\/24\/76-lag-lop-tyrvingstafetten\/\" \/>\n<meta property=\"og:locale\" content=\"nb_NO\" \/>\n<meta property=\"og:type\" content=\"article\" \/>\n<meta property=\"og:title\" content=\"76 lag l\u00f8p Tyrvingstafetten - Tyrving - Friidrett\" \/>\n<meta property=\"og:description\" content=\"L\u00f8pere fra mange klubber i Oslo, Akershus, Buskerud, Telemark og Vestfold deltok da \u00e5rets Tyrvingstafett ble avholdt p\u00e5 Kalv\u00f8ya s\u00f8ndag 24. april. \u00a0Stor innsats av de mange l\u00f8perne og kaldt v\u00e6r, er vel...\" \/>\n<meta property=\"og:url\" content=\"https:\/\/tyrving.idrett.no\/10\/f\/2016\/04\/24\/76-lag-lop-tyrvingstafetten\/\" \/>\n<meta property=\"og:site_name\" content=\"Tyrving - Friidrett\" \/>\n<meta property=\"article:published_time\" content=\"2016-04-24T20:28:19+00:00\" \/>\n<meta property=\"article:modified_time\" content=\"2016-08-09T16:28:37+00:00\" \/>\n<meta property=\"og:image\" content=\"https:\/\/tyrving.idrett.no\/10\/f\/files\/2016\/04\/DSC02625-1024x574.jpg\" \/>\n\t<meta property=\"og:image:width\" content=\"1024\" \/>\n\t<meta property=\"og:image:height\" content=\"574\" \/>\n\t<meta property=\"og:image:type\" content=\"image\/jpeg\" \/>\n<meta name=\"author\" content=\"Kirsten Larsen\" \/>\n<meta name=\"twitter:card\" content=\"summary_large_image\" \/>\n<meta name=\"twitter:label1\" content=\"Skrevet av\" \/>\n\t<meta name=\"twitter:data1\" content=\"Kirsten Larsen\" \/>\n<script type=\"application\/ld+json\" class=\"yoast-schema-graph\">{\"@context\":\"https:\/\/schema.org\",\"@graph\":[{\"@type\":\"Article\",\"@id\":\"https:\/\/tyrving.idrett.no\/10\/f\/2016\/04\/24\/76-lag-lop-tyrvingstafetten\/#article\",\"isPartOf\":{\"@id\":\"https:\/\/tyrving.idrett.no\/10\/f\/2016\/04\/24\/76-lag-lop-tyrvingstafetten\/\"},\"author\":{\"name\":\"Kirsten Larsen\",\"@id\":\"https:\/\/tyrving.idrett.no\/10\/f\/#\/schema\/person\/9d33b15b4997b99c21c6e0b044d8bfd3\"},\"headline\":\"76 lag l\u00f8p Tyrvingstafetten\",\"datePublished\":\"2016-04-24T20:28:19+00:00\",\"dateModified\":\"2016-08-09T16:28:37+00:00\",\"mainEntityOfPage\":{\"@id\":\"https:\/\/tyrving.idrett.no\/10\/f\/2016\/04\/24\/76-lag-lop-tyrvingstafetten\/\"},\"wordCount\":80,\"commentCount\":0,\"publisher\":{\"@id\":\"https:\/\/tyrving.idrett.no\/10\/f\/#organization\"},\"keywords\":[\"Tyrvingstafetten\"],\"articleSection\":[\"Nyheter\"],\"inLanguage\":\"nb-NO\",\"potentialAction\":[{\"@type\":\"CommentAction\",\"name\":\"Comment\",\"target\":[\"https:\/\/tyrving.idrett.no\/10\/f\/2016\/04\/24\/76-lag-lop-tyrvingstafetten\/#respond\"]}]},{\"@type\":\"WebPage\",\"@id\":\"https:\/\/tyrving.idrett.no\/10\/f\/2016\/04\/24\/76-lag-lop-tyrvingstafetten\/\",\"url\":\"https:\/\/tyrving.idrett.no\/10\/f\/2016\/04\/24\/76-lag-lop-tyrvingstafetten\/\",\"name\":\"76 lag l\u00f8p Tyrvingstafetten - Tyrving - Friidrett\",\"isPartOf\":{\"@id\":\"https:\/\/tyrving.idrett.no\/10\/f\/#website\"},\"datePublished\":\"2016-04-24T20:28:19+00:00\",\"dateModified\":\"2016-08-09T16:28:37+00:00\",\"breadcrumb\":{\"@id\":\"https:\/\/tyrving.idrett.no\/10\/f\/2016\/04\/24\/76-lag-lop-tyrvingstafetten\/#breadcrumb\"},\"inLanguage\":\"nb-NO\",\"potentialAction\":[{\"@type\":\"ReadAction\",\"target\":[\"https:\/\/tyrving.idrett.no\/10\/f\/2016\/04\/24\/76-lag-lop-tyrvingstafetten\/\"]}]},{\"@type\":\"BreadcrumbList\",\"@id\":\"https:\/\/tyrving.idrett.no\/10\/f\/2016\/04\/24\/76-lag-lop-tyrvingstafetten\/#breadcrumb\",\"itemListElement\":[{\"@type\":\"ListItem\",\"position\":1,\"name\":\"Hjem\",\"item\":\"https:\/\/tyrving.idrett.no\/10\/f\/\"},{\"@type\":\"ListItem\",\"position\":2,\"name\":\"76 lag l\u00f8p Tyrvingstafetten\"}]},{\"@type\":\"WebSite\",\"@id\":\"https:\/\/tyrving.idrett.no\/10\/f\/#website\",\"url\":\"https:\/\/tyrving.idrett.no\/10\/f\/\",\"name\":\"Tyrving - Friidrett\",\"description\":\"Friidrettsgruppa\",\"publisher\":{\"@id\":\"https:\/\/tyrving.idrett.no\/10\/f\/#organization\"},\"potentialAction\":[{\"@type\":\"SearchAction\",\"target\":{\"@type\":\"EntryPoint\",\"urlTemplate\":\"https:\/\/tyrving.idrett.no\/10\/f\/?s={search_term_string}\"},\"query-input\":\"required name=search_term_string\"}],\"inLanguage\":\"nb-NO\"},{\"@type\":\"Organization\",\"@id\":\"https:\/\/tyrving.idrett.no\/10\/f\/#organization\",\"name\":\"Tyrving Friidrettsgruppa\",\"url\":\"https:\/\/tyrving.idrett.no\/10\/f\/\",\"logo\":{\"@type\":\"ImageObject\",\"inLanguage\":\"nb-NO\",\"@id\":\"https:\/\/tyrving.idrett.no\/10\/f\/#\/schema\/logo\/image\/\",\"url\":\"https:\/\/tyrving.idrett.no\/10\/f\/files\/2019\/04\/Tyrving-Logo-Friidrett-2019.jpg\",\"contentUrl\":\"https:\/\/tyrving.idrett.no\/10\/f\/files\/2019\/04\/Tyrving-Logo-Friidrett-2019.jpg\",\"width\":460,\"height\":360,\"caption\":\"Tyrving Friidrettsgruppa\"},\"image\":{\"@id\":\"https:\/\/tyrving.idrett.no\/10\/f\/#\/schema\/logo\/image\/\"}},{\"@type\":\"Person\",\"@id\":\"https:\/\/tyrving.idrett.no\/10\/f\/#\/schema\/person\/9d33b15b4997b99c21c6e0b044d8bfd3\",\"name\":\"Kirsten Larsen\",\"image\":{\"@type\":\"ImageObject\",\"inLanguage\":\"nb-NO\",\"@id\":\"https:\/\/tyrving.idrett.no\/10\/f\/#\/schema\/person\/image\/\",\"url\":\"https:\/\/secure.gravatar.com\/avatar\/2924b58c2b807e7f70945c639540a744?s=96&d=mm&r=g\",\"contentUrl\":\"https:\/\/secure.gravatar.com\/avatar\/2924b58c2b807e7f70945c639540a744?s=96&d=mm&r=g\",\"caption\":\"Kirsten Larsen\"}}]}<\/script>\n<!-- \/ Yoast SEO plugin. -->","yoast_head_json":{"title":"76 lag l\u00f8p Tyrvingstafetten - Tyrving - Friidrett","robots":{"index":"index","follow":"follow","max-snippet":"max-snippet:-1","max-image-preview":"max-image-preview:large","max-video-preview":"max-video-preview:-1"},"canonical":"https:\/\/tyrving.idrett.no\/10\/f\/2016\/04\/24\/76-lag-lop-tyrvingstafetten\/","og_locale":"nb_NO","og_type":"article","og_title":"76 lag l\u00f8p Tyrvingstafetten - Tyrving - Friidrett","og_description":"L\u00f8pere fra mange klubber i Oslo, Akershus, Buskerud, Telemark og Vestfold deltok da \u00e5rets Tyrvingstafett ble avholdt p\u00e5 Kalv\u00f8ya s\u00f8ndag 24. april. \u00a0Stor innsats av de mange l\u00f8perne og kaldt v\u00e6r, er vel...","og_url":"https:\/\/tyrving.idrett.no\/10\/f\/2016\/04\/24\/76-lag-lop-tyrvingstafetten\/","og_site_name":"Tyrving - Friidrett","article_published_time":"2016-04-24T20:28:19+00:00","article_modified_time":"2016-08-09T16:28:37+00:00","og_image":[{"width":1024,"height":574,"url":"https:\/\/tyrving.idrett.no\/10\/f\/files\/2016\/04\/DSC02625-1024x574.jpg","type":"image\/jpeg"}],"author":"Kirsten Larsen","twitter_card":"summary_large_image","twitter_misc":{"Skrevet av":"Kirsten Larsen"},"schema":{"@context":"https:\/\/schema.org","@graph":[{"@type":"Article","@id":"https:\/\/tyrving.idrett.no\/10\/f\/2016\/04\/24\/76-lag-lop-tyrvingstafetten\/#article","isPartOf":{"@id":"https:\/\/tyrving.idrett.no\/10\/f\/2016\/04\/24\/76-lag-lop-tyrvingstafetten\/"},"author":{"name":"Kirsten Larsen","@id":"https:\/\/tyrving.idrett.no\/10\/f\/#\/schema\/person\/9d33b15b4997b99c21c6e0b044d8bfd3"},"headline":"76 lag l\u00f8p Tyrvingstafetten","datePublished":"2016-04-24T20:28:19+00:00","dateModified":"2016-08-09T16:28:37+00:00","mainEntityOfPage":{"@id":"https:\/\/tyrving.idrett.no\/10\/f\/2016\/04\/24\/76-lag-lop-tyrvingstafetten\/"},"wordCount":80,"commentCount":0,"publisher":{"@id":"https:\/\/tyrving.idrett.no\/10\/f\/#organization"},"keywords":["Tyrvingstafetten"],"articleSection":["Nyheter"],"inLanguage":"nb-NO","potentialAction":[{"@type":"CommentAction","name":"Comment","target":["https:\/\/tyrving.idrett.no\/10\/f\/2016\/04\/24\/76-lag-lop-tyrvingstafetten\/#respond"]}]},{"@type":"WebPage","@id":"https:\/\/tyrving.idrett.no\/10\/f\/2016\/04\/24\/76-lag-lop-tyrvingstafetten\/","url":"https:\/\/tyrving.idrett.no\/10\/f\/2016\/04\/24\/76-lag-lop-tyrvingstafetten\/","name":"76 lag l\u00f8p Tyrvingstafetten - Tyrving - Friidrett","isPartOf":{"@id":"https:\/\/tyrving.idrett.no\/10\/f\/#website"},"datePublished":"2016-04-24T20:28:19+00:00","dateModified":"2016-08-09T16:28:37+00:00","breadcrumb":{"@id":"https:\/\/tyrving.idrett.no\/10\/f\/2016\/04\/24\/76-lag-lop-tyrvingstafetten\/#breadcrumb"},"inLanguage":"nb-NO","potentialAction":[{"@type":"ReadAction","target":["https:\/\/tyrving.idrett.no\/10\/f\/2016\/04\/24\/76-lag-lop-tyrvingstafetten\/"]}]},{"@type":"BreadcrumbList","@id":"https:\/\/tyrving.idrett.no\/10\/f\/2016\/04\/24\/76-lag-lop-tyrvingstafetten\/#breadcrumb","itemListElement":[{"@type":"ListItem","position":1,"name":"Hjem","item":"https:\/\/tyrving.idrett.no\/10\/f\/"},{"@type":"ListItem","position":2,"name":"76 lag l\u00f8p Tyrvingstafetten"}]},{"@type":"WebSite","@id":"https:\/\/tyrving.idrett.no\/10\/f\/#website","url":"https:\/\/tyrving.idrett.no\/10\/f\/","name":"Tyrving - Friidrett","description":"Friidrettsgruppa","publisher":{"@id":"https:\/\/tyrving.idrett.no\/10\/f\/#organization"},"potentialAction":[{"@type":"SearchAction","target":{"@type":"EntryPoint","urlTemplate":"https:\/\/tyrving.idrett.no\/10\/f\/?s={search_term_string}"},"query-input":"required name=search_term_string"}],"inLanguage":"nb-NO"},{"@type":"Organization","@id":"https:\/\/tyrving.idrett.no\/10\/f\/#organization","name":"Tyrving Friidrettsgruppa","url":"https:\/\/tyrving.idrett.no\/10\/f\/","logo":{"@type":"ImageObject","inLanguage":"nb-NO","@id":"https:\/\/tyrving.idrett.no\/10\/f\/#\/schema\/logo\/image\/","url":"https:\/\/tyrving.idrett.no\/10\/f\/files\/2019\/04\/Tyrving-Logo-Friidrett-2019.jpg","contentUrl":"https:\/\/tyrving.idrett.no\/10\/f\/files\/2019\/04\/Tyrving-Logo-Friidrett-2019.jpg","width":460,"height":360,"caption":"Tyrving Friidrettsgruppa"},"image":{"@id":"https:\/\/tyrving.idrett.no\/10\/f\/#\/schema\/logo\/image\/"}},{"@type":"Person","@id":"https:\/\/tyrving.idrett.no\/10\/f\/#\/schema\/person\/9d33b15b4997b99c21c6e0b044d8bfd3","name":"Kirsten Larsen","image":{"@type":"ImageObject","inLanguage":"nb-NO","@id":"https:\/\/tyrving.idrett.no\/10\/f\/#\/schema\/person\/image\/","url":"https:\/\/secure.gravatar.com\/avatar\/2924b58c2b807e7f70945c639540a744?s=96&d=mm&r=g","contentUrl":"https:\/\/secure.gravatar.com\/avatar\/2924b58c2b807e7f70945c639540a744?s=96&d=mm&r=g","caption":"Kirsten Larsen"}}]}},"jetpack_sharing_enabled":true,"jetpack_featured_media_url":"https:\/\/tyrving.idrett.no\/10\/f\/files\/2016\/04\/DSC02625.jpg","_links":{"self":[{"href":"https:\/\/tyrving.idrett.no\/10\/f\/wp-json\/wp\/v2\/posts\/15526"}],"collection":[{"href":"https:\/\/tyrving.idrett.no\/10\/f\/wp-json\/wp\/v2\/posts"}],"about":[{"href":"https:\/\/tyrving.idrett.no\/10\/f\/wp-json\/wp\/v2\/types\/post"}],"author":[{"embeddable":true,"href":"https:\/\/tyrving.idrett.no\/10\/f\/wp-json\/wp\/v2\/users\/2"}],"replies":[{"embeddable":true,"href":"https:\/\/tyrving.idrett.no\/10\/f\/wp-json\/wp\/v2\/comments?post=15526"}],"version-history":[{"count":3,"href":"https:\/\/tyrving.idrett.no\/10\/f\/wp-json\/wp\/v2\/posts\/15526\/revisions"}],"predecessor-version":[{"id":15538,"href":"https:\/\/tyrving.idrett.no\/10\/f\/wp-json\/wp\/v2\/posts\/15526\/revisions\/15538"}],"wp:featuredmedia":[{"embeddable":true,"href":"https:\/\/tyrving.idrett.no\/10\/f\/wp-json\/wp\/v2\/media\/15528"}],"wp:attachment":[{"href":"https:\/\/tyrving.idrett.no\/10\/f\/wp-json\/wp\/v2\/media?parent=15526"}],"wp:term":[{"taxonomy":"category","embeddable":true,"href":"https:\/\/tyrving.idrett.no\/10\/f\/wp-json\/wp\/v2\/categories?post=15526"},{"taxonomy":"post_tag","embeddable":true,"href":"https:\/\/tyrving.idrett.no\/10\/f\/wp-json\/wp\/v2\/tags?post=15526"}],"curies":[{"name":"wp","href":"https:\/\/api.w.org\/{rel}","templated":true}]}}