{"id":15555,"date":"2016-04-26T14:08:18","date_gmt":"2016-04-26T12:08:18","guid":{"rendered":"http:\/\/tyrving.idrett.no\/10\/f\/?p=15555"},"modified":"2016-04-26T14:08:18","modified_gmt":"2016-04-26T12:08:18","slug":"seier-til-mille","status":"publish","type":"post","link":"https:\/\/tyrving.idrett.no\/10\/f\/2016\/04\/26\/seier-til-mille\/","title":{"rendered":"Seier til Mille"},"content":{"rendered":"<p>Vi gratulerer Mille Baastad Berg (12 \u00e5r) med seier i klassen 12\/13 \u00e5r. \u00a0Tyrving var godt representert p\u00e5 Sentrumsl\u00f8pet og til tross for sn\u00f8v\u00e6r ved start ble det bedre v\u00e6r underveis i l\u00f8pet. Mange gjennomf\u00f8rte for f\u00f8rste gang og fortalte etterp\u00e5 at dette ga mersmak. God stemning, 11.000 p\u00e5meldte og en fin l\u00f8ype fra Karl Johannsgate, forbi Slottet, gjennom Frogner og rundt Frognerparken. Videre ned til Bygd\u00f8y Alle, R\u00e5dhuset og s\u00e5 full fart forbi Akershus Festning og spurt opp Karl Johan med m\u00e5l etter Egertorget. Dette gj\u00f8r sitt til at det blir g\u00f8y \u00e5 l\u00f8pe! Det ble ogs\u00e5 noen gode plasseringer for Tyrving med 3 palleplasser. Neste store l\u00f8psfest blir p\u00e5 hjemmebane \u00a0&#8211; f\u00f8rst KM terrengl\u00f8p p\u00e5 Gullhaug 5. mai og deretter Fornebul\u00f8pet p\u00e5 Fornebu 25. mai. \u00a0P\u00e5 begge disse l\u00f8pene h\u00e5per \u00e5 se mange Tyrving ut\u00f8vere &#8211; i alle aldre.<\/p>\n<p><strong>TYRVING-UT\u00d8VERE P\u00c5 SENTRUMSL\u00d8PET:<\/strong><\/p>\n<table width=\"551\">\n<tbody>\n<tr>\n<td width=\"129\"><strong>Plassering<\/strong><\/td>\n<td width=\"163\"><strong>Navn<\/strong><\/td>\n<td width=\"129\"><strong>Klasse<\/strong><\/td>\n<td width=\"129\"><strong>Tid<\/strong><\/td>\n<\/tr>\n<tr>\n<td width=\"129\">1<\/td>\n<td width=\"163\">Mille Baastad Berg<\/td>\n<td width=\"129\">K12-13<\/td>\n<td width=\"129\">42:51:00<\/td>\n<\/tr>\n<tr>\n<td width=\"129\">2<\/td>\n<td width=\"163\">Maxim Tj\u00f8tta<\/td>\n<td width=\"129\">M18-19<\/td>\n<td width=\"129\">33:28:00<\/td>\n<\/tr>\n<tr>\n<td width=\"129\">3<\/td>\n<td width=\"163\">Aleksander Holmboe<\/td>\n<td width=\"129\">M14-15<\/td>\n<td width=\"129\">34:51:00<\/td>\n<\/tr>\n<tr>\n<td width=\"129\">4<\/td>\n<td width=\"163\">Nikolai Holmboe<\/td>\n<td width=\"129\">M14-15<\/td>\n<td width=\"129\">34:55:00<\/td>\n<\/tr>\n<tr>\n<td width=\"129\">4<\/td>\n<td width=\"163\">Emma Str\u00f8m<\/td>\n<td width=\"129\">K14-15<\/td>\n<td width=\"129\">43:23:00<\/td>\n<\/tr>\n<tr>\n<td width=\"129\">5<\/td>\n<td width=\"163\">Ingrun Alseth<\/td>\n<td width=\"129\">K50-54<\/td>\n<td width=\"129\">44:10:00<\/td>\n<\/tr>\n<tr>\n<td width=\"129\">7<\/td>\n<td width=\"163\">Jon Fiva<\/td>\n<td width=\"129\">M35-39<\/td>\n<td width=\"129\">33:21:00<\/td>\n<\/tr>\n<tr>\n<td width=\"129\">8<\/td>\n<td width=\"163\">Kajsa Jonasson<\/td>\n<td width=\"129\">K14-15<\/td>\n<td width=\"129\">46:44:00<\/td>\n<\/tr>\n<tr>\n<td width=\"129\">20<\/td>\n<td width=\"163\">Amund Mowinckel<\/td>\n<td width=\"129\">M40-44<\/td>\n<td width=\"129\">36:08:00<\/td>\n<\/tr>\n<tr>\n<td width=\"129\">39<\/td>\n<td width=\"163\">Jo Magnus Kleven<\/td>\n<td width=\"129\">M12-13<\/td>\n<td width=\"129\">56:59:00<\/td>\n<\/tr>\n<tr>\n<td width=\"129\">41<\/td>\n<td width=\"163\">Alfred R\u00f8st Aar\u00f8<\/td>\n<td width=\"129\">M12-13<\/td>\n<td width=\"129\">58:36:00<\/td>\n<\/tr>\n<tr>\n<td width=\"129\">48<\/td>\n<td width=\"163\">Ida Tiltnes<\/td>\n<td width=\"129\">K23-34<\/td>\n<td width=\"129\">42:24:00<\/td>\n<\/tr>\n<\/tbody>\n<\/table>\n","protected":false},"excerpt":{"rendered":"Vi gratulerer Mille Baastad Berg (12 \u00e5r) med seier i klassen 12\/13 \u00e5r. \u00a0Tyrving var godt representert p\u00e5 Sentrumsl\u00f8pet og til tross for sn\u00f8v\u00e6r ved start ble det bedre v\u00e6r underveis i l\u00f8pet. Mange gjen&#8230;","protected":false},"author":1,"featured_media":15557,"comment_status":"open","ping_status":"open","sticky":false,"template":"","format":"standard","meta":{"footnotes":"","_jetpack_memberships_contains_paid_content":false},"categories":[1],"tags":[],"acf":[],"yoast_head":"<!-- This site is optimized with the Yoast SEO plugin v21.2 - https:\/\/yoast.com\/wordpress\/plugins\/seo\/ -->\n<title>Seier til Mille - Tyrving - Friidrett<\/title>\n<meta name=\"robots\" content=\"index, follow, max-snippet:-1, max-image-preview:large, max-video-preview:-1\" \/>\n<link rel=\"canonical\" href=\"https:\/\/tyrving.idrett.no\/10\/f\/2016\/04\/26\/seier-til-mille\/\" \/>\n<meta property=\"og:locale\" content=\"nb_NO\" \/>\n<meta property=\"og:type\" content=\"article\" \/>\n<meta property=\"og:title\" content=\"Seier til Mille - Tyrving - Friidrett\" \/>\n<meta property=\"og:description\" content=\"Vi gratulerer Mille Baastad Berg (12 \u00e5r) med seier i klassen 12\/13 \u00e5r. \u00a0Tyrving var godt representert p\u00e5 Sentrumsl\u00f8pet og til tross for sn\u00f8v\u00e6r ved start ble det bedre v\u00e6r underveis i l\u00f8pet. Mange gjen...\" \/>\n<meta property=\"og:url\" content=\"https:\/\/tyrving.idrett.no\/10\/f\/2016\/04\/26\/seier-til-mille\/\" \/>\n<meta property=\"og:site_name\" content=\"Tyrving - Friidrett\" \/>\n<meta property=\"article:published_time\" content=\"2016-04-26T12:08:18+00:00\" \/>\n<meta property=\"og:image\" content=\"https:\/\/tyrving.idrett.no\/10\/f\/files\/2016\/04\/IMG_3295-1024x542.jpg\" \/>\n\t<meta property=\"og:image:width\" content=\"1024\" \/>\n\t<meta property=\"og:image:height\" content=\"542\" \/>\n\t<meta property=\"og:image:type\" content=\"image\/jpeg\" \/>\n<meta name=\"author\" content=\"admin\" \/>\n<meta name=\"twitter:card\" content=\"summary_large_image\" \/>\n<meta name=\"twitter:label1\" content=\"Skrevet av\" \/>\n\t<meta name=\"twitter:data1\" content=\"admin\" \/>\n\t<meta name=\"twitter:label2\" content=\"Ansl. lesetid\" \/>\n\t<meta name=\"twitter:data2\" content=\"1 minutt\" \/>\n<script type=\"application\/ld+json\" class=\"yoast-schema-graph\">{\"@context\":\"https:\/\/schema.org\",\"@graph\":[{\"@type\":\"Article\",\"@id\":\"https:\/\/tyrving.idrett.no\/10\/f\/2016\/04\/26\/seier-til-mille\/#article\",\"isPartOf\":{\"@id\":\"https:\/\/tyrving.idrett.no\/10\/f\/2016\/04\/26\/seier-til-mille\/\"},\"author\":{\"name\":\"admin\",\"@id\":\"https:\/\/tyrving.idrett.no\/10\/f\/#\/schema\/person\/b0b301ce26d13339293caf5c0bc7d286\"},\"headline\":\"Seier til Mille\",\"datePublished\":\"2016-04-26T12:08:18+00:00\",\"dateModified\":\"2016-04-26T12:08:18+00:00\",\"mainEntityOfPage\":{\"@id\":\"https:\/\/tyrving.idrett.no\/10\/f\/2016\/04\/26\/seier-til-mille\/\"},\"wordCount\":221,\"commentCount\":0,\"publisher\":{\"@id\":\"https:\/\/tyrving.idrett.no\/10\/f\/#organization\"},\"articleSection\":[\"Nyheter\"],\"inLanguage\":\"nb-NO\",\"potentialAction\":[{\"@type\":\"CommentAction\",\"name\":\"Comment\",\"target\":[\"https:\/\/tyrving.idrett.no\/10\/f\/2016\/04\/26\/seier-til-mille\/#respond\"]}]},{\"@type\":\"WebPage\",\"@id\":\"https:\/\/tyrving.idrett.no\/10\/f\/2016\/04\/26\/seier-til-mille\/\",\"url\":\"https:\/\/tyrving.idrett.no\/10\/f\/2016\/04\/26\/seier-til-mille\/\",\"name\":\"Seier til Mille - Tyrving - Friidrett\",\"isPartOf\":{\"@id\":\"https:\/\/tyrving.idrett.no\/10\/f\/#website\"},\"datePublished\":\"2016-04-26T12:08:18+00:00\",\"dateModified\":\"2016-04-26T12:08:18+00:00\",\"breadcrumb\":{\"@id\":\"https:\/\/tyrving.idrett.no\/10\/f\/2016\/04\/26\/seier-til-mille\/#breadcrumb\"},\"inLanguage\":\"nb-NO\",\"potentialAction\":[{\"@type\":\"ReadAction\",\"target\":[\"https:\/\/tyrving.idrett.no\/10\/f\/2016\/04\/26\/seier-til-mille\/\"]}]},{\"@type\":\"BreadcrumbList\",\"@id\":\"https:\/\/tyrving.idrett.no\/10\/f\/2016\/04\/26\/seier-til-mille\/#breadcrumb\",\"itemListElement\":[{\"@type\":\"ListItem\",\"position\":1,\"name\":\"Hjem\",\"item\":\"https:\/\/tyrving.idrett.no\/10\/f\/\"},{\"@type\":\"ListItem\",\"position\":2,\"name\":\"Seier til Mille\"}]},{\"@type\":\"WebSite\",\"@id\":\"https:\/\/tyrving.idrett.no\/10\/f\/#website\",\"url\":\"https:\/\/tyrving.idrett.no\/10\/f\/\",\"name\":\"Tyrving - Friidrett\",\"description\":\"Friidrettsgruppa\",\"publisher\":{\"@id\":\"https:\/\/tyrving.idrett.no\/10\/f\/#organization\"},\"potentialAction\":[{\"@type\":\"SearchAction\",\"target\":{\"@type\":\"EntryPoint\",\"urlTemplate\":\"https:\/\/tyrving.idrett.no\/10\/f\/?s={search_term_string}\"},\"query-input\":\"required name=search_term_string\"}],\"inLanguage\":\"nb-NO\"},{\"@type\":\"Organization\",\"@id\":\"https:\/\/tyrving.idrett.no\/10\/f\/#organization\",\"name\":\"Tyrving Friidrettsgruppa\",\"url\":\"https:\/\/tyrving.idrett.no\/10\/f\/\",\"logo\":{\"@type\":\"ImageObject\",\"inLanguage\":\"nb-NO\",\"@id\":\"https:\/\/tyrving.idrett.no\/10\/f\/#\/schema\/logo\/image\/\",\"url\":\"https:\/\/tyrving.idrett.no\/10\/f\/files\/2019\/04\/Tyrving-Logo-Friidrett-2019.jpg\",\"contentUrl\":\"https:\/\/tyrving.idrett.no\/10\/f\/files\/2019\/04\/Tyrving-Logo-Friidrett-2019.jpg\",\"width\":460,\"height\":360,\"caption\":\"Tyrving Friidrettsgruppa\"},\"image\":{\"@id\":\"https:\/\/tyrving.idrett.no\/10\/f\/#\/schema\/logo\/image\/\"}},{\"@type\":\"Person\",\"@id\":\"https:\/\/tyrving.idrett.no\/10\/f\/#\/schema\/person\/b0b301ce26d13339293caf5c0bc7d286\",\"name\":\"admin\",\"image\":{\"@type\":\"ImageObject\",\"inLanguage\":\"nb-NO\",\"@id\":\"https:\/\/tyrving.idrett.no\/10\/f\/#\/schema\/person\/image\/\",\"url\":\"https:\/\/secure.gravatar.com\/avatar\/4b0456acc2ea550a97d3a11ebb27598d?s=96&d=mm&r=g\",\"contentUrl\":\"https:\/\/secure.gravatar.com\/avatar\/4b0456acc2ea550a97d3a11ebb27598d?s=96&d=mm&r=g\",\"caption\":\"admin\"}}]}<\/script>\n<!-- \/ Yoast SEO plugin. -->","yoast_head_json":{"title":"Seier til Mille - Tyrving - Friidrett","robots":{"index":"index","follow":"follow","max-snippet":"max-snippet:-1","max-image-preview":"max-image-preview:large","max-video-preview":"max-video-preview:-1"},"canonical":"https:\/\/tyrving.idrett.no\/10\/f\/2016\/04\/26\/seier-til-mille\/","og_locale":"nb_NO","og_type":"article","og_title":"Seier til Mille - Tyrving - Friidrett","og_description":"Vi gratulerer Mille Baastad Berg (12 \u00e5r) med seier i klassen 12\/13 \u00e5r. \u00a0Tyrving var godt representert p\u00e5 Sentrumsl\u00f8pet og til tross for sn\u00f8v\u00e6r ved start ble det bedre v\u00e6r underveis i l\u00f8pet. Mange gjen...","og_url":"https:\/\/tyrving.idrett.no\/10\/f\/2016\/04\/26\/seier-til-mille\/","og_site_name":"Tyrving - Friidrett","article_published_time":"2016-04-26T12:08:18+00:00","og_image":[{"width":1024,"height":542,"url":"https:\/\/tyrving.idrett.no\/10\/f\/files\/2016\/04\/IMG_3295-1024x542.jpg","type":"image\/jpeg"}],"author":"admin","twitter_card":"summary_large_image","twitter_misc":{"Skrevet av":"admin","Ansl. lesetid":"1 minutt"},"schema":{"@context":"https:\/\/schema.org","@graph":[{"@type":"Article","@id":"https:\/\/tyrving.idrett.no\/10\/f\/2016\/04\/26\/seier-til-mille\/#article","isPartOf":{"@id":"https:\/\/tyrving.idrett.no\/10\/f\/2016\/04\/26\/seier-til-mille\/"},"author":{"name":"admin","@id":"https:\/\/tyrving.idrett.no\/10\/f\/#\/schema\/person\/b0b301ce26d13339293caf5c0bc7d286"},"headline":"Seier til Mille","datePublished":"2016-04-26T12:08:18+00:00","dateModified":"2016-04-26T12:08:18+00:00","mainEntityOfPage":{"@id":"https:\/\/tyrving.idrett.no\/10\/f\/2016\/04\/26\/seier-til-mille\/"},"wordCount":221,"commentCount":0,"publisher":{"@id":"https:\/\/tyrving.idrett.no\/10\/f\/#organization"},"articleSection":["Nyheter"],"inLanguage":"nb-NO","potentialAction":[{"@type":"CommentAction","name":"Comment","target":["https:\/\/tyrving.idrett.no\/10\/f\/2016\/04\/26\/seier-til-mille\/#respond"]}]},{"@type":"WebPage","@id":"https:\/\/tyrving.idrett.no\/10\/f\/2016\/04\/26\/seier-til-mille\/","url":"https:\/\/tyrving.idrett.no\/10\/f\/2016\/04\/26\/seier-til-mille\/","name":"Seier til Mille - Tyrving - Friidrett","isPartOf":{"@id":"https:\/\/tyrving.idrett.no\/10\/f\/#website"},"datePublished":"2016-04-26T12:08:18+00:00","dateModified":"2016-04-26T12:08:18+00:00","breadcrumb":{"@id":"https:\/\/tyrving.idrett.no\/10\/f\/2016\/04\/26\/seier-til-mille\/#breadcrumb"},"inLanguage":"nb-NO","potentialAction":[{"@type":"ReadAction","target":["https:\/\/tyrving.idrett.no\/10\/f\/2016\/04\/26\/seier-til-mille\/"]}]},{"@type":"BreadcrumbList","@id":"https:\/\/tyrving.idrett.no\/10\/f\/2016\/04\/26\/seier-til-mille\/#breadcrumb","itemListElement":[{"@type":"ListItem","position":1,"name":"Hjem","item":"https:\/\/tyrving.idrett.no\/10\/f\/"},{"@type":"ListItem","position":2,"name":"Seier til Mille"}]},{"@type":"WebSite","@id":"https:\/\/tyrving.idrett.no\/10\/f\/#website","url":"https:\/\/tyrving.idrett.no\/10\/f\/","name":"Tyrving - Friidrett","description":"Friidrettsgruppa","publisher":{"@id":"https:\/\/tyrving.idrett.no\/10\/f\/#organization"},"potentialAction":[{"@type":"SearchAction","target":{"@type":"EntryPoint","urlTemplate":"https:\/\/tyrving.idrett.no\/10\/f\/?s={search_term_string}"},"query-input":"required name=search_term_string"}],"inLanguage":"nb-NO"},{"@type":"Organization","@id":"https:\/\/tyrving.idrett.no\/10\/f\/#organization","name":"Tyrving Friidrettsgruppa","url":"https:\/\/tyrving.idrett.no\/10\/f\/","logo":{"@type":"ImageObject","inLanguage":"nb-NO","@id":"https:\/\/tyrving.idrett.no\/10\/f\/#\/schema\/logo\/image\/","url":"https:\/\/tyrving.idrett.no\/10\/f\/files\/2019\/04\/Tyrving-Logo-Friidrett-2019.jpg","contentUrl":"https:\/\/tyrving.idrett.no\/10\/f\/files\/2019\/04\/Tyrving-Logo-Friidrett-2019.jpg","width":460,"height":360,"caption":"Tyrving Friidrettsgruppa"},"image":{"@id":"https:\/\/tyrving.idrett.no\/10\/f\/#\/schema\/logo\/image\/"}},{"@type":"Person","@id":"https:\/\/tyrving.idrett.no\/10\/f\/#\/schema\/person\/b0b301ce26d13339293caf5c0bc7d286","name":"admin","image":{"@type":"ImageObject","inLanguage":"nb-NO","@id":"https:\/\/tyrving.idrett.no\/10\/f\/#\/schema\/person\/image\/","url":"https:\/\/secure.gravatar.com\/avatar\/4b0456acc2ea550a97d3a11ebb27598d?s=96&d=mm&r=g","contentUrl":"https:\/\/secure.gravatar.com\/avatar\/4b0456acc2ea550a97d3a11ebb27598d?s=96&d=mm&r=g","caption":"admin"}}]}},"jetpack_sharing_enabled":true,"jetpack_featured_media_url":"https:\/\/tyrving.idrett.no\/10\/f\/files\/2016\/04\/IMG_3295.jpg","_links":{"self":[{"href":"https:\/\/tyrving.idrett.no\/10\/f\/wp-json\/wp\/v2\/posts\/15555"}],"collection":[{"href":"https:\/\/tyrving.idrett.no\/10\/f\/wp-json\/wp\/v2\/posts"}],"about":[{"href":"https:\/\/tyrving.idrett.no\/10\/f\/wp-json\/wp\/v2\/types\/post"}],"author":[{"embeddable":true,"href":"https:\/\/tyrving.idrett.no\/10\/f\/wp-json\/wp\/v2\/users\/1"}],"replies":[{"embeddable":true,"href":"https:\/\/tyrving.idrett.no\/10\/f\/wp-json\/wp\/v2\/comments?post=15555"}],"version-history":[{"count":1,"href":"https:\/\/tyrving.idrett.no\/10\/f\/wp-json\/wp\/v2\/posts\/15555\/revisions"}],"predecessor-version":[{"id":15558,"href":"https:\/\/tyrving.idrett.no\/10\/f\/wp-json\/wp\/v2\/posts\/15555\/revisions\/15558"}],"wp:featuredmedia":[{"embeddable":true,"href":"https:\/\/tyrving.idrett.no\/10\/f\/wp-json\/wp\/v2\/media\/15557"}],"wp:attachment":[{"href":"https:\/\/tyrving.idrett.no\/10\/f\/wp-json\/wp\/v2\/media?parent=15555"}],"wp:term":[{"taxonomy":"category","embeddable":true,"href":"https:\/\/tyrving.idrett.no\/10\/f\/wp-json\/wp\/v2\/categories?post=15555"},{"taxonomy":"post_tag","embeddable":true,"href":"https:\/\/tyrving.idrett.no\/10\/f\/wp-json\/wp\/v2\/tags?post=15555"}],"curies":[{"name":"wp","href":"https:\/\/api.w.org\/{rel}","templated":true}]}}