{"id":15579,"date":"2016-05-02T09:05:37","date_gmt":"2016-05-02T07:05:37","guid":{"rendered":"http:\/\/tyrving.idrett.no\/10\/f\/?p=15579"},"modified":"2016-05-02T09:05:37","modified_gmt":"2016-05-02T07:05:37","slug":"kjempelop-av-aurora","status":"publish","type":"post","link":"https:\/\/tyrving.idrett.no\/10\/f\/2016\/05\/02\/kjempelop-av-aurora\/","title":{"rendered":"Kjempel\u00f8p av Aurora!"},"content":{"rendered":"<p>Under junior-EM i 2013 sto v\u00e5r egen Aurora Dybedokken for den st\u00f8rste norske overraskelsen da hun tok bronsemedalje p\u00e5 1500 etter en kanonspurt og ny pers p\u00e5 4:21.27. Den persen har dessverre f\u00e5tt st\u00e5tt i fred i nesten tre \u00e5r. Men denne vinteren og v\u00e5ren har vi sett en Aurora som har hevet til nye h\u00f8yder. F\u00f8rst gjennom kjempetider p\u00e5 3000 (9.19 i vinter) og s\u00e5 med 16:03 p\u00e5 5000. I kveld kom det som vi tror er den persen hun selv setter st\u00f8rst pris p\u00e5 \u2013 4:19.22 p\u00e5 1500 meter og heatseier under det store stevnet Payton Jordan Invitational p\u00e5 Stanford i California! Tiden er norsk \u00e5rsbeste i skrivende stund og den er ny klubbrekord i Tyrving. Den gamle tilh\u00f8rte storl\u00f8peren Heidi Vien og var p\u00e5 4:20.3 satt i 1977!<\/p>\n<p>&nbsp;<\/p>\n<p>Flere av v\u00e5re andre USA-studenter var i aksjon i helgen. Mest hektisk var det for Amalie Iuel som under klassikeren USC vs UCLA i Westwood (vegg i vegg med Hollywood!) satte flott pers p\u00e5 100 hekk med 13.69 (+0,3). Hun l\u00f8p trolig hekk midt i h\u00f8ydekonkurransen som hun vant p\u00e5 1,75. Jeg tipper hun stoppet p\u00e5 den h\u00f8yden, for hun m\u00e5tte raskt videre til tresteg og 400 hekk! Dessverre blir det for mye mas under et slikt stevne til at hun kunne true norgesrekorden p\u00e5 400 hekk. Det ble 57.31 denne gangen. I tresteg, som hun vel ikke har hoppet p\u00e5 fire \u00e5r, ble det ingen gyldige hopp. Trolig var det beste hun fikk ut av den konkurransen var nok \u00e5 forstyrre forberedelsene til langhekken\u2026<\/p>\n<p>&nbsp;<\/p>\n<p>Under Steve Scott Invitational i Irvine, California hoppet Frederik Jahr 2.00 I h\u00f8yde, mens Kristiane Width satte enda en flott ny pers p\u00e5 1500 meter med 4:31.96 under OSU High Performance i Salem, Oregon.<\/p>\n<p>&nbsp;<\/p>\n","protected":false},"excerpt":{"rendered":"Under junior-EM i 2013 sto v\u00e5r egen Aurora Dybedokken for den st\u00f8rste norske overraskelsen da hun tok bronsemedalje p\u00e5 1500 etter en kanonspurt og ny pers p\u00e5 4:21.27. Den persen har dessverre f\u00e5tt st\u00e5&#8230;","protected":false},"author":11,"featured_media":15580,"comment_status":"open","ping_status":"open","sticky":false,"template":"","format":"standard","meta":{"footnotes":"","_jetpack_memberships_contains_paid_content":false},"categories":[1],"tags":[],"acf":[],"yoast_head":"<!-- This site is optimized with the Yoast SEO plugin v21.2 - https:\/\/yoast.com\/wordpress\/plugins\/seo\/ -->\n<title>Kjempel\u00f8p av Aurora! - Tyrving - Friidrett<\/title>\n<meta name=\"robots\" content=\"index, follow, max-snippet:-1, max-image-preview:large, max-video-preview:-1\" \/>\n<link rel=\"canonical\" href=\"https:\/\/tyrving.idrett.no\/10\/f\/2016\/05\/02\/kjempelop-av-aurora\/\" \/>\n<meta property=\"og:locale\" content=\"nb_NO\" \/>\n<meta property=\"og:type\" content=\"article\" \/>\n<meta property=\"og:title\" content=\"Kjempel\u00f8p av Aurora! - Tyrving - Friidrett\" \/>\n<meta property=\"og:description\" content=\"Under junior-EM i 2013 sto v\u00e5r egen Aurora Dybedokken for den st\u00f8rste norske overraskelsen da hun tok bronsemedalje p\u00e5 1500 etter en kanonspurt og ny pers p\u00e5 4:21.27. Den persen har dessverre f\u00e5tt st\u00e5...\" \/>\n<meta property=\"og:url\" content=\"https:\/\/tyrving.idrett.no\/10\/f\/2016\/05\/02\/kjempelop-av-aurora\/\" \/>\n<meta property=\"og:site_name\" content=\"Tyrving - Friidrett\" \/>\n<meta property=\"article:published_time\" content=\"2016-05-02T07:05:37+00:00\" \/>\n<meta property=\"og:image\" content=\"https:\/\/tyrving.idrett.no\/10\/f\/files\/2016\/05\/2013-Rieti-Aurora-Dybedokken-1024x683.jpg\" \/>\n\t<meta property=\"og:image:width\" content=\"1024\" \/>\n\t<meta property=\"og:image:height\" content=\"683\" \/>\n\t<meta property=\"og:image:type\" content=\"image\/jpeg\" \/>\n<meta name=\"author\" content=\"Jo Nesse\" \/>\n<meta name=\"twitter:card\" content=\"summary_large_image\" \/>\n<meta name=\"twitter:label1\" content=\"Skrevet av\" \/>\n\t<meta name=\"twitter:data1\" content=\"Jo Nesse\" \/>\n\t<meta name=\"twitter:label2\" content=\"Ansl. lesetid\" \/>\n\t<meta name=\"twitter:data2\" content=\"1 minutt\" \/>\n<script type=\"application\/ld+json\" class=\"yoast-schema-graph\">{\"@context\":\"https:\/\/schema.org\",\"@graph\":[{\"@type\":\"Article\",\"@id\":\"https:\/\/tyrving.idrett.no\/10\/f\/2016\/05\/02\/kjempelop-av-aurora\/#article\",\"isPartOf\":{\"@id\":\"https:\/\/tyrving.idrett.no\/10\/f\/2016\/05\/02\/kjempelop-av-aurora\/\"},\"author\":{\"name\":\"Jo Nesse\",\"@id\":\"https:\/\/tyrving.idrett.no\/10\/f\/#\/schema\/person\/d4c0beffa6e345e38d49e774568a87f8\"},\"headline\":\"Kjempel\u00f8p av Aurora!\",\"datePublished\":\"2016-05-02T07:05:37+00:00\",\"dateModified\":\"2016-05-02T07:05:37+00:00\",\"mainEntityOfPage\":{\"@id\":\"https:\/\/tyrving.idrett.no\/10\/f\/2016\/05\/02\/kjempelop-av-aurora\/\"},\"wordCount\":290,\"commentCount\":0,\"publisher\":{\"@id\":\"https:\/\/tyrving.idrett.no\/10\/f\/#organization\"},\"articleSection\":[\"Nyheter\"],\"inLanguage\":\"nb-NO\",\"potentialAction\":[{\"@type\":\"CommentAction\",\"name\":\"Comment\",\"target\":[\"https:\/\/tyrving.idrett.no\/10\/f\/2016\/05\/02\/kjempelop-av-aurora\/#respond\"]}]},{\"@type\":\"WebPage\",\"@id\":\"https:\/\/tyrving.idrett.no\/10\/f\/2016\/05\/02\/kjempelop-av-aurora\/\",\"url\":\"https:\/\/tyrving.idrett.no\/10\/f\/2016\/05\/02\/kjempelop-av-aurora\/\",\"name\":\"Kjempel\u00f8p av Aurora! - Tyrving - Friidrett\",\"isPartOf\":{\"@id\":\"https:\/\/tyrving.idrett.no\/10\/f\/#website\"},\"datePublished\":\"2016-05-02T07:05:37+00:00\",\"dateModified\":\"2016-05-02T07:05:37+00:00\",\"breadcrumb\":{\"@id\":\"https:\/\/tyrving.idrett.no\/10\/f\/2016\/05\/02\/kjempelop-av-aurora\/#breadcrumb\"},\"inLanguage\":\"nb-NO\",\"potentialAction\":[{\"@type\":\"ReadAction\",\"target\":[\"https:\/\/tyrving.idrett.no\/10\/f\/2016\/05\/02\/kjempelop-av-aurora\/\"]}]},{\"@type\":\"BreadcrumbList\",\"@id\":\"https:\/\/tyrving.idrett.no\/10\/f\/2016\/05\/02\/kjempelop-av-aurora\/#breadcrumb\",\"itemListElement\":[{\"@type\":\"ListItem\",\"position\":1,\"name\":\"Hjem\",\"item\":\"https:\/\/tyrving.idrett.no\/10\/f\/\"},{\"@type\":\"ListItem\",\"position\":2,\"name\":\"Kjempel\u00f8p av Aurora!\"}]},{\"@type\":\"WebSite\",\"@id\":\"https:\/\/tyrving.idrett.no\/10\/f\/#website\",\"url\":\"https:\/\/tyrving.idrett.no\/10\/f\/\",\"name\":\"Tyrving - Friidrett\",\"description\":\"Friidrettsgruppa\",\"publisher\":{\"@id\":\"https:\/\/tyrving.idrett.no\/10\/f\/#organization\"},\"potentialAction\":[{\"@type\":\"SearchAction\",\"target\":{\"@type\":\"EntryPoint\",\"urlTemplate\":\"https:\/\/tyrving.idrett.no\/10\/f\/?s={search_term_string}\"},\"query-input\":\"required name=search_term_string\"}],\"inLanguage\":\"nb-NO\"},{\"@type\":\"Organization\",\"@id\":\"https:\/\/tyrving.idrett.no\/10\/f\/#organization\",\"name\":\"Tyrving Friidrettsgruppa\",\"url\":\"https:\/\/tyrving.idrett.no\/10\/f\/\",\"logo\":{\"@type\":\"ImageObject\",\"inLanguage\":\"nb-NO\",\"@id\":\"https:\/\/tyrving.idrett.no\/10\/f\/#\/schema\/logo\/image\/\",\"url\":\"https:\/\/tyrving.idrett.no\/10\/f\/files\/2019\/04\/Tyrving-Logo-Friidrett-2019.jpg\",\"contentUrl\":\"https:\/\/tyrving.idrett.no\/10\/f\/files\/2019\/04\/Tyrving-Logo-Friidrett-2019.jpg\",\"width\":460,\"height\":360,\"caption\":\"Tyrving Friidrettsgruppa\"},\"image\":{\"@id\":\"https:\/\/tyrving.idrett.no\/10\/f\/#\/schema\/logo\/image\/\"}},{\"@type\":\"Person\",\"@id\":\"https:\/\/tyrving.idrett.no\/10\/f\/#\/schema\/person\/d4c0beffa6e345e38d49e774568a87f8\",\"name\":\"Jo Nesse\",\"image\":{\"@type\":\"ImageObject\",\"inLanguage\":\"nb-NO\",\"@id\":\"https:\/\/tyrving.idrett.no\/10\/f\/#\/schema\/person\/image\/\",\"url\":\"https:\/\/secure.gravatar.com\/avatar\/1a06e9e4dda9ad2aa819860d47a5c08e?s=96&d=mm&r=g\",\"contentUrl\":\"https:\/\/secure.gravatar.com\/avatar\/1a06e9e4dda9ad2aa819860d47a5c08e?s=96&d=mm&r=g\",\"caption\":\"Jo Nesse\"}}]}<\/script>\n<!-- \/ Yoast SEO plugin. -->","yoast_head_json":{"title":"Kjempel\u00f8p av Aurora! - Tyrving - Friidrett","robots":{"index":"index","follow":"follow","max-snippet":"max-snippet:-1","max-image-preview":"max-image-preview:large","max-video-preview":"max-video-preview:-1"},"canonical":"https:\/\/tyrving.idrett.no\/10\/f\/2016\/05\/02\/kjempelop-av-aurora\/","og_locale":"nb_NO","og_type":"article","og_title":"Kjempel\u00f8p av Aurora! - Tyrving - Friidrett","og_description":"Under junior-EM i 2013 sto v\u00e5r egen Aurora Dybedokken for den st\u00f8rste norske overraskelsen da hun tok bronsemedalje p\u00e5 1500 etter en kanonspurt og ny pers p\u00e5 4:21.27. Den persen har dessverre f\u00e5tt st\u00e5...","og_url":"https:\/\/tyrving.idrett.no\/10\/f\/2016\/05\/02\/kjempelop-av-aurora\/","og_site_name":"Tyrving - Friidrett","article_published_time":"2016-05-02T07:05:37+00:00","og_image":[{"width":1024,"height":683,"url":"https:\/\/tyrving.idrett.no\/10\/f\/files\/2016\/05\/2013-Rieti-Aurora-Dybedokken-1024x683.jpg","type":"image\/jpeg"}],"author":"Jo Nesse","twitter_card":"summary_large_image","twitter_misc":{"Skrevet av":"Jo Nesse","Ansl. lesetid":"1 minutt"},"schema":{"@context":"https:\/\/schema.org","@graph":[{"@type":"Article","@id":"https:\/\/tyrving.idrett.no\/10\/f\/2016\/05\/02\/kjempelop-av-aurora\/#article","isPartOf":{"@id":"https:\/\/tyrving.idrett.no\/10\/f\/2016\/05\/02\/kjempelop-av-aurora\/"},"author":{"name":"Jo Nesse","@id":"https:\/\/tyrving.idrett.no\/10\/f\/#\/schema\/person\/d4c0beffa6e345e38d49e774568a87f8"},"headline":"Kjempel\u00f8p av Aurora!","datePublished":"2016-05-02T07:05:37+00:00","dateModified":"2016-05-02T07:05:37+00:00","mainEntityOfPage":{"@id":"https:\/\/tyrving.idrett.no\/10\/f\/2016\/05\/02\/kjempelop-av-aurora\/"},"wordCount":290,"commentCount":0,"publisher":{"@id":"https:\/\/tyrving.idrett.no\/10\/f\/#organization"},"articleSection":["Nyheter"],"inLanguage":"nb-NO","potentialAction":[{"@type":"CommentAction","name":"Comment","target":["https:\/\/tyrving.idrett.no\/10\/f\/2016\/05\/02\/kjempelop-av-aurora\/#respond"]}]},{"@type":"WebPage","@id":"https:\/\/tyrving.idrett.no\/10\/f\/2016\/05\/02\/kjempelop-av-aurora\/","url":"https:\/\/tyrving.idrett.no\/10\/f\/2016\/05\/02\/kjempelop-av-aurora\/","name":"Kjempel\u00f8p av Aurora! - Tyrving - Friidrett","isPartOf":{"@id":"https:\/\/tyrving.idrett.no\/10\/f\/#website"},"datePublished":"2016-05-02T07:05:37+00:00","dateModified":"2016-05-02T07:05:37+00:00","breadcrumb":{"@id":"https:\/\/tyrving.idrett.no\/10\/f\/2016\/05\/02\/kjempelop-av-aurora\/#breadcrumb"},"inLanguage":"nb-NO","potentialAction":[{"@type":"ReadAction","target":["https:\/\/tyrving.idrett.no\/10\/f\/2016\/05\/02\/kjempelop-av-aurora\/"]}]},{"@type":"BreadcrumbList","@id":"https:\/\/tyrving.idrett.no\/10\/f\/2016\/05\/02\/kjempelop-av-aurora\/#breadcrumb","itemListElement":[{"@type":"ListItem","position":1,"name":"Hjem","item":"https:\/\/tyrving.idrett.no\/10\/f\/"},{"@type":"ListItem","position":2,"name":"Kjempel\u00f8p av Aurora!"}]},{"@type":"WebSite","@id":"https:\/\/tyrving.idrett.no\/10\/f\/#website","url":"https:\/\/tyrving.idrett.no\/10\/f\/","name":"Tyrving - Friidrett","description":"Friidrettsgruppa","publisher":{"@id":"https:\/\/tyrving.idrett.no\/10\/f\/#organization"},"potentialAction":[{"@type":"SearchAction","target":{"@type":"EntryPoint","urlTemplate":"https:\/\/tyrving.idrett.no\/10\/f\/?s={search_term_string}"},"query-input":"required name=search_term_string"}],"inLanguage":"nb-NO"},{"@type":"Organization","@id":"https:\/\/tyrving.idrett.no\/10\/f\/#organization","name":"Tyrving Friidrettsgruppa","url":"https:\/\/tyrving.idrett.no\/10\/f\/","logo":{"@type":"ImageObject","inLanguage":"nb-NO","@id":"https:\/\/tyrving.idrett.no\/10\/f\/#\/schema\/logo\/image\/","url":"https:\/\/tyrving.idrett.no\/10\/f\/files\/2019\/04\/Tyrving-Logo-Friidrett-2019.jpg","contentUrl":"https:\/\/tyrving.idrett.no\/10\/f\/files\/2019\/04\/Tyrving-Logo-Friidrett-2019.jpg","width":460,"height":360,"caption":"Tyrving Friidrettsgruppa"},"image":{"@id":"https:\/\/tyrving.idrett.no\/10\/f\/#\/schema\/logo\/image\/"}},{"@type":"Person","@id":"https:\/\/tyrving.idrett.no\/10\/f\/#\/schema\/person\/d4c0beffa6e345e38d49e774568a87f8","name":"Jo Nesse","image":{"@type":"ImageObject","inLanguage":"nb-NO","@id":"https:\/\/tyrving.idrett.no\/10\/f\/#\/schema\/person\/image\/","url":"https:\/\/secure.gravatar.com\/avatar\/1a06e9e4dda9ad2aa819860d47a5c08e?s=96&d=mm&r=g","contentUrl":"https:\/\/secure.gravatar.com\/avatar\/1a06e9e4dda9ad2aa819860d47a5c08e?s=96&d=mm&r=g","caption":"Jo Nesse"}}]}},"jetpack_sharing_enabled":true,"jetpack_featured_media_url":"https:\/\/tyrving.idrett.no\/10\/f\/files\/2016\/05\/2013-Rieti-Aurora-Dybedokken.jpg","_links":{"self":[{"href":"https:\/\/tyrving.idrett.no\/10\/f\/wp-json\/wp\/v2\/posts\/15579"}],"collection":[{"href":"https:\/\/tyrving.idrett.no\/10\/f\/wp-json\/wp\/v2\/posts"}],"about":[{"href":"https:\/\/tyrving.idrett.no\/10\/f\/wp-json\/wp\/v2\/types\/post"}],"author":[{"embeddable":true,"href":"https:\/\/tyrving.idrett.no\/10\/f\/wp-json\/wp\/v2\/users\/11"}],"replies":[{"embeddable":true,"href":"https:\/\/tyrving.idrett.no\/10\/f\/wp-json\/wp\/v2\/comments?post=15579"}],"version-history":[{"count":3,"href":"https:\/\/tyrving.idrett.no\/10\/f\/wp-json\/wp\/v2\/posts\/15579\/revisions"}],"predecessor-version":[{"id":15583,"href":"https:\/\/tyrving.idrett.no\/10\/f\/wp-json\/wp\/v2\/posts\/15579\/revisions\/15583"}],"wp:featuredmedia":[{"embeddable":true,"href":"https:\/\/tyrving.idrett.no\/10\/f\/wp-json\/wp\/v2\/media\/15580"}],"wp:attachment":[{"href":"https:\/\/tyrving.idrett.no\/10\/f\/wp-json\/wp\/v2\/media?parent=15579"}],"wp:term":[{"taxonomy":"category","embeddable":true,"href":"https:\/\/tyrving.idrett.no\/10\/f\/wp-json\/wp\/v2\/categories?post=15579"},{"taxonomy":"post_tag","embeddable":true,"href":"https:\/\/tyrving.idrett.no\/10\/f\/wp-json\/wp\/v2\/tags?post=15579"}],"curies":[{"name":"wp","href":"https:\/\/api.w.org\/{rel}","templated":true}]}}