{"id":15587,"date":"2016-05-02T15:54:21","date_gmt":"2016-05-02T13:54:21","guid":{"rendered":"http:\/\/tyrving.idrett.no\/10\/f\/?p=15587"},"modified":"2016-05-02T15:54:21","modified_gmt":"2016-05-02T13:54:21","slug":"klart-for-lopsstevnet","status":"publish","type":"post","link":"https:\/\/tyrving.idrett.no\/10\/f\/2016\/05\/02\/klart-for-lopsstevnet\/","title":{"rendered":"Klart for l\u00f8psstevnet"},"content":{"rendered":"<p>Friidrettens stevnesesong p\u00e5 Nadderud igangsettes tirsdag 3. mai med det tradisjonalle l\u00f8psstevnet &#8211; med elektronisk tidtaking. \u00a0Forel\u00f8pig er det meldt p\u00e5 56 ut\u00f8vere. Ettern\u00f8lere bes melde seg p\u00e5 ved mail til friidrett@tyrving.no snarest.<\/p>\n<p><strong>Startlister<\/strong> &#8211; klikk p\u00e5 linken:\u00a0<a href=\"http:\/\/tyrving.idrett.no\/10\/f\/files\/2016\/05\/030516-startliste-l\u00f8psstevne-Nadderud.pdf\" rel=\"\">030516 startliste l\u00f8psstevne Nadderud<\/a><\/p>\n<p><strong>Tidsskjema<\/strong> (det kan forekomme endringer avhengig av etteranmeldinger som m\u00e5tte komme):<\/p>\n<table width=\"240\">\n<tbody>\n<tr>\n<td width=\"80\">Kl. 1800<\/td>\n<td width=\"80\">100m<\/td>\n<td width=\"80\">KS<\/td>\n<\/tr>\n<tr>\n<td width=\"80\">Kl. 1805<\/td>\n<td width=\"80\">100m<\/td>\n<td width=\"80\">MS<\/td>\n<\/tr>\n<tr>\n<td width=\"80\">Kl. 1815<\/td>\n<td width=\"80\">60m<\/td>\n<td width=\"80\">13-14 \u00e5r<\/td>\n<\/tr>\n<tr>\n<td width=\"80\">Kl. 1830<\/td>\n<td width=\"80\">60m<\/td>\n<td width=\"80\">10-12 \u00e5r<\/td>\n<\/tr>\n<tr>\n<td width=\"80\">Kl. 1850<\/td>\n<td width=\"80\">300m<\/td>\n<td width=\"80\">G13-14<\/td>\n<\/tr>\n<tr>\n<td width=\"80\">Kl. 1900<\/td>\n<td width=\"80\">300m<\/td>\n<td width=\"80\">J13-14<\/td>\n<\/tr>\n<tr>\n<td width=\"80\">Kl. 1910<\/td>\n<td width=\"80\">300m<\/td>\n<td width=\"80\">KS<\/td>\n<\/tr>\n<tr>\n<td width=\"80\">Kl. 1915<\/td>\n<td width=\"80\">300m<\/td>\n<td width=\"80\">MS<\/td>\n<\/tr>\n<tr>\n<td width=\"80\">Kl. 1930<\/td>\n<td width=\"80\">600m<\/td>\n<td width=\"80\">G10-14<\/td>\n<\/tr>\n<tr>\n<td width=\"80\">Kl. 1935<\/td>\n<td width=\"80\">600m<\/td>\n<td width=\"80\">J10-14<\/td>\n<\/tr>\n<tr>\n<td width=\"80\">Kl. 1940<\/td>\n<td width=\"80\">600m<\/td>\n<td width=\"80\">KS\/MS<\/td>\n<\/tr>\n<\/tbody>\n<\/table>\n","protected":false},"excerpt":{"rendered":"Friidrettens stevnesesong p\u00e5 Nadderud igangsettes tirsdag 3. mai med det tradisjonalle l\u00f8psstevnet &#8211; med elektronisk tidtaking. \u00a0Forel\u00f8pig er det meldt p\u00e5 56 ut\u00f8vere. Ettern\u00f8lere bes melde seg p&#8230;","protected":false},"author":2,"featured_media":15589,"comment_status":"open","ping_status":"open","sticky":false,"template":"","format":"standard","meta":{"footnotes":"","_jetpack_memberships_contains_paid_content":false},"categories":[1],"tags":[],"acf":[],"yoast_head":"<!-- This site is optimized with the Yoast SEO plugin v21.2 - https:\/\/yoast.com\/wordpress\/plugins\/seo\/ -->\n<title>Klart for l\u00f8psstevnet - Tyrving - Friidrett<\/title>\n<meta name=\"robots\" content=\"index, follow, max-snippet:-1, max-image-preview:large, max-video-preview:-1\" \/>\n<link rel=\"canonical\" href=\"https:\/\/tyrving.idrett.no\/10\/f\/2016\/05\/02\/klart-for-lopsstevnet\/\" \/>\n<meta property=\"og:locale\" content=\"nb_NO\" \/>\n<meta property=\"og:type\" content=\"article\" \/>\n<meta property=\"og:title\" content=\"Klart for l\u00f8psstevnet - Tyrving - Friidrett\" \/>\n<meta property=\"og:description\" content=\"Friidrettens stevnesesong p\u00e5 Nadderud igangsettes tirsdag 3. mai med det tradisjonalle l\u00f8psstevnet &#8211; med elektronisk tidtaking. \u00a0Forel\u00f8pig er det meldt p\u00e5 56 ut\u00f8vere. Ettern\u00f8lere bes melde seg p...\" \/>\n<meta property=\"og:url\" content=\"https:\/\/tyrving.idrett.no\/10\/f\/2016\/05\/02\/klart-for-lopsstevnet\/\" \/>\n<meta property=\"og:site_name\" content=\"Tyrving - Friidrett\" \/>\n<meta property=\"article:published_time\" content=\"2016-05-02T13:54:21+00:00\" \/>\n<meta property=\"og:image\" content=\"https:\/\/tyrving.idrett.no\/10\/f\/files\/2016\/05\/109592222.jpg\" \/>\n\t<meta property=\"og:image:width\" content=\"2400\" \/>\n\t<meta property=\"og:image:height\" content=\"1920\" \/>\n\t<meta property=\"og:image:type\" content=\"image\/jpeg\" \/>\n<meta name=\"author\" content=\"Kirsten Larsen\" \/>\n<meta name=\"twitter:card\" content=\"summary_large_image\" \/>\n<meta name=\"twitter:label1\" content=\"Skrevet av\" \/>\n\t<meta name=\"twitter:data1\" content=\"Kirsten Larsen\" \/>\n<script type=\"application\/ld+json\" class=\"yoast-schema-graph\">{\"@context\":\"https:\/\/schema.org\",\"@graph\":[{\"@type\":\"Article\",\"@id\":\"https:\/\/tyrving.idrett.no\/10\/f\/2016\/05\/02\/klart-for-lopsstevnet\/#article\",\"isPartOf\":{\"@id\":\"https:\/\/tyrving.idrett.no\/10\/f\/2016\/05\/02\/klart-for-lopsstevnet\/\"},\"author\":{\"name\":\"Kirsten Larsen\",\"@id\":\"https:\/\/tyrving.idrett.no\/10\/f\/#\/schema\/person\/9d33b15b4997b99c21c6e0b044d8bfd3\"},\"headline\":\"Klart for l\u00f8psstevnet\",\"datePublished\":\"2016-05-02T13:54:21+00:00\",\"dateModified\":\"2016-05-02T13:54:21+00:00\",\"mainEntityOfPage\":{\"@id\":\"https:\/\/tyrving.idrett.no\/10\/f\/2016\/05\/02\/klart-for-lopsstevnet\/\"},\"wordCount\":102,\"commentCount\":0,\"publisher\":{\"@id\":\"https:\/\/tyrving.idrett.no\/10\/f\/#organization\"},\"articleSection\":[\"Nyheter\"],\"inLanguage\":\"nb-NO\",\"potentialAction\":[{\"@type\":\"CommentAction\",\"name\":\"Comment\",\"target\":[\"https:\/\/tyrving.idrett.no\/10\/f\/2016\/05\/02\/klart-for-lopsstevnet\/#respond\"]}]},{\"@type\":\"WebPage\",\"@id\":\"https:\/\/tyrving.idrett.no\/10\/f\/2016\/05\/02\/klart-for-lopsstevnet\/\",\"url\":\"https:\/\/tyrving.idrett.no\/10\/f\/2016\/05\/02\/klart-for-lopsstevnet\/\",\"name\":\"Klart for l\u00f8psstevnet - Tyrving - Friidrett\",\"isPartOf\":{\"@id\":\"https:\/\/tyrving.idrett.no\/10\/f\/#website\"},\"datePublished\":\"2016-05-02T13:54:21+00:00\",\"dateModified\":\"2016-05-02T13:54:21+00:00\",\"breadcrumb\":{\"@id\":\"https:\/\/tyrving.idrett.no\/10\/f\/2016\/05\/02\/klart-for-lopsstevnet\/#breadcrumb\"},\"inLanguage\":\"nb-NO\",\"potentialAction\":[{\"@type\":\"ReadAction\",\"target\":[\"https:\/\/tyrving.idrett.no\/10\/f\/2016\/05\/02\/klart-for-lopsstevnet\/\"]}]},{\"@type\":\"BreadcrumbList\",\"@id\":\"https:\/\/tyrving.idrett.no\/10\/f\/2016\/05\/02\/klart-for-lopsstevnet\/#breadcrumb\",\"itemListElement\":[{\"@type\":\"ListItem\",\"position\":1,\"name\":\"Hjem\",\"item\":\"https:\/\/tyrving.idrett.no\/10\/f\/\"},{\"@type\":\"ListItem\",\"position\":2,\"name\":\"Klart for l\u00f8psstevnet\"}]},{\"@type\":\"WebSite\",\"@id\":\"https:\/\/tyrving.idrett.no\/10\/f\/#website\",\"url\":\"https:\/\/tyrving.idrett.no\/10\/f\/\",\"name\":\"Tyrving - Friidrett\",\"description\":\"Friidrettsgruppa\",\"publisher\":{\"@id\":\"https:\/\/tyrving.idrett.no\/10\/f\/#organization\"},\"potentialAction\":[{\"@type\":\"SearchAction\",\"target\":{\"@type\":\"EntryPoint\",\"urlTemplate\":\"https:\/\/tyrving.idrett.no\/10\/f\/?s={search_term_string}\"},\"query-input\":\"required name=search_term_string\"}],\"inLanguage\":\"nb-NO\"},{\"@type\":\"Organization\",\"@id\":\"https:\/\/tyrving.idrett.no\/10\/f\/#organization\",\"name\":\"Tyrving Friidrettsgruppa\",\"url\":\"https:\/\/tyrving.idrett.no\/10\/f\/\",\"logo\":{\"@type\":\"ImageObject\",\"inLanguage\":\"nb-NO\",\"@id\":\"https:\/\/tyrving.idrett.no\/10\/f\/#\/schema\/logo\/image\/\",\"url\":\"https:\/\/tyrving.idrett.no\/10\/f\/files\/2019\/04\/Tyrving-Logo-Friidrett-2019.jpg\",\"contentUrl\":\"https:\/\/tyrving.idrett.no\/10\/f\/files\/2019\/04\/Tyrving-Logo-Friidrett-2019.jpg\",\"width\":460,\"height\":360,\"caption\":\"Tyrving Friidrettsgruppa\"},\"image\":{\"@id\":\"https:\/\/tyrving.idrett.no\/10\/f\/#\/schema\/logo\/image\/\"}},{\"@type\":\"Person\",\"@id\":\"https:\/\/tyrving.idrett.no\/10\/f\/#\/schema\/person\/9d33b15b4997b99c21c6e0b044d8bfd3\",\"name\":\"Kirsten Larsen\",\"image\":{\"@type\":\"ImageObject\",\"inLanguage\":\"nb-NO\",\"@id\":\"https:\/\/tyrving.idrett.no\/10\/f\/#\/schema\/person\/image\/\",\"url\":\"https:\/\/secure.gravatar.com\/avatar\/2924b58c2b807e7f70945c639540a744?s=96&d=mm&r=g\",\"contentUrl\":\"https:\/\/secure.gravatar.com\/avatar\/2924b58c2b807e7f70945c639540a744?s=96&d=mm&r=g\",\"caption\":\"Kirsten Larsen\"}}]}<\/script>\n<!-- \/ Yoast SEO plugin. -->","yoast_head_json":{"title":"Klart for l\u00f8psstevnet - Tyrving - Friidrett","robots":{"index":"index","follow":"follow","max-snippet":"max-snippet:-1","max-image-preview":"max-image-preview:large","max-video-preview":"max-video-preview:-1"},"canonical":"https:\/\/tyrving.idrett.no\/10\/f\/2016\/05\/02\/klart-for-lopsstevnet\/","og_locale":"nb_NO","og_type":"article","og_title":"Klart for l\u00f8psstevnet - Tyrving - Friidrett","og_description":"Friidrettens stevnesesong p\u00e5 Nadderud igangsettes tirsdag 3. mai med det tradisjonalle l\u00f8psstevnet &#8211; med elektronisk tidtaking. \u00a0Forel\u00f8pig er det meldt p\u00e5 56 ut\u00f8vere. Ettern\u00f8lere bes melde seg p...","og_url":"https:\/\/tyrving.idrett.no\/10\/f\/2016\/05\/02\/klart-for-lopsstevnet\/","og_site_name":"Tyrving - Friidrett","article_published_time":"2016-05-02T13:54:21+00:00","og_image":[{"width":2400,"height":1920,"url":"https:\/\/tyrving.idrett.no\/10\/f\/files\/2016\/05\/109592222.jpg","type":"image\/jpeg"}],"author":"Kirsten Larsen","twitter_card":"summary_large_image","twitter_misc":{"Skrevet av":"Kirsten Larsen"},"schema":{"@context":"https:\/\/schema.org","@graph":[{"@type":"Article","@id":"https:\/\/tyrving.idrett.no\/10\/f\/2016\/05\/02\/klart-for-lopsstevnet\/#article","isPartOf":{"@id":"https:\/\/tyrving.idrett.no\/10\/f\/2016\/05\/02\/klart-for-lopsstevnet\/"},"author":{"name":"Kirsten Larsen","@id":"https:\/\/tyrving.idrett.no\/10\/f\/#\/schema\/person\/9d33b15b4997b99c21c6e0b044d8bfd3"},"headline":"Klart for l\u00f8psstevnet","datePublished":"2016-05-02T13:54:21+00:00","dateModified":"2016-05-02T13:54:21+00:00","mainEntityOfPage":{"@id":"https:\/\/tyrving.idrett.no\/10\/f\/2016\/05\/02\/klart-for-lopsstevnet\/"},"wordCount":102,"commentCount":0,"publisher":{"@id":"https:\/\/tyrving.idrett.no\/10\/f\/#organization"},"articleSection":["Nyheter"],"inLanguage":"nb-NO","potentialAction":[{"@type":"CommentAction","name":"Comment","target":["https:\/\/tyrving.idrett.no\/10\/f\/2016\/05\/02\/klart-for-lopsstevnet\/#respond"]}]},{"@type":"WebPage","@id":"https:\/\/tyrving.idrett.no\/10\/f\/2016\/05\/02\/klart-for-lopsstevnet\/","url":"https:\/\/tyrving.idrett.no\/10\/f\/2016\/05\/02\/klart-for-lopsstevnet\/","name":"Klart for l\u00f8psstevnet - Tyrving - Friidrett","isPartOf":{"@id":"https:\/\/tyrving.idrett.no\/10\/f\/#website"},"datePublished":"2016-05-02T13:54:21+00:00","dateModified":"2016-05-02T13:54:21+00:00","breadcrumb":{"@id":"https:\/\/tyrving.idrett.no\/10\/f\/2016\/05\/02\/klart-for-lopsstevnet\/#breadcrumb"},"inLanguage":"nb-NO","potentialAction":[{"@type":"ReadAction","target":["https:\/\/tyrving.idrett.no\/10\/f\/2016\/05\/02\/klart-for-lopsstevnet\/"]}]},{"@type":"BreadcrumbList","@id":"https:\/\/tyrving.idrett.no\/10\/f\/2016\/05\/02\/klart-for-lopsstevnet\/#breadcrumb","itemListElement":[{"@type":"ListItem","position":1,"name":"Hjem","item":"https:\/\/tyrving.idrett.no\/10\/f\/"},{"@type":"ListItem","position":2,"name":"Klart for l\u00f8psstevnet"}]},{"@type":"WebSite","@id":"https:\/\/tyrving.idrett.no\/10\/f\/#website","url":"https:\/\/tyrving.idrett.no\/10\/f\/","name":"Tyrving - Friidrett","description":"Friidrettsgruppa","publisher":{"@id":"https:\/\/tyrving.idrett.no\/10\/f\/#organization"},"potentialAction":[{"@type":"SearchAction","target":{"@type":"EntryPoint","urlTemplate":"https:\/\/tyrving.idrett.no\/10\/f\/?s={search_term_string}"},"query-input":"required name=search_term_string"}],"inLanguage":"nb-NO"},{"@type":"Organization","@id":"https:\/\/tyrving.idrett.no\/10\/f\/#organization","name":"Tyrving Friidrettsgruppa","url":"https:\/\/tyrving.idrett.no\/10\/f\/","logo":{"@type":"ImageObject","inLanguage":"nb-NO","@id":"https:\/\/tyrving.idrett.no\/10\/f\/#\/schema\/logo\/image\/","url":"https:\/\/tyrving.idrett.no\/10\/f\/files\/2019\/04\/Tyrving-Logo-Friidrett-2019.jpg","contentUrl":"https:\/\/tyrving.idrett.no\/10\/f\/files\/2019\/04\/Tyrving-Logo-Friidrett-2019.jpg","width":460,"height":360,"caption":"Tyrving Friidrettsgruppa"},"image":{"@id":"https:\/\/tyrving.idrett.no\/10\/f\/#\/schema\/logo\/image\/"}},{"@type":"Person","@id":"https:\/\/tyrving.idrett.no\/10\/f\/#\/schema\/person\/9d33b15b4997b99c21c6e0b044d8bfd3","name":"Kirsten Larsen","image":{"@type":"ImageObject","inLanguage":"nb-NO","@id":"https:\/\/tyrving.idrett.no\/10\/f\/#\/schema\/person\/image\/","url":"https:\/\/secure.gravatar.com\/avatar\/2924b58c2b807e7f70945c639540a744?s=96&d=mm&r=g","contentUrl":"https:\/\/secure.gravatar.com\/avatar\/2924b58c2b807e7f70945c639540a744?s=96&d=mm&r=g","caption":"Kirsten Larsen"}}]}},"jetpack_sharing_enabled":true,"jetpack_featured_media_url":"https:\/\/tyrving.idrett.no\/10\/f\/files\/2016\/05\/109592222.jpg","_links":{"self":[{"href":"https:\/\/tyrving.idrett.no\/10\/f\/wp-json\/wp\/v2\/posts\/15587"}],"collection":[{"href":"https:\/\/tyrving.idrett.no\/10\/f\/wp-json\/wp\/v2\/posts"}],"about":[{"href":"https:\/\/tyrving.idrett.no\/10\/f\/wp-json\/wp\/v2\/types\/post"}],"author":[{"embeddable":true,"href":"https:\/\/tyrving.idrett.no\/10\/f\/wp-json\/wp\/v2\/users\/2"}],"replies":[{"embeddable":true,"href":"https:\/\/tyrving.idrett.no\/10\/f\/wp-json\/wp\/v2\/comments?post=15587"}],"version-history":[{"count":1,"href":"https:\/\/tyrving.idrett.no\/10\/f\/wp-json\/wp\/v2\/posts\/15587\/revisions"}],"predecessor-version":[{"id":15590,"href":"https:\/\/tyrving.idrett.no\/10\/f\/wp-json\/wp\/v2\/posts\/15587\/revisions\/15590"}],"wp:featuredmedia":[{"embeddable":true,"href":"https:\/\/tyrving.idrett.no\/10\/f\/wp-json\/wp\/v2\/media\/15589"}],"wp:attachment":[{"href":"https:\/\/tyrving.idrett.no\/10\/f\/wp-json\/wp\/v2\/media?parent=15587"}],"wp:term":[{"taxonomy":"category","embeddable":true,"href":"https:\/\/tyrving.idrett.no\/10\/f\/wp-json\/wp\/v2\/categories?post=15587"},{"taxonomy":"post_tag","embeddable":true,"href":"https:\/\/tyrving.idrett.no\/10\/f\/wp-json\/wp\/v2\/tags?post=15587"}],"curies":[{"name":"wp","href":"https:\/\/api.w.org\/{rel}","templated":true}]}}