{"id":15681,"date":"2016-05-07T22:03:38","date_gmt":"2016-05-07T20:03:38","guid":{"rendered":"http:\/\/tyrving.idrett.no\/10\/f\/?p=15681"},"modified":"2016-08-09T18:25:02","modified_gmt":"2016-08-09T16:25:02","slug":"flotte-plasseringer-i-juniorklassene-ok-i-senior","status":"publish","type":"post","link":"https:\/\/tyrving.idrett.no\/10\/f\/2016\/05\/07\/flotte-plasseringer-i-juniorklassene-ok-i-senior\/","title":{"rendered":"Flott av juniorene \u2013 OK i senior"},"content":{"rendered":"<p>Det var juniorene v\u00e5re som markerte seg mest under dagens Holmenkollstafett. Jentelaget tok en sterk annenplass og var s\u00e5gar oppe i teten en kort stund etter en sterk langetappe av Lucie\u00a0Lunde Bang. Vi ledet faktisk de to f\u00f8rste rundene inne p\u00e5 Bislett ogs\u00e5, men tapre Marie Skj\u00e6ggestad m\u00e5tte til slutt kapitulere for halsbetennelsen. \u00a0Hun fortjente bedre. Vi tapte ganske mye til vinnerlaget Vidar p\u00e5 de neste etappene og var halvannet minutt bak etter seks etapper, men etter sterke l\u00f8p av ikke minst Ane Wang Gr\u00f8tan Wang og nevnte Lucie, var vi en stakket stund i tet etter 10. etappe. Faktisk hadde v\u00e5re fire p\u00e5 etappene 7.-10. alle hver sin beste etappetid \u2013 Anastasia Schnell og Karen Jom\u00e5s banket ogs\u00e5 alle konkurrentene p\u00e5 sine etapper! S\u00e5 tapte vi litt igjen f\u00f8r vi tok litt innp\u00e5 mot slutten og var bare 19 sekunder bak i m\u00e5l. Tenk om vi kunne hevet innp\u00e5 Amalie, Aurora og Kristiane som alle holdt junioralder i \u00e5r, og de tre stafettmestrene v\u00e5re som var p\u00e5 russetreff\u2026<\/p>\n<div id=\"attachment_15683\" style=\"width: 4618px\" class=\"wp-caption aligncenter\"><a href=\"http:\/\/tyrving.idrett.no\/10\/f\/files\/2016\/05\/20160507_153940.jpg\" rel=\"attachment wp-att-15683\"><img aria-describedby=\"caption-attachment-15683\" decoding=\"async\" loading=\"lazy\" class=\"size-full wp-image-15683\" src=\"http:\/\/tyrving.idrett.no\/10\/f\/files\/2016\/05\/20160507_153940.jpg\" alt=\"Blide junior-jenter etter flott annenplass.\" width=\"4608\" height=\"2592\" srcset=\"https:\/\/tyrving.idrett.no\/10\/f\/files\/2016\/05\/20160507_153940.jpg 4608w, https:\/\/tyrving.idrett.no\/10\/f\/files\/2016\/05\/20160507_153940-300x169.jpg 300w, https:\/\/tyrving.idrett.no\/10\/f\/files\/2016\/05\/20160507_153940-768x432.jpg 768w, https:\/\/tyrving.idrett.no\/10\/f\/files\/2016\/05\/20160507_153940-1024x576.jpg 1024w, https:\/\/tyrving.idrett.no\/10\/f\/files\/2016\/05\/20160507_153940-600x338.jpg 600w\" sizes=\"(max-width: 4608px) 100vw, 4608px\" \/><\/a><p id=\"caption-attachment-15683\" class=\"wp-caption-text\">Blide junior-jenter etter flott annenplass.<\/p><\/div>\n<p>I gutter junior var ogs\u00e5 fint med. Det var selvsagt et suverent show av Tjalve her, som med tallrike elitel\u00f8pere i eldre junior var laaangt foran v\u00e5rt unge lag. Men vi var med i kampen om annenplassen. Henrik Koppang leverte som annenmann p\u00e5 Bislett og med jevne mellomrom var vi beste av de nest beste. Fire av v\u00e5re gutter var best p\u00e5 sin etappe \u2013 alle fra sprintgruppen: Jonas Fj\u00f8rtoft, J\u00f8rgen Mejland Hansen, Jonathan Greni Bjerkaas og Markus Berner. Sterke l\u00f8p av Harald \u00d8stberg Amundsen og Sander Berrefjord i deres andre l\u00f8p p\u00e5 kort tid og en fin langetappe av Maxim Tj\u00f8tta gjorde at vi var bare fire fattige sekunder fra annenplassen til slutt. Imponerende i lys av at vi s\u00e5 sent som kvelden f\u00f8r stafetten m\u00e5tte erstatte de to l\u00f8perne som skulle hatt de to t\u00f8ffeste etappene!<\/p>\n<p>&nbsp;<\/p>\n<p>Der er t\u00f8ff kost \u00e5 skulle hevde seg i seniorklassene. V\u00e5rt lag i kvinneklassen har i perioder v\u00e6rt langt fremme, men i et \u00e5r hvor eldste mellomdistansegruppe har kollapset litt p\u00e5 jentesiden, var det bare \u00e9n l\u00f8per fra denne gruppen p\u00e5 elitelaget v\u00e5rt. Vi har fire l\u00f8pere som har representert Norge p\u00e5 plass p\u00e5 amerikanske universiteter og alle studiesteder og russetreff kryr av l\u00f8perjenter fra Tyrving. I en slik situasjon var det kanskje ikke s\u00e5 rart at vi var litt lengre ned p\u00e5 listen enn vi pleier med en niendeplass. Mari Drabl\u00f8s hang greit med p\u00e5 f\u00f8rste etappe i lys av at hun har konvertert til sprintgruppen, men vi tapte mye p\u00e5 de neste etappene. Vinterstjernene p\u00e5 laget \u2013 dobbelt verdensmester Tiril Eckhoff og World Cup-l\u00f8per Kathrine Harsem l\u00f8p oss opp p\u00e5 en syvendeplass og unge Constance L\u00f8ken Dahl var den av v\u00e5re som hadde beste plassering p\u00e5 sin etappe \u2013 en tredjeplass. I denne klassen noterer vi oss at to av v\u00e5re spreke trenere var med p\u00e5 laget \u2013 Petra Stephankova som l\u00f8p sterkt p\u00e5 sisteetappe og nyervervelsen Kamila Chudzik som er intet mindre enn bronsemedaljevinner i syvkamp fra VM i Berlin!<\/p>\n<div id=\"attachment_15684\" style=\"width: 4618px\" class=\"wp-caption aligncenter\"><a href=\"http:\/\/tyrving.idrett.no\/10\/f\/files\/2016\/05\/20160507_122842.jpg\" rel=\"attachment wp-att-15684\"><img aria-describedby=\"caption-attachment-15684\" decoding=\"async\" loading=\"lazy\" class=\"size-full wp-image-15684\" src=\"http:\/\/tyrving.idrett.no\/10\/f\/files\/2016\/05\/20160507_122842.jpg\" alt=\"Seniorgutta - f\u00f8r start. \" width=\"4608\" height=\"2592\" srcset=\"https:\/\/tyrving.idrett.no\/10\/f\/files\/2016\/05\/20160507_122842.jpg 4608w, https:\/\/tyrving.idrett.no\/10\/f\/files\/2016\/05\/20160507_122842-300x169.jpg 300w, https:\/\/tyrving.idrett.no\/10\/f\/files\/2016\/05\/20160507_122842-768x432.jpg 768w, https:\/\/tyrving.idrett.no\/10\/f\/files\/2016\/05\/20160507_122842-1024x576.jpg 1024w, https:\/\/tyrving.idrett.no\/10\/f\/files\/2016\/05\/20160507_122842-600x338.jpg 600w\" sizes=\"(max-width: 4608px) 100vw, 4608px\" \/><\/a><p id=\"caption-attachment-15684\" class=\"wp-caption-text\">Alvorlige unge menn &#8211; fra samlingen i Frognerparken.<\/p><\/div>\n<p>I klassen for menn, l\u00f8p v\u00e5rt lag klart bedre enn de foreg\u00e5ende \u00e5rene \u2013 nesten to minutter bedre enn i 2013, 2014 og 2015! Det var et skikkelig l\u00f8ft! Det var her gledelig at vi hadde s\u00e5 mange rene seniorl\u00f8pere med og denne gangen faktisk ingen juniorer med en etappe fra juniorlaget i bane til senioretappen. Det ga gode resultater! \u00a0Sander Berrefjord holdt avstanden greit til elitegjengen som var f\u00f8rst til veksling inne p\u00e5 Bislett og viste at han kan n\u00e6rme seg et NM-krav i sommer. Dessverre tapte vi en del til de beste lagene p\u00e5 de neste etappene, men veteranen og treneren Jon Fiva l\u00f8p fint p\u00e5 5. etappe og p\u00e5 de tre neste etappene var vi godt besatt med Harald Berge, Martin Johansson og Audun Weltzien \u00a0l\u00f8p oss opp fra 17. til 9. plass. Fine etapper derfra inn ga ytterlig et avansement. Her hadde til og med Hallgeir Martinsen nest beste etappetid p\u00e5 12. etappe \u2013 til tross for at han i f\u00f8lge en mottatt sms ble hindret av en syklist og to eldre fruer i veibanen \u2013 eller ville han nok vunnet etappen!<\/p>\n<p>I sum klart bedre enn i fjor \u2013 og neste \u00e5r skal vi komme med enda sterkere lag i alle klasser!<\/p>\n<p>&nbsp;<\/p>\n<p>Tyrvings herlige veterandamer stilte sterkt ogs\u00e5 i \u00e5rets stafett og var i m\u00e5l p\u00e5 en fin annenplass. Dessverre m\u00e5 de nok strykes fra resultatlisten p\u00e5 grunn av et kjedelig uhell p\u00e5 f\u00f8rste etappe. Gitta Starckjohann l\u00f8p str\u00e5lende den f\u00f8rste halvparten av sin etappe, men s\u00e5 lurte tyrvingkontingenten p\u00e5 tribunen p\u00e5 hvor i all verden det ble av henne til neste passering. Svaret fikk vi noen sekunder senere da Gitta kom hinkende p\u00e5 et ben ut av svingen etter en stygg benskade. Bente Fest\u00f8y hadde \u00e5ndsn\u00e6rv\u00e6relse nok til \u00e5 storme banen, ta pinnen og fullf\u00f8re etappen. Heroisk, men ikke helt etter reglene, s\u00e5 vi f\u00e5r h\u00f8re hva arrang\u00f8ren har \u00e5 si om dette. Uansett var halvannet minutt tapt og vi var sist ut p\u00e5 annen etappe. Men sm\u00e5tt om senn l\u00f8p v\u00e5re damer seg opp p\u00e5 annenplass. Vi har ikke tilgang p\u00e5 lagoppstillingen, men er ganske sikre p\u00e5 at Karianne L\u00f8kken l\u00f8p den lengste etappen suverent best av v\u00e5re tre damer p\u00e5 den etappen og at Ingrun Alset tok oss opp til annenplassen som vi holdt helt inn til m\u00e5l.<\/p>\n<p>&nbsp;<\/p>\n","protected":false},"excerpt":{"rendered":"Det var juniorene v\u00e5re som markerte seg mest under dagens Holmenkollstafett. Jentelaget tok en sterk annenplass og var s\u00e5gar oppe i teten en kort stund etter en sterk langetappe av Lucie\u00a0Lunde Bang. V&#8230;","protected":false},"author":11,"featured_media":15682,"comment_status":"open","ping_status":"open","sticky":false,"template":"","format":"standard","meta":{"footnotes":"","_jetpack_memberships_contains_paid_content":false},"categories":[1],"tags":[24],"acf":[],"yoast_head":"<!-- This site is optimized with the Yoast SEO plugin v21.2 - https:\/\/yoast.com\/wordpress\/plugins\/seo\/ -->\n<title>Flott av juniorene \u2013 OK i senior - Tyrving - Friidrett<\/title>\n<meta name=\"robots\" content=\"index, follow, max-snippet:-1, max-image-preview:large, max-video-preview:-1\" \/>\n<link rel=\"canonical\" href=\"https:\/\/tyrving.idrett.no\/10\/f\/2016\/05\/07\/flotte-plasseringer-i-juniorklassene-ok-i-senior\/\" \/>\n<meta property=\"og:locale\" content=\"nb_NO\" \/>\n<meta property=\"og:type\" content=\"article\" \/>\n<meta property=\"og:title\" content=\"Flott av juniorene \u2013 OK i senior - Tyrving - Friidrett\" \/>\n<meta property=\"og:description\" content=\"Det var juniorene v\u00e5re som markerte seg mest under dagens Holmenkollstafett. Jentelaget tok en sterk annenplass og var s\u00e5gar oppe i teten en kort stund etter en sterk langetappe av Lucie\u00a0Lunde Bang. V...\" \/>\n<meta property=\"og:url\" content=\"https:\/\/tyrving.idrett.no\/10\/f\/2016\/05\/07\/flotte-plasseringer-i-juniorklassene-ok-i-senior\/\" \/>\n<meta property=\"og:site_name\" content=\"Tyrving - Friidrett\" \/>\n<meta property=\"article:published_time\" content=\"2016-05-07T20:03:38+00:00\" \/>\n<meta property=\"article:modified_time\" content=\"2016-08-09T16:25:02+00:00\" \/>\n<meta property=\"og:image\" content=\"https:\/\/tyrving.idrett.no\/10\/f\/files\/2016\/05\/20160507_122836-1024x576.jpg\" \/>\n\t<meta property=\"og:image:width\" content=\"1024\" \/>\n\t<meta property=\"og:image:height\" content=\"576\" \/>\n\t<meta property=\"og:image:type\" content=\"image\/jpeg\" \/>\n<meta name=\"author\" content=\"Jo Nesse\" \/>\n<meta name=\"twitter:card\" content=\"summary_large_image\" \/>\n<meta name=\"twitter:label1\" content=\"Skrevet av\" \/>\n\t<meta name=\"twitter:data1\" content=\"Jo Nesse\" \/>\n\t<meta name=\"twitter:label2\" content=\"Ansl. lesetid\" \/>\n\t<meta name=\"twitter:data2\" content=\"5 minutter\" \/>\n<script type=\"application\/ld+json\" class=\"yoast-schema-graph\">{\"@context\":\"https:\/\/schema.org\",\"@graph\":[{\"@type\":\"Article\",\"@id\":\"https:\/\/tyrving.idrett.no\/10\/f\/2016\/05\/07\/flotte-plasseringer-i-juniorklassene-ok-i-senior\/#article\",\"isPartOf\":{\"@id\":\"https:\/\/tyrving.idrett.no\/10\/f\/2016\/05\/07\/flotte-plasseringer-i-juniorklassene-ok-i-senior\/\"},\"author\":{\"name\":\"Jo Nesse\",\"@id\":\"https:\/\/tyrving.idrett.no\/10\/f\/#\/schema\/person\/d4c0beffa6e345e38d49e774568a87f8\"},\"headline\":\"Flott av juniorene \u2013 OK i senior\",\"datePublished\":\"2016-05-07T20:03:38+00:00\",\"dateModified\":\"2016-08-09T16:25:02+00:00\",\"mainEntityOfPage\":{\"@id\":\"https:\/\/tyrving.idrett.no\/10\/f\/2016\/05\/07\/flotte-plasseringer-i-juniorklassene-ok-i-senior\/\"},\"wordCount\":970,\"commentCount\":0,\"publisher\":{\"@id\":\"https:\/\/tyrving.idrett.no\/10\/f\/#organization\"},\"keywords\":[\"HK-stafetten\"],\"articleSection\":[\"Nyheter\"],\"inLanguage\":\"nb-NO\",\"potentialAction\":[{\"@type\":\"CommentAction\",\"name\":\"Comment\",\"target\":[\"https:\/\/tyrving.idrett.no\/10\/f\/2016\/05\/07\/flotte-plasseringer-i-juniorklassene-ok-i-senior\/#respond\"]}]},{\"@type\":\"WebPage\",\"@id\":\"https:\/\/tyrving.idrett.no\/10\/f\/2016\/05\/07\/flotte-plasseringer-i-juniorklassene-ok-i-senior\/\",\"url\":\"https:\/\/tyrving.idrett.no\/10\/f\/2016\/05\/07\/flotte-plasseringer-i-juniorklassene-ok-i-senior\/\",\"name\":\"Flott av juniorene \u2013 OK i senior - Tyrving - Friidrett\",\"isPartOf\":{\"@id\":\"https:\/\/tyrving.idrett.no\/10\/f\/#website\"},\"datePublished\":\"2016-05-07T20:03:38+00:00\",\"dateModified\":\"2016-08-09T16:25:02+00:00\",\"breadcrumb\":{\"@id\":\"https:\/\/tyrving.idrett.no\/10\/f\/2016\/05\/07\/flotte-plasseringer-i-juniorklassene-ok-i-senior\/#breadcrumb\"},\"inLanguage\":\"nb-NO\",\"potentialAction\":[{\"@type\":\"ReadAction\",\"target\":[\"https:\/\/tyrving.idrett.no\/10\/f\/2016\/05\/07\/flotte-plasseringer-i-juniorklassene-ok-i-senior\/\"]}]},{\"@type\":\"BreadcrumbList\",\"@id\":\"https:\/\/tyrving.idrett.no\/10\/f\/2016\/05\/07\/flotte-plasseringer-i-juniorklassene-ok-i-senior\/#breadcrumb\",\"itemListElement\":[{\"@type\":\"ListItem\",\"position\":1,\"name\":\"Hjem\",\"item\":\"https:\/\/tyrving.idrett.no\/10\/f\/\"},{\"@type\":\"ListItem\",\"position\":2,\"name\":\"Flott av juniorene \u2013 OK i senior\"}]},{\"@type\":\"WebSite\",\"@id\":\"https:\/\/tyrving.idrett.no\/10\/f\/#website\",\"url\":\"https:\/\/tyrving.idrett.no\/10\/f\/\",\"name\":\"Tyrving - Friidrett\",\"description\":\"Friidrettsgruppa\",\"publisher\":{\"@id\":\"https:\/\/tyrving.idrett.no\/10\/f\/#organization\"},\"potentialAction\":[{\"@type\":\"SearchAction\",\"target\":{\"@type\":\"EntryPoint\",\"urlTemplate\":\"https:\/\/tyrving.idrett.no\/10\/f\/?s={search_term_string}\"},\"query-input\":\"required name=search_term_string\"}],\"inLanguage\":\"nb-NO\"},{\"@type\":\"Organization\",\"@id\":\"https:\/\/tyrving.idrett.no\/10\/f\/#organization\",\"name\":\"Tyrving Friidrettsgruppa\",\"url\":\"https:\/\/tyrving.idrett.no\/10\/f\/\",\"logo\":{\"@type\":\"ImageObject\",\"inLanguage\":\"nb-NO\",\"@id\":\"https:\/\/tyrving.idrett.no\/10\/f\/#\/schema\/logo\/image\/\",\"url\":\"https:\/\/tyrving.idrett.no\/10\/f\/files\/2019\/04\/Tyrving-Logo-Friidrett-2019.jpg\",\"contentUrl\":\"https:\/\/tyrving.idrett.no\/10\/f\/files\/2019\/04\/Tyrving-Logo-Friidrett-2019.jpg\",\"width\":460,\"height\":360,\"caption\":\"Tyrving Friidrettsgruppa\"},\"image\":{\"@id\":\"https:\/\/tyrving.idrett.no\/10\/f\/#\/schema\/logo\/image\/\"}},{\"@type\":\"Person\",\"@id\":\"https:\/\/tyrving.idrett.no\/10\/f\/#\/schema\/person\/d4c0beffa6e345e38d49e774568a87f8\",\"name\":\"Jo Nesse\",\"image\":{\"@type\":\"ImageObject\",\"inLanguage\":\"nb-NO\",\"@id\":\"https:\/\/tyrving.idrett.no\/10\/f\/#\/schema\/person\/image\/\",\"url\":\"https:\/\/secure.gravatar.com\/avatar\/1a06e9e4dda9ad2aa819860d47a5c08e?s=96&d=mm&r=g\",\"contentUrl\":\"https:\/\/secure.gravatar.com\/avatar\/1a06e9e4dda9ad2aa819860d47a5c08e?s=96&d=mm&r=g\",\"caption\":\"Jo Nesse\"}}]}<\/script>\n<!-- \/ Yoast SEO plugin. -->","yoast_head_json":{"title":"Flott av juniorene \u2013 OK i senior - Tyrving - Friidrett","robots":{"index":"index","follow":"follow","max-snippet":"max-snippet:-1","max-image-preview":"max-image-preview:large","max-video-preview":"max-video-preview:-1"},"canonical":"https:\/\/tyrving.idrett.no\/10\/f\/2016\/05\/07\/flotte-plasseringer-i-juniorklassene-ok-i-senior\/","og_locale":"nb_NO","og_type":"article","og_title":"Flott av juniorene \u2013 OK i senior - Tyrving - Friidrett","og_description":"Det var juniorene v\u00e5re som markerte seg mest under dagens Holmenkollstafett. Jentelaget tok en sterk annenplass og var s\u00e5gar oppe i teten en kort stund etter en sterk langetappe av Lucie\u00a0Lunde Bang. V...","og_url":"https:\/\/tyrving.idrett.no\/10\/f\/2016\/05\/07\/flotte-plasseringer-i-juniorklassene-ok-i-senior\/","og_site_name":"Tyrving - Friidrett","article_published_time":"2016-05-07T20:03:38+00:00","article_modified_time":"2016-08-09T16:25:02+00:00","og_image":[{"width":1024,"height":576,"url":"https:\/\/tyrving.idrett.no\/10\/f\/files\/2016\/05\/20160507_122836-1024x576.jpg","type":"image\/jpeg"}],"author":"Jo Nesse","twitter_card":"summary_large_image","twitter_misc":{"Skrevet av":"Jo Nesse","Ansl. lesetid":"5 minutter"},"schema":{"@context":"https:\/\/schema.org","@graph":[{"@type":"Article","@id":"https:\/\/tyrving.idrett.no\/10\/f\/2016\/05\/07\/flotte-plasseringer-i-juniorklassene-ok-i-senior\/#article","isPartOf":{"@id":"https:\/\/tyrving.idrett.no\/10\/f\/2016\/05\/07\/flotte-plasseringer-i-juniorklassene-ok-i-senior\/"},"author":{"name":"Jo Nesse","@id":"https:\/\/tyrving.idrett.no\/10\/f\/#\/schema\/person\/d4c0beffa6e345e38d49e774568a87f8"},"headline":"Flott av juniorene \u2013 OK i senior","datePublished":"2016-05-07T20:03:38+00:00","dateModified":"2016-08-09T16:25:02+00:00","mainEntityOfPage":{"@id":"https:\/\/tyrving.idrett.no\/10\/f\/2016\/05\/07\/flotte-plasseringer-i-juniorklassene-ok-i-senior\/"},"wordCount":970,"commentCount":0,"publisher":{"@id":"https:\/\/tyrving.idrett.no\/10\/f\/#organization"},"keywords":["HK-stafetten"],"articleSection":["Nyheter"],"inLanguage":"nb-NO","potentialAction":[{"@type":"CommentAction","name":"Comment","target":["https:\/\/tyrving.idrett.no\/10\/f\/2016\/05\/07\/flotte-plasseringer-i-juniorklassene-ok-i-senior\/#respond"]}]},{"@type":"WebPage","@id":"https:\/\/tyrving.idrett.no\/10\/f\/2016\/05\/07\/flotte-plasseringer-i-juniorklassene-ok-i-senior\/","url":"https:\/\/tyrving.idrett.no\/10\/f\/2016\/05\/07\/flotte-plasseringer-i-juniorklassene-ok-i-senior\/","name":"Flott av juniorene \u2013 OK i senior - Tyrving - Friidrett","isPartOf":{"@id":"https:\/\/tyrving.idrett.no\/10\/f\/#website"},"datePublished":"2016-05-07T20:03:38+00:00","dateModified":"2016-08-09T16:25:02+00:00","breadcrumb":{"@id":"https:\/\/tyrving.idrett.no\/10\/f\/2016\/05\/07\/flotte-plasseringer-i-juniorklassene-ok-i-senior\/#breadcrumb"},"inLanguage":"nb-NO","potentialAction":[{"@type":"ReadAction","target":["https:\/\/tyrving.idrett.no\/10\/f\/2016\/05\/07\/flotte-plasseringer-i-juniorklassene-ok-i-senior\/"]}]},{"@type":"BreadcrumbList","@id":"https:\/\/tyrving.idrett.no\/10\/f\/2016\/05\/07\/flotte-plasseringer-i-juniorklassene-ok-i-senior\/#breadcrumb","itemListElement":[{"@type":"ListItem","position":1,"name":"Hjem","item":"https:\/\/tyrving.idrett.no\/10\/f\/"},{"@type":"ListItem","position":2,"name":"Flott av juniorene \u2013 OK i senior"}]},{"@type":"WebSite","@id":"https:\/\/tyrving.idrett.no\/10\/f\/#website","url":"https:\/\/tyrving.idrett.no\/10\/f\/","name":"Tyrving - Friidrett","description":"Friidrettsgruppa","publisher":{"@id":"https:\/\/tyrving.idrett.no\/10\/f\/#organization"},"potentialAction":[{"@type":"SearchAction","target":{"@type":"EntryPoint","urlTemplate":"https:\/\/tyrving.idrett.no\/10\/f\/?s={search_term_string}"},"query-input":"required name=search_term_string"}],"inLanguage":"nb-NO"},{"@type":"Organization","@id":"https:\/\/tyrving.idrett.no\/10\/f\/#organization","name":"Tyrving Friidrettsgruppa","url":"https:\/\/tyrving.idrett.no\/10\/f\/","logo":{"@type":"ImageObject","inLanguage":"nb-NO","@id":"https:\/\/tyrving.idrett.no\/10\/f\/#\/schema\/logo\/image\/","url":"https:\/\/tyrving.idrett.no\/10\/f\/files\/2019\/04\/Tyrving-Logo-Friidrett-2019.jpg","contentUrl":"https:\/\/tyrving.idrett.no\/10\/f\/files\/2019\/04\/Tyrving-Logo-Friidrett-2019.jpg","width":460,"height":360,"caption":"Tyrving Friidrettsgruppa"},"image":{"@id":"https:\/\/tyrving.idrett.no\/10\/f\/#\/schema\/logo\/image\/"}},{"@type":"Person","@id":"https:\/\/tyrving.idrett.no\/10\/f\/#\/schema\/person\/d4c0beffa6e345e38d49e774568a87f8","name":"Jo Nesse","image":{"@type":"ImageObject","inLanguage":"nb-NO","@id":"https:\/\/tyrving.idrett.no\/10\/f\/#\/schema\/person\/image\/","url":"https:\/\/secure.gravatar.com\/avatar\/1a06e9e4dda9ad2aa819860d47a5c08e?s=96&d=mm&r=g","contentUrl":"https:\/\/secure.gravatar.com\/avatar\/1a06e9e4dda9ad2aa819860d47a5c08e?s=96&d=mm&r=g","caption":"Jo Nesse"}}]}},"jetpack_sharing_enabled":true,"jetpack_featured_media_url":"https:\/\/tyrving.idrett.no\/10\/f\/files\/2016\/05\/20160507_122836.jpg","_links":{"self":[{"href":"https:\/\/tyrving.idrett.no\/10\/f\/wp-json\/wp\/v2\/posts\/15681"}],"collection":[{"href":"https:\/\/tyrving.idrett.no\/10\/f\/wp-json\/wp\/v2\/posts"}],"about":[{"href":"https:\/\/tyrving.idrett.no\/10\/f\/wp-json\/wp\/v2\/types\/post"}],"author":[{"embeddable":true,"href":"https:\/\/tyrving.idrett.no\/10\/f\/wp-json\/wp\/v2\/users\/11"}],"replies":[{"embeddable":true,"href":"https:\/\/tyrving.idrett.no\/10\/f\/wp-json\/wp\/v2\/comments?post=15681"}],"version-history":[{"count":5,"href":"https:\/\/tyrving.idrett.no\/10\/f\/wp-json\/wp\/v2\/posts\/15681\/revisions"}],"predecessor-version":[{"id":15697,"href":"https:\/\/tyrving.idrett.no\/10\/f\/wp-json\/wp\/v2\/posts\/15681\/revisions\/15697"}],"wp:featuredmedia":[{"embeddable":true,"href":"https:\/\/tyrving.idrett.no\/10\/f\/wp-json\/wp\/v2\/media\/15682"}],"wp:attachment":[{"href":"https:\/\/tyrving.idrett.no\/10\/f\/wp-json\/wp\/v2\/media?parent=15681"}],"wp:term":[{"taxonomy":"category","embeddable":true,"href":"https:\/\/tyrving.idrett.no\/10\/f\/wp-json\/wp\/v2\/categories?post=15681"},{"taxonomy":"post_tag","embeddable":true,"href":"https:\/\/tyrving.idrett.no\/10\/f\/wp-json\/wp\/v2\/tags?post=15681"}],"curies":[{"name":"wp","href":"https:\/\/api.w.org\/{rel}","templated":true}]}}