{"id":15718,"date":"2016-05-09T18:23:44","date_gmt":"2016-05-09T16:23:44","guid":{"rendered":"http:\/\/tyrving.idrett.no\/10\/f\/?p=15718"},"modified":"2016-05-09T18:23:44","modified_gmt":"2016-05-09T16:23:44","slug":"fantastiske-resultater-av-amalie","status":"publish","type":"post","link":"https:\/\/tyrving.idrett.no\/10\/f\/2016\/05\/09\/fantastiske-resultater-av-amalie\/","title":{"rendered":"Fantastiske resultater av Amalie!"},"content":{"rendered":"<p>Amalie fikk en flott f\u00f8rste dag p\u00e5 \u00e5rets Pac-12 i 7-kamp. F\u00f8rst greie 13.81 p\u00e5 hekk i motvind 0,7, s\u00e5 utrolige 1.84 i h\u00f8yde (med hele 15 hopp i konkurransen). Likevel Klinte hun til med ny kjempepers i kule \u2013 11.63 og en 200 meter rett bak norsk rekord \u2013 23.41 i 0,0! Til sammen hadde Amalie 3709 etter f\u00f8rste dag og kunne sikte seg inn mot en poengsum over 6000, med en grei annendag. Hun var jo langt over gamle perser i tre \u00f8velser i. Med en noe varierende sur vind i Seattle og en litt vond hofte ble annen dag litt nedtur for Amalie. 5.89 i lengde (-1,1) og 29.51 i spyd ble for svakt til \u00e5 kunne true Ida Markussens norske rekord sammenlagt. Men 2:06.34 p\u00e5 800 i en 7-kamp er verdensklasse og 6011 poeng ga suveren seier. Med 23.41 og norsk U23-rekord p\u00e5 200 i vindstille og ellers motvind i hekk og lengde, er det jo uansett en hederlig helgeinnsats!<\/p>\n<p>Resultater:\u00a0<a href=\"http:\/\/www.gohuskies.com\/fls\/30200\/trackresults\/050716\/index.htm\">http:\/\/www.gohuskies.com\/fls\/30200\/trackresults\/050716\/index.htm<\/a><\/p>\n<p>Link med video fra 7-kampens f\u00f8rste dag:\u00a0<a href=\"https:\/\/pac-12.com\/videos\/uscs-amalie-luel-takes-day-1-lead-pac-12-track-and-field-multis-championship\">https:\/\/pac-12.com\/videos\/uscs-amalie-luel-takes-day-1-lead-pac-12-track-and-field-multis-championship<\/a><\/p>\n","protected":false},"excerpt":{"rendered":"Amalie fikk en flott f\u00f8rste dag p\u00e5 \u00e5rets Pac-12 i 7-kamp. F\u00f8rst greie 13.81 p\u00e5 hekk i motvind 0,7, s\u00e5 utrolige 1.84 i h\u00f8yde (med hele 15 hopp i konkurransen). Likevel Klinte hun til med ny kjempepers &#8230;","protected":false},"author":11,"featured_media":15423,"comment_status":"open","ping_status":"open","sticky":false,"template":"","format":"standard","meta":{"footnotes":"","_jetpack_memberships_contains_paid_content":false},"categories":[1],"tags":[],"acf":[],"yoast_head":"<!-- This site is optimized with the Yoast SEO plugin v21.2 - https:\/\/yoast.com\/wordpress\/plugins\/seo\/ -->\n<title>Fantastiske resultater av Amalie! - Tyrving - Friidrett<\/title>\n<meta name=\"robots\" content=\"index, follow, max-snippet:-1, max-image-preview:large, max-video-preview:-1\" \/>\n<link rel=\"canonical\" href=\"https:\/\/tyrving.idrett.no\/10\/f\/2016\/05\/09\/fantastiske-resultater-av-amalie\/\" \/>\n<meta property=\"og:locale\" content=\"nb_NO\" \/>\n<meta property=\"og:type\" content=\"article\" \/>\n<meta property=\"og:title\" content=\"Fantastiske resultater av Amalie! - Tyrving - Friidrett\" \/>\n<meta property=\"og:description\" content=\"Amalie fikk en flott f\u00f8rste dag p\u00e5 \u00e5rets Pac-12 i 7-kamp. F\u00f8rst greie 13.81 p\u00e5 hekk i motvind 0,7, s\u00e5 utrolige 1.84 i h\u00f8yde (med hele 15 hopp i konkurransen). Likevel Klinte hun til med ny kjempepers ...\" \/>\n<meta property=\"og:url\" content=\"https:\/\/tyrving.idrett.no\/10\/f\/2016\/05\/09\/fantastiske-resultater-av-amalie\/\" \/>\n<meta property=\"og:site_name\" content=\"Tyrving - Friidrett\" \/>\n<meta property=\"article:published_time\" content=\"2016-05-09T16:23:44+00:00\" \/>\n<meta property=\"og:image\" content=\"https:\/\/tyrving.idrett.no\/10\/f\/files\/2016\/04\/Amalie-900x600.png\" \/>\n\t<meta property=\"og:image:width\" content=\"900\" \/>\n\t<meta property=\"og:image:height\" content=\"600\" \/>\n\t<meta property=\"og:image:type\" content=\"image\/png\" \/>\n<meta name=\"author\" content=\"Jo Nesse\" \/>\n<meta name=\"twitter:card\" content=\"summary_large_image\" \/>\n<meta name=\"twitter:label1\" content=\"Skrevet av\" \/>\n\t<meta name=\"twitter:data1\" content=\"Jo Nesse\" \/>\n\t<meta name=\"twitter:label2\" content=\"Ansl. lesetid\" \/>\n\t<meta name=\"twitter:data2\" content=\"1 minutt\" \/>\n<script type=\"application\/ld+json\" class=\"yoast-schema-graph\">{\"@context\":\"https:\/\/schema.org\",\"@graph\":[{\"@type\":\"Article\",\"@id\":\"https:\/\/tyrving.idrett.no\/10\/f\/2016\/05\/09\/fantastiske-resultater-av-amalie\/#article\",\"isPartOf\":{\"@id\":\"https:\/\/tyrving.idrett.no\/10\/f\/2016\/05\/09\/fantastiske-resultater-av-amalie\/\"},\"author\":{\"name\":\"Jo Nesse\",\"@id\":\"https:\/\/tyrving.idrett.no\/10\/f\/#\/schema\/person\/d4c0beffa6e345e38d49e774568a87f8\"},\"headline\":\"Fantastiske resultater av Amalie!\",\"datePublished\":\"2016-05-09T16:23:44+00:00\",\"dateModified\":\"2016-05-09T16:23:44+00:00\",\"mainEntityOfPage\":{\"@id\":\"https:\/\/tyrving.idrett.no\/10\/f\/2016\/05\/09\/fantastiske-resultater-av-amalie\/\"},\"wordCount\":177,\"commentCount\":0,\"publisher\":{\"@id\":\"https:\/\/tyrving.idrett.no\/10\/f\/#organization\"},\"articleSection\":[\"Nyheter\"],\"inLanguage\":\"nb-NO\",\"potentialAction\":[{\"@type\":\"CommentAction\",\"name\":\"Comment\",\"target\":[\"https:\/\/tyrving.idrett.no\/10\/f\/2016\/05\/09\/fantastiske-resultater-av-amalie\/#respond\"]}]},{\"@type\":\"WebPage\",\"@id\":\"https:\/\/tyrving.idrett.no\/10\/f\/2016\/05\/09\/fantastiske-resultater-av-amalie\/\",\"url\":\"https:\/\/tyrving.idrett.no\/10\/f\/2016\/05\/09\/fantastiske-resultater-av-amalie\/\",\"name\":\"Fantastiske resultater av Amalie! - Tyrving - Friidrett\",\"isPartOf\":{\"@id\":\"https:\/\/tyrving.idrett.no\/10\/f\/#website\"},\"datePublished\":\"2016-05-09T16:23:44+00:00\",\"dateModified\":\"2016-05-09T16:23:44+00:00\",\"breadcrumb\":{\"@id\":\"https:\/\/tyrving.idrett.no\/10\/f\/2016\/05\/09\/fantastiske-resultater-av-amalie\/#breadcrumb\"},\"inLanguage\":\"nb-NO\",\"potentialAction\":[{\"@type\":\"ReadAction\",\"target\":[\"https:\/\/tyrving.idrett.no\/10\/f\/2016\/05\/09\/fantastiske-resultater-av-amalie\/\"]}]},{\"@type\":\"BreadcrumbList\",\"@id\":\"https:\/\/tyrving.idrett.no\/10\/f\/2016\/05\/09\/fantastiske-resultater-av-amalie\/#breadcrumb\",\"itemListElement\":[{\"@type\":\"ListItem\",\"position\":1,\"name\":\"Hjem\",\"item\":\"https:\/\/tyrving.idrett.no\/10\/f\/\"},{\"@type\":\"ListItem\",\"position\":2,\"name\":\"Fantastiske resultater av Amalie!\"}]},{\"@type\":\"WebSite\",\"@id\":\"https:\/\/tyrving.idrett.no\/10\/f\/#website\",\"url\":\"https:\/\/tyrving.idrett.no\/10\/f\/\",\"name\":\"Tyrving - Friidrett\",\"description\":\"Friidrettsgruppa\",\"publisher\":{\"@id\":\"https:\/\/tyrving.idrett.no\/10\/f\/#organization\"},\"potentialAction\":[{\"@type\":\"SearchAction\",\"target\":{\"@type\":\"EntryPoint\",\"urlTemplate\":\"https:\/\/tyrving.idrett.no\/10\/f\/?s={search_term_string}\"},\"query-input\":\"required name=search_term_string\"}],\"inLanguage\":\"nb-NO\"},{\"@type\":\"Organization\",\"@id\":\"https:\/\/tyrving.idrett.no\/10\/f\/#organization\",\"name\":\"Tyrving Friidrettsgruppa\",\"url\":\"https:\/\/tyrving.idrett.no\/10\/f\/\",\"logo\":{\"@type\":\"ImageObject\",\"inLanguage\":\"nb-NO\",\"@id\":\"https:\/\/tyrving.idrett.no\/10\/f\/#\/schema\/logo\/image\/\",\"url\":\"https:\/\/tyrving.idrett.no\/10\/f\/files\/2019\/04\/Tyrving-Logo-Friidrett-2019.jpg\",\"contentUrl\":\"https:\/\/tyrving.idrett.no\/10\/f\/files\/2019\/04\/Tyrving-Logo-Friidrett-2019.jpg\",\"width\":460,\"height\":360,\"caption\":\"Tyrving Friidrettsgruppa\"},\"image\":{\"@id\":\"https:\/\/tyrving.idrett.no\/10\/f\/#\/schema\/logo\/image\/\"}},{\"@type\":\"Person\",\"@id\":\"https:\/\/tyrving.idrett.no\/10\/f\/#\/schema\/person\/d4c0beffa6e345e38d49e774568a87f8\",\"name\":\"Jo Nesse\",\"image\":{\"@type\":\"ImageObject\",\"inLanguage\":\"nb-NO\",\"@id\":\"https:\/\/tyrving.idrett.no\/10\/f\/#\/schema\/person\/image\/\",\"url\":\"https:\/\/secure.gravatar.com\/avatar\/1a06e9e4dda9ad2aa819860d47a5c08e?s=96&d=mm&r=g\",\"contentUrl\":\"https:\/\/secure.gravatar.com\/avatar\/1a06e9e4dda9ad2aa819860d47a5c08e?s=96&d=mm&r=g\",\"caption\":\"Jo Nesse\"}}]}<\/script>\n<!-- \/ Yoast SEO plugin. -->","yoast_head_json":{"title":"Fantastiske resultater av Amalie! - Tyrving - Friidrett","robots":{"index":"index","follow":"follow","max-snippet":"max-snippet:-1","max-image-preview":"max-image-preview:large","max-video-preview":"max-video-preview:-1"},"canonical":"https:\/\/tyrving.idrett.no\/10\/f\/2016\/05\/09\/fantastiske-resultater-av-amalie\/","og_locale":"nb_NO","og_type":"article","og_title":"Fantastiske resultater av Amalie! - Tyrving - Friidrett","og_description":"Amalie fikk en flott f\u00f8rste dag p\u00e5 \u00e5rets Pac-12 i 7-kamp. F\u00f8rst greie 13.81 p\u00e5 hekk i motvind 0,7, s\u00e5 utrolige 1.84 i h\u00f8yde (med hele 15 hopp i konkurransen). Likevel Klinte hun til med ny kjempepers ...","og_url":"https:\/\/tyrving.idrett.no\/10\/f\/2016\/05\/09\/fantastiske-resultater-av-amalie\/","og_site_name":"Tyrving - Friidrett","article_published_time":"2016-05-09T16:23:44+00:00","og_image":[{"width":900,"height":600,"url":"https:\/\/tyrving.idrett.no\/10\/f\/files\/2016\/04\/Amalie-900x600.png","type":"image\/png"}],"author":"Jo Nesse","twitter_card":"summary_large_image","twitter_misc":{"Skrevet av":"Jo Nesse","Ansl. lesetid":"1 minutt"},"schema":{"@context":"https:\/\/schema.org","@graph":[{"@type":"Article","@id":"https:\/\/tyrving.idrett.no\/10\/f\/2016\/05\/09\/fantastiske-resultater-av-amalie\/#article","isPartOf":{"@id":"https:\/\/tyrving.idrett.no\/10\/f\/2016\/05\/09\/fantastiske-resultater-av-amalie\/"},"author":{"name":"Jo Nesse","@id":"https:\/\/tyrving.idrett.no\/10\/f\/#\/schema\/person\/d4c0beffa6e345e38d49e774568a87f8"},"headline":"Fantastiske resultater av Amalie!","datePublished":"2016-05-09T16:23:44+00:00","dateModified":"2016-05-09T16:23:44+00:00","mainEntityOfPage":{"@id":"https:\/\/tyrving.idrett.no\/10\/f\/2016\/05\/09\/fantastiske-resultater-av-amalie\/"},"wordCount":177,"commentCount":0,"publisher":{"@id":"https:\/\/tyrving.idrett.no\/10\/f\/#organization"},"articleSection":["Nyheter"],"inLanguage":"nb-NO","potentialAction":[{"@type":"CommentAction","name":"Comment","target":["https:\/\/tyrving.idrett.no\/10\/f\/2016\/05\/09\/fantastiske-resultater-av-amalie\/#respond"]}]},{"@type":"WebPage","@id":"https:\/\/tyrving.idrett.no\/10\/f\/2016\/05\/09\/fantastiske-resultater-av-amalie\/","url":"https:\/\/tyrving.idrett.no\/10\/f\/2016\/05\/09\/fantastiske-resultater-av-amalie\/","name":"Fantastiske resultater av Amalie! - Tyrving - Friidrett","isPartOf":{"@id":"https:\/\/tyrving.idrett.no\/10\/f\/#website"},"datePublished":"2016-05-09T16:23:44+00:00","dateModified":"2016-05-09T16:23:44+00:00","breadcrumb":{"@id":"https:\/\/tyrving.idrett.no\/10\/f\/2016\/05\/09\/fantastiske-resultater-av-amalie\/#breadcrumb"},"inLanguage":"nb-NO","potentialAction":[{"@type":"ReadAction","target":["https:\/\/tyrving.idrett.no\/10\/f\/2016\/05\/09\/fantastiske-resultater-av-amalie\/"]}]},{"@type":"BreadcrumbList","@id":"https:\/\/tyrving.idrett.no\/10\/f\/2016\/05\/09\/fantastiske-resultater-av-amalie\/#breadcrumb","itemListElement":[{"@type":"ListItem","position":1,"name":"Hjem","item":"https:\/\/tyrving.idrett.no\/10\/f\/"},{"@type":"ListItem","position":2,"name":"Fantastiske resultater av Amalie!"}]},{"@type":"WebSite","@id":"https:\/\/tyrving.idrett.no\/10\/f\/#website","url":"https:\/\/tyrving.idrett.no\/10\/f\/","name":"Tyrving - Friidrett","description":"Friidrettsgruppa","publisher":{"@id":"https:\/\/tyrving.idrett.no\/10\/f\/#organization"},"potentialAction":[{"@type":"SearchAction","target":{"@type":"EntryPoint","urlTemplate":"https:\/\/tyrving.idrett.no\/10\/f\/?s={search_term_string}"},"query-input":"required name=search_term_string"}],"inLanguage":"nb-NO"},{"@type":"Organization","@id":"https:\/\/tyrving.idrett.no\/10\/f\/#organization","name":"Tyrving Friidrettsgruppa","url":"https:\/\/tyrving.idrett.no\/10\/f\/","logo":{"@type":"ImageObject","inLanguage":"nb-NO","@id":"https:\/\/tyrving.idrett.no\/10\/f\/#\/schema\/logo\/image\/","url":"https:\/\/tyrving.idrett.no\/10\/f\/files\/2019\/04\/Tyrving-Logo-Friidrett-2019.jpg","contentUrl":"https:\/\/tyrving.idrett.no\/10\/f\/files\/2019\/04\/Tyrving-Logo-Friidrett-2019.jpg","width":460,"height":360,"caption":"Tyrving Friidrettsgruppa"},"image":{"@id":"https:\/\/tyrving.idrett.no\/10\/f\/#\/schema\/logo\/image\/"}},{"@type":"Person","@id":"https:\/\/tyrving.idrett.no\/10\/f\/#\/schema\/person\/d4c0beffa6e345e38d49e774568a87f8","name":"Jo Nesse","image":{"@type":"ImageObject","inLanguage":"nb-NO","@id":"https:\/\/tyrving.idrett.no\/10\/f\/#\/schema\/person\/image\/","url":"https:\/\/secure.gravatar.com\/avatar\/1a06e9e4dda9ad2aa819860d47a5c08e?s=96&d=mm&r=g","contentUrl":"https:\/\/secure.gravatar.com\/avatar\/1a06e9e4dda9ad2aa819860d47a5c08e?s=96&d=mm&r=g","caption":"Jo Nesse"}}]}},"jetpack_sharing_enabled":true,"jetpack_featured_media_url":"https:\/\/tyrving.idrett.no\/10\/f\/files\/2016\/04\/Amalie-900x600.png","_links":{"self":[{"href":"https:\/\/tyrving.idrett.no\/10\/f\/wp-json\/wp\/v2\/posts\/15718"}],"collection":[{"href":"https:\/\/tyrving.idrett.no\/10\/f\/wp-json\/wp\/v2\/posts"}],"about":[{"href":"https:\/\/tyrving.idrett.no\/10\/f\/wp-json\/wp\/v2\/types\/post"}],"author":[{"embeddable":true,"href":"https:\/\/tyrving.idrett.no\/10\/f\/wp-json\/wp\/v2\/users\/11"}],"replies":[{"embeddable":true,"href":"https:\/\/tyrving.idrett.no\/10\/f\/wp-json\/wp\/v2\/comments?post=15718"}],"version-history":[{"count":4,"href":"https:\/\/tyrving.idrett.no\/10\/f\/wp-json\/wp\/v2\/posts\/15718\/revisions"}],"predecessor-version":[{"id":15722,"href":"https:\/\/tyrving.idrett.no\/10\/f\/wp-json\/wp\/v2\/posts\/15718\/revisions\/15722"}],"wp:featuredmedia":[{"embeddable":true,"href":"https:\/\/tyrving.idrett.no\/10\/f\/wp-json\/wp\/v2\/media\/15423"}],"wp:attachment":[{"href":"https:\/\/tyrving.idrett.no\/10\/f\/wp-json\/wp\/v2\/media?parent=15718"}],"wp:term":[{"taxonomy":"category","embeddable":true,"href":"https:\/\/tyrving.idrett.no\/10\/f\/wp-json\/wp\/v2\/categories?post=15718"},{"taxonomy":"post_tag","embeddable":true,"href":"https:\/\/tyrving.idrett.no\/10\/f\/wp-json\/wp\/v2\/tags?post=15718"}],"curies":[{"name":"wp","href":"https:\/\/api.w.org\/{rel}","templated":true}]}}