{"id":15870,"date":"2016-06-16T07:50:25","date_gmt":"2016-06-16T05:50:25","guid":{"rendered":"http:\/\/tyrving.idrett.no\/10\/f\/?p=15870"},"modified":"2016-06-17T13:11:02","modified_gmt":"2016-06-17T11:11:02","slug":"pa-tide-a-tenke-mesterskap-2","status":"publish","type":"post","link":"https:\/\/tyrving.idrett.no\/10\/f\/2016\/06\/16\/pa-tide-a-tenke-mesterskap-2\/","title":{"rendered":"P\u00e5 tide \u00e5 tenke mesterskap!"},"content":{"rendered":"<p>Vi er midt oppe i den mest hektiske delen av forsesongen og som vanlig er kvalifisering til internasjonale og nasjonale mesterskap h\u00f8yt oppe p\u00e5 agendaen for Tyrvings beste ut\u00f8vere. Det gledelig at vi i \u00e5r faktisk har en reell mulighet til \u00e5 v\u00e6re representert i alle mesterskapene \u2013 og kanskje for f\u00f8rste gang siden 1968 s\u00e5gar v\u00e6re representert i OL og for f\u00f8rste gang noensinne i Paralympics! Til OL er det nok Amalie Iuel som ligger best an. Hun er formelt sett kvalifisert basert p\u00e5 de internasjonale kvalifiseringskriteriene, men det (meningsl\u00f8se) nasjonale s\u00e6rkravet har hun enn\u00e5 ikke oppn\u00e5dd. Ida Nesse har mange ganger kastet langt over kravet til Paralympics i diskos \u2013 en \u00f8velse hun n\u00e5 m\u00e5 satse p\u00e5 siden favoritt\u00f8velsen spyd ikke er p\u00e5 programmet. Her er det imidlertid helt h\u00e5pl\u00f8se kvoteregler for de ulike landene, noe som gj\u00f8r at deltagelse likevel er langt fra sikker.<\/p>\n<p>Amalie er allerede kvalifisert for EM i Amsterdam i juli \u2013 i ikke mindre enn fire \u00f8velser \u2013 200, 400, 400 hekk og syvkamp! Vi har et l\u00f8nnlig h\u00e5p om at Katarina M\u00f6genburg skal tangere eller forbedre persen sin p\u00e5 1,90 og f\u00e5 seg en tur ogs\u00e5. Aurora Dybedokken har l\u00f8pt str\u00e5lende i USA i \u00e5r og kronet verket der borte med en str\u00e5lende s\u00f8lvmedalje i det amerikanske mesterskapet. N\u00e5 h\u00e5per vi at vi kan finne en mulighet for at hun kan f\u00e5 en siste sjanse til \u00e5 ta EM-kravet. Dessuten er det all grunn til \u00e5 tro at Helene R\u00f8nnningen med full klaff kan klare b\u00e5de 11.50 p\u00e5 100 meter og 23.60 p\u00e5 200. Hun er allerede klar for VM for junior \u2013 forel\u00f8pig som den eneste av v\u00e5re. Her tror vi at Marie Skj\u00e6ggestad, hvis hun snart er frisk og full vig\u00f8r, ogs\u00e5 har en god mulighet. Hun har tatt kravet til EM for U18 i Tbilisi, Georgia. Dit er ogs\u00e5 Didrik Hexeberg Warlo kvalifisert etter flere flotte 800 metere.<\/p>\n<p>Vi hadde h\u00e5per at flere av v\u00e5re skulle v\u00e6re aktuelle til de aldersbestemte mesterskapene, men skader har forel\u00f8pig satt fjor\u00e5rets VM-deltagere Mari Drabl\u00f8s og Sondre H\u00f8yland utenfor. De f\u00e5r forh\u00e5pentligvis en siste sjanse i V\u00e4rdsungdomspelen hvis de rekker \u00e5 komme i full form til da. Vi har ogs\u00e5 flere ut\u00f8vere i sprintgruppen som aspirerer til plasser i mesterskapstroppene, men forel\u00f8pig er det et stykke frem til kravene. Det er likevel grunnlag for optimisme i det viktige stevner hvor det normalt ligger vel til rette for gode resultater, forest\u00e5r i ukene fremover.<\/p>\n<p>Til nordisk-baltisk mesterskap for U23 i Finland er nok allerede Amalie, Aurora og Kristiane Width noks\u00e5 selvskrevne \u2013 hvis de \u00f8nsker \u00e5 delta. Amalie h\u00e5per nok p\u00e5 OL og Kristiane m\u00e5 nok tilbake til studier i USA, men vi h\u00e5per Aurora deltar og at hun f\u00e5r med seg Jonas Halonen \u2013 i det minste p\u00e5 et stafettlag. Til nordisk juniormesterskap og \u2013landskamp p\u00e5 Island er Helene selvskreven og det er grunn til \u00e5 h\u00e5pe at b\u00e5de Sondre, Mari, Marie og Anna (Eikebrokk) kan kapre hver sin plass p\u00e5 laget.<\/p>\n<p>De store troppene skal imidlertid av sted til de nasjonale mesterskapene. Vi har allerede rekordmange ut\u00f8vere som har tatt NM-kravet for senior \u2013 hele 39 har klart kravet i l\u00f8pet av kvalifiseringsperioden som strekker seg fra 1.1.2015 frem til mesterskapet starter. Fremdeles har vi flere aktuelle kandidater p\u00e5 venteliste \u2013 i tillegg til de som allerede er kvalifisert ligger nok Hedda Hauge Hornes, Syver R\u00f8inaas og Synn\u00f8ve Mo n\u00e6rmest til \u00e5 bli de neste som kvalifiserer seg til deltagelse p\u00e5 Ask\u00f8y utenfor Bergen siste helg i juli.<\/p>\n<p>Til junior-NM p\u00e5 Brandbu i begynnelsen av august, er det allerede 54 kvalifiserte og det er ingen grunn til \u00e5 tro at det stopper der. Men for dem som skal ta et krav, gjelder det \u00e5 ha en plan. Vi ber derfor om at dere tar kontakt for \u00e5 f\u00e5 hjelp til \u00e5 finne egnede stevner. Det samme gjelder for UM i Sandnes f\u00f8rste helg i september. Her st\u00e5r vi \u00f8yeblikket p\u00e5 66 kvalifiserte som representerer en viss tilbakegang siden topp\u00e5rene i fjor og i forfjor. Men i sum har det jo g\u00e5tt utrolig fremover den siste tiden og ingen andre klubber har noen gang hatt s\u00e5 mange kvalifisert som vi n\u00e5 har til junior-NM og UM. For 15 \u00e5r siden hadde vi en h\u00e5ndfull kvalifisert til hvert mesterskap \u2013 3-4 til NM, 8-10 til junior-NM og omtrent det samme til UM. S\u00e5 sent som i 2006 var tallene 15, 20 og 35, s\u00e5 det har virkelig skutt fart de siste \u00e5rene!<\/p>\n<p>Alle kvalifiserte ser du <strong><a href=\"http:\/\/tyrving.idrett.no\/10\/f\/mesterskapskvalifiserte\/\">her<\/a>\u00a0&#8211; link:\u00a0<a href=\"http:\/\/tyrving.idrett.no\/10\/f\/mesterskapskvalifiserte\/\">http:\/\/tyrving.idrett.no\/10\/f\/mesterskapskvalifiserte\/<\/a><\/strong><\/p>\n<p>Si fra hvis du oppdager feil og mangler! Ja \u2013 og s\u00e5 husk \u00e5 melde deg p\u00e5 f\u00f8r du eventuelt reiser p\u00e5 ferie!<\/p>\n<p>&nbsp;<\/p>\n<p>&nbsp;<\/p>\n<p>&nbsp;<\/p>\n<p>&nbsp;<\/p>\n","protected":false},"excerpt":{"rendered":"Vi er midt oppe i den mest hektiske delen av forsesongen og som vanlig er kvalifisering til internasjonale og nasjonale mesterskap h\u00f8yt oppe p\u00e5 agendaen for Tyrvings beste ut\u00f8vere. Det gledelig at vi &#8230;","protected":false},"author":11,"featured_media":15580,"comment_status":"open","ping_status":"open","sticky":false,"template":"","format":"standard","meta":{"footnotes":"","_jetpack_memberships_contains_paid_content":false},"categories":[1],"tags":[],"acf":[],"yoast_head":"<!-- This site is optimized with the Yoast SEO plugin v21.2 - https:\/\/yoast.com\/wordpress\/plugins\/seo\/ -->\n<title>P\u00e5 tide \u00e5 tenke mesterskap! - Tyrving - Friidrett<\/title>\n<meta name=\"robots\" content=\"index, follow, max-snippet:-1, max-image-preview:large, max-video-preview:-1\" \/>\n<link rel=\"canonical\" href=\"https:\/\/tyrving.idrett.no\/10\/f\/2016\/06\/16\/pa-tide-a-tenke-mesterskap-2\/\" \/>\n<meta property=\"og:locale\" content=\"nb_NO\" \/>\n<meta property=\"og:type\" content=\"article\" \/>\n<meta property=\"og:title\" content=\"P\u00e5 tide \u00e5 tenke mesterskap! - Tyrving - Friidrett\" \/>\n<meta property=\"og:description\" content=\"Vi er midt oppe i den mest hektiske delen av forsesongen og som vanlig er kvalifisering til internasjonale og nasjonale mesterskap h\u00f8yt oppe p\u00e5 agendaen for Tyrvings beste ut\u00f8vere. Det gledelig at vi ...\" \/>\n<meta property=\"og:url\" content=\"https:\/\/tyrving.idrett.no\/10\/f\/2016\/06\/16\/pa-tide-a-tenke-mesterskap-2\/\" \/>\n<meta property=\"og:site_name\" content=\"Tyrving - Friidrett\" \/>\n<meta property=\"article:published_time\" content=\"2016-06-16T05:50:25+00:00\" \/>\n<meta property=\"article:modified_time\" content=\"2016-06-17T11:11:02+00:00\" \/>\n<meta property=\"og:image\" content=\"https:\/\/tyrving.idrett.no\/10\/f\/files\/2016\/05\/2013-Rieti-Aurora-Dybedokken-1024x683.jpg\" \/>\n\t<meta property=\"og:image:width\" content=\"1024\" \/>\n\t<meta property=\"og:image:height\" content=\"683\" \/>\n\t<meta property=\"og:image:type\" content=\"image\/jpeg\" \/>\n<meta name=\"author\" content=\"Jo Nesse\" \/>\n<meta name=\"twitter:card\" content=\"summary_large_image\" \/>\n<meta name=\"twitter:label1\" content=\"Skrevet av\" \/>\n\t<meta name=\"twitter:data1\" content=\"Jo Nesse\" \/>\n\t<meta name=\"twitter:label2\" content=\"Ansl. lesetid\" \/>\n\t<meta name=\"twitter:data2\" content=\"4 minutter\" \/>\n<script type=\"application\/ld+json\" class=\"yoast-schema-graph\">{\"@context\":\"https:\/\/schema.org\",\"@graph\":[{\"@type\":\"Article\",\"@id\":\"https:\/\/tyrving.idrett.no\/10\/f\/2016\/06\/16\/pa-tide-a-tenke-mesterskap-2\/#article\",\"isPartOf\":{\"@id\":\"https:\/\/tyrving.idrett.no\/10\/f\/2016\/06\/16\/pa-tide-a-tenke-mesterskap-2\/\"},\"author\":{\"name\":\"Jo Nesse\",\"@id\":\"https:\/\/tyrving.idrett.no\/10\/f\/#\/schema\/person\/d4c0beffa6e345e38d49e774568a87f8\"},\"headline\":\"P\u00e5 tide \u00e5 tenke mesterskap!\",\"datePublished\":\"2016-06-16T05:50:25+00:00\",\"dateModified\":\"2016-06-17T11:11:02+00:00\",\"mainEntityOfPage\":{\"@id\":\"https:\/\/tyrving.idrett.no\/10\/f\/2016\/06\/16\/pa-tide-a-tenke-mesterskap-2\/\"},\"wordCount\":808,\"commentCount\":0,\"publisher\":{\"@id\":\"https:\/\/tyrving.idrett.no\/10\/f\/#organization\"},\"articleSection\":[\"Nyheter\"],\"inLanguage\":\"nb-NO\",\"potentialAction\":[{\"@type\":\"CommentAction\",\"name\":\"Comment\",\"target\":[\"https:\/\/tyrving.idrett.no\/10\/f\/2016\/06\/16\/pa-tide-a-tenke-mesterskap-2\/#respond\"]}]},{\"@type\":\"WebPage\",\"@id\":\"https:\/\/tyrving.idrett.no\/10\/f\/2016\/06\/16\/pa-tide-a-tenke-mesterskap-2\/\",\"url\":\"https:\/\/tyrving.idrett.no\/10\/f\/2016\/06\/16\/pa-tide-a-tenke-mesterskap-2\/\",\"name\":\"P\u00e5 tide \u00e5 tenke mesterskap! - Tyrving - Friidrett\",\"isPartOf\":{\"@id\":\"https:\/\/tyrving.idrett.no\/10\/f\/#website\"},\"datePublished\":\"2016-06-16T05:50:25+00:00\",\"dateModified\":\"2016-06-17T11:11:02+00:00\",\"breadcrumb\":{\"@id\":\"https:\/\/tyrving.idrett.no\/10\/f\/2016\/06\/16\/pa-tide-a-tenke-mesterskap-2\/#breadcrumb\"},\"inLanguage\":\"nb-NO\",\"potentialAction\":[{\"@type\":\"ReadAction\",\"target\":[\"https:\/\/tyrving.idrett.no\/10\/f\/2016\/06\/16\/pa-tide-a-tenke-mesterskap-2\/\"]}]},{\"@type\":\"BreadcrumbList\",\"@id\":\"https:\/\/tyrving.idrett.no\/10\/f\/2016\/06\/16\/pa-tide-a-tenke-mesterskap-2\/#breadcrumb\",\"itemListElement\":[{\"@type\":\"ListItem\",\"position\":1,\"name\":\"Hjem\",\"item\":\"https:\/\/tyrving.idrett.no\/10\/f\/\"},{\"@type\":\"ListItem\",\"position\":2,\"name\":\"P\u00e5 tide \u00e5 tenke mesterskap!\"}]},{\"@type\":\"WebSite\",\"@id\":\"https:\/\/tyrving.idrett.no\/10\/f\/#website\",\"url\":\"https:\/\/tyrving.idrett.no\/10\/f\/\",\"name\":\"Tyrving - Friidrett\",\"description\":\"Friidrettsgruppa\",\"publisher\":{\"@id\":\"https:\/\/tyrving.idrett.no\/10\/f\/#organization\"},\"potentialAction\":[{\"@type\":\"SearchAction\",\"target\":{\"@type\":\"EntryPoint\",\"urlTemplate\":\"https:\/\/tyrving.idrett.no\/10\/f\/?s={search_term_string}\"},\"query-input\":\"required name=search_term_string\"}],\"inLanguage\":\"nb-NO\"},{\"@type\":\"Organization\",\"@id\":\"https:\/\/tyrving.idrett.no\/10\/f\/#organization\",\"name\":\"Tyrving Friidrettsgruppa\",\"url\":\"https:\/\/tyrving.idrett.no\/10\/f\/\",\"logo\":{\"@type\":\"ImageObject\",\"inLanguage\":\"nb-NO\",\"@id\":\"https:\/\/tyrving.idrett.no\/10\/f\/#\/schema\/logo\/image\/\",\"url\":\"https:\/\/tyrving.idrett.no\/10\/f\/files\/2019\/04\/Tyrving-Logo-Friidrett-2019.jpg\",\"contentUrl\":\"https:\/\/tyrving.idrett.no\/10\/f\/files\/2019\/04\/Tyrving-Logo-Friidrett-2019.jpg\",\"width\":460,\"height\":360,\"caption\":\"Tyrving Friidrettsgruppa\"},\"image\":{\"@id\":\"https:\/\/tyrving.idrett.no\/10\/f\/#\/schema\/logo\/image\/\"}},{\"@type\":\"Person\",\"@id\":\"https:\/\/tyrving.idrett.no\/10\/f\/#\/schema\/person\/d4c0beffa6e345e38d49e774568a87f8\",\"name\":\"Jo Nesse\",\"image\":{\"@type\":\"ImageObject\",\"inLanguage\":\"nb-NO\",\"@id\":\"https:\/\/tyrving.idrett.no\/10\/f\/#\/schema\/person\/image\/\",\"url\":\"https:\/\/secure.gravatar.com\/avatar\/1a06e9e4dda9ad2aa819860d47a5c08e?s=96&d=mm&r=g\",\"contentUrl\":\"https:\/\/secure.gravatar.com\/avatar\/1a06e9e4dda9ad2aa819860d47a5c08e?s=96&d=mm&r=g\",\"caption\":\"Jo Nesse\"}}]}<\/script>\n<!-- \/ Yoast SEO plugin. -->","yoast_head_json":{"title":"P\u00e5 tide \u00e5 tenke mesterskap! - Tyrving - Friidrett","robots":{"index":"index","follow":"follow","max-snippet":"max-snippet:-1","max-image-preview":"max-image-preview:large","max-video-preview":"max-video-preview:-1"},"canonical":"https:\/\/tyrving.idrett.no\/10\/f\/2016\/06\/16\/pa-tide-a-tenke-mesterskap-2\/","og_locale":"nb_NO","og_type":"article","og_title":"P\u00e5 tide \u00e5 tenke mesterskap! - Tyrving - Friidrett","og_description":"Vi er midt oppe i den mest hektiske delen av forsesongen og som vanlig er kvalifisering til internasjonale og nasjonale mesterskap h\u00f8yt oppe p\u00e5 agendaen for Tyrvings beste ut\u00f8vere. Det gledelig at vi ...","og_url":"https:\/\/tyrving.idrett.no\/10\/f\/2016\/06\/16\/pa-tide-a-tenke-mesterskap-2\/","og_site_name":"Tyrving - Friidrett","article_published_time":"2016-06-16T05:50:25+00:00","article_modified_time":"2016-06-17T11:11:02+00:00","og_image":[{"width":1024,"height":683,"url":"https:\/\/tyrving.idrett.no\/10\/f\/files\/2016\/05\/2013-Rieti-Aurora-Dybedokken-1024x683.jpg","type":"image\/jpeg"}],"author":"Jo Nesse","twitter_card":"summary_large_image","twitter_misc":{"Skrevet av":"Jo Nesse","Ansl. lesetid":"4 minutter"},"schema":{"@context":"https:\/\/schema.org","@graph":[{"@type":"Article","@id":"https:\/\/tyrving.idrett.no\/10\/f\/2016\/06\/16\/pa-tide-a-tenke-mesterskap-2\/#article","isPartOf":{"@id":"https:\/\/tyrving.idrett.no\/10\/f\/2016\/06\/16\/pa-tide-a-tenke-mesterskap-2\/"},"author":{"name":"Jo Nesse","@id":"https:\/\/tyrving.idrett.no\/10\/f\/#\/schema\/person\/d4c0beffa6e345e38d49e774568a87f8"},"headline":"P\u00e5 tide \u00e5 tenke mesterskap!","datePublished":"2016-06-16T05:50:25+00:00","dateModified":"2016-06-17T11:11:02+00:00","mainEntityOfPage":{"@id":"https:\/\/tyrving.idrett.no\/10\/f\/2016\/06\/16\/pa-tide-a-tenke-mesterskap-2\/"},"wordCount":808,"commentCount":0,"publisher":{"@id":"https:\/\/tyrving.idrett.no\/10\/f\/#organization"},"articleSection":["Nyheter"],"inLanguage":"nb-NO","potentialAction":[{"@type":"CommentAction","name":"Comment","target":["https:\/\/tyrving.idrett.no\/10\/f\/2016\/06\/16\/pa-tide-a-tenke-mesterskap-2\/#respond"]}]},{"@type":"WebPage","@id":"https:\/\/tyrving.idrett.no\/10\/f\/2016\/06\/16\/pa-tide-a-tenke-mesterskap-2\/","url":"https:\/\/tyrving.idrett.no\/10\/f\/2016\/06\/16\/pa-tide-a-tenke-mesterskap-2\/","name":"P\u00e5 tide \u00e5 tenke mesterskap! - Tyrving - Friidrett","isPartOf":{"@id":"https:\/\/tyrving.idrett.no\/10\/f\/#website"},"datePublished":"2016-06-16T05:50:25+00:00","dateModified":"2016-06-17T11:11:02+00:00","breadcrumb":{"@id":"https:\/\/tyrving.idrett.no\/10\/f\/2016\/06\/16\/pa-tide-a-tenke-mesterskap-2\/#breadcrumb"},"inLanguage":"nb-NO","potentialAction":[{"@type":"ReadAction","target":["https:\/\/tyrving.idrett.no\/10\/f\/2016\/06\/16\/pa-tide-a-tenke-mesterskap-2\/"]}]},{"@type":"BreadcrumbList","@id":"https:\/\/tyrving.idrett.no\/10\/f\/2016\/06\/16\/pa-tide-a-tenke-mesterskap-2\/#breadcrumb","itemListElement":[{"@type":"ListItem","position":1,"name":"Hjem","item":"https:\/\/tyrving.idrett.no\/10\/f\/"},{"@type":"ListItem","position":2,"name":"P\u00e5 tide \u00e5 tenke mesterskap!"}]},{"@type":"WebSite","@id":"https:\/\/tyrving.idrett.no\/10\/f\/#website","url":"https:\/\/tyrving.idrett.no\/10\/f\/","name":"Tyrving - Friidrett","description":"Friidrettsgruppa","publisher":{"@id":"https:\/\/tyrving.idrett.no\/10\/f\/#organization"},"potentialAction":[{"@type":"SearchAction","target":{"@type":"EntryPoint","urlTemplate":"https:\/\/tyrving.idrett.no\/10\/f\/?s={search_term_string}"},"query-input":"required name=search_term_string"}],"inLanguage":"nb-NO"},{"@type":"Organization","@id":"https:\/\/tyrving.idrett.no\/10\/f\/#organization","name":"Tyrving Friidrettsgruppa","url":"https:\/\/tyrving.idrett.no\/10\/f\/","logo":{"@type":"ImageObject","inLanguage":"nb-NO","@id":"https:\/\/tyrving.idrett.no\/10\/f\/#\/schema\/logo\/image\/","url":"https:\/\/tyrving.idrett.no\/10\/f\/files\/2019\/04\/Tyrving-Logo-Friidrett-2019.jpg","contentUrl":"https:\/\/tyrving.idrett.no\/10\/f\/files\/2019\/04\/Tyrving-Logo-Friidrett-2019.jpg","width":460,"height":360,"caption":"Tyrving Friidrettsgruppa"},"image":{"@id":"https:\/\/tyrving.idrett.no\/10\/f\/#\/schema\/logo\/image\/"}},{"@type":"Person","@id":"https:\/\/tyrving.idrett.no\/10\/f\/#\/schema\/person\/d4c0beffa6e345e38d49e774568a87f8","name":"Jo Nesse","image":{"@type":"ImageObject","inLanguage":"nb-NO","@id":"https:\/\/tyrving.idrett.no\/10\/f\/#\/schema\/person\/image\/","url":"https:\/\/secure.gravatar.com\/avatar\/1a06e9e4dda9ad2aa819860d47a5c08e?s=96&d=mm&r=g","contentUrl":"https:\/\/secure.gravatar.com\/avatar\/1a06e9e4dda9ad2aa819860d47a5c08e?s=96&d=mm&r=g","caption":"Jo Nesse"}}]}},"jetpack_sharing_enabled":true,"jetpack_featured_media_url":"https:\/\/tyrving.idrett.no\/10\/f\/files\/2016\/05\/2013-Rieti-Aurora-Dybedokken.jpg","_links":{"self":[{"href":"https:\/\/tyrving.idrett.no\/10\/f\/wp-json\/wp\/v2\/posts\/15870"}],"collection":[{"href":"https:\/\/tyrving.idrett.no\/10\/f\/wp-json\/wp\/v2\/posts"}],"about":[{"href":"https:\/\/tyrving.idrett.no\/10\/f\/wp-json\/wp\/v2\/types\/post"}],"author":[{"embeddable":true,"href":"https:\/\/tyrving.idrett.no\/10\/f\/wp-json\/wp\/v2\/users\/11"}],"replies":[{"embeddable":true,"href":"https:\/\/tyrving.idrett.no\/10\/f\/wp-json\/wp\/v2\/comments?post=15870"}],"version-history":[{"count":8,"href":"https:\/\/tyrving.idrett.no\/10\/f\/wp-json\/wp\/v2\/posts\/15870\/revisions"}],"predecessor-version":[{"id":15881,"href":"https:\/\/tyrving.idrett.no\/10\/f\/wp-json\/wp\/v2\/posts\/15870\/revisions\/15881"}],"wp:featuredmedia":[{"embeddable":true,"href":"https:\/\/tyrving.idrett.no\/10\/f\/wp-json\/wp\/v2\/media\/15580"}],"wp:attachment":[{"href":"https:\/\/tyrving.idrett.no\/10\/f\/wp-json\/wp\/v2\/media?parent=15870"}],"wp:term":[{"taxonomy":"category","embeddable":true,"href":"https:\/\/tyrving.idrett.no\/10\/f\/wp-json\/wp\/v2\/categories?post=15870"},{"taxonomy":"post_tag","embeddable":true,"href":"https:\/\/tyrving.idrett.no\/10\/f\/wp-json\/wp\/v2\/tags?post=15870"}],"curies":[{"name":"wp","href":"https:\/\/api.w.org\/{rel}","templated":true}]}}