{"id":15906,"date":"2016-06-20T13:06:28","date_gmt":"2016-06-20T11:06:28","guid":{"rendered":"http:\/\/tyrving.idrett.no\/10\/f\/?p=15906"},"modified":"2016-08-09T18:20:10","modified_gmt":"2016-08-09T16:20:10","slug":"atletix-ny-trening-i-tyrving","status":"publish","type":"post","link":"https:\/\/tyrving.idrett.no\/10\/f\/2016\/06\/20\/atletix-ny-trening-i-tyrving\/","title":{"rendered":"Athletix &#8211; ny trening i Tyrving"},"content":{"rendered":"<p>FriidrettsNorge og Tyrving har et ansvar \u00e5 tilrettelegge for aktivitet for alle, ogs\u00e5 for dem som \u00f8nsker \u00e5 drive med mosjonsaktivitet for treningens skyld. Vi i Tyrving \u00f8nsker \u00e5 ta v\u00e6re p\u00e5 flest mulig ungdom lengst mulig og gi dem et treningstilbud som er tilpasset alles motivasjon. Athletix er et nytt treningskonsept som er kommet i forbundsregi. Noen klubber i Norge er plukket ut som pilotklubber, deriblant Tyrving. Konseptet tar utgangspunkt i trening for treningens skyld og fokuserer p\u00e5 folkehelse. Athletix kan bli et l\u00f8ft for gruppen ungdommer som ikke lenger er motivert for konkurranser, men som fortsatt \u00f8nsker \u00e5 holde seg i form og v\u00e6re en del av friidrettsmilj\u00f8et.<\/p>\n<p>I august er det det kickoff p\u00e5 v\u00e5rt Athletix-konsept! Mandag 29.august starter vi opp med f\u00f8rste trenings\u00f8kt. Denne \u00f8kten er \u00e5pen for alle mellom 15-19 \u00e5r. Spre nyheten, ta med en klassekamerat og kom innom Nadderud stadion for pr\u00f8vetime 29.august. Da vil du f\u00e5 deg en real basis\u00f8kt.\u00a0Athletix vil du garantert komme i form av!<a href=\"http:\/\/tyrving.idrett.no\/10\/f\/files\/2016\/06\/atletix_flyer_pdf.jpg\"><img decoding=\"async\" loading=\"lazy\" class=\"alignleft size-large wp-image-15907\" src=\"http:\/\/tyrving.idrett.no\/10\/f\/files\/2016\/06\/atletix_flyer_pdf-709x1024.jpg\" alt=\"atletix_flyer_pdf\" width=\"709\" height=\"1024\" srcset=\"https:\/\/tyrving.idrett.no\/10\/f\/files\/2016\/06\/atletix_flyer_pdf-709x1024.jpg 709w, https:\/\/tyrving.idrett.no\/10\/f\/files\/2016\/06\/atletix_flyer_pdf-208x300.jpg 208w, https:\/\/tyrving.idrett.no\/10\/f\/files\/2016\/06\/atletix_flyer_pdf-768x1109.jpg 768w, https:\/\/tyrving.idrett.no\/10\/f\/files\/2016\/06\/atletix_flyer_pdf-600x867.jpg 600w, https:\/\/tyrving.idrett.no\/10\/f\/files\/2016\/06\/atletix_flyer_pdf.jpg 1125w\" sizes=\"(max-width: 709px) 100vw, 709px\" \/><\/a><\/p>\n<p>&nbsp;<\/p>\n","protected":false},"excerpt":{"rendered":"FriidrettsNorge og Tyrving har et ansvar \u00e5 tilrettelegge for aktivitet for alle, ogs\u00e5 for dem som \u00f8nsker \u00e5 drive med mosjonsaktivitet for treningens skyld. Vi i Tyrving \u00f8nsker \u00e5 ta v\u00e6re p\u00e5 flest mulig&#8230;","protected":false},"author":1,"featured_media":15908,"comment_status":"open","ping_status":"open","sticky":false,"template":"","format":"standard","meta":{"footnotes":"","_jetpack_memberships_contains_paid_content":false},"categories":[1],"tags":[6],"acf":[],"yoast_head":"<!-- This site is optimized with the Yoast SEO plugin v21.2 - https:\/\/yoast.com\/wordpress\/plugins\/seo\/ -->\n<title>Athletix - ny trening i Tyrving - Tyrving - Friidrett<\/title>\n<meta name=\"robots\" content=\"index, follow, max-snippet:-1, max-image-preview:large, max-video-preview:-1\" \/>\n<link rel=\"canonical\" href=\"https:\/\/tyrving.idrett.no\/10\/f\/2016\/06\/20\/atletix-ny-trening-i-tyrving\/\" \/>\n<meta property=\"og:locale\" content=\"nb_NO\" \/>\n<meta property=\"og:type\" content=\"article\" \/>\n<meta property=\"og:title\" content=\"Athletix - ny trening i Tyrving - Tyrving - Friidrett\" \/>\n<meta property=\"og:description\" content=\"FriidrettsNorge og Tyrving har et ansvar \u00e5 tilrettelegge for aktivitet for alle, ogs\u00e5 for dem som \u00f8nsker \u00e5 drive med mosjonsaktivitet for treningens skyld. Vi i Tyrving \u00f8nsker \u00e5 ta v\u00e6re p\u00e5 flest mulig...\" \/>\n<meta property=\"og:url\" content=\"https:\/\/tyrving.idrett.no\/10\/f\/2016\/06\/20\/atletix-ny-trening-i-tyrving\/\" \/>\n<meta property=\"og:site_name\" content=\"Tyrving - Friidrett\" \/>\n<meta property=\"article:published_time\" content=\"2016-06-20T11:06:28+00:00\" \/>\n<meta property=\"article:modified_time\" content=\"2016-08-09T16:20:10+00:00\" \/>\n<meta property=\"og:image\" content=\"https:\/\/tyrving.idrett.no\/10\/f\/files\/2016\/06\/AthletiX_Negativ_RGB-1.jpg\" \/>\n\t<meta property=\"og:image:width\" content=\"600\" \/>\n\t<meta property=\"og:image:height\" content=\"220\" \/>\n\t<meta property=\"og:image:type\" content=\"image\/jpeg\" \/>\n<meta name=\"author\" content=\"admin\" \/>\n<meta name=\"twitter:card\" content=\"summary_large_image\" \/>\n<meta name=\"twitter:label1\" content=\"Skrevet av\" \/>\n\t<meta name=\"twitter:data1\" content=\"admin\" \/>\n\t<meta name=\"twitter:label2\" content=\"Ansl. lesetid\" \/>\n\t<meta name=\"twitter:data2\" content=\"1 minutt\" \/>\n<script type=\"application\/ld+json\" class=\"yoast-schema-graph\">{\"@context\":\"https:\/\/schema.org\",\"@graph\":[{\"@type\":\"Article\",\"@id\":\"https:\/\/tyrving.idrett.no\/10\/f\/2016\/06\/20\/atletix-ny-trening-i-tyrving\/#article\",\"isPartOf\":{\"@id\":\"https:\/\/tyrving.idrett.no\/10\/f\/2016\/06\/20\/atletix-ny-trening-i-tyrving\/\"},\"author\":{\"name\":\"admin\",\"@id\":\"https:\/\/tyrving.idrett.no\/10\/f\/#\/schema\/person\/b0b301ce26d13339293caf5c0bc7d286\"},\"headline\":\"Athletix &#8211; ny trening i Tyrving\",\"datePublished\":\"2016-06-20T11:06:28+00:00\",\"dateModified\":\"2016-08-09T16:20:10+00:00\",\"mainEntityOfPage\":{\"@id\":\"https:\/\/tyrving.idrett.no\/10\/f\/2016\/06\/20\/atletix-ny-trening-i-tyrving\/\"},\"wordCount\":178,\"commentCount\":0,\"publisher\":{\"@id\":\"https:\/\/tyrving.idrett.no\/10\/f\/#organization\"},\"keywords\":[\"Trening\"],\"articleSection\":[\"Nyheter\"],\"inLanguage\":\"nb-NO\",\"potentialAction\":[{\"@type\":\"CommentAction\",\"name\":\"Comment\",\"target\":[\"https:\/\/tyrving.idrett.no\/10\/f\/2016\/06\/20\/atletix-ny-trening-i-tyrving\/#respond\"]}]},{\"@type\":\"WebPage\",\"@id\":\"https:\/\/tyrving.idrett.no\/10\/f\/2016\/06\/20\/atletix-ny-trening-i-tyrving\/\",\"url\":\"https:\/\/tyrving.idrett.no\/10\/f\/2016\/06\/20\/atletix-ny-trening-i-tyrving\/\",\"name\":\"Athletix - ny trening i Tyrving - Tyrving - Friidrett\",\"isPartOf\":{\"@id\":\"https:\/\/tyrving.idrett.no\/10\/f\/#website\"},\"datePublished\":\"2016-06-20T11:06:28+00:00\",\"dateModified\":\"2016-08-09T16:20:10+00:00\",\"breadcrumb\":{\"@id\":\"https:\/\/tyrving.idrett.no\/10\/f\/2016\/06\/20\/atletix-ny-trening-i-tyrving\/#breadcrumb\"},\"inLanguage\":\"nb-NO\",\"potentialAction\":[{\"@type\":\"ReadAction\",\"target\":[\"https:\/\/tyrving.idrett.no\/10\/f\/2016\/06\/20\/atletix-ny-trening-i-tyrving\/\"]}]},{\"@type\":\"BreadcrumbList\",\"@id\":\"https:\/\/tyrving.idrett.no\/10\/f\/2016\/06\/20\/atletix-ny-trening-i-tyrving\/#breadcrumb\",\"itemListElement\":[{\"@type\":\"ListItem\",\"position\":1,\"name\":\"Hjem\",\"item\":\"https:\/\/tyrving.idrett.no\/10\/f\/\"},{\"@type\":\"ListItem\",\"position\":2,\"name\":\"Athletix &#8211; ny trening i Tyrving\"}]},{\"@type\":\"WebSite\",\"@id\":\"https:\/\/tyrving.idrett.no\/10\/f\/#website\",\"url\":\"https:\/\/tyrving.idrett.no\/10\/f\/\",\"name\":\"Tyrving - Friidrett\",\"description\":\"Friidrettsgruppa\",\"publisher\":{\"@id\":\"https:\/\/tyrving.idrett.no\/10\/f\/#organization\"},\"potentialAction\":[{\"@type\":\"SearchAction\",\"target\":{\"@type\":\"EntryPoint\",\"urlTemplate\":\"https:\/\/tyrving.idrett.no\/10\/f\/?s={search_term_string}\"},\"query-input\":\"required name=search_term_string\"}],\"inLanguage\":\"nb-NO\"},{\"@type\":\"Organization\",\"@id\":\"https:\/\/tyrving.idrett.no\/10\/f\/#organization\",\"name\":\"Tyrving Friidrettsgruppa\",\"url\":\"https:\/\/tyrving.idrett.no\/10\/f\/\",\"logo\":{\"@type\":\"ImageObject\",\"inLanguage\":\"nb-NO\",\"@id\":\"https:\/\/tyrving.idrett.no\/10\/f\/#\/schema\/logo\/image\/\",\"url\":\"https:\/\/tyrving.idrett.no\/10\/f\/files\/2019\/04\/Tyrving-Logo-Friidrett-2019.jpg\",\"contentUrl\":\"https:\/\/tyrving.idrett.no\/10\/f\/files\/2019\/04\/Tyrving-Logo-Friidrett-2019.jpg\",\"width\":460,\"height\":360,\"caption\":\"Tyrving Friidrettsgruppa\"},\"image\":{\"@id\":\"https:\/\/tyrving.idrett.no\/10\/f\/#\/schema\/logo\/image\/\"}},{\"@type\":\"Person\",\"@id\":\"https:\/\/tyrving.idrett.no\/10\/f\/#\/schema\/person\/b0b301ce26d13339293caf5c0bc7d286\",\"name\":\"admin\",\"image\":{\"@type\":\"ImageObject\",\"inLanguage\":\"nb-NO\",\"@id\":\"https:\/\/tyrving.idrett.no\/10\/f\/#\/schema\/person\/image\/\",\"url\":\"https:\/\/secure.gravatar.com\/avatar\/4b0456acc2ea550a97d3a11ebb27598d?s=96&d=mm&r=g\",\"contentUrl\":\"https:\/\/secure.gravatar.com\/avatar\/4b0456acc2ea550a97d3a11ebb27598d?s=96&d=mm&r=g\",\"caption\":\"admin\"}}]}<\/script>\n<!-- \/ Yoast SEO plugin. -->","yoast_head_json":{"title":"Athletix - ny trening i Tyrving - Tyrving - Friidrett","robots":{"index":"index","follow":"follow","max-snippet":"max-snippet:-1","max-image-preview":"max-image-preview:large","max-video-preview":"max-video-preview:-1"},"canonical":"https:\/\/tyrving.idrett.no\/10\/f\/2016\/06\/20\/atletix-ny-trening-i-tyrving\/","og_locale":"nb_NO","og_type":"article","og_title":"Athletix - ny trening i Tyrving - Tyrving - Friidrett","og_description":"FriidrettsNorge og Tyrving har et ansvar \u00e5 tilrettelegge for aktivitet for alle, ogs\u00e5 for dem som \u00f8nsker \u00e5 drive med mosjonsaktivitet for treningens skyld. Vi i Tyrving \u00f8nsker \u00e5 ta v\u00e6re p\u00e5 flest mulig...","og_url":"https:\/\/tyrving.idrett.no\/10\/f\/2016\/06\/20\/atletix-ny-trening-i-tyrving\/","og_site_name":"Tyrving - Friidrett","article_published_time":"2016-06-20T11:06:28+00:00","article_modified_time":"2016-08-09T16:20:10+00:00","og_image":[{"width":600,"height":220,"url":"https:\/\/tyrving.idrett.no\/10\/f\/files\/2016\/06\/AthletiX_Negativ_RGB-1.jpg","type":"image\/jpeg"}],"author":"admin","twitter_card":"summary_large_image","twitter_misc":{"Skrevet av":"admin","Ansl. lesetid":"1 minutt"},"schema":{"@context":"https:\/\/schema.org","@graph":[{"@type":"Article","@id":"https:\/\/tyrving.idrett.no\/10\/f\/2016\/06\/20\/atletix-ny-trening-i-tyrving\/#article","isPartOf":{"@id":"https:\/\/tyrving.idrett.no\/10\/f\/2016\/06\/20\/atletix-ny-trening-i-tyrving\/"},"author":{"name":"admin","@id":"https:\/\/tyrving.idrett.no\/10\/f\/#\/schema\/person\/b0b301ce26d13339293caf5c0bc7d286"},"headline":"Athletix &#8211; ny trening i Tyrving","datePublished":"2016-06-20T11:06:28+00:00","dateModified":"2016-08-09T16:20:10+00:00","mainEntityOfPage":{"@id":"https:\/\/tyrving.idrett.no\/10\/f\/2016\/06\/20\/atletix-ny-trening-i-tyrving\/"},"wordCount":178,"commentCount":0,"publisher":{"@id":"https:\/\/tyrving.idrett.no\/10\/f\/#organization"},"keywords":["Trening"],"articleSection":["Nyheter"],"inLanguage":"nb-NO","potentialAction":[{"@type":"CommentAction","name":"Comment","target":["https:\/\/tyrving.idrett.no\/10\/f\/2016\/06\/20\/atletix-ny-trening-i-tyrving\/#respond"]}]},{"@type":"WebPage","@id":"https:\/\/tyrving.idrett.no\/10\/f\/2016\/06\/20\/atletix-ny-trening-i-tyrving\/","url":"https:\/\/tyrving.idrett.no\/10\/f\/2016\/06\/20\/atletix-ny-trening-i-tyrving\/","name":"Athletix - ny trening i Tyrving - Tyrving - Friidrett","isPartOf":{"@id":"https:\/\/tyrving.idrett.no\/10\/f\/#website"},"datePublished":"2016-06-20T11:06:28+00:00","dateModified":"2016-08-09T16:20:10+00:00","breadcrumb":{"@id":"https:\/\/tyrving.idrett.no\/10\/f\/2016\/06\/20\/atletix-ny-trening-i-tyrving\/#breadcrumb"},"inLanguage":"nb-NO","potentialAction":[{"@type":"ReadAction","target":["https:\/\/tyrving.idrett.no\/10\/f\/2016\/06\/20\/atletix-ny-trening-i-tyrving\/"]}]},{"@type":"BreadcrumbList","@id":"https:\/\/tyrving.idrett.no\/10\/f\/2016\/06\/20\/atletix-ny-trening-i-tyrving\/#breadcrumb","itemListElement":[{"@type":"ListItem","position":1,"name":"Hjem","item":"https:\/\/tyrving.idrett.no\/10\/f\/"},{"@type":"ListItem","position":2,"name":"Athletix &#8211; ny trening i Tyrving"}]},{"@type":"WebSite","@id":"https:\/\/tyrving.idrett.no\/10\/f\/#website","url":"https:\/\/tyrving.idrett.no\/10\/f\/","name":"Tyrving - Friidrett","description":"Friidrettsgruppa","publisher":{"@id":"https:\/\/tyrving.idrett.no\/10\/f\/#organization"},"potentialAction":[{"@type":"SearchAction","target":{"@type":"EntryPoint","urlTemplate":"https:\/\/tyrving.idrett.no\/10\/f\/?s={search_term_string}"},"query-input":"required name=search_term_string"}],"inLanguage":"nb-NO"},{"@type":"Organization","@id":"https:\/\/tyrving.idrett.no\/10\/f\/#organization","name":"Tyrving Friidrettsgruppa","url":"https:\/\/tyrving.idrett.no\/10\/f\/","logo":{"@type":"ImageObject","inLanguage":"nb-NO","@id":"https:\/\/tyrving.idrett.no\/10\/f\/#\/schema\/logo\/image\/","url":"https:\/\/tyrving.idrett.no\/10\/f\/files\/2019\/04\/Tyrving-Logo-Friidrett-2019.jpg","contentUrl":"https:\/\/tyrving.idrett.no\/10\/f\/files\/2019\/04\/Tyrving-Logo-Friidrett-2019.jpg","width":460,"height":360,"caption":"Tyrving Friidrettsgruppa"},"image":{"@id":"https:\/\/tyrving.idrett.no\/10\/f\/#\/schema\/logo\/image\/"}},{"@type":"Person","@id":"https:\/\/tyrving.idrett.no\/10\/f\/#\/schema\/person\/b0b301ce26d13339293caf5c0bc7d286","name":"admin","image":{"@type":"ImageObject","inLanguage":"nb-NO","@id":"https:\/\/tyrving.idrett.no\/10\/f\/#\/schema\/person\/image\/","url":"https:\/\/secure.gravatar.com\/avatar\/4b0456acc2ea550a97d3a11ebb27598d?s=96&d=mm&r=g","contentUrl":"https:\/\/secure.gravatar.com\/avatar\/4b0456acc2ea550a97d3a11ebb27598d?s=96&d=mm&r=g","caption":"admin"}}]}},"jetpack_sharing_enabled":true,"jetpack_featured_media_url":"https:\/\/tyrving.idrett.no\/10\/f\/files\/2016\/06\/AthletiX_Negativ_RGB-1.jpg","_links":{"self":[{"href":"https:\/\/tyrving.idrett.no\/10\/f\/wp-json\/wp\/v2\/posts\/15906"}],"collection":[{"href":"https:\/\/tyrving.idrett.no\/10\/f\/wp-json\/wp\/v2\/posts"}],"about":[{"href":"https:\/\/tyrving.idrett.no\/10\/f\/wp-json\/wp\/v2\/types\/post"}],"author":[{"embeddable":true,"href":"https:\/\/tyrving.idrett.no\/10\/f\/wp-json\/wp\/v2\/users\/1"}],"replies":[{"embeddable":true,"href":"https:\/\/tyrving.idrett.no\/10\/f\/wp-json\/wp\/v2\/comments?post=15906"}],"version-history":[{"count":8,"href":"https:\/\/tyrving.idrett.no\/10\/f\/wp-json\/wp\/v2\/posts\/15906\/revisions"}],"predecessor-version":[{"id":15917,"href":"https:\/\/tyrving.idrett.no\/10\/f\/wp-json\/wp\/v2\/posts\/15906\/revisions\/15917"}],"wp:featuredmedia":[{"embeddable":true,"href":"https:\/\/tyrving.idrett.no\/10\/f\/wp-json\/wp\/v2\/media\/15908"}],"wp:attachment":[{"href":"https:\/\/tyrving.idrett.no\/10\/f\/wp-json\/wp\/v2\/media?parent=15906"}],"wp:term":[{"taxonomy":"category","embeddable":true,"href":"https:\/\/tyrving.idrett.no\/10\/f\/wp-json\/wp\/v2\/categories?post=15906"},{"taxonomy":"post_tag","embeddable":true,"href":"https:\/\/tyrving.idrett.no\/10\/f\/wp-json\/wp\/v2\/tags?post=15906"}],"curies":[{"name":"wp","href":"https:\/\/api.w.org\/{rel}","templated":true}]}}