{"id":15923,"date":"2016-06-30T11:06:12","date_gmt":"2016-06-30T09:06:12","guid":{"rendered":"http:\/\/tyrving.idrett.no\/10\/f\/?p=15923"},"modified":"2016-08-09T18:18:34","modified_gmt":"2016-08-09T16:18:34","slug":"fire-fra-tyrving-til-em","status":"publish","type":"post","link":"https:\/\/tyrving.idrett.no\/10\/f\/2016\/06\/30\/fire-fra-tyrving-til-em\/","title":{"rendered":"Fire fra Tyrving til EM"},"content":{"rendered":"<p>Friidretten i Tyrving er inne i et dugelig rekord\u00e5r. I vinter satte v\u00e5re ut\u00f8vere fem norske innend\u00f8rsrekorder og i sommer fortsetter festen. Amalie Iuel hadde tre innend\u00f8rsrekorder bak seg i vinter og var knapt landet p\u00e5 Gardermoen med ni timers jet lag etter USA.studiene f\u00f8r hun pulveriserte den norske U23-rekorden p\u00e5 400 meter p\u00e5 Bislett fredag. Men det er ikke bare kvalitative rekorder de har satt, toppene v\u00e5re. Da uttaket til \u00e5rets EM i Amsterdam forel\u00e5, var det hele fire tyrvingnavn p\u00e5 listen! Aldri f\u00f8r har det v\u00e6rt s\u00e5 mange av v\u00e5re i r\u00f8dt, hvitt og bl\u00e5tt i et internasjonalt seniormesterskap.<\/p>\n<p>&nbsp;<\/p>\n<p>Den gamle rekorden rakk \u00e5 bli 50 \u00e5r gammel. Den var satt under EM i Budapest i Tyrvings forrige storhetstid, i 1966. Den gang var tre av v\u00e5re p\u00e5 plass. Norsk friidretts storstjerne, Berit Berthelsen, var finalist p\u00e5 400 meter etter \u00e5 ha satt norgesrekord i semifinalen med 54.2. I finalen ble det 54.1 og Berit sikret seg en flott sjetteplass p\u00e5 enda en ny rekord \u2013 og var beste norske ut\u00f8ver. Berit deltok ogs\u00e5 i lengde, som hun hadde gjort det i OL i Tokyo to \u00e5r tidligere. Det ble ingen suksess i lengdegropen, men allerede neste vinter var Berit p\u00e5 lengdetoppen med innend\u00f8rs gull i EM i Praha p\u00e5 6.51 \u2013 norsk innend\u00f8rsrekord den dag i dag! Hun vant innend\u00f8rs-EM \u00e5ret etter ogs\u00e5 og var faktisk favoritt til OL-gullet i Mexico den sommeren etter et medvindshopp p\u00e5 hele 6.68 i Warzawa like f\u00f8r OL. Dessverre skadet allsidige Berit seg i kuleringen under syvkampen i Mexico, og kom aldri til start i lengde.<\/p>\n<p>&nbsp;<\/p>\n<p>Britt Ramstad l\u00f8p 800 meter under mesterskapet i Budapest. 2.10.4 ble tiden til Britt som i sin karriere forbedret den norske rekorden fra 2:12.7 helt ned til str\u00e5lende 2:06.0! P\u00e5 stafettlaget p\u00e5 4 x 100 meter ble det norsk rekord for v\u00e5rt lag med to tyrvingjenter p\u00e5 plass. Maj-Lena Andrsen, som tre \u00e5r f\u00f8r hadde forbedret norgesrekorden p\u00e5 80 meter hekk med utrolige 6\/10, l\u00f8p f\u00f8rste etappe og Berit hadde &laquo;back stretch&raquo; &#8211; annenetappe. Den nye rekorden var p\u00e5 45.9 \u2013 en forbedring p\u00e5 6\/10 etter at det samme laget hadde kappet rekorden med halvsekundet tidligere p\u00e5 sommeren.<\/p>\n<p>&nbsp;<\/p>\n<p>Men \u2013 nok om gamle bragder! La oss se n\u00e6rmere p\u00e5 hvilke fire som skal representere v\u00e5re farger \u2013 de samme som nasjonalfargene \u2013 i Amsterdam. Amalie Iuel er kvalifisert for deltagelse i fire individuelle \u00f8velser og strengt tatt begge stafetter. Med 23.41 og norsk U23-rekord p\u00e5 200 (i vindstille i en syvkamp!), 52.52 som norsk innend\u00f8rsrekord i vinter og 52.85 som norsk U23-rekord utend\u00f8rs i forrige uke, kunne hun\u00a0 startet p\u00e5 begge disse distansene. Det kunne hun ogs\u00e5 gjort i syvkamp. Hun satte norsk rekord innend\u00f8rs i femkamp i vinter, og klarte EM-kravet med 6011 der bare en hofteskade og kraftig vind under annen dags konkurranser hindret henne i enda en norsk rekord utend\u00f8rs. Men det er p\u00e5 400 meter hekk Amalie f\u00f8rst og fremst skal sl\u00e5 fra seg. Her h\u00e5per vi at hun kan slette norgesrekorden til Hilde Fredriksen som er 33 \u00e5r i \u00e5r og lyder p\u00e5 56.33. Amalies pers (satt f\u00f8r hun endelig lyktes for sin mange\u00e5rige kamp for norsk statsborgerskap), er p\u00e5 55.92 som er langt under det internasjonale OL-kravet p\u00e5 56.20. Det blir ogs\u00e5 4 x 400 meter p\u00e5 Amalie som under kvalifiseringen til det amerikanske studentmesterskapet ble klokket til 50,9 p\u00e5 sin etappe (norsk rekord fra blokk er til sammenligning 52.45!)!<\/p>\n<p>&nbsp;<\/p>\n<p>Katarina M\u00f6genburg har v\u00e6rt den beste norske h\u00f8ydehopperen de siste \u00e5rene og deltok i EM innend\u00f8rs i fjor. Den sommeren hoppet 1.90 under et stevne i Tyskland \u2013 identisk med EM-kravet. I \u00e5r er det blitt 1.88 innend\u00f8rs og to ganger 1.87 ute \u2013 begge ganger med sv\u00e6rt god klaring. Det la an til 1.90 i B\u00fchl n\u00e5 i helgen \u2013 samme sted som persen ble satt i fjor, men dessverre revnet satsskoen hennes under et uhell i oppvarmingen, s\u00e5 konkurransen gikk i upr\u00f8vde sko. Desto mer imponerende \u00e5 hoppe norsk \u00e5rsbeste!<\/p>\n<p>&nbsp;<\/p>\n<p>V\u00e5re to rakettsprintere er begge tatt ut p\u00e5 4 x 100 meter hvor de 16 beste lagene i Europa stiller til start. Helen R\u00f8nningen er enn\u00e5 ikke fylt 18 \u00e5r, men har rukket \u00e5 sette norsk seniorrekord p\u00e5 200 meter innend\u00f8rs og var med laget v\u00e5rt som vant NM og satte norsk rekord p\u00e5 4 x 200 p\u00e5 hjemmebane i B\u00e6rum Idrettspark. I sommer har hun allerede sl\u00e5tt Ezinne Okparaebos norske aldersrekord for 18-\u00e5ringer p\u00e5 100 med sterke 11.60. Junior-VM i Polen to uke etter senior-EM er Helenes prim\u00e6re m\u00e5l for sesongen. I juniorklassen var hun nest best i Europa p\u00e5 200 meter i vinter!<\/p>\n<p>&nbsp;<\/p>\n<p>Jonas Halonen er ogs\u00e5 i sitt livs form. Etter str\u00e5lende l\u00f8ping og s\u00f8lv p\u00e5 60 meter i NM innend\u00f8rs, har han slitt med ryggen og l\u00f8pt under pari en stund i v\u00e5r, men de siste ukene har den raskeste mannen i Asker og B\u00e6rum gjennom alle tider kommet i form. 10.52 og 10.54 i litt for mye vind p\u00e5 Lillehammer nylig viser dette. Sammen med to gode l\u00f8p p\u00e5 Bislett fredag, var det nok til \u00e5 gi ham en plass blant de fem som forbereder seg til 4 x 100 i Amsterdam. Det blir spennende \u00e5 f\u00f8lge de to sprinterne fremover. Begge l\u00f8p i rekordfart p\u00e5 treningen denne uken \u2013 etter min mening fortere enn jeg noen gang har sett dem l\u00f8pe f\u00f8r. Det lover godt!<\/p>\n","protected":false},"excerpt":{"rendered":"Friidretten i Tyrving er inne i et dugelig rekord\u00e5r. I vinter satte v\u00e5re ut\u00f8vere fem norske innend\u00f8rsrekorder og i sommer fortsetter festen. Amalie Iuel hadde tre innend\u00f8rsrekorder bak seg i vinter og&#8230;","protected":false},"author":11,"featured_media":15924,"comment_status":"open","ping_status":"open","sticky":false,"template":"","format":"standard","meta":{"footnotes":"","_jetpack_memberships_contains_paid_content":false},"categories":[1],"tags":[3928],"acf":[],"yoast_head":"<!-- This site is optimized with the Yoast SEO plugin v21.2 - https:\/\/yoast.com\/wordpress\/plugins\/seo\/ -->\n<title>Fire fra Tyrving til EM - Tyrving - Friidrett<\/title>\n<meta name=\"robots\" content=\"index, follow, max-snippet:-1, max-image-preview:large, max-video-preview:-1\" \/>\n<link rel=\"canonical\" href=\"https:\/\/tyrving.idrett.no\/10\/f\/2016\/06\/30\/fire-fra-tyrving-til-em\/\" \/>\n<meta property=\"og:locale\" content=\"nb_NO\" \/>\n<meta property=\"og:type\" content=\"article\" \/>\n<meta property=\"og:title\" content=\"Fire fra Tyrving til EM - Tyrving - Friidrett\" \/>\n<meta property=\"og:description\" content=\"Friidretten i Tyrving er inne i et dugelig rekord\u00e5r. I vinter satte v\u00e5re ut\u00f8vere fem norske innend\u00f8rsrekorder og i sommer fortsetter festen. Amalie Iuel hadde tre innend\u00f8rsrekorder bak seg i vinter og...\" \/>\n<meta property=\"og:url\" content=\"https:\/\/tyrving.idrett.no\/10\/f\/2016\/06\/30\/fire-fra-tyrving-til-em\/\" \/>\n<meta property=\"og:site_name\" content=\"Tyrving - Friidrett\" \/>\n<meta property=\"article:published_time\" content=\"2016-06-30T09:06:12+00:00\" \/>\n<meta property=\"article:modified_time\" content=\"2016-08-09T16:18:34+00:00\" \/>\n<meta property=\"og:image\" content=\"https:\/\/tyrving.idrett.no\/10\/f\/files\/2016\/06\/dc102939-d1b6-488e-b840-474e7c3ba0af.png\" \/>\n\t<meta property=\"og:image:width\" content=\"660\" \/>\n\t<meta property=\"og:image:height\" content=\"402\" \/>\n\t<meta property=\"og:image:type\" content=\"image\/png\" \/>\n<meta name=\"author\" content=\"Jo Nesse\" \/>\n<meta name=\"twitter:card\" content=\"summary_large_image\" \/>\n<meta name=\"twitter:label1\" content=\"Skrevet av\" \/>\n\t<meta name=\"twitter:data1\" content=\"Jo Nesse\" \/>\n\t<meta name=\"twitter:label2\" content=\"Ansl. lesetid\" \/>\n\t<meta name=\"twitter:data2\" content=\"5 minutter\" \/>\n<script type=\"application\/ld+json\" class=\"yoast-schema-graph\">{\"@context\":\"https:\/\/schema.org\",\"@graph\":[{\"@type\":\"Article\",\"@id\":\"https:\/\/tyrving.idrett.no\/10\/f\/2016\/06\/30\/fire-fra-tyrving-til-em\/#article\",\"isPartOf\":{\"@id\":\"https:\/\/tyrving.idrett.no\/10\/f\/2016\/06\/30\/fire-fra-tyrving-til-em\/\"},\"author\":{\"name\":\"Jo Nesse\",\"@id\":\"https:\/\/tyrving.idrett.no\/10\/f\/#\/schema\/person\/d4c0beffa6e345e38d49e774568a87f8\"},\"headline\":\"Fire fra Tyrving til EM\",\"datePublished\":\"2016-06-30T09:06:12+00:00\",\"dateModified\":\"2016-08-09T16:18:34+00:00\",\"mainEntityOfPage\":{\"@id\":\"https:\/\/tyrving.idrett.no\/10\/f\/2016\/06\/30\/fire-fra-tyrving-til-em\/\"},\"wordCount\":905,\"commentCount\":0,\"publisher\":{\"@id\":\"https:\/\/tyrving.idrett.no\/10\/f\/#organization\"},\"keywords\":[\"Internasjonale mesterskap\"],\"articleSection\":[\"Nyheter\"],\"inLanguage\":\"nb-NO\",\"potentialAction\":[{\"@type\":\"CommentAction\",\"name\":\"Comment\",\"target\":[\"https:\/\/tyrving.idrett.no\/10\/f\/2016\/06\/30\/fire-fra-tyrving-til-em\/#respond\"]}]},{\"@type\":\"WebPage\",\"@id\":\"https:\/\/tyrving.idrett.no\/10\/f\/2016\/06\/30\/fire-fra-tyrving-til-em\/\",\"url\":\"https:\/\/tyrving.idrett.no\/10\/f\/2016\/06\/30\/fire-fra-tyrving-til-em\/\",\"name\":\"Fire fra Tyrving til EM - Tyrving - Friidrett\",\"isPartOf\":{\"@id\":\"https:\/\/tyrving.idrett.no\/10\/f\/#website\"},\"datePublished\":\"2016-06-30T09:06:12+00:00\",\"dateModified\":\"2016-08-09T16:18:34+00:00\",\"breadcrumb\":{\"@id\":\"https:\/\/tyrving.idrett.no\/10\/f\/2016\/06\/30\/fire-fra-tyrving-til-em\/#breadcrumb\"},\"inLanguage\":\"nb-NO\",\"potentialAction\":[{\"@type\":\"ReadAction\",\"target\":[\"https:\/\/tyrving.idrett.no\/10\/f\/2016\/06\/30\/fire-fra-tyrving-til-em\/\"]}]},{\"@type\":\"BreadcrumbList\",\"@id\":\"https:\/\/tyrving.idrett.no\/10\/f\/2016\/06\/30\/fire-fra-tyrving-til-em\/#breadcrumb\",\"itemListElement\":[{\"@type\":\"ListItem\",\"position\":1,\"name\":\"Hjem\",\"item\":\"https:\/\/tyrving.idrett.no\/10\/f\/\"},{\"@type\":\"ListItem\",\"position\":2,\"name\":\"Fire fra Tyrving til EM\"}]},{\"@type\":\"WebSite\",\"@id\":\"https:\/\/tyrving.idrett.no\/10\/f\/#website\",\"url\":\"https:\/\/tyrving.idrett.no\/10\/f\/\",\"name\":\"Tyrving - Friidrett\",\"description\":\"Friidrettsgruppa\",\"publisher\":{\"@id\":\"https:\/\/tyrving.idrett.no\/10\/f\/#organization\"},\"potentialAction\":[{\"@type\":\"SearchAction\",\"target\":{\"@type\":\"EntryPoint\",\"urlTemplate\":\"https:\/\/tyrving.idrett.no\/10\/f\/?s={search_term_string}\"},\"query-input\":\"required name=search_term_string\"}],\"inLanguage\":\"nb-NO\"},{\"@type\":\"Organization\",\"@id\":\"https:\/\/tyrving.idrett.no\/10\/f\/#organization\",\"name\":\"Tyrving Friidrettsgruppa\",\"url\":\"https:\/\/tyrving.idrett.no\/10\/f\/\",\"logo\":{\"@type\":\"ImageObject\",\"inLanguage\":\"nb-NO\",\"@id\":\"https:\/\/tyrving.idrett.no\/10\/f\/#\/schema\/logo\/image\/\",\"url\":\"https:\/\/tyrving.idrett.no\/10\/f\/files\/2019\/04\/Tyrving-Logo-Friidrett-2019.jpg\",\"contentUrl\":\"https:\/\/tyrving.idrett.no\/10\/f\/files\/2019\/04\/Tyrving-Logo-Friidrett-2019.jpg\",\"width\":460,\"height\":360,\"caption\":\"Tyrving Friidrettsgruppa\"},\"image\":{\"@id\":\"https:\/\/tyrving.idrett.no\/10\/f\/#\/schema\/logo\/image\/\"}},{\"@type\":\"Person\",\"@id\":\"https:\/\/tyrving.idrett.no\/10\/f\/#\/schema\/person\/d4c0beffa6e345e38d49e774568a87f8\",\"name\":\"Jo Nesse\",\"image\":{\"@type\":\"ImageObject\",\"inLanguage\":\"nb-NO\",\"@id\":\"https:\/\/tyrving.idrett.no\/10\/f\/#\/schema\/person\/image\/\",\"url\":\"https:\/\/secure.gravatar.com\/avatar\/1a06e9e4dda9ad2aa819860d47a5c08e?s=96&d=mm&r=g\",\"contentUrl\":\"https:\/\/secure.gravatar.com\/avatar\/1a06e9e4dda9ad2aa819860d47a5c08e?s=96&d=mm&r=g\",\"caption\":\"Jo Nesse\"}}]}<\/script>\n<!-- \/ Yoast SEO plugin. -->","yoast_head_json":{"title":"Fire fra Tyrving til EM - Tyrving - Friidrett","robots":{"index":"index","follow":"follow","max-snippet":"max-snippet:-1","max-image-preview":"max-image-preview:large","max-video-preview":"max-video-preview:-1"},"canonical":"https:\/\/tyrving.idrett.no\/10\/f\/2016\/06\/30\/fire-fra-tyrving-til-em\/","og_locale":"nb_NO","og_type":"article","og_title":"Fire fra Tyrving til EM - Tyrving - Friidrett","og_description":"Friidretten i Tyrving er inne i et dugelig rekord\u00e5r. I vinter satte v\u00e5re ut\u00f8vere fem norske innend\u00f8rsrekorder og i sommer fortsetter festen. Amalie Iuel hadde tre innend\u00f8rsrekorder bak seg i vinter og...","og_url":"https:\/\/tyrving.idrett.no\/10\/f\/2016\/06\/30\/fire-fra-tyrving-til-em\/","og_site_name":"Tyrving - Friidrett","article_published_time":"2016-06-30T09:06:12+00:00","article_modified_time":"2016-08-09T16:18:34+00:00","og_image":[{"width":660,"height":402,"url":"https:\/\/tyrving.idrett.no\/10\/f\/files\/2016\/06\/dc102939-d1b6-488e-b840-474e7c3ba0af.png","type":"image\/png"}],"author":"Jo Nesse","twitter_card":"summary_large_image","twitter_misc":{"Skrevet av":"Jo Nesse","Ansl. lesetid":"5 minutter"},"schema":{"@context":"https:\/\/schema.org","@graph":[{"@type":"Article","@id":"https:\/\/tyrving.idrett.no\/10\/f\/2016\/06\/30\/fire-fra-tyrving-til-em\/#article","isPartOf":{"@id":"https:\/\/tyrving.idrett.no\/10\/f\/2016\/06\/30\/fire-fra-tyrving-til-em\/"},"author":{"name":"Jo Nesse","@id":"https:\/\/tyrving.idrett.no\/10\/f\/#\/schema\/person\/d4c0beffa6e345e38d49e774568a87f8"},"headline":"Fire fra Tyrving til EM","datePublished":"2016-06-30T09:06:12+00:00","dateModified":"2016-08-09T16:18:34+00:00","mainEntityOfPage":{"@id":"https:\/\/tyrving.idrett.no\/10\/f\/2016\/06\/30\/fire-fra-tyrving-til-em\/"},"wordCount":905,"commentCount":0,"publisher":{"@id":"https:\/\/tyrving.idrett.no\/10\/f\/#organization"},"keywords":["Internasjonale mesterskap"],"articleSection":["Nyheter"],"inLanguage":"nb-NO","potentialAction":[{"@type":"CommentAction","name":"Comment","target":["https:\/\/tyrving.idrett.no\/10\/f\/2016\/06\/30\/fire-fra-tyrving-til-em\/#respond"]}]},{"@type":"WebPage","@id":"https:\/\/tyrving.idrett.no\/10\/f\/2016\/06\/30\/fire-fra-tyrving-til-em\/","url":"https:\/\/tyrving.idrett.no\/10\/f\/2016\/06\/30\/fire-fra-tyrving-til-em\/","name":"Fire fra Tyrving til EM - Tyrving - Friidrett","isPartOf":{"@id":"https:\/\/tyrving.idrett.no\/10\/f\/#website"},"datePublished":"2016-06-30T09:06:12+00:00","dateModified":"2016-08-09T16:18:34+00:00","breadcrumb":{"@id":"https:\/\/tyrving.idrett.no\/10\/f\/2016\/06\/30\/fire-fra-tyrving-til-em\/#breadcrumb"},"inLanguage":"nb-NO","potentialAction":[{"@type":"ReadAction","target":["https:\/\/tyrving.idrett.no\/10\/f\/2016\/06\/30\/fire-fra-tyrving-til-em\/"]}]},{"@type":"BreadcrumbList","@id":"https:\/\/tyrving.idrett.no\/10\/f\/2016\/06\/30\/fire-fra-tyrving-til-em\/#breadcrumb","itemListElement":[{"@type":"ListItem","position":1,"name":"Hjem","item":"https:\/\/tyrving.idrett.no\/10\/f\/"},{"@type":"ListItem","position":2,"name":"Fire fra Tyrving til EM"}]},{"@type":"WebSite","@id":"https:\/\/tyrving.idrett.no\/10\/f\/#website","url":"https:\/\/tyrving.idrett.no\/10\/f\/","name":"Tyrving - Friidrett","description":"Friidrettsgruppa","publisher":{"@id":"https:\/\/tyrving.idrett.no\/10\/f\/#organization"},"potentialAction":[{"@type":"SearchAction","target":{"@type":"EntryPoint","urlTemplate":"https:\/\/tyrving.idrett.no\/10\/f\/?s={search_term_string}"},"query-input":"required name=search_term_string"}],"inLanguage":"nb-NO"},{"@type":"Organization","@id":"https:\/\/tyrving.idrett.no\/10\/f\/#organization","name":"Tyrving Friidrettsgruppa","url":"https:\/\/tyrving.idrett.no\/10\/f\/","logo":{"@type":"ImageObject","inLanguage":"nb-NO","@id":"https:\/\/tyrving.idrett.no\/10\/f\/#\/schema\/logo\/image\/","url":"https:\/\/tyrving.idrett.no\/10\/f\/files\/2019\/04\/Tyrving-Logo-Friidrett-2019.jpg","contentUrl":"https:\/\/tyrving.idrett.no\/10\/f\/files\/2019\/04\/Tyrving-Logo-Friidrett-2019.jpg","width":460,"height":360,"caption":"Tyrving Friidrettsgruppa"},"image":{"@id":"https:\/\/tyrving.idrett.no\/10\/f\/#\/schema\/logo\/image\/"}},{"@type":"Person","@id":"https:\/\/tyrving.idrett.no\/10\/f\/#\/schema\/person\/d4c0beffa6e345e38d49e774568a87f8","name":"Jo Nesse","image":{"@type":"ImageObject","inLanguage":"nb-NO","@id":"https:\/\/tyrving.idrett.no\/10\/f\/#\/schema\/person\/image\/","url":"https:\/\/secure.gravatar.com\/avatar\/1a06e9e4dda9ad2aa819860d47a5c08e?s=96&d=mm&r=g","contentUrl":"https:\/\/secure.gravatar.com\/avatar\/1a06e9e4dda9ad2aa819860d47a5c08e?s=96&d=mm&r=g","caption":"Jo Nesse"}}]}},"jetpack_sharing_enabled":true,"jetpack_featured_media_url":"https:\/\/tyrving.idrett.no\/10\/f\/files\/2016\/06\/dc102939-d1b6-488e-b840-474e7c3ba0af.png","_links":{"self":[{"href":"https:\/\/tyrving.idrett.no\/10\/f\/wp-json\/wp\/v2\/posts\/15923"}],"collection":[{"href":"https:\/\/tyrving.idrett.no\/10\/f\/wp-json\/wp\/v2\/posts"}],"about":[{"href":"https:\/\/tyrving.idrett.no\/10\/f\/wp-json\/wp\/v2\/types\/post"}],"author":[{"embeddable":true,"href":"https:\/\/tyrving.idrett.no\/10\/f\/wp-json\/wp\/v2\/users\/11"}],"replies":[{"embeddable":true,"href":"https:\/\/tyrving.idrett.no\/10\/f\/wp-json\/wp\/v2\/comments?post=15923"}],"version-history":[{"count":2,"href":"https:\/\/tyrving.idrett.no\/10\/f\/wp-json\/wp\/v2\/posts\/15923\/revisions"}],"predecessor-version":[{"id":15926,"href":"https:\/\/tyrving.idrett.no\/10\/f\/wp-json\/wp\/v2\/posts\/15923\/revisions\/15926"}],"wp:featuredmedia":[{"embeddable":true,"href":"https:\/\/tyrving.idrett.no\/10\/f\/wp-json\/wp\/v2\/media\/15924"}],"wp:attachment":[{"href":"https:\/\/tyrving.idrett.no\/10\/f\/wp-json\/wp\/v2\/media?parent=15923"}],"wp:term":[{"taxonomy":"category","embeddable":true,"href":"https:\/\/tyrving.idrett.no\/10\/f\/wp-json\/wp\/v2\/categories?post=15923"},{"taxonomy":"post_tag","embeddable":true,"href":"https:\/\/tyrving.idrett.no\/10\/f\/wp-json\/wp\/v2\/tags?post=15923"}],"curies":[{"name":"wp","href":"https:\/\/api.w.org\/{rel}","templated":true}]}}