{"id":15929,"date":"2016-07-13T12:09:14","date_gmt":"2016-07-13T10:09:14","guid":{"rendered":"http:\/\/tyrving.idrett.no\/10\/f\/?p=15929"},"modified":"2016-08-09T18:18:26","modified_gmt":"2016-08-09T16:18:26","slug":"helene-til-jr-vm","status":"publish","type":"post","link":"https:\/\/tyrving.idrett.no\/10\/f\/2016\/07\/13\/helene-til-jr-vm\/","title":{"rendered":"Helene til Jr.VM"},"content":{"rendered":"<p>Helene R\u00f8nningen har stormet frem til str\u00e5lende tider i hele \u00e5r. Hun vartet allerede i vinter opp med kanonresultater under NM \u2013 7.39 p\u00e5 60 meter \u2013 delt tredjeplass p\u00e5 norgesstatistikken gjennom alle tider \u2013 og ikke minst norske rekorder p\u00e5 200 meter og 4 x 200 meter! I sommer har hun fulgt opp med norske aldersrekorder i J18 b\u00e5de p\u00e5 100 meter med 11.60 og p\u00e5 200 meter med 23.83. Det er klart det blir VM-deltagelse av slikt!<\/p>\n<p>Rekorden hennes p\u00e5 200 meter i B\u00e6rum Idrettspark (23.63) var det nest beste resultatet i Europa p\u00e5 200 i vinter. I VM f\u00e5r hun konkurranse fra sterke l\u00f8pere fra USA og Karibien og det kommer nok stjerner fra andre kontinenter ogs\u00e5 som kan by p\u00e5 overraskelser. Men semifinaleplasser p\u00e5 b\u00e5de 100 meter og 200 meter er innen rekkevidde, men det krever nok nye perser og kanskje norske juniorrekorder. Helene har l\u00f8pt str\u00e5lende b\u00e5de p\u00e5 trening og i stafetten i senior-EM i Amsterdam og og is\u00e6r Elisabeth Slettums norske juniorrekord p\u00e5 200 meter fra 2005 kan g\u00e5 mot en snarlig d\u00f8d! Med full klaff kan kanskje Ezinne Okparaebos 11.45\u00a0 fra 2007 ogs\u00e5 komme under press. Den har nok i hvert fall Helene allerede peilet seg inn p\u00e5 som oppkj\u00f8ring til neste \u00e5rs EM for junior!<\/p>\n","protected":false},"excerpt":{"rendered":"Helene R\u00f8nningen har stormet frem til str\u00e5lende tider i hele \u00e5r. Hun vartet allerede i vinter opp med kanonresultater under NM \u2013 7.39 p\u00e5 60 meter \u2013 delt tredjeplass p\u00e5 norgesstatistikken gjennom alle &#8230;","protected":false},"author":11,"featured_media":15930,"comment_status":"open","ping_status":"open","sticky":false,"template":"","format":"standard","meta":{"footnotes":"","_jetpack_memberships_contains_paid_content":false},"categories":[1],"tags":[3928],"acf":[],"yoast_head":"<!-- This site is optimized with the Yoast SEO plugin v21.2 - https:\/\/yoast.com\/wordpress\/plugins\/seo\/ -->\n<title>Helene til Jr.VM - Tyrving - Friidrett<\/title>\n<meta name=\"robots\" content=\"index, follow, max-snippet:-1, max-image-preview:large, max-video-preview:-1\" \/>\n<link rel=\"canonical\" href=\"https:\/\/tyrving.idrett.no\/10\/f\/2016\/07\/13\/helene-til-jr-vm\/\" \/>\n<meta property=\"og:locale\" content=\"nb_NO\" \/>\n<meta property=\"og:type\" content=\"article\" \/>\n<meta property=\"og:title\" content=\"Helene til Jr.VM - Tyrving - Friidrett\" \/>\n<meta property=\"og:description\" content=\"Helene R\u00f8nningen har stormet frem til str\u00e5lende tider i hele \u00e5r. Hun vartet allerede i vinter opp med kanonresultater under NM \u2013 7.39 p\u00e5 60 meter \u2013 delt tredjeplass p\u00e5 norgesstatistikken gjennom alle ...\" \/>\n<meta property=\"og:url\" content=\"https:\/\/tyrving.idrett.no\/10\/f\/2016\/07\/13\/helene-til-jr-vm\/\" \/>\n<meta property=\"og:site_name\" content=\"Tyrving - Friidrett\" \/>\n<meta property=\"article:published_time\" content=\"2016-07-13T10:09:14+00:00\" \/>\n<meta property=\"article:modified_time\" content=\"2016-08-09T16:18:26+00:00\" \/>\n<meta property=\"og:image\" content=\"https:\/\/tyrving.idrett.no\/10\/f\/files\/2016\/07\/A3FC0147-F887-4290-AB75-9BA44A6DD65F-1024x768.jpg\" \/>\n\t<meta property=\"og:image:width\" content=\"1024\" \/>\n\t<meta property=\"og:image:height\" content=\"768\" \/>\n\t<meta property=\"og:image:type\" content=\"image\/jpeg\" \/>\n<meta name=\"author\" content=\"Jo Nesse\" \/>\n<meta name=\"twitter:card\" content=\"summary_large_image\" \/>\n<meta name=\"twitter:label1\" content=\"Skrevet av\" \/>\n\t<meta name=\"twitter:data1\" content=\"Jo Nesse\" \/>\n\t<meta name=\"twitter:label2\" content=\"Ansl. lesetid\" \/>\n\t<meta name=\"twitter:data2\" content=\"1 minutt\" \/>\n<script type=\"application\/ld+json\" class=\"yoast-schema-graph\">{\"@context\":\"https:\/\/schema.org\",\"@graph\":[{\"@type\":\"Article\",\"@id\":\"https:\/\/tyrving.idrett.no\/10\/f\/2016\/07\/13\/helene-til-jr-vm\/#article\",\"isPartOf\":{\"@id\":\"https:\/\/tyrving.idrett.no\/10\/f\/2016\/07\/13\/helene-til-jr-vm\/\"},\"author\":{\"name\":\"Jo Nesse\",\"@id\":\"https:\/\/tyrving.idrett.no\/10\/f\/#\/schema\/person\/d4c0beffa6e345e38d49e774568a87f8\"},\"headline\":\"Helene til Jr.VM\",\"datePublished\":\"2016-07-13T10:09:14+00:00\",\"dateModified\":\"2016-08-09T16:18:26+00:00\",\"mainEntityOfPage\":{\"@id\":\"https:\/\/tyrving.idrett.no\/10\/f\/2016\/07\/13\/helene-til-jr-vm\/\"},\"wordCount\":209,\"commentCount\":0,\"publisher\":{\"@id\":\"https:\/\/tyrving.idrett.no\/10\/f\/#organization\"},\"keywords\":[\"Internasjonale mesterskap\"],\"articleSection\":[\"Nyheter\"],\"inLanguage\":\"nb-NO\",\"potentialAction\":[{\"@type\":\"CommentAction\",\"name\":\"Comment\",\"target\":[\"https:\/\/tyrving.idrett.no\/10\/f\/2016\/07\/13\/helene-til-jr-vm\/#respond\"]}]},{\"@type\":\"WebPage\",\"@id\":\"https:\/\/tyrving.idrett.no\/10\/f\/2016\/07\/13\/helene-til-jr-vm\/\",\"url\":\"https:\/\/tyrving.idrett.no\/10\/f\/2016\/07\/13\/helene-til-jr-vm\/\",\"name\":\"Helene til Jr.VM - Tyrving - Friidrett\",\"isPartOf\":{\"@id\":\"https:\/\/tyrving.idrett.no\/10\/f\/#website\"},\"datePublished\":\"2016-07-13T10:09:14+00:00\",\"dateModified\":\"2016-08-09T16:18:26+00:00\",\"breadcrumb\":{\"@id\":\"https:\/\/tyrving.idrett.no\/10\/f\/2016\/07\/13\/helene-til-jr-vm\/#breadcrumb\"},\"inLanguage\":\"nb-NO\",\"potentialAction\":[{\"@type\":\"ReadAction\",\"target\":[\"https:\/\/tyrving.idrett.no\/10\/f\/2016\/07\/13\/helene-til-jr-vm\/\"]}]},{\"@type\":\"BreadcrumbList\",\"@id\":\"https:\/\/tyrving.idrett.no\/10\/f\/2016\/07\/13\/helene-til-jr-vm\/#breadcrumb\",\"itemListElement\":[{\"@type\":\"ListItem\",\"position\":1,\"name\":\"Hjem\",\"item\":\"https:\/\/tyrving.idrett.no\/10\/f\/\"},{\"@type\":\"ListItem\",\"position\":2,\"name\":\"Helene til Jr.VM\"}]},{\"@type\":\"WebSite\",\"@id\":\"https:\/\/tyrving.idrett.no\/10\/f\/#website\",\"url\":\"https:\/\/tyrving.idrett.no\/10\/f\/\",\"name\":\"Tyrving - Friidrett\",\"description\":\"Friidrettsgruppa\",\"publisher\":{\"@id\":\"https:\/\/tyrving.idrett.no\/10\/f\/#organization\"},\"potentialAction\":[{\"@type\":\"SearchAction\",\"target\":{\"@type\":\"EntryPoint\",\"urlTemplate\":\"https:\/\/tyrving.idrett.no\/10\/f\/?s={search_term_string}\"},\"query-input\":\"required name=search_term_string\"}],\"inLanguage\":\"nb-NO\"},{\"@type\":\"Organization\",\"@id\":\"https:\/\/tyrving.idrett.no\/10\/f\/#organization\",\"name\":\"Tyrving Friidrettsgruppa\",\"url\":\"https:\/\/tyrving.idrett.no\/10\/f\/\",\"logo\":{\"@type\":\"ImageObject\",\"inLanguage\":\"nb-NO\",\"@id\":\"https:\/\/tyrving.idrett.no\/10\/f\/#\/schema\/logo\/image\/\",\"url\":\"https:\/\/tyrving.idrett.no\/10\/f\/files\/2019\/04\/Tyrving-Logo-Friidrett-2019.jpg\",\"contentUrl\":\"https:\/\/tyrving.idrett.no\/10\/f\/files\/2019\/04\/Tyrving-Logo-Friidrett-2019.jpg\",\"width\":460,\"height\":360,\"caption\":\"Tyrving Friidrettsgruppa\"},\"image\":{\"@id\":\"https:\/\/tyrving.idrett.no\/10\/f\/#\/schema\/logo\/image\/\"}},{\"@type\":\"Person\",\"@id\":\"https:\/\/tyrving.idrett.no\/10\/f\/#\/schema\/person\/d4c0beffa6e345e38d49e774568a87f8\",\"name\":\"Jo Nesse\",\"image\":{\"@type\":\"ImageObject\",\"inLanguage\":\"nb-NO\",\"@id\":\"https:\/\/tyrving.idrett.no\/10\/f\/#\/schema\/person\/image\/\",\"url\":\"https:\/\/secure.gravatar.com\/avatar\/1a06e9e4dda9ad2aa819860d47a5c08e?s=96&d=mm&r=g\",\"contentUrl\":\"https:\/\/secure.gravatar.com\/avatar\/1a06e9e4dda9ad2aa819860d47a5c08e?s=96&d=mm&r=g\",\"caption\":\"Jo Nesse\"}}]}<\/script>\n<!-- \/ Yoast SEO plugin. -->","yoast_head_json":{"title":"Helene til Jr.VM - Tyrving - Friidrett","robots":{"index":"index","follow":"follow","max-snippet":"max-snippet:-1","max-image-preview":"max-image-preview:large","max-video-preview":"max-video-preview:-1"},"canonical":"https:\/\/tyrving.idrett.no\/10\/f\/2016\/07\/13\/helene-til-jr-vm\/","og_locale":"nb_NO","og_type":"article","og_title":"Helene til Jr.VM - Tyrving - Friidrett","og_description":"Helene R\u00f8nningen har stormet frem til str\u00e5lende tider i hele \u00e5r. Hun vartet allerede i vinter opp med kanonresultater under NM \u2013 7.39 p\u00e5 60 meter \u2013 delt tredjeplass p\u00e5 norgesstatistikken gjennom alle ...","og_url":"https:\/\/tyrving.idrett.no\/10\/f\/2016\/07\/13\/helene-til-jr-vm\/","og_site_name":"Tyrving - Friidrett","article_published_time":"2016-07-13T10:09:14+00:00","article_modified_time":"2016-08-09T16:18:26+00:00","og_image":[{"width":1024,"height":768,"url":"https:\/\/tyrving.idrett.no\/10\/f\/files\/2016\/07\/A3FC0147-F887-4290-AB75-9BA44A6DD65F-1024x768.jpg","type":"image\/jpeg"}],"author":"Jo Nesse","twitter_card":"summary_large_image","twitter_misc":{"Skrevet av":"Jo Nesse","Ansl. lesetid":"1 minutt"},"schema":{"@context":"https:\/\/schema.org","@graph":[{"@type":"Article","@id":"https:\/\/tyrving.idrett.no\/10\/f\/2016\/07\/13\/helene-til-jr-vm\/#article","isPartOf":{"@id":"https:\/\/tyrving.idrett.no\/10\/f\/2016\/07\/13\/helene-til-jr-vm\/"},"author":{"name":"Jo Nesse","@id":"https:\/\/tyrving.idrett.no\/10\/f\/#\/schema\/person\/d4c0beffa6e345e38d49e774568a87f8"},"headline":"Helene til Jr.VM","datePublished":"2016-07-13T10:09:14+00:00","dateModified":"2016-08-09T16:18:26+00:00","mainEntityOfPage":{"@id":"https:\/\/tyrving.idrett.no\/10\/f\/2016\/07\/13\/helene-til-jr-vm\/"},"wordCount":209,"commentCount":0,"publisher":{"@id":"https:\/\/tyrving.idrett.no\/10\/f\/#organization"},"keywords":["Internasjonale mesterskap"],"articleSection":["Nyheter"],"inLanguage":"nb-NO","potentialAction":[{"@type":"CommentAction","name":"Comment","target":["https:\/\/tyrving.idrett.no\/10\/f\/2016\/07\/13\/helene-til-jr-vm\/#respond"]}]},{"@type":"WebPage","@id":"https:\/\/tyrving.idrett.no\/10\/f\/2016\/07\/13\/helene-til-jr-vm\/","url":"https:\/\/tyrving.idrett.no\/10\/f\/2016\/07\/13\/helene-til-jr-vm\/","name":"Helene til Jr.VM - Tyrving - Friidrett","isPartOf":{"@id":"https:\/\/tyrving.idrett.no\/10\/f\/#website"},"datePublished":"2016-07-13T10:09:14+00:00","dateModified":"2016-08-09T16:18:26+00:00","breadcrumb":{"@id":"https:\/\/tyrving.idrett.no\/10\/f\/2016\/07\/13\/helene-til-jr-vm\/#breadcrumb"},"inLanguage":"nb-NO","potentialAction":[{"@type":"ReadAction","target":["https:\/\/tyrving.idrett.no\/10\/f\/2016\/07\/13\/helene-til-jr-vm\/"]}]},{"@type":"BreadcrumbList","@id":"https:\/\/tyrving.idrett.no\/10\/f\/2016\/07\/13\/helene-til-jr-vm\/#breadcrumb","itemListElement":[{"@type":"ListItem","position":1,"name":"Hjem","item":"https:\/\/tyrving.idrett.no\/10\/f\/"},{"@type":"ListItem","position":2,"name":"Helene til Jr.VM"}]},{"@type":"WebSite","@id":"https:\/\/tyrving.idrett.no\/10\/f\/#website","url":"https:\/\/tyrving.idrett.no\/10\/f\/","name":"Tyrving - Friidrett","description":"Friidrettsgruppa","publisher":{"@id":"https:\/\/tyrving.idrett.no\/10\/f\/#organization"},"potentialAction":[{"@type":"SearchAction","target":{"@type":"EntryPoint","urlTemplate":"https:\/\/tyrving.idrett.no\/10\/f\/?s={search_term_string}"},"query-input":"required name=search_term_string"}],"inLanguage":"nb-NO"},{"@type":"Organization","@id":"https:\/\/tyrving.idrett.no\/10\/f\/#organization","name":"Tyrving Friidrettsgruppa","url":"https:\/\/tyrving.idrett.no\/10\/f\/","logo":{"@type":"ImageObject","inLanguage":"nb-NO","@id":"https:\/\/tyrving.idrett.no\/10\/f\/#\/schema\/logo\/image\/","url":"https:\/\/tyrving.idrett.no\/10\/f\/files\/2019\/04\/Tyrving-Logo-Friidrett-2019.jpg","contentUrl":"https:\/\/tyrving.idrett.no\/10\/f\/files\/2019\/04\/Tyrving-Logo-Friidrett-2019.jpg","width":460,"height":360,"caption":"Tyrving Friidrettsgruppa"},"image":{"@id":"https:\/\/tyrving.idrett.no\/10\/f\/#\/schema\/logo\/image\/"}},{"@type":"Person","@id":"https:\/\/tyrving.idrett.no\/10\/f\/#\/schema\/person\/d4c0beffa6e345e38d49e774568a87f8","name":"Jo Nesse","image":{"@type":"ImageObject","inLanguage":"nb-NO","@id":"https:\/\/tyrving.idrett.no\/10\/f\/#\/schema\/person\/image\/","url":"https:\/\/secure.gravatar.com\/avatar\/1a06e9e4dda9ad2aa819860d47a5c08e?s=96&d=mm&r=g","contentUrl":"https:\/\/secure.gravatar.com\/avatar\/1a06e9e4dda9ad2aa819860d47a5c08e?s=96&d=mm&r=g","caption":"Jo Nesse"}}]}},"jetpack_sharing_enabled":true,"jetpack_featured_media_url":"https:\/\/tyrving.idrett.no\/10\/f\/files\/2016\/07\/A3FC0147-F887-4290-AB75-9BA44A6DD65F.jpg","_links":{"self":[{"href":"https:\/\/tyrving.idrett.no\/10\/f\/wp-json\/wp\/v2\/posts\/15929"}],"collection":[{"href":"https:\/\/tyrving.idrett.no\/10\/f\/wp-json\/wp\/v2\/posts"}],"about":[{"href":"https:\/\/tyrving.idrett.no\/10\/f\/wp-json\/wp\/v2\/types\/post"}],"author":[{"embeddable":true,"href":"https:\/\/tyrving.idrett.no\/10\/f\/wp-json\/wp\/v2\/users\/11"}],"replies":[{"embeddable":true,"href":"https:\/\/tyrving.idrett.no\/10\/f\/wp-json\/wp\/v2\/comments?post=15929"}],"version-history":[{"count":1,"href":"https:\/\/tyrving.idrett.no\/10\/f\/wp-json\/wp\/v2\/posts\/15929\/revisions"}],"predecessor-version":[{"id":15931,"href":"https:\/\/tyrving.idrett.no\/10\/f\/wp-json\/wp\/v2\/posts\/15929\/revisions\/15931"}],"wp:featuredmedia":[{"embeddable":true,"href":"https:\/\/tyrving.idrett.no\/10\/f\/wp-json\/wp\/v2\/media\/15930"}],"wp:attachment":[{"href":"https:\/\/tyrving.idrett.no\/10\/f\/wp-json\/wp\/v2\/media?parent=15929"}],"wp:term":[{"taxonomy":"category","embeddable":true,"href":"https:\/\/tyrving.idrett.no\/10\/f\/wp-json\/wp\/v2\/categories?post=15929"},{"taxonomy":"post_tag","embeddable":true,"href":"https:\/\/tyrving.idrett.no\/10\/f\/wp-json\/wp\/v2\/tags?post=15929"}],"curies":[{"name":"wp","href":"https:\/\/api.w.org\/{rel}","templated":true}]}}