{"id":15935,"date":"2016-07-13T21:47:43","date_gmt":"2016-07-13T19:47:43","guid":{"rendered":"http:\/\/tyrving.idrett.no\/10\/f\/?p=15935"},"modified":"2016-08-09T18:18:07","modified_gmt":"2016-08-09T16:18:07","slug":"amalie-er-ol-klar","status":"publish","type":"post","link":"https:\/\/tyrving.idrett.no\/10\/f\/2016\/07\/13\/amalie-er-ol-klar\/","title":{"rendered":"Amalie er OL-klar!"},"content":{"rendered":"<p>Det har ligget i kortene i over ett \u00e5r n\u00e5, men etter EM er all tvil feid til side \u2013 Amalie kan pakke bagen med tanke p\u00e5 deltagelse i Rio! Hun var som tidligere nevnt kvalifisert til b\u00e5de 200, 400, 400 hekk, 4 x 400 og syvkamp i EM, men prioriterte i utgangspunktet hekk og stafett. Til syvende og sist ble det bare hekk \u2013 men det var sandelig ikke bare bare! Amalie m\u00e5tte f\u00f8rst gjennom en kvalifiseringsrunde. Her vant hun heatet sitt lett p\u00e5 fine 56.98 etter en ren maktdemonstrasjon p\u00e5 oppl\u00f8pssiden. En fin start ga henne rom for jogging i siste sving, men da var konkurrentene rede og presset henne ved utgangen av svingen. Et lett trykk p\u00e5 gasspedalen var imidlertid alt som skulle til og Amalie cruiset inn til semifinale.<\/p>\n<p>Her m\u00f8tte hun ogs\u00e5 l\u00f8pere som gjennom \u00e5 v\u00e6re blant de 12 beste p\u00e5 statistikken f\u00f8r EM slapp unna kvalifiseringsrunden, men Amalie var igjen uimotst\u00e5elig: Ny pers, ny klubbrekord, ny kretsrekord og ikke minst ny norsk rekord \u2013 alt dette b\u00e5de for senior og selvf\u00f8lgelig ogs\u00e5 i U23 med tiden 55.79. Hilde Fredriksens rekord fra det uoffisielle VM p\u00e5 400 hekk i 1983 p\u00e5 56.33 var sl\u00e5tt etter \u00e5 ha st\u00e5tt i 33 \u00e5r! Tiden kvalifiserte til OL med god margin \u2013 det internasjonale kravet p\u00e5 56.20 tok hun flere ganger i fjor, mens det norske s\u00e6r(e)kravet p\u00e5 55.90 ble underskredet for f\u00f8rste gang.<\/p>\n<p>I finalen startet Amalie i kjent stil, men her kom effekten av hennes tre l\u00f8p p\u00e5 like mange dager til syne. Konkurrentene hadde f\u00e6rre l\u00f8p og dermed mer krefter igjen og Amalie falt til slutt litt tilbake i feltet, men ble st\u00e5ende med en meget solid sjetteplass \u2013 det samme plasseringen som Berit Berthelsen fikk p\u00e5 400 flatt for 50 \u00e5r siden.<\/p>\n<p>Tyrving hadde ogs\u00e5 med tre andre ut\u00f8vere under EM i Amsterdam. Katarina M\u00f6genburg har hatt sin beste sesong noensinne i \u00e5r og klarte 1.85 denne gang. Det er lite som skiller henne fra enda st\u00f8rre h\u00f8yder og Katarina satser (bokstavelig talt!) videre mot neste EM, VM og OL!<\/p>\n<p>V\u00e5re to beste sprintere, Helene R\u00f8nningen og Jonas Halonen l\u00f8p hver sin startetappe p\u00e5 4 x 100 meter. Begge presterte glimrende etapper og ga de norske lagene gode utgangspunkter. For gutta resulterte det i en av de beste tidene noensinne for et norsk landslag &#8211; 39,35, mens kvinnene ikke kom seg gjennom annen veksling og m\u00e5tte bryte l\u00f8pet.<\/p>\n<p>Alt i alt en meget god innsats av v\u00e5re fire \u2013 til stor inspirasjon for de hjemmev\u00e6rende ut\u00f8vere, trenere og ledere!<\/p>\n","protected":false},"excerpt":{"rendered":"Det har ligget i kortene i over ett \u00e5r n\u00e5, men etter EM er all tvil feid til side \u2013 Amalie kan pakke bagen med tanke p\u00e5 deltagelse i Rio! Hun var som tidligere nevnt kvalifisert til b\u00e5de 200, 400, 400&#8230;","protected":false},"author":11,"featured_media":15936,"comment_status":"open","ping_status":"open","sticky":false,"template":"","format":"standard","meta":{"footnotes":"","_jetpack_memberships_contains_paid_content":false},"categories":[1],"tags":[3928],"acf":[],"yoast_head":"<!-- This site is optimized with the Yoast SEO plugin v21.2 - https:\/\/yoast.com\/wordpress\/plugins\/seo\/ -->\n<title>Amalie er OL-klar! - Tyrving - Friidrett<\/title>\n<meta name=\"robots\" content=\"index, follow, max-snippet:-1, max-image-preview:large, max-video-preview:-1\" \/>\n<link rel=\"canonical\" href=\"https:\/\/tyrving.idrett.no\/10\/f\/2016\/07\/13\/amalie-er-ol-klar\/\" \/>\n<meta property=\"og:locale\" content=\"nb_NO\" \/>\n<meta property=\"og:type\" content=\"article\" \/>\n<meta property=\"og:title\" content=\"Amalie er OL-klar! - Tyrving - Friidrett\" \/>\n<meta property=\"og:description\" content=\"Det har ligget i kortene i over ett \u00e5r n\u00e5, men etter EM er all tvil feid til side \u2013 Amalie kan pakke bagen med tanke p\u00e5 deltagelse i Rio! Hun var som tidligere nevnt kvalifisert til b\u00e5de 200, 400, 400...\" \/>\n<meta property=\"og:url\" content=\"https:\/\/tyrving.idrett.no\/10\/f\/2016\/07\/13\/amalie-er-ol-klar\/\" \/>\n<meta property=\"og:site_name\" content=\"Tyrving - Friidrett\" \/>\n<meta property=\"article:published_time\" content=\"2016-07-13T19:47:43+00:00\" \/>\n<meta property=\"article:modified_time\" content=\"2016-08-09T16:18:07+00:00\" \/>\n<meta property=\"og:image\" content=\"https:\/\/tyrving.idrett.no\/10\/f\/files\/2016\/07\/L6Y1387-1024x683.jpg\" \/>\n\t<meta property=\"og:image:width\" content=\"1024\" \/>\n\t<meta property=\"og:image:height\" content=\"683\" \/>\n\t<meta property=\"og:image:type\" content=\"image\/jpeg\" \/>\n<meta name=\"author\" content=\"Jo Nesse\" \/>\n<meta name=\"twitter:card\" content=\"summary_large_image\" \/>\n<meta name=\"twitter:label1\" content=\"Skrevet av\" \/>\n\t<meta name=\"twitter:data1\" content=\"Jo Nesse\" \/>\n\t<meta name=\"twitter:label2\" content=\"Ansl. lesetid\" \/>\n\t<meta name=\"twitter:data2\" content=\"2 minutter\" \/>\n<script type=\"application\/ld+json\" class=\"yoast-schema-graph\">{\"@context\":\"https:\/\/schema.org\",\"@graph\":[{\"@type\":\"Article\",\"@id\":\"https:\/\/tyrving.idrett.no\/10\/f\/2016\/07\/13\/amalie-er-ol-klar\/#article\",\"isPartOf\":{\"@id\":\"https:\/\/tyrving.idrett.no\/10\/f\/2016\/07\/13\/amalie-er-ol-klar\/\"},\"author\":{\"name\":\"Jo Nesse\",\"@id\":\"https:\/\/tyrving.idrett.no\/10\/f\/#\/schema\/person\/d4c0beffa6e345e38d49e774568a87f8\"},\"headline\":\"Amalie er OL-klar!\",\"datePublished\":\"2016-07-13T19:47:43+00:00\",\"dateModified\":\"2016-08-09T16:18:07+00:00\",\"mainEntityOfPage\":{\"@id\":\"https:\/\/tyrving.idrett.no\/10\/f\/2016\/07\/13\/amalie-er-ol-klar\/\"},\"wordCount\":434,\"commentCount\":0,\"publisher\":{\"@id\":\"https:\/\/tyrving.idrett.no\/10\/f\/#organization\"},\"keywords\":[\"Internasjonale mesterskap\"],\"articleSection\":[\"Nyheter\"],\"inLanguage\":\"nb-NO\",\"potentialAction\":[{\"@type\":\"CommentAction\",\"name\":\"Comment\",\"target\":[\"https:\/\/tyrving.idrett.no\/10\/f\/2016\/07\/13\/amalie-er-ol-klar\/#respond\"]}]},{\"@type\":\"WebPage\",\"@id\":\"https:\/\/tyrving.idrett.no\/10\/f\/2016\/07\/13\/amalie-er-ol-klar\/\",\"url\":\"https:\/\/tyrving.idrett.no\/10\/f\/2016\/07\/13\/amalie-er-ol-klar\/\",\"name\":\"Amalie er OL-klar! - Tyrving - Friidrett\",\"isPartOf\":{\"@id\":\"https:\/\/tyrving.idrett.no\/10\/f\/#website\"},\"datePublished\":\"2016-07-13T19:47:43+00:00\",\"dateModified\":\"2016-08-09T16:18:07+00:00\",\"breadcrumb\":{\"@id\":\"https:\/\/tyrving.idrett.no\/10\/f\/2016\/07\/13\/amalie-er-ol-klar\/#breadcrumb\"},\"inLanguage\":\"nb-NO\",\"potentialAction\":[{\"@type\":\"ReadAction\",\"target\":[\"https:\/\/tyrving.idrett.no\/10\/f\/2016\/07\/13\/amalie-er-ol-klar\/\"]}]},{\"@type\":\"BreadcrumbList\",\"@id\":\"https:\/\/tyrving.idrett.no\/10\/f\/2016\/07\/13\/amalie-er-ol-klar\/#breadcrumb\",\"itemListElement\":[{\"@type\":\"ListItem\",\"position\":1,\"name\":\"Hjem\",\"item\":\"https:\/\/tyrving.idrett.no\/10\/f\/\"},{\"@type\":\"ListItem\",\"position\":2,\"name\":\"Amalie er OL-klar!\"}]},{\"@type\":\"WebSite\",\"@id\":\"https:\/\/tyrving.idrett.no\/10\/f\/#website\",\"url\":\"https:\/\/tyrving.idrett.no\/10\/f\/\",\"name\":\"Tyrving - Friidrett\",\"description\":\"Friidrettsgruppa\",\"publisher\":{\"@id\":\"https:\/\/tyrving.idrett.no\/10\/f\/#organization\"},\"potentialAction\":[{\"@type\":\"SearchAction\",\"target\":{\"@type\":\"EntryPoint\",\"urlTemplate\":\"https:\/\/tyrving.idrett.no\/10\/f\/?s={search_term_string}\"},\"query-input\":\"required name=search_term_string\"}],\"inLanguage\":\"nb-NO\"},{\"@type\":\"Organization\",\"@id\":\"https:\/\/tyrving.idrett.no\/10\/f\/#organization\",\"name\":\"Tyrving Friidrettsgruppa\",\"url\":\"https:\/\/tyrving.idrett.no\/10\/f\/\",\"logo\":{\"@type\":\"ImageObject\",\"inLanguage\":\"nb-NO\",\"@id\":\"https:\/\/tyrving.idrett.no\/10\/f\/#\/schema\/logo\/image\/\",\"url\":\"https:\/\/tyrving.idrett.no\/10\/f\/files\/2019\/04\/Tyrving-Logo-Friidrett-2019.jpg\",\"contentUrl\":\"https:\/\/tyrving.idrett.no\/10\/f\/files\/2019\/04\/Tyrving-Logo-Friidrett-2019.jpg\",\"width\":460,\"height\":360,\"caption\":\"Tyrving Friidrettsgruppa\"},\"image\":{\"@id\":\"https:\/\/tyrving.idrett.no\/10\/f\/#\/schema\/logo\/image\/\"}},{\"@type\":\"Person\",\"@id\":\"https:\/\/tyrving.idrett.no\/10\/f\/#\/schema\/person\/d4c0beffa6e345e38d49e774568a87f8\",\"name\":\"Jo Nesse\",\"image\":{\"@type\":\"ImageObject\",\"inLanguage\":\"nb-NO\",\"@id\":\"https:\/\/tyrving.idrett.no\/10\/f\/#\/schema\/person\/image\/\",\"url\":\"https:\/\/secure.gravatar.com\/avatar\/1a06e9e4dda9ad2aa819860d47a5c08e?s=96&d=mm&r=g\",\"contentUrl\":\"https:\/\/secure.gravatar.com\/avatar\/1a06e9e4dda9ad2aa819860d47a5c08e?s=96&d=mm&r=g\",\"caption\":\"Jo Nesse\"}}]}<\/script>\n<!-- \/ Yoast SEO plugin. -->","yoast_head_json":{"title":"Amalie er OL-klar! - Tyrving - Friidrett","robots":{"index":"index","follow":"follow","max-snippet":"max-snippet:-1","max-image-preview":"max-image-preview:large","max-video-preview":"max-video-preview:-1"},"canonical":"https:\/\/tyrving.idrett.no\/10\/f\/2016\/07\/13\/amalie-er-ol-klar\/","og_locale":"nb_NO","og_type":"article","og_title":"Amalie er OL-klar! - Tyrving - Friidrett","og_description":"Det har ligget i kortene i over ett \u00e5r n\u00e5, men etter EM er all tvil feid til side \u2013 Amalie kan pakke bagen med tanke p\u00e5 deltagelse i Rio! Hun var som tidligere nevnt kvalifisert til b\u00e5de 200, 400, 400...","og_url":"https:\/\/tyrving.idrett.no\/10\/f\/2016\/07\/13\/amalie-er-ol-klar\/","og_site_name":"Tyrving - Friidrett","article_published_time":"2016-07-13T19:47:43+00:00","article_modified_time":"2016-08-09T16:18:07+00:00","og_image":[{"width":1024,"height":683,"url":"https:\/\/tyrving.idrett.no\/10\/f\/files\/2016\/07\/L6Y1387-1024x683.jpg","type":"image\/jpeg"}],"author":"Jo Nesse","twitter_card":"summary_large_image","twitter_misc":{"Skrevet av":"Jo Nesse","Ansl. lesetid":"2 minutter"},"schema":{"@context":"https:\/\/schema.org","@graph":[{"@type":"Article","@id":"https:\/\/tyrving.idrett.no\/10\/f\/2016\/07\/13\/amalie-er-ol-klar\/#article","isPartOf":{"@id":"https:\/\/tyrving.idrett.no\/10\/f\/2016\/07\/13\/amalie-er-ol-klar\/"},"author":{"name":"Jo Nesse","@id":"https:\/\/tyrving.idrett.no\/10\/f\/#\/schema\/person\/d4c0beffa6e345e38d49e774568a87f8"},"headline":"Amalie er OL-klar!","datePublished":"2016-07-13T19:47:43+00:00","dateModified":"2016-08-09T16:18:07+00:00","mainEntityOfPage":{"@id":"https:\/\/tyrving.idrett.no\/10\/f\/2016\/07\/13\/amalie-er-ol-klar\/"},"wordCount":434,"commentCount":0,"publisher":{"@id":"https:\/\/tyrving.idrett.no\/10\/f\/#organization"},"keywords":["Internasjonale mesterskap"],"articleSection":["Nyheter"],"inLanguage":"nb-NO","potentialAction":[{"@type":"CommentAction","name":"Comment","target":["https:\/\/tyrving.idrett.no\/10\/f\/2016\/07\/13\/amalie-er-ol-klar\/#respond"]}]},{"@type":"WebPage","@id":"https:\/\/tyrving.idrett.no\/10\/f\/2016\/07\/13\/amalie-er-ol-klar\/","url":"https:\/\/tyrving.idrett.no\/10\/f\/2016\/07\/13\/amalie-er-ol-klar\/","name":"Amalie er OL-klar! - Tyrving - Friidrett","isPartOf":{"@id":"https:\/\/tyrving.idrett.no\/10\/f\/#website"},"datePublished":"2016-07-13T19:47:43+00:00","dateModified":"2016-08-09T16:18:07+00:00","breadcrumb":{"@id":"https:\/\/tyrving.idrett.no\/10\/f\/2016\/07\/13\/amalie-er-ol-klar\/#breadcrumb"},"inLanguage":"nb-NO","potentialAction":[{"@type":"ReadAction","target":["https:\/\/tyrving.idrett.no\/10\/f\/2016\/07\/13\/amalie-er-ol-klar\/"]}]},{"@type":"BreadcrumbList","@id":"https:\/\/tyrving.idrett.no\/10\/f\/2016\/07\/13\/amalie-er-ol-klar\/#breadcrumb","itemListElement":[{"@type":"ListItem","position":1,"name":"Hjem","item":"https:\/\/tyrving.idrett.no\/10\/f\/"},{"@type":"ListItem","position":2,"name":"Amalie er OL-klar!"}]},{"@type":"WebSite","@id":"https:\/\/tyrving.idrett.no\/10\/f\/#website","url":"https:\/\/tyrving.idrett.no\/10\/f\/","name":"Tyrving - Friidrett","description":"Friidrettsgruppa","publisher":{"@id":"https:\/\/tyrving.idrett.no\/10\/f\/#organization"},"potentialAction":[{"@type":"SearchAction","target":{"@type":"EntryPoint","urlTemplate":"https:\/\/tyrving.idrett.no\/10\/f\/?s={search_term_string}"},"query-input":"required name=search_term_string"}],"inLanguage":"nb-NO"},{"@type":"Organization","@id":"https:\/\/tyrving.idrett.no\/10\/f\/#organization","name":"Tyrving Friidrettsgruppa","url":"https:\/\/tyrving.idrett.no\/10\/f\/","logo":{"@type":"ImageObject","inLanguage":"nb-NO","@id":"https:\/\/tyrving.idrett.no\/10\/f\/#\/schema\/logo\/image\/","url":"https:\/\/tyrving.idrett.no\/10\/f\/files\/2019\/04\/Tyrving-Logo-Friidrett-2019.jpg","contentUrl":"https:\/\/tyrving.idrett.no\/10\/f\/files\/2019\/04\/Tyrving-Logo-Friidrett-2019.jpg","width":460,"height":360,"caption":"Tyrving Friidrettsgruppa"},"image":{"@id":"https:\/\/tyrving.idrett.no\/10\/f\/#\/schema\/logo\/image\/"}},{"@type":"Person","@id":"https:\/\/tyrving.idrett.no\/10\/f\/#\/schema\/person\/d4c0beffa6e345e38d49e774568a87f8","name":"Jo Nesse","image":{"@type":"ImageObject","inLanguage":"nb-NO","@id":"https:\/\/tyrving.idrett.no\/10\/f\/#\/schema\/person\/image\/","url":"https:\/\/secure.gravatar.com\/avatar\/1a06e9e4dda9ad2aa819860d47a5c08e?s=96&d=mm&r=g","contentUrl":"https:\/\/secure.gravatar.com\/avatar\/1a06e9e4dda9ad2aa819860d47a5c08e?s=96&d=mm&r=g","caption":"Jo Nesse"}}]}},"jetpack_sharing_enabled":true,"jetpack_featured_media_url":"https:\/\/tyrving.idrett.no\/10\/f\/files\/2016\/07\/L6Y1387.jpg","_links":{"self":[{"href":"https:\/\/tyrving.idrett.no\/10\/f\/wp-json\/wp\/v2\/posts\/15935"}],"collection":[{"href":"https:\/\/tyrving.idrett.no\/10\/f\/wp-json\/wp\/v2\/posts"}],"about":[{"href":"https:\/\/tyrving.idrett.no\/10\/f\/wp-json\/wp\/v2\/types\/post"}],"author":[{"embeddable":true,"href":"https:\/\/tyrving.idrett.no\/10\/f\/wp-json\/wp\/v2\/users\/11"}],"replies":[{"embeddable":true,"href":"https:\/\/tyrving.idrett.no\/10\/f\/wp-json\/wp\/v2\/comments?post=15935"}],"version-history":[{"count":3,"href":"https:\/\/tyrving.idrett.no\/10\/f\/wp-json\/wp\/v2\/posts\/15935\/revisions"}],"predecessor-version":[{"id":15939,"href":"https:\/\/tyrving.idrett.no\/10\/f\/wp-json\/wp\/v2\/posts\/15935\/revisions\/15939"}],"wp:featuredmedia":[{"embeddable":true,"href":"https:\/\/tyrving.idrett.no\/10\/f\/wp-json\/wp\/v2\/media\/15936"}],"wp:attachment":[{"href":"https:\/\/tyrving.idrett.no\/10\/f\/wp-json\/wp\/v2\/media?parent=15935"}],"wp:term":[{"taxonomy":"category","embeddable":true,"href":"https:\/\/tyrving.idrett.no\/10\/f\/wp-json\/wp\/v2\/categories?post=15935"},{"taxonomy":"post_tag","embeddable":true,"href":"https:\/\/tyrving.idrett.no\/10\/f\/wp-json\/wp\/v2\/tags?post=15935"}],"curies":[{"name":"wp","href":"https:\/\/api.w.org\/{rel}","templated":true}]}}