{"id":15941,"date":"2016-07-16T19:40:23","date_gmt":"2016-07-16T17:40:23","guid":{"rendered":"http:\/\/tyrving.idrett.no\/10\/f\/?p=15941"},"modified":"2016-08-09T18:17:58","modified_gmt":"2016-08-09T16:17:58","slug":"amalie-og-ida-til-rio-ol","status":"publish","type":"post","link":"https:\/\/tyrving.idrett.no\/10\/f\/2016\/07\/16\/amalie-og-ida-til-rio-ol\/","title":{"rendered":"Amalie og Ida til Rio-OL"},"content":{"rendered":"<p>Vi skrev tidligere i sommer at Tyrving i \u00e5r kunne f\u00e5 med deltagere i alle de internasjonale mesterskapene p\u00e5 bane. N\u00e5 kan vi konstatere at dette er faktum! F\u00f8rst ble Katarina M\u00f6genburg, Helene R\u00f8nningen, Jonas Halonen og Amalie Iuel tatt ut til EM for senior. Dernest ble Didrik Warlo tatt ut til EM for U18 og Helene R\u00f8nningen til VM for U20. I dag gikk kabalen opp da Amalie Iuel ogs\u00e5 ble tatt ut til OL og Ida Nesse til Paralympics i Rio de Janeiro.<\/p>\n<p><img decoding=\"async\" loading=\"lazy\" class=\"alignleft wp-image-15943 size-medium\" src=\"http:\/\/tyrving.idrett.no\/10\/f\/files\/2016\/07\/Ida-Nesse-264x300.jpg\" alt=\"Ida Nesse\" width=\"264\" height=\"300\" srcset=\"https:\/\/tyrving.idrett.no\/10\/f\/files\/2016\/07\/Ida-Nesse-264x300.jpg 264w, https:\/\/tyrving.idrett.no\/10\/f\/files\/2016\/07\/Ida-Nesse-768x873.jpg 768w, https:\/\/tyrving.idrett.no\/10\/f\/files\/2016\/07\/Ida-Nesse-901x1024.jpg 901w, https:\/\/tyrving.idrett.no\/10\/f\/files\/2016\/07\/Ida-Nesse-600x682.jpg 600w, https:\/\/tyrving.idrett.no\/10\/f\/files\/2016\/07\/Ida-Nesse.jpg 1080w\" sizes=\"(max-width: 264px) 100vw, 264px\" \/>Alle v\u00e5re stjerner som konkurrere i ordin\u00e6re klasser er beh\u00f8rig omtalt en rekke ganger, s\u00e5 denne gangen skal vi konsentrere oss om Ida som endelig er tatt ut til et internasjonalt mesterskap. Ida har i alle \u00e5r konkurrert i ordin\u00e6re klasser og har v\u00e6rt kvalifisert til junior-NM siden hun var 14 \u00bd. Ida har v\u00e6rt i finalene der i mange \u00e5r og har s\u00e5gar l\u00f8pt NM-finale for senior p\u00e5 4 x 100 meter etter at hun l\u00f8p forbi et annet lag p\u00e5 sisteetappen og kvalifiserte laget for finalen. Ida har ogs\u00e5 satt klubbrekorder i flere \u00f8velser \u2013 blant annet i tresteg med og uten till\u00f8p (ikke d\u00e5rlig av en som er f\u00f8dt med klumpfot!), i slegge og i spyd. I den siste \u00f8velsen har hun ogs\u00e5 satt to europarekorder i sin handicapklasse (F44 \u2013 handicappet i ben under kneet) med 36.60 og 36.70 og i denne klassen har hun toppet verdensstatistikken de siste tre \u00e5rene.<\/p>\n<p>Dessverre ble vi for sent klar over at Ida kunne konkurrere i Paralympics, ellers hadde hun kunnet delta b\u00e5de i Beijing og London. Persen hennes i spyd er jo mye bedre enn europarekorden \u2013 38.73. N\u00e5 er det imidlertid diskos for alle pengene for Ida, siden spyd ikke er \u00f8velse i Rio. Ida har gjort store fremskritt i denne \u00f8velsen i sommer og kastet over Riokravet i alle de 11 siste stevnene hun har deltatt i. Ingen av de andre norske friidrettsut\u00f8verne som skal delta i Rio har en slik serie \u00e5 vise til! Vi krysser fingrene for Ida i helgens internasjonale stevne i Berlin der hun skal st\u00f8te kule og kaste b\u00e5de spyd og diskos.<\/p>\n<p>&nbsp;<\/p>\n<p>Vi \u00f8nsker Amalie og Ida lykke til med de siste forberedelsene og venter spent p\u00e5 \u00e5 se v\u00e5re to i aksjon til sambarytmer og norske heiarop!<\/p>\n","protected":false},"excerpt":{"rendered":"Vi skrev tidligere i sommer at Tyrving i \u00e5r kunne f\u00e5 med deltagere i alle de internasjonale mesterskapene p\u00e5 bane. N\u00e5 kan vi konstatere at dette er faktum! F\u00f8rst ble Katarina M\u00f6genburg, Helene R\u00f8nning&#8230;","protected":false},"author":1,"featured_media":15942,"comment_status":"open","ping_status":"open","sticky":false,"template":"","format":"standard","meta":{"footnotes":"","_jetpack_memberships_contains_paid_content":false},"categories":[1],"tags":[3928],"acf":[],"yoast_head":"<!-- This site is optimized with the Yoast SEO plugin v21.2 - https:\/\/yoast.com\/wordpress\/plugins\/seo\/ -->\n<title>Amalie og Ida til Rio-OL - Tyrving - Friidrett<\/title>\n<meta name=\"robots\" content=\"index, follow, max-snippet:-1, max-image-preview:large, max-video-preview:-1\" \/>\n<link rel=\"canonical\" href=\"https:\/\/tyrving.idrett.no\/10\/f\/2016\/07\/16\/amalie-og-ida-til-rio-ol\/\" \/>\n<meta property=\"og:locale\" content=\"nb_NO\" \/>\n<meta property=\"og:type\" content=\"article\" \/>\n<meta property=\"og:title\" content=\"Amalie og Ida til Rio-OL - Tyrving - Friidrett\" \/>\n<meta property=\"og:description\" content=\"Vi skrev tidligere i sommer at Tyrving i \u00e5r kunne f\u00e5 med deltagere i alle de internasjonale mesterskapene p\u00e5 bane. N\u00e5 kan vi konstatere at dette er faktum! F\u00f8rst ble Katarina M\u00f6genburg, Helene R\u00f8nning...\" \/>\n<meta property=\"og:url\" content=\"https:\/\/tyrving.idrett.no\/10\/f\/2016\/07\/16\/amalie-og-ida-til-rio-ol\/\" \/>\n<meta property=\"og:site_name\" content=\"Tyrving - Friidrett\" \/>\n<meta property=\"article:published_time\" content=\"2016-07-16T17:40:23+00:00\" \/>\n<meta property=\"article:modified_time\" content=\"2016-08-09T16:17:58+00:00\" \/>\n<meta property=\"og:image\" content=\"https:\/\/tyrving.idrett.no\/10\/f\/files\/2016\/07\/Rio-2016-olympic-stamps-collection-1.jpg\" \/>\n\t<meta property=\"og:image:width\" content=\"660\" \/>\n\t<meta property=\"og:image:height\" content=\"330\" \/>\n\t<meta property=\"og:image:type\" content=\"image\/jpeg\" \/>\n<meta name=\"author\" content=\"admin\" \/>\n<meta name=\"twitter:card\" content=\"summary_large_image\" \/>\n<meta name=\"twitter:label1\" content=\"Skrevet av\" \/>\n\t<meta name=\"twitter:data1\" content=\"admin\" \/>\n\t<meta name=\"twitter:label2\" content=\"Ansl. lesetid\" \/>\n\t<meta name=\"twitter:data2\" content=\"2 minutter\" \/>\n<script type=\"application\/ld+json\" class=\"yoast-schema-graph\">{\"@context\":\"https:\/\/schema.org\",\"@graph\":[{\"@type\":\"Article\",\"@id\":\"https:\/\/tyrving.idrett.no\/10\/f\/2016\/07\/16\/amalie-og-ida-til-rio-ol\/#article\",\"isPartOf\":{\"@id\":\"https:\/\/tyrving.idrett.no\/10\/f\/2016\/07\/16\/amalie-og-ida-til-rio-ol\/\"},\"author\":{\"name\":\"admin\",\"@id\":\"https:\/\/tyrving.idrett.no\/10\/f\/#\/schema\/person\/b0b301ce26d13339293caf5c0bc7d286\"},\"headline\":\"Amalie og Ida til Rio-OL\",\"datePublished\":\"2016-07-16T17:40:23+00:00\",\"dateModified\":\"2016-08-09T16:17:58+00:00\",\"mainEntityOfPage\":{\"@id\":\"https:\/\/tyrving.idrett.no\/10\/f\/2016\/07\/16\/amalie-og-ida-til-rio-ol\/\"},\"wordCount\":396,\"commentCount\":0,\"publisher\":{\"@id\":\"https:\/\/tyrving.idrett.no\/10\/f\/#organization\"},\"keywords\":[\"Internasjonale mesterskap\"],\"articleSection\":[\"Nyheter\"],\"inLanguage\":\"nb-NO\",\"potentialAction\":[{\"@type\":\"CommentAction\",\"name\":\"Comment\",\"target\":[\"https:\/\/tyrving.idrett.no\/10\/f\/2016\/07\/16\/amalie-og-ida-til-rio-ol\/#respond\"]}]},{\"@type\":\"WebPage\",\"@id\":\"https:\/\/tyrving.idrett.no\/10\/f\/2016\/07\/16\/amalie-og-ida-til-rio-ol\/\",\"url\":\"https:\/\/tyrving.idrett.no\/10\/f\/2016\/07\/16\/amalie-og-ida-til-rio-ol\/\",\"name\":\"Amalie og Ida til Rio-OL - Tyrving - Friidrett\",\"isPartOf\":{\"@id\":\"https:\/\/tyrving.idrett.no\/10\/f\/#website\"},\"datePublished\":\"2016-07-16T17:40:23+00:00\",\"dateModified\":\"2016-08-09T16:17:58+00:00\",\"breadcrumb\":{\"@id\":\"https:\/\/tyrving.idrett.no\/10\/f\/2016\/07\/16\/amalie-og-ida-til-rio-ol\/#breadcrumb\"},\"inLanguage\":\"nb-NO\",\"potentialAction\":[{\"@type\":\"ReadAction\",\"target\":[\"https:\/\/tyrving.idrett.no\/10\/f\/2016\/07\/16\/amalie-og-ida-til-rio-ol\/\"]}]},{\"@type\":\"BreadcrumbList\",\"@id\":\"https:\/\/tyrving.idrett.no\/10\/f\/2016\/07\/16\/amalie-og-ida-til-rio-ol\/#breadcrumb\",\"itemListElement\":[{\"@type\":\"ListItem\",\"position\":1,\"name\":\"Hjem\",\"item\":\"https:\/\/tyrving.idrett.no\/10\/f\/\"},{\"@type\":\"ListItem\",\"position\":2,\"name\":\"Amalie og Ida til Rio-OL\"}]},{\"@type\":\"WebSite\",\"@id\":\"https:\/\/tyrving.idrett.no\/10\/f\/#website\",\"url\":\"https:\/\/tyrving.idrett.no\/10\/f\/\",\"name\":\"Tyrving - Friidrett\",\"description\":\"Friidrettsgruppa\",\"publisher\":{\"@id\":\"https:\/\/tyrving.idrett.no\/10\/f\/#organization\"},\"potentialAction\":[{\"@type\":\"SearchAction\",\"target\":{\"@type\":\"EntryPoint\",\"urlTemplate\":\"https:\/\/tyrving.idrett.no\/10\/f\/?s={search_term_string}\"},\"query-input\":\"required name=search_term_string\"}],\"inLanguage\":\"nb-NO\"},{\"@type\":\"Organization\",\"@id\":\"https:\/\/tyrving.idrett.no\/10\/f\/#organization\",\"name\":\"Tyrving Friidrettsgruppa\",\"url\":\"https:\/\/tyrving.idrett.no\/10\/f\/\",\"logo\":{\"@type\":\"ImageObject\",\"inLanguage\":\"nb-NO\",\"@id\":\"https:\/\/tyrving.idrett.no\/10\/f\/#\/schema\/logo\/image\/\",\"url\":\"https:\/\/tyrving.idrett.no\/10\/f\/files\/2019\/04\/Tyrving-Logo-Friidrett-2019.jpg\",\"contentUrl\":\"https:\/\/tyrving.idrett.no\/10\/f\/files\/2019\/04\/Tyrving-Logo-Friidrett-2019.jpg\",\"width\":460,\"height\":360,\"caption\":\"Tyrving Friidrettsgruppa\"},\"image\":{\"@id\":\"https:\/\/tyrving.idrett.no\/10\/f\/#\/schema\/logo\/image\/\"}},{\"@type\":\"Person\",\"@id\":\"https:\/\/tyrving.idrett.no\/10\/f\/#\/schema\/person\/b0b301ce26d13339293caf5c0bc7d286\",\"name\":\"admin\",\"image\":{\"@type\":\"ImageObject\",\"inLanguage\":\"nb-NO\",\"@id\":\"https:\/\/tyrving.idrett.no\/10\/f\/#\/schema\/person\/image\/\",\"url\":\"https:\/\/secure.gravatar.com\/avatar\/4b0456acc2ea550a97d3a11ebb27598d?s=96&d=mm&r=g\",\"contentUrl\":\"https:\/\/secure.gravatar.com\/avatar\/4b0456acc2ea550a97d3a11ebb27598d?s=96&d=mm&r=g\",\"caption\":\"admin\"}}]}<\/script>\n<!-- \/ Yoast SEO plugin. -->","yoast_head_json":{"title":"Amalie og Ida til Rio-OL - Tyrving - Friidrett","robots":{"index":"index","follow":"follow","max-snippet":"max-snippet:-1","max-image-preview":"max-image-preview:large","max-video-preview":"max-video-preview:-1"},"canonical":"https:\/\/tyrving.idrett.no\/10\/f\/2016\/07\/16\/amalie-og-ida-til-rio-ol\/","og_locale":"nb_NO","og_type":"article","og_title":"Amalie og Ida til Rio-OL - Tyrving - Friidrett","og_description":"Vi skrev tidligere i sommer at Tyrving i \u00e5r kunne f\u00e5 med deltagere i alle de internasjonale mesterskapene p\u00e5 bane. N\u00e5 kan vi konstatere at dette er faktum! F\u00f8rst ble Katarina M\u00f6genburg, Helene R\u00f8nning...","og_url":"https:\/\/tyrving.idrett.no\/10\/f\/2016\/07\/16\/amalie-og-ida-til-rio-ol\/","og_site_name":"Tyrving - Friidrett","article_published_time":"2016-07-16T17:40:23+00:00","article_modified_time":"2016-08-09T16:17:58+00:00","og_image":[{"width":660,"height":330,"url":"https:\/\/tyrving.idrett.no\/10\/f\/files\/2016\/07\/Rio-2016-olympic-stamps-collection-1.jpg","type":"image\/jpeg"}],"author":"admin","twitter_card":"summary_large_image","twitter_misc":{"Skrevet av":"admin","Ansl. lesetid":"2 minutter"},"schema":{"@context":"https:\/\/schema.org","@graph":[{"@type":"Article","@id":"https:\/\/tyrving.idrett.no\/10\/f\/2016\/07\/16\/amalie-og-ida-til-rio-ol\/#article","isPartOf":{"@id":"https:\/\/tyrving.idrett.no\/10\/f\/2016\/07\/16\/amalie-og-ida-til-rio-ol\/"},"author":{"name":"admin","@id":"https:\/\/tyrving.idrett.no\/10\/f\/#\/schema\/person\/b0b301ce26d13339293caf5c0bc7d286"},"headline":"Amalie og Ida til Rio-OL","datePublished":"2016-07-16T17:40:23+00:00","dateModified":"2016-08-09T16:17:58+00:00","mainEntityOfPage":{"@id":"https:\/\/tyrving.idrett.no\/10\/f\/2016\/07\/16\/amalie-og-ida-til-rio-ol\/"},"wordCount":396,"commentCount":0,"publisher":{"@id":"https:\/\/tyrving.idrett.no\/10\/f\/#organization"},"keywords":["Internasjonale mesterskap"],"articleSection":["Nyheter"],"inLanguage":"nb-NO","potentialAction":[{"@type":"CommentAction","name":"Comment","target":["https:\/\/tyrving.idrett.no\/10\/f\/2016\/07\/16\/amalie-og-ida-til-rio-ol\/#respond"]}]},{"@type":"WebPage","@id":"https:\/\/tyrving.idrett.no\/10\/f\/2016\/07\/16\/amalie-og-ida-til-rio-ol\/","url":"https:\/\/tyrving.idrett.no\/10\/f\/2016\/07\/16\/amalie-og-ida-til-rio-ol\/","name":"Amalie og Ida til Rio-OL - Tyrving - Friidrett","isPartOf":{"@id":"https:\/\/tyrving.idrett.no\/10\/f\/#website"},"datePublished":"2016-07-16T17:40:23+00:00","dateModified":"2016-08-09T16:17:58+00:00","breadcrumb":{"@id":"https:\/\/tyrving.idrett.no\/10\/f\/2016\/07\/16\/amalie-og-ida-til-rio-ol\/#breadcrumb"},"inLanguage":"nb-NO","potentialAction":[{"@type":"ReadAction","target":["https:\/\/tyrving.idrett.no\/10\/f\/2016\/07\/16\/amalie-og-ida-til-rio-ol\/"]}]},{"@type":"BreadcrumbList","@id":"https:\/\/tyrving.idrett.no\/10\/f\/2016\/07\/16\/amalie-og-ida-til-rio-ol\/#breadcrumb","itemListElement":[{"@type":"ListItem","position":1,"name":"Hjem","item":"https:\/\/tyrving.idrett.no\/10\/f\/"},{"@type":"ListItem","position":2,"name":"Amalie og Ida til Rio-OL"}]},{"@type":"WebSite","@id":"https:\/\/tyrving.idrett.no\/10\/f\/#website","url":"https:\/\/tyrving.idrett.no\/10\/f\/","name":"Tyrving - Friidrett","description":"Friidrettsgruppa","publisher":{"@id":"https:\/\/tyrving.idrett.no\/10\/f\/#organization"},"potentialAction":[{"@type":"SearchAction","target":{"@type":"EntryPoint","urlTemplate":"https:\/\/tyrving.idrett.no\/10\/f\/?s={search_term_string}"},"query-input":"required name=search_term_string"}],"inLanguage":"nb-NO"},{"@type":"Organization","@id":"https:\/\/tyrving.idrett.no\/10\/f\/#organization","name":"Tyrving Friidrettsgruppa","url":"https:\/\/tyrving.idrett.no\/10\/f\/","logo":{"@type":"ImageObject","inLanguage":"nb-NO","@id":"https:\/\/tyrving.idrett.no\/10\/f\/#\/schema\/logo\/image\/","url":"https:\/\/tyrving.idrett.no\/10\/f\/files\/2019\/04\/Tyrving-Logo-Friidrett-2019.jpg","contentUrl":"https:\/\/tyrving.idrett.no\/10\/f\/files\/2019\/04\/Tyrving-Logo-Friidrett-2019.jpg","width":460,"height":360,"caption":"Tyrving Friidrettsgruppa"},"image":{"@id":"https:\/\/tyrving.idrett.no\/10\/f\/#\/schema\/logo\/image\/"}},{"@type":"Person","@id":"https:\/\/tyrving.idrett.no\/10\/f\/#\/schema\/person\/b0b301ce26d13339293caf5c0bc7d286","name":"admin","image":{"@type":"ImageObject","inLanguage":"nb-NO","@id":"https:\/\/tyrving.idrett.no\/10\/f\/#\/schema\/person\/image\/","url":"https:\/\/secure.gravatar.com\/avatar\/4b0456acc2ea550a97d3a11ebb27598d?s=96&d=mm&r=g","contentUrl":"https:\/\/secure.gravatar.com\/avatar\/4b0456acc2ea550a97d3a11ebb27598d?s=96&d=mm&r=g","caption":"admin"}}]}},"jetpack_sharing_enabled":true,"jetpack_featured_media_url":"https:\/\/tyrving.idrett.no\/10\/f\/files\/2016\/07\/Rio-2016-olympic-stamps-collection-1.jpg","_links":{"self":[{"href":"https:\/\/tyrving.idrett.no\/10\/f\/wp-json\/wp\/v2\/posts\/15941"}],"collection":[{"href":"https:\/\/tyrving.idrett.no\/10\/f\/wp-json\/wp\/v2\/posts"}],"about":[{"href":"https:\/\/tyrving.idrett.no\/10\/f\/wp-json\/wp\/v2\/types\/post"}],"author":[{"embeddable":true,"href":"https:\/\/tyrving.idrett.no\/10\/f\/wp-json\/wp\/v2\/users\/1"}],"replies":[{"embeddable":true,"href":"https:\/\/tyrving.idrett.no\/10\/f\/wp-json\/wp\/v2\/comments?post=15941"}],"version-history":[{"count":3,"href":"https:\/\/tyrving.idrett.no\/10\/f\/wp-json\/wp\/v2\/posts\/15941\/revisions"}],"predecessor-version":[{"id":15946,"href":"https:\/\/tyrving.idrett.no\/10\/f\/wp-json\/wp\/v2\/posts\/15941\/revisions\/15946"}],"wp:featuredmedia":[{"embeddable":true,"href":"https:\/\/tyrving.idrett.no\/10\/f\/wp-json\/wp\/v2\/media\/15942"}],"wp:attachment":[{"href":"https:\/\/tyrving.idrett.no\/10\/f\/wp-json\/wp\/v2\/media?parent=15941"}],"wp:term":[{"taxonomy":"category","embeddable":true,"href":"https:\/\/tyrving.idrett.no\/10\/f\/wp-json\/wp\/v2\/categories?post=15941"},{"taxonomy":"post_tag","embeddable":true,"href":"https:\/\/tyrving.idrett.no\/10\/f\/wp-json\/wp\/v2\/tags?post=15941"}],"curies":[{"name":"wp","href":"https:\/\/api.w.org\/{rel}","templated":true}]}}