{"id":15947,"date":"2016-07-22T15:56:59","date_gmt":"2016-07-22T13:56:59","guid":{"rendered":"http:\/\/tyrving.idrett.no\/10\/f\/?p=15947"},"modified":"2016-08-09T18:17:51","modified_gmt":"2016-08-09T16:17:51","slug":"helene-semifinaleklar-pa-200","status":"publish","type":"post","link":"https:\/\/tyrving.idrett.no\/10\/f\/2016\/07\/22\/helene-semifinaleklar-pa-200\/","title":{"rendered":"Helene semifinaleklar p\u00e5 200!"},"content":{"rendered":"<p>Helene R\u00f8nningen fra Tyrving har kvalifisert seg til semifalen p\u00e5 200m under jr.VM i Polen. \u00a0<!--more-->Fra www.friidrett.no og Thore-Erik Thoresen sakser vi b\u00e5de bildet over og tekst:<\/p>\n<p><span style=\"color: #ff0000\"><strong><em>Sykt glad for semifinaleplassen \u00a0<\/em><em>&#8211; Men n\u00e5 skal innepersen til pers!<\/em><\/strong><\/span><\/p>\n<section class=\"article\">\n<div class=\"row textBlock\">\n<div class=\"small-12 medium-8 medium-centered large-8 large-centered columns end\">\n<p><em>Dette var den klare meldingen fra Helene R\u00f8nningen, som l\u00f8per semifinale p\u00e5 200 meter klokken 21 presis ikveld.<\/em><\/p>\n<p><em>I heatet havnet Helene i bane to hvor svingen kan virke omtrent like krapp som hjemme i friidrettshallen p\u00e5 Rud hjemme i B\u00e6rum. Her har hun l\u00f8pt det samme antall metere p\u00e5 23,63. I heatet fredag ble det en flott annenplass, 23,92 og direkte plass i semien.<\/em><\/p>\n<p><em>&#8211; Nei, bane 2 er ikke akkurat favorittbanen min, men jeg kan ikke g\u00e5 rundt og tenke p\u00e5 banen. Det er bare \u00e5 gj\u00f8re seg ferdig med den fortest mulig. I dag synes jeg det gikk bedre enn forventet, og selv om jeg merket jeg kom litt bakp\u00e5, f\u00f8lte jeg at jeg fikk kraften med meg ut av svingen.<\/em><\/p>\n<p><em>&#8211; Overrasket over en ny semifinaleplass?<\/em><\/p>\n<p><em>&#8211; Overrasket? Nei, jeg hadde tro p\u00e5 at dette skulle g\u00e5. N\u00e5 er det bare s\u00e5 utrolig g\u00f8y. M\u00e5let er selvf\u00f8lgelig \u00e5 f\u00e5 best mulig tid! P\u00e5 tide \u00e5 skifte ut innepersen med en skikkelig god utepers!<\/em><\/p>\n<\/div>\n<\/div>\n<\/section>\n<p>&nbsp;<\/p>\n","protected":false},"excerpt":{"rendered":"Helene R\u00f8nningen fra Tyrving har kvalifisert seg til semifalen p\u00e5 200m under jr.VM i Polen. \u00a0","protected":false},"author":2,"featured_media":15948,"comment_status":"open","ping_status":"open","sticky":false,"template":"","format":"standard","meta":{"footnotes":"","_jetpack_memberships_contains_paid_content":false},"categories":[1],"tags":[3928],"acf":[],"yoast_head":"<!-- This site is optimized with the Yoast SEO plugin v21.2 - https:\/\/yoast.com\/wordpress\/plugins\/seo\/ -->\n<title>Helene semifinaleklar p\u00e5 200! - Tyrving - Friidrett<\/title>\n<meta name=\"robots\" content=\"index, follow, max-snippet:-1, max-image-preview:large, max-video-preview:-1\" \/>\n<link rel=\"canonical\" href=\"https:\/\/tyrving.idrett.no\/10\/f\/2016\/07\/22\/helene-semifinaleklar-pa-200\/\" \/>\n<meta property=\"og:locale\" content=\"nb_NO\" \/>\n<meta property=\"og:type\" content=\"article\" \/>\n<meta property=\"og:title\" content=\"Helene semifinaleklar p\u00e5 200! - Tyrving - Friidrett\" \/>\n<meta property=\"og:description\" content=\"Helene R\u00f8nningen fra Tyrving har kvalifisert seg til semifalen p\u00e5 200m under jr.VM i Polen. \u00a0\" \/>\n<meta property=\"og:url\" content=\"https:\/\/tyrving.idrett.no\/10\/f\/2016\/07\/22\/helene-semifinaleklar-pa-200\/\" \/>\n<meta property=\"og:site_name\" content=\"Tyrving - Friidrett\" \/>\n<meta property=\"article:published_time\" content=\"2016-07-22T13:56:59+00:00\" \/>\n<meta property=\"article:modified_time\" content=\"2016-08-09T16:17:51+00:00\" \/>\n<meta property=\"og:image\" content=\"https:\/\/tyrving.idrett.no\/10\/f\/files\/2016\/07\/fredag2-helene-1024x620.jpg\" \/>\n\t<meta property=\"og:image:width\" content=\"1024\" \/>\n\t<meta property=\"og:image:height\" content=\"620\" \/>\n\t<meta property=\"og:image:type\" content=\"image\/jpeg\" \/>\n<meta name=\"author\" content=\"Kirsten Larsen\" \/>\n<meta name=\"twitter:card\" content=\"summary_large_image\" \/>\n<meta name=\"twitter:label1\" content=\"Skrevet av\" \/>\n\t<meta name=\"twitter:data1\" content=\"Kirsten Larsen\" \/>\n\t<meta name=\"twitter:label2\" content=\"Ansl. lesetid\" \/>\n\t<meta name=\"twitter:data2\" content=\"1 minutt\" \/>\n<script type=\"application\/ld+json\" class=\"yoast-schema-graph\">{\"@context\":\"https:\/\/schema.org\",\"@graph\":[{\"@type\":\"Article\",\"@id\":\"https:\/\/tyrving.idrett.no\/10\/f\/2016\/07\/22\/helene-semifinaleklar-pa-200\/#article\",\"isPartOf\":{\"@id\":\"https:\/\/tyrving.idrett.no\/10\/f\/2016\/07\/22\/helene-semifinaleklar-pa-200\/\"},\"author\":{\"name\":\"Kirsten Larsen\",\"@id\":\"https:\/\/tyrving.idrett.no\/10\/f\/#\/schema\/person\/9d33b15b4997b99c21c6e0b044d8bfd3\"},\"headline\":\"Helene semifinaleklar p\u00e5 200!\",\"datePublished\":\"2016-07-22T13:56:59+00:00\",\"dateModified\":\"2016-08-09T16:17:51+00:00\",\"mainEntityOfPage\":{\"@id\":\"https:\/\/tyrving.idrett.no\/10\/f\/2016\/07\/22\/helene-semifinaleklar-pa-200\/\"},\"wordCount\":215,\"commentCount\":0,\"publisher\":{\"@id\":\"https:\/\/tyrving.idrett.no\/10\/f\/#organization\"},\"keywords\":[\"Internasjonale mesterskap\"],\"articleSection\":[\"Nyheter\"],\"inLanguage\":\"nb-NO\",\"potentialAction\":[{\"@type\":\"CommentAction\",\"name\":\"Comment\",\"target\":[\"https:\/\/tyrving.idrett.no\/10\/f\/2016\/07\/22\/helene-semifinaleklar-pa-200\/#respond\"]}]},{\"@type\":\"WebPage\",\"@id\":\"https:\/\/tyrving.idrett.no\/10\/f\/2016\/07\/22\/helene-semifinaleklar-pa-200\/\",\"url\":\"https:\/\/tyrving.idrett.no\/10\/f\/2016\/07\/22\/helene-semifinaleklar-pa-200\/\",\"name\":\"Helene semifinaleklar p\u00e5 200! - Tyrving - Friidrett\",\"isPartOf\":{\"@id\":\"https:\/\/tyrving.idrett.no\/10\/f\/#website\"},\"datePublished\":\"2016-07-22T13:56:59+00:00\",\"dateModified\":\"2016-08-09T16:17:51+00:00\",\"breadcrumb\":{\"@id\":\"https:\/\/tyrving.idrett.no\/10\/f\/2016\/07\/22\/helene-semifinaleklar-pa-200\/#breadcrumb\"},\"inLanguage\":\"nb-NO\",\"potentialAction\":[{\"@type\":\"ReadAction\",\"target\":[\"https:\/\/tyrving.idrett.no\/10\/f\/2016\/07\/22\/helene-semifinaleklar-pa-200\/\"]}]},{\"@type\":\"BreadcrumbList\",\"@id\":\"https:\/\/tyrving.idrett.no\/10\/f\/2016\/07\/22\/helene-semifinaleklar-pa-200\/#breadcrumb\",\"itemListElement\":[{\"@type\":\"ListItem\",\"position\":1,\"name\":\"Hjem\",\"item\":\"https:\/\/tyrving.idrett.no\/10\/f\/\"},{\"@type\":\"ListItem\",\"position\":2,\"name\":\"Helene semifinaleklar p\u00e5 200!\"}]},{\"@type\":\"WebSite\",\"@id\":\"https:\/\/tyrving.idrett.no\/10\/f\/#website\",\"url\":\"https:\/\/tyrving.idrett.no\/10\/f\/\",\"name\":\"Tyrving - Friidrett\",\"description\":\"Friidrettsgruppa\",\"publisher\":{\"@id\":\"https:\/\/tyrving.idrett.no\/10\/f\/#organization\"},\"potentialAction\":[{\"@type\":\"SearchAction\",\"target\":{\"@type\":\"EntryPoint\",\"urlTemplate\":\"https:\/\/tyrving.idrett.no\/10\/f\/?s={search_term_string}\"},\"query-input\":\"required name=search_term_string\"}],\"inLanguage\":\"nb-NO\"},{\"@type\":\"Organization\",\"@id\":\"https:\/\/tyrving.idrett.no\/10\/f\/#organization\",\"name\":\"Tyrving Friidrettsgruppa\",\"url\":\"https:\/\/tyrving.idrett.no\/10\/f\/\",\"logo\":{\"@type\":\"ImageObject\",\"inLanguage\":\"nb-NO\",\"@id\":\"https:\/\/tyrving.idrett.no\/10\/f\/#\/schema\/logo\/image\/\",\"url\":\"https:\/\/tyrving.idrett.no\/10\/f\/files\/2019\/04\/Tyrving-Logo-Friidrett-2019.jpg\",\"contentUrl\":\"https:\/\/tyrving.idrett.no\/10\/f\/files\/2019\/04\/Tyrving-Logo-Friidrett-2019.jpg\",\"width\":460,\"height\":360,\"caption\":\"Tyrving Friidrettsgruppa\"},\"image\":{\"@id\":\"https:\/\/tyrving.idrett.no\/10\/f\/#\/schema\/logo\/image\/\"}},{\"@type\":\"Person\",\"@id\":\"https:\/\/tyrving.idrett.no\/10\/f\/#\/schema\/person\/9d33b15b4997b99c21c6e0b044d8bfd3\",\"name\":\"Kirsten Larsen\",\"image\":{\"@type\":\"ImageObject\",\"inLanguage\":\"nb-NO\",\"@id\":\"https:\/\/tyrving.idrett.no\/10\/f\/#\/schema\/person\/image\/\",\"url\":\"https:\/\/secure.gravatar.com\/avatar\/2924b58c2b807e7f70945c639540a744?s=96&d=mm&r=g\",\"contentUrl\":\"https:\/\/secure.gravatar.com\/avatar\/2924b58c2b807e7f70945c639540a744?s=96&d=mm&r=g\",\"caption\":\"Kirsten Larsen\"}}]}<\/script>\n<!-- \/ Yoast SEO plugin. -->","yoast_head_json":{"title":"Helene semifinaleklar p\u00e5 200! - Tyrving - Friidrett","robots":{"index":"index","follow":"follow","max-snippet":"max-snippet:-1","max-image-preview":"max-image-preview:large","max-video-preview":"max-video-preview:-1"},"canonical":"https:\/\/tyrving.idrett.no\/10\/f\/2016\/07\/22\/helene-semifinaleklar-pa-200\/","og_locale":"nb_NO","og_type":"article","og_title":"Helene semifinaleklar p\u00e5 200! - Tyrving - Friidrett","og_description":"Helene R\u00f8nningen fra Tyrving har kvalifisert seg til semifalen p\u00e5 200m under jr.VM i Polen. \u00a0","og_url":"https:\/\/tyrving.idrett.no\/10\/f\/2016\/07\/22\/helene-semifinaleklar-pa-200\/","og_site_name":"Tyrving - Friidrett","article_published_time":"2016-07-22T13:56:59+00:00","article_modified_time":"2016-08-09T16:17:51+00:00","og_image":[{"width":1024,"height":620,"url":"https:\/\/tyrving.idrett.no\/10\/f\/files\/2016\/07\/fredag2-helene-1024x620.jpg","type":"image\/jpeg"}],"author":"Kirsten Larsen","twitter_card":"summary_large_image","twitter_misc":{"Skrevet av":"Kirsten Larsen","Ansl. lesetid":"1 minutt"},"schema":{"@context":"https:\/\/schema.org","@graph":[{"@type":"Article","@id":"https:\/\/tyrving.idrett.no\/10\/f\/2016\/07\/22\/helene-semifinaleklar-pa-200\/#article","isPartOf":{"@id":"https:\/\/tyrving.idrett.no\/10\/f\/2016\/07\/22\/helene-semifinaleklar-pa-200\/"},"author":{"name":"Kirsten Larsen","@id":"https:\/\/tyrving.idrett.no\/10\/f\/#\/schema\/person\/9d33b15b4997b99c21c6e0b044d8bfd3"},"headline":"Helene semifinaleklar p\u00e5 200!","datePublished":"2016-07-22T13:56:59+00:00","dateModified":"2016-08-09T16:17:51+00:00","mainEntityOfPage":{"@id":"https:\/\/tyrving.idrett.no\/10\/f\/2016\/07\/22\/helene-semifinaleklar-pa-200\/"},"wordCount":215,"commentCount":0,"publisher":{"@id":"https:\/\/tyrving.idrett.no\/10\/f\/#organization"},"keywords":["Internasjonale mesterskap"],"articleSection":["Nyheter"],"inLanguage":"nb-NO","potentialAction":[{"@type":"CommentAction","name":"Comment","target":["https:\/\/tyrving.idrett.no\/10\/f\/2016\/07\/22\/helene-semifinaleklar-pa-200\/#respond"]}]},{"@type":"WebPage","@id":"https:\/\/tyrving.idrett.no\/10\/f\/2016\/07\/22\/helene-semifinaleklar-pa-200\/","url":"https:\/\/tyrving.idrett.no\/10\/f\/2016\/07\/22\/helene-semifinaleklar-pa-200\/","name":"Helene semifinaleklar p\u00e5 200! - Tyrving - Friidrett","isPartOf":{"@id":"https:\/\/tyrving.idrett.no\/10\/f\/#website"},"datePublished":"2016-07-22T13:56:59+00:00","dateModified":"2016-08-09T16:17:51+00:00","breadcrumb":{"@id":"https:\/\/tyrving.idrett.no\/10\/f\/2016\/07\/22\/helene-semifinaleklar-pa-200\/#breadcrumb"},"inLanguage":"nb-NO","potentialAction":[{"@type":"ReadAction","target":["https:\/\/tyrving.idrett.no\/10\/f\/2016\/07\/22\/helene-semifinaleklar-pa-200\/"]}]},{"@type":"BreadcrumbList","@id":"https:\/\/tyrving.idrett.no\/10\/f\/2016\/07\/22\/helene-semifinaleklar-pa-200\/#breadcrumb","itemListElement":[{"@type":"ListItem","position":1,"name":"Hjem","item":"https:\/\/tyrving.idrett.no\/10\/f\/"},{"@type":"ListItem","position":2,"name":"Helene semifinaleklar p\u00e5 200!"}]},{"@type":"WebSite","@id":"https:\/\/tyrving.idrett.no\/10\/f\/#website","url":"https:\/\/tyrving.idrett.no\/10\/f\/","name":"Tyrving - Friidrett","description":"Friidrettsgruppa","publisher":{"@id":"https:\/\/tyrving.idrett.no\/10\/f\/#organization"},"potentialAction":[{"@type":"SearchAction","target":{"@type":"EntryPoint","urlTemplate":"https:\/\/tyrving.idrett.no\/10\/f\/?s={search_term_string}"},"query-input":"required name=search_term_string"}],"inLanguage":"nb-NO"},{"@type":"Organization","@id":"https:\/\/tyrving.idrett.no\/10\/f\/#organization","name":"Tyrving Friidrettsgruppa","url":"https:\/\/tyrving.idrett.no\/10\/f\/","logo":{"@type":"ImageObject","inLanguage":"nb-NO","@id":"https:\/\/tyrving.idrett.no\/10\/f\/#\/schema\/logo\/image\/","url":"https:\/\/tyrving.idrett.no\/10\/f\/files\/2019\/04\/Tyrving-Logo-Friidrett-2019.jpg","contentUrl":"https:\/\/tyrving.idrett.no\/10\/f\/files\/2019\/04\/Tyrving-Logo-Friidrett-2019.jpg","width":460,"height":360,"caption":"Tyrving Friidrettsgruppa"},"image":{"@id":"https:\/\/tyrving.idrett.no\/10\/f\/#\/schema\/logo\/image\/"}},{"@type":"Person","@id":"https:\/\/tyrving.idrett.no\/10\/f\/#\/schema\/person\/9d33b15b4997b99c21c6e0b044d8bfd3","name":"Kirsten Larsen","image":{"@type":"ImageObject","inLanguage":"nb-NO","@id":"https:\/\/tyrving.idrett.no\/10\/f\/#\/schema\/person\/image\/","url":"https:\/\/secure.gravatar.com\/avatar\/2924b58c2b807e7f70945c639540a744?s=96&d=mm&r=g","contentUrl":"https:\/\/secure.gravatar.com\/avatar\/2924b58c2b807e7f70945c639540a744?s=96&d=mm&r=g","caption":"Kirsten Larsen"}}]}},"jetpack_sharing_enabled":true,"jetpack_featured_media_url":"https:\/\/tyrving.idrett.no\/10\/f\/files\/2016\/07\/fredag2-helene.jpg","_links":{"self":[{"href":"https:\/\/tyrving.idrett.no\/10\/f\/wp-json\/wp\/v2\/posts\/15947"}],"collection":[{"href":"https:\/\/tyrving.idrett.no\/10\/f\/wp-json\/wp\/v2\/posts"}],"about":[{"href":"https:\/\/tyrving.idrett.no\/10\/f\/wp-json\/wp\/v2\/types\/post"}],"author":[{"embeddable":true,"href":"https:\/\/tyrving.idrett.no\/10\/f\/wp-json\/wp\/v2\/users\/2"}],"replies":[{"embeddable":true,"href":"https:\/\/tyrving.idrett.no\/10\/f\/wp-json\/wp\/v2\/comments?post=15947"}],"version-history":[{"count":3,"href":"https:\/\/tyrving.idrett.no\/10\/f\/wp-json\/wp\/v2\/posts\/15947\/revisions"}],"predecessor-version":[{"id":15991,"href":"https:\/\/tyrving.idrett.no\/10\/f\/wp-json\/wp\/v2\/posts\/15947\/revisions\/15991"}],"wp:featuredmedia":[{"embeddable":true,"href":"https:\/\/tyrving.idrett.no\/10\/f\/wp-json\/wp\/v2\/media\/15948"}],"wp:attachment":[{"href":"https:\/\/tyrving.idrett.no\/10\/f\/wp-json\/wp\/v2\/media?parent=15947"}],"wp:term":[{"taxonomy":"category","embeddable":true,"href":"https:\/\/tyrving.idrett.no\/10\/f\/wp-json\/wp\/v2\/categories?post=15947"},{"taxonomy":"post_tag","embeddable":true,"href":"https:\/\/tyrving.idrett.no\/10\/f\/wp-json\/wp\/v2\/tags?post=15947"}],"curies":[{"name":"wp","href":"https:\/\/api.w.org\/{rel}","templated":true}]}}