{"id":15952,"date":"2016-07-25T16:50:45","date_gmt":"2016-07-25T14:50:45","guid":{"rendered":"http:\/\/tyrving.idrett.no\/10\/f\/?p=15952"},"modified":"2016-08-09T18:17:42","modified_gmt":"2016-08-09T16:17:42","slug":"gull-solv-og-bronse-for-ida-i-berlin","status":"publish","type":"post","link":"https:\/\/tyrving.idrett.no\/10\/f\/2016\/07\/25\/gull-solv-og-bronse-for-ida-i-berlin\/","title":{"rendered":"Gull, s\u00f8lv og bronse  for Ida i Berlin!"},"content":{"rendered":"<p>Det var en stor helg for Ida Nesse i Berlin \u2013 f\u00f8rst ble hun tatt ut til Paralympics i Rio og s\u00e5 tok hun tre medaljer under det \u00e5pne tyske mesterskapet i friidrett for handicappede! Stevnet inng\u00e5r i den internasjonale Grand Prix-serien og er et av de st\u00f8rste i verden med ikke mindre enn 56 deltagende nasjoner fra alle verdensdeler.<\/p>\n<p>Ida \u00e5pnet med ny \u00e5rsbeste i kule fredag og trygget dermed sin fjerdeplass p\u00e5 verdensstatistikken. L\u00f8rdag vant hun en klar seier i spyd \u2013 igjen p\u00e5 ny \u00e5rsbeste p\u00e5 32.15 \u2013 og troner stadig \u00f8verst p\u00e5 \u00e5rets verdensstatistikken i F44, som er hennes klasse. Her var det dessuten s\u00e5kalt \u00e5pen klasse, s\u00e5 Ida slo ogs\u00e5 ut\u00f8vere i flere andre klasser. Ida hadde ogs\u00e5 et betydelig lengre sistekast p\u00e5 ca 35 meter, men det ble dessverre d\u00f8mt som flatt.<\/p>\n<p>Senere samme dag var det diskos som er den eneste kast\u00f8velsen i Paralympics for F44 i \u00e5r. Det var derfor ekstra viktig for Ida \u00e5 lykkes\u00a0her. Det var ogs\u00e5 her \u00e5pen klasse, men Ida sikret seg en fin bronsemedalje bare sl\u00e5tt av \u00e9n annen ut\u00f8ver i sin klasse.<\/p>\n<p>I sum en fin generalpr\u00f8ve f\u00f8r Paralympics i Rio.<\/p>\n","protected":false},"excerpt":{"rendered":"Det var en stor helg for Ida Nesse i Berlin \u2013 f\u00f8rst ble hun tatt ut til Paralympics i Rio og s\u00e5 tok hun tre medaljer under det \u00e5pne tyske mesterskapet i friidrett for handicappede! Stevnet inng\u00e5r i de&#8230;","protected":false},"author":1,"featured_media":15953,"comment_status":"open","ping_status":"open","sticky":false,"template":"","format":"standard","meta":{"footnotes":"","_jetpack_memberships_contains_paid_content":false},"categories":[1],"tags":[3928],"acf":[],"yoast_head":"<!-- This site is optimized with the Yoast SEO plugin v21.2 - https:\/\/yoast.com\/wordpress\/plugins\/seo\/ -->\n<title>Gull, s\u00f8lv og bronse for Ida i Berlin! - Tyrving - Friidrett<\/title>\n<meta name=\"robots\" content=\"index, follow, max-snippet:-1, max-image-preview:large, max-video-preview:-1\" \/>\n<link rel=\"canonical\" href=\"https:\/\/tyrving.idrett.no\/10\/f\/2016\/07\/25\/gull-solv-og-bronse-for-ida-i-berlin\/\" \/>\n<meta property=\"og:locale\" content=\"nb_NO\" \/>\n<meta property=\"og:type\" content=\"article\" \/>\n<meta property=\"og:title\" content=\"Gull, s\u00f8lv og bronse for Ida i Berlin! - Tyrving - Friidrett\" \/>\n<meta property=\"og:description\" content=\"Det var en stor helg for Ida Nesse i Berlin \u2013 f\u00f8rst ble hun tatt ut til Paralympics i Rio og s\u00e5 tok hun tre medaljer under det \u00e5pne tyske mesterskapet i friidrett for handicappede! Stevnet inng\u00e5r i de...\" \/>\n<meta property=\"og:url\" content=\"https:\/\/tyrving.idrett.no\/10\/f\/2016\/07\/25\/gull-solv-og-bronse-for-ida-i-berlin\/\" \/>\n<meta property=\"og:site_name\" content=\"Tyrving - Friidrett\" \/>\n<meta property=\"article:published_time\" content=\"2016-07-25T14:50:45+00:00\" \/>\n<meta property=\"article:modified_time\" content=\"2016-08-09T16:17:42+00:00\" \/>\n<meta property=\"og:image\" content=\"https:\/\/tyrving.idrett.no\/10\/f\/files\/2016\/07\/2016-Ida-i-Berlin-1024x768.jpg\" \/>\n\t<meta property=\"og:image:width\" content=\"1024\" \/>\n\t<meta property=\"og:image:height\" content=\"768\" \/>\n\t<meta property=\"og:image:type\" content=\"image\/jpeg\" \/>\n<meta name=\"author\" content=\"admin\" \/>\n<meta name=\"twitter:card\" content=\"summary_large_image\" \/>\n<meta name=\"twitter:label1\" content=\"Skrevet av\" \/>\n\t<meta name=\"twitter:data1\" content=\"admin\" \/>\n\t<meta name=\"twitter:label2\" content=\"Ansl. lesetid\" \/>\n\t<meta name=\"twitter:data2\" content=\"1 minutt\" \/>\n<script type=\"application\/ld+json\" class=\"yoast-schema-graph\">{\"@context\":\"https:\/\/schema.org\",\"@graph\":[{\"@type\":\"Article\",\"@id\":\"https:\/\/tyrving.idrett.no\/10\/f\/2016\/07\/25\/gull-solv-og-bronse-for-ida-i-berlin\/#article\",\"isPartOf\":{\"@id\":\"https:\/\/tyrving.idrett.no\/10\/f\/2016\/07\/25\/gull-solv-og-bronse-for-ida-i-berlin\/\"},\"author\":{\"name\":\"admin\",\"@id\":\"https:\/\/tyrving.idrett.no\/10\/f\/#\/schema\/person\/b0b301ce26d13339293caf5c0bc7d286\"},\"headline\":\"Gull, s\u00f8lv og bronse for Ida i Berlin!\",\"datePublished\":\"2016-07-25T14:50:45+00:00\",\"dateModified\":\"2016-08-09T16:17:42+00:00\",\"mainEntityOfPage\":{\"@id\":\"https:\/\/tyrving.idrett.no\/10\/f\/2016\/07\/25\/gull-solv-og-bronse-for-ida-i-berlin\/\"},\"wordCount\":210,\"commentCount\":0,\"publisher\":{\"@id\":\"https:\/\/tyrving.idrett.no\/10\/f\/#organization\"},\"keywords\":[\"Internasjonale mesterskap\"],\"articleSection\":[\"Nyheter\"],\"inLanguage\":\"nb-NO\",\"potentialAction\":[{\"@type\":\"CommentAction\",\"name\":\"Comment\",\"target\":[\"https:\/\/tyrving.idrett.no\/10\/f\/2016\/07\/25\/gull-solv-og-bronse-for-ida-i-berlin\/#respond\"]}]},{\"@type\":\"WebPage\",\"@id\":\"https:\/\/tyrving.idrett.no\/10\/f\/2016\/07\/25\/gull-solv-og-bronse-for-ida-i-berlin\/\",\"url\":\"https:\/\/tyrving.idrett.no\/10\/f\/2016\/07\/25\/gull-solv-og-bronse-for-ida-i-berlin\/\",\"name\":\"Gull, s\u00f8lv og bronse for Ida i Berlin! - Tyrving - Friidrett\",\"isPartOf\":{\"@id\":\"https:\/\/tyrving.idrett.no\/10\/f\/#website\"},\"datePublished\":\"2016-07-25T14:50:45+00:00\",\"dateModified\":\"2016-08-09T16:17:42+00:00\",\"breadcrumb\":{\"@id\":\"https:\/\/tyrving.idrett.no\/10\/f\/2016\/07\/25\/gull-solv-og-bronse-for-ida-i-berlin\/#breadcrumb\"},\"inLanguage\":\"nb-NO\",\"potentialAction\":[{\"@type\":\"ReadAction\",\"target\":[\"https:\/\/tyrving.idrett.no\/10\/f\/2016\/07\/25\/gull-solv-og-bronse-for-ida-i-berlin\/\"]}]},{\"@type\":\"BreadcrumbList\",\"@id\":\"https:\/\/tyrving.idrett.no\/10\/f\/2016\/07\/25\/gull-solv-og-bronse-for-ida-i-berlin\/#breadcrumb\",\"itemListElement\":[{\"@type\":\"ListItem\",\"position\":1,\"name\":\"Hjem\",\"item\":\"https:\/\/tyrving.idrett.no\/10\/f\/\"},{\"@type\":\"ListItem\",\"position\":2,\"name\":\"Gull, s\u00f8lv og bronse for Ida i Berlin!\"}]},{\"@type\":\"WebSite\",\"@id\":\"https:\/\/tyrving.idrett.no\/10\/f\/#website\",\"url\":\"https:\/\/tyrving.idrett.no\/10\/f\/\",\"name\":\"Tyrving - Friidrett\",\"description\":\"Friidrettsgruppa\",\"publisher\":{\"@id\":\"https:\/\/tyrving.idrett.no\/10\/f\/#organization\"},\"potentialAction\":[{\"@type\":\"SearchAction\",\"target\":{\"@type\":\"EntryPoint\",\"urlTemplate\":\"https:\/\/tyrving.idrett.no\/10\/f\/?s={search_term_string}\"},\"query-input\":\"required name=search_term_string\"}],\"inLanguage\":\"nb-NO\"},{\"@type\":\"Organization\",\"@id\":\"https:\/\/tyrving.idrett.no\/10\/f\/#organization\",\"name\":\"Tyrving Friidrettsgruppa\",\"url\":\"https:\/\/tyrving.idrett.no\/10\/f\/\",\"logo\":{\"@type\":\"ImageObject\",\"inLanguage\":\"nb-NO\",\"@id\":\"https:\/\/tyrving.idrett.no\/10\/f\/#\/schema\/logo\/image\/\",\"url\":\"https:\/\/tyrving.idrett.no\/10\/f\/files\/2019\/04\/Tyrving-Logo-Friidrett-2019.jpg\",\"contentUrl\":\"https:\/\/tyrving.idrett.no\/10\/f\/files\/2019\/04\/Tyrving-Logo-Friidrett-2019.jpg\",\"width\":460,\"height\":360,\"caption\":\"Tyrving Friidrettsgruppa\"},\"image\":{\"@id\":\"https:\/\/tyrving.idrett.no\/10\/f\/#\/schema\/logo\/image\/\"}},{\"@type\":\"Person\",\"@id\":\"https:\/\/tyrving.idrett.no\/10\/f\/#\/schema\/person\/b0b301ce26d13339293caf5c0bc7d286\",\"name\":\"admin\",\"image\":{\"@type\":\"ImageObject\",\"inLanguage\":\"nb-NO\",\"@id\":\"https:\/\/tyrving.idrett.no\/10\/f\/#\/schema\/person\/image\/\",\"url\":\"https:\/\/secure.gravatar.com\/avatar\/4b0456acc2ea550a97d3a11ebb27598d?s=96&d=mm&r=g\",\"contentUrl\":\"https:\/\/secure.gravatar.com\/avatar\/4b0456acc2ea550a97d3a11ebb27598d?s=96&d=mm&r=g\",\"caption\":\"admin\"}}]}<\/script>\n<!-- \/ Yoast SEO plugin. -->","yoast_head_json":{"title":"Gull, s\u00f8lv og bronse for Ida i Berlin! - Tyrving - Friidrett","robots":{"index":"index","follow":"follow","max-snippet":"max-snippet:-1","max-image-preview":"max-image-preview:large","max-video-preview":"max-video-preview:-1"},"canonical":"https:\/\/tyrving.idrett.no\/10\/f\/2016\/07\/25\/gull-solv-og-bronse-for-ida-i-berlin\/","og_locale":"nb_NO","og_type":"article","og_title":"Gull, s\u00f8lv og bronse for Ida i Berlin! - Tyrving - Friidrett","og_description":"Det var en stor helg for Ida Nesse i Berlin \u2013 f\u00f8rst ble hun tatt ut til Paralympics i Rio og s\u00e5 tok hun tre medaljer under det \u00e5pne tyske mesterskapet i friidrett for handicappede! Stevnet inng\u00e5r i de...","og_url":"https:\/\/tyrving.idrett.no\/10\/f\/2016\/07\/25\/gull-solv-og-bronse-for-ida-i-berlin\/","og_site_name":"Tyrving - Friidrett","article_published_time":"2016-07-25T14:50:45+00:00","article_modified_time":"2016-08-09T16:17:42+00:00","og_image":[{"width":1024,"height":768,"url":"https:\/\/tyrving.idrett.no\/10\/f\/files\/2016\/07\/2016-Ida-i-Berlin-1024x768.jpg","type":"image\/jpeg"}],"author":"admin","twitter_card":"summary_large_image","twitter_misc":{"Skrevet av":"admin","Ansl. lesetid":"1 minutt"},"schema":{"@context":"https:\/\/schema.org","@graph":[{"@type":"Article","@id":"https:\/\/tyrving.idrett.no\/10\/f\/2016\/07\/25\/gull-solv-og-bronse-for-ida-i-berlin\/#article","isPartOf":{"@id":"https:\/\/tyrving.idrett.no\/10\/f\/2016\/07\/25\/gull-solv-og-bronse-for-ida-i-berlin\/"},"author":{"name":"admin","@id":"https:\/\/tyrving.idrett.no\/10\/f\/#\/schema\/person\/b0b301ce26d13339293caf5c0bc7d286"},"headline":"Gull, s\u00f8lv og bronse for Ida i Berlin!","datePublished":"2016-07-25T14:50:45+00:00","dateModified":"2016-08-09T16:17:42+00:00","mainEntityOfPage":{"@id":"https:\/\/tyrving.idrett.no\/10\/f\/2016\/07\/25\/gull-solv-og-bronse-for-ida-i-berlin\/"},"wordCount":210,"commentCount":0,"publisher":{"@id":"https:\/\/tyrving.idrett.no\/10\/f\/#organization"},"keywords":["Internasjonale mesterskap"],"articleSection":["Nyheter"],"inLanguage":"nb-NO","potentialAction":[{"@type":"CommentAction","name":"Comment","target":["https:\/\/tyrving.idrett.no\/10\/f\/2016\/07\/25\/gull-solv-og-bronse-for-ida-i-berlin\/#respond"]}]},{"@type":"WebPage","@id":"https:\/\/tyrving.idrett.no\/10\/f\/2016\/07\/25\/gull-solv-og-bronse-for-ida-i-berlin\/","url":"https:\/\/tyrving.idrett.no\/10\/f\/2016\/07\/25\/gull-solv-og-bronse-for-ida-i-berlin\/","name":"Gull, s\u00f8lv og bronse for Ida i Berlin! - Tyrving - Friidrett","isPartOf":{"@id":"https:\/\/tyrving.idrett.no\/10\/f\/#website"},"datePublished":"2016-07-25T14:50:45+00:00","dateModified":"2016-08-09T16:17:42+00:00","breadcrumb":{"@id":"https:\/\/tyrving.idrett.no\/10\/f\/2016\/07\/25\/gull-solv-og-bronse-for-ida-i-berlin\/#breadcrumb"},"inLanguage":"nb-NO","potentialAction":[{"@type":"ReadAction","target":["https:\/\/tyrving.idrett.no\/10\/f\/2016\/07\/25\/gull-solv-og-bronse-for-ida-i-berlin\/"]}]},{"@type":"BreadcrumbList","@id":"https:\/\/tyrving.idrett.no\/10\/f\/2016\/07\/25\/gull-solv-og-bronse-for-ida-i-berlin\/#breadcrumb","itemListElement":[{"@type":"ListItem","position":1,"name":"Hjem","item":"https:\/\/tyrving.idrett.no\/10\/f\/"},{"@type":"ListItem","position":2,"name":"Gull, s\u00f8lv og bronse for Ida i Berlin!"}]},{"@type":"WebSite","@id":"https:\/\/tyrving.idrett.no\/10\/f\/#website","url":"https:\/\/tyrving.idrett.no\/10\/f\/","name":"Tyrving - Friidrett","description":"Friidrettsgruppa","publisher":{"@id":"https:\/\/tyrving.idrett.no\/10\/f\/#organization"},"potentialAction":[{"@type":"SearchAction","target":{"@type":"EntryPoint","urlTemplate":"https:\/\/tyrving.idrett.no\/10\/f\/?s={search_term_string}"},"query-input":"required name=search_term_string"}],"inLanguage":"nb-NO"},{"@type":"Organization","@id":"https:\/\/tyrving.idrett.no\/10\/f\/#organization","name":"Tyrving Friidrettsgruppa","url":"https:\/\/tyrving.idrett.no\/10\/f\/","logo":{"@type":"ImageObject","inLanguage":"nb-NO","@id":"https:\/\/tyrving.idrett.no\/10\/f\/#\/schema\/logo\/image\/","url":"https:\/\/tyrving.idrett.no\/10\/f\/files\/2019\/04\/Tyrving-Logo-Friidrett-2019.jpg","contentUrl":"https:\/\/tyrving.idrett.no\/10\/f\/files\/2019\/04\/Tyrving-Logo-Friidrett-2019.jpg","width":460,"height":360,"caption":"Tyrving Friidrettsgruppa"},"image":{"@id":"https:\/\/tyrving.idrett.no\/10\/f\/#\/schema\/logo\/image\/"}},{"@type":"Person","@id":"https:\/\/tyrving.idrett.no\/10\/f\/#\/schema\/person\/b0b301ce26d13339293caf5c0bc7d286","name":"admin","image":{"@type":"ImageObject","inLanguage":"nb-NO","@id":"https:\/\/tyrving.idrett.no\/10\/f\/#\/schema\/person\/image\/","url":"https:\/\/secure.gravatar.com\/avatar\/4b0456acc2ea550a97d3a11ebb27598d?s=96&d=mm&r=g","contentUrl":"https:\/\/secure.gravatar.com\/avatar\/4b0456acc2ea550a97d3a11ebb27598d?s=96&d=mm&r=g","caption":"admin"}}]}},"jetpack_sharing_enabled":true,"jetpack_featured_media_url":"https:\/\/tyrving.idrett.no\/10\/f\/files\/2016\/07\/2016-Ida-i-Berlin.jpg","_links":{"self":[{"href":"https:\/\/tyrving.idrett.no\/10\/f\/wp-json\/wp\/v2\/posts\/15952"}],"collection":[{"href":"https:\/\/tyrving.idrett.no\/10\/f\/wp-json\/wp\/v2\/posts"}],"about":[{"href":"https:\/\/tyrving.idrett.no\/10\/f\/wp-json\/wp\/v2\/types\/post"}],"author":[{"embeddable":true,"href":"https:\/\/tyrving.idrett.no\/10\/f\/wp-json\/wp\/v2\/users\/1"}],"replies":[{"embeddable":true,"href":"https:\/\/tyrving.idrett.no\/10\/f\/wp-json\/wp\/v2\/comments?post=15952"}],"version-history":[{"count":2,"href":"https:\/\/tyrving.idrett.no\/10\/f\/wp-json\/wp\/v2\/posts\/15952\/revisions"}],"predecessor-version":[{"id":15990,"href":"https:\/\/tyrving.idrett.no\/10\/f\/wp-json\/wp\/v2\/posts\/15952\/revisions\/15990"}],"wp:featuredmedia":[{"embeddable":true,"href":"https:\/\/tyrving.idrett.no\/10\/f\/wp-json\/wp\/v2\/media\/15953"}],"wp:attachment":[{"href":"https:\/\/tyrving.idrett.no\/10\/f\/wp-json\/wp\/v2\/media?parent=15952"}],"wp:term":[{"taxonomy":"category","embeddable":true,"href":"https:\/\/tyrving.idrett.no\/10\/f\/wp-json\/wp\/v2\/categories?post=15952"},{"taxonomy":"post_tag","embeddable":true,"href":"https:\/\/tyrving.idrett.no\/10\/f\/wp-json\/wp\/v2\/tags?post=15952"}],"curies":[{"name":"wp","href":"https:\/\/api.w.org\/{rel}","templated":true}]}}