{"id":15955,"date":"2016-07-30T06:34:50","date_gmt":"2016-07-30T04:34:50","guid":{"rendered":"http:\/\/tyrving.idrett.no\/10\/f\/?p=15955"},"modified":"2016-08-09T18:17:02","modified_gmt":"2016-08-09T16:17:02","slug":"flott-forste-dag-av-nm","status":"publish","type":"post","link":"https:\/\/tyrving.idrett.no\/10\/f\/2016\/07\/30\/flott-forste-dag-av-nm\/","title":{"rendered":"Flott f\u00f8rste dag av NM"},"content":{"rendered":"<p><span style=\"color: #000000;font-family: Calibri;font-size: medium\">2 gull,2 s\u00f8lv og 1 bronse!<\/span><\/p>\n<p><span style=\"color: #000000;font-family: Calibri;font-size: medium\">Forholdene l\u00e5 dessverre ikke til rette for de store resultatene p\u00e5 NMs f\u00f8rste dag. P\u00e5 sprint var forholdene tunge i innledende heat og videre ogs\u00e5 i semi og finaler med sterk motvind og regn i luften.\u00a0 I de tekniske \u00f8velsene var ogs\u00e5 forholdene sure nok til at toppresultatene uteble. Men nok snakk om de labre forholdene. I NM skal medaljene deles ut og v\u00e5re Tyrvingut\u00f8vere var jamen med \u00e5 prege premiepallen fredag \u00a0ettermiddag og kveld p\u00e5 Ravnanger stadion p\u00e5 Ask\u00f8y.<\/span><\/p>\n<p><span style=\"color: #000000;font-family: Calibri;font-size: medium\">Ikke overraskende stakk Amalie Iuel av med Tyrvings f\u00f8rste gull for dagen p\u00e5 400m hk med 57,06 i ensom majestet over m\u00e5llinjen. Amalie virket lite preget av l\u00f8pet og kontrollerte l\u00f8pet p\u00e5 en sv\u00e6rt overbevisende m\u00e5te. Vi gleder oss til Rio!<\/span><\/p>\n<p><span style=\"color: #000000;font-family: Calibri;font-size: medium\">Noe mer overraskende var det at Aurora Dybedokken stakk av med seieren p\u00e5 5000m. Med god klaring til nr 2, l\u00f8p hun inn til tiden 16,35,53. Vi gleder oss ogs\u00e5 til \u00e5 se hva Aurora kan f\u00e5 til p\u00e5 1500m. Fin l\u00f8ping p\u00e5 5000m ogs\u00e5 av Karoline Skatteboe som l\u00f8p inn til en 5.plass med tiden 16,45,15.<\/span><\/p>\n<p><span style=\"color: #000000;font-family: Calibri;font-size: medium\">S\u00f8lvmedaljene i dag var det Katarina M\u00f6genburg og Helene R\u00f8nningen som stod for. For Katarina m\u00e5 det sies at resultatene ikke st\u00e5r i stil til niv\u00e5et hun er p\u00e5. 1,75m er som et treningshopp \u00e5 regne for M\u00f6genburg, men h\u00f8ydejentene ble preget av det kalde, sure v\u00e6ret, og mistet mye av piffen for \u00e5 oppn\u00e5 topph\u00f8yder i dag. Tonje Angelsen hoppet \u00abbare\u00bb 1,80 og tok gullet. P\u00e5 100m virket Helene sterk i de innledende rundene i dag, og viste at formen er sv\u00e6rt god, ved \u00e5 l\u00f8pe p\u00e5 11,77 i 2,1 motvind, i finalen. Det blir spennende n\u00e5r den doble distansen skal l\u00f8pes! Hvorfor kunne ikke arrang\u00f8r snu l\u00f8psretningen? Da hadde vi nok sett virkelig stortider p\u00e5 dagens 100m.<\/span><\/p>\n<p><span style=\"color: #000000;font-family: Calibri;font-size: medium\">Den siste medaljen i dag var av bronseval\u00f8r. Gratulerer til Jonas Halonen med hans\u00a0f\u00f8rste utend\u00f8rs NM-medalje p\u00e5 100m. Tiden ble 10,72 i motvind 1,8. Herlig ogs\u00e5 \u00e5 se Hallgeir Martinsen i finalen, som fikk en fin 5.plass med tiden 11,01.<\/span><\/p>\n<p><span style=\"color: #000000;font-family: Calibri;font-size: medium\">Vi gratulerer alle v\u00e5re medalj\u00f8rer og \u00f8nsker dem lykke til med nye \u00f8velser i morgen og p\u00e5 s\u00f8ndag!<\/span><\/p>\n<p><span style=\"color: #000000;font-family: Calibri;font-size: medium\">\u00d8vrige Tyrvingresultat p\u00e5 NMs f\u00f8rste dag:<\/span><\/p>\n<p><strong><span style=\"color: #000000;font-family: Calibri;font-size: medium\">100m:<\/span><\/strong><\/p>\n<ul>\n<li><span style=\"color: #000000;font-family: Calibri;font-size: medium\">Celina Lundevik, 13,54 (utsl\u00e5tt i fors\u00f8k)<\/span><\/li>\n<li><span style=\"color: #000000;font-family: Calibri;font-size: medium\">Christine Gloppestad: 13,12 (utsl\u00e5tt i fors\u00f8k)<\/span><\/li>\n<li><span style=\"color: #000000;font-family: Calibri;font-size: medium\">Kenneth Guldbrandsen: 11,42 (utsl\u00e5tt i semifinale)<\/span><\/li>\n<li><span style=\"color: #000000;font-family: Calibri;font-size: medium\">Theo Halvorsen: 11,89 (utsl\u00e5tt i fors\u00f8k)<\/span><\/li>\n<\/ul>\n<p><strong><span style=\"color: #000000;font-family: Calibri;font-size: medium\">400m:<\/span><\/strong><\/p>\n<ul>\n<li><span style=\"color: #000000;font-family: Calibri;font-size: medium\">Markus Berner: 50,11 (utsl\u00e5tt i fors\u00f8k)<\/span><\/li>\n<\/ul>\n<p><strong><span style=\"color: #000000;font-family: Calibri;font-size: medium\">Lengde:<\/span><\/strong><\/p>\n<ul>\n<li><span style=\"color: #000000;font-family: Calibri;font-size: medium\">Julie Bressand: 5,11 nr 14<\/span><\/li>\n<\/ul>\n","protected":false},"excerpt":{"rendered":"2 gull,2 s\u00f8lv og 1 bronse! Forholdene l\u00e5 dessverre ikke til rette for de store resultatene p\u00e5 NMs f\u00f8rste dag. P\u00e5 sprint var forholdene tunge i innledende heat og videre ogs\u00e5 i semi og finaler med ster&#8230;","protected":false},"author":1,"featured_media":15958,"comment_status":"open","ping_status":"open","sticky":false,"template":"","format":"standard","meta":{"footnotes":"","_jetpack_memberships_contains_paid_content":false},"categories":[1],"tags":[20],"acf":[],"yoast_head":"<!-- This site is optimized with the Yoast SEO plugin v21.2 - https:\/\/yoast.com\/wordpress\/plugins\/seo\/ -->\n<title>Flott f\u00f8rste dag av NM - Tyrving - Friidrett<\/title>\n<meta name=\"robots\" content=\"index, follow, max-snippet:-1, max-image-preview:large, max-video-preview:-1\" \/>\n<link rel=\"canonical\" href=\"https:\/\/tyrving.idrett.no\/10\/f\/2016\/07\/30\/flott-forste-dag-av-nm\/\" \/>\n<meta property=\"og:locale\" content=\"nb_NO\" \/>\n<meta property=\"og:type\" content=\"article\" \/>\n<meta property=\"og:title\" content=\"Flott f\u00f8rste dag av NM - Tyrving - Friidrett\" \/>\n<meta property=\"og:description\" content=\"2 gull,2 s\u00f8lv og 1 bronse! Forholdene l\u00e5 dessverre ikke til rette for de store resultatene p\u00e5 NMs f\u00f8rste dag. P\u00e5 sprint var forholdene tunge i innledende heat og videre ogs\u00e5 i semi og finaler med ster...\" \/>\n<meta property=\"og:url\" content=\"https:\/\/tyrving.idrett.no\/10\/f\/2016\/07\/30\/flott-forste-dag-av-nm\/\" \/>\n<meta property=\"og:site_name\" content=\"Tyrving - Friidrett\" \/>\n<meta property=\"article:published_time\" content=\"2016-07-30T04:34:50+00:00\" \/>\n<meta property=\"article:modified_time\" content=\"2016-08-09T16:17:02+00:00\" \/>\n<meta property=\"og:image\" content=\"https:\/\/tyrving.idrett.no\/10\/f\/files\/2016\/07\/NM-logo-2016-1.jpg\" \/>\n\t<meta property=\"og:image:width\" content=\"1056\" \/>\n\t<meta property=\"og:image:height\" content=\"603\" \/>\n\t<meta property=\"og:image:type\" content=\"image\/jpeg\" \/>\n<meta name=\"author\" content=\"admin\" \/>\n<meta name=\"twitter:card\" content=\"summary_large_image\" \/>\n<meta name=\"twitter:label1\" content=\"Skrevet av\" \/>\n\t<meta name=\"twitter:data1\" content=\"admin\" \/>\n\t<meta name=\"twitter:label2\" content=\"Ansl. lesetid\" \/>\n\t<meta name=\"twitter:data2\" content=\"2 minutter\" \/>\n<script type=\"application\/ld+json\" class=\"yoast-schema-graph\">{\"@context\":\"https:\/\/schema.org\",\"@graph\":[{\"@type\":\"Article\",\"@id\":\"https:\/\/tyrving.idrett.no\/10\/f\/2016\/07\/30\/flott-forste-dag-av-nm\/#article\",\"isPartOf\":{\"@id\":\"https:\/\/tyrving.idrett.no\/10\/f\/2016\/07\/30\/flott-forste-dag-av-nm\/\"},\"author\":{\"name\":\"admin\",\"@id\":\"https:\/\/tyrving.idrett.no\/10\/f\/#\/schema\/person\/b0b301ce26d13339293caf5c0bc7d286\"},\"headline\":\"Flott f\u00f8rste dag av NM\",\"datePublished\":\"2016-07-30T04:34:50+00:00\",\"dateModified\":\"2016-08-09T16:17:02+00:00\",\"mainEntityOfPage\":{\"@id\":\"https:\/\/tyrving.idrett.no\/10\/f\/2016\/07\/30\/flott-forste-dag-av-nm\/\"},\"wordCount\":432,\"commentCount\":0,\"publisher\":{\"@id\":\"https:\/\/tyrving.idrett.no\/10\/f\/#organization\"},\"keywords\":[\"Mesterskap\"],\"articleSection\":[\"Nyheter\"],\"inLanguage\":\"nb-NO\",\"potentialAction\":[{\"@type\":\"CommentAction\",\"name\":\"Comment\",\"target\":[\"https:\/\/tyrving.idrett.no\/10\/f\/2016\/07\/30\/flott-forste-dag-av-nm\/#respond\"]}]},{\"@type\":\"WebPage\",\"@id\":\"https:\/\/tyrving.idrett.no\/10\/f\/2016\/07\/30\/flott-forste-dag-av-nm\/\",\"url\":\"https:\/\/tyrving.idrett.no\/10\/f\/2016\/07\/30\/flott-forste-dag-av-nm\/\",\"name\":\"Flott f\u00f8rste dag av NM - Tyrving - Friidrett\",\"isPartOf\":{\"@id\":\"https:\/\/tyrving.idrett.no\/10\/f\/#website\"},\"datePublished\":\"2016-07-30T04:34:50+00:00\",\"dateModified\":\"2016-08-09T16:17:02+00:00\",\"breadcrumb\":{\"@id\":\"https:\/\/tyrving.idrett.no\/10\/f\/2016\/07\/30\/flott-forste-dag-av-nm\/#breadcrumb\"},\"inLanguage\":\"nb-NO\",\"potentialAction\":[{\"@type\":\"ReadAction\",\"target\":[\"https:\/\/tyrving.idrett.no\/10\/f\/2016\/07\/30\/flott-forste-dag-av-nm\/\"]}]},{\"@type\":\"BreadcrumbList\",\"@id\":\"https:\/\/tyrving.idrett.no\/10\/f\/2016\/07\/30\/flott-forste-dag-av-nm\/#breadcrumb\",\"itemListElement\":[{\"@type\":\"ListItem\",\"position\":1,\"name\":\"Hjem\",\"item\":\"https:\/\/tyrving.idrett.no\/10\/f\/\"},{\"@type\":\"ListItem\",\"position\":2,\"name\":\"Flott f\u00f8rste dag av NM\"}]},{\"@type\":\"WebSite\",\"@id\":\"https:\/\/tyrving.idrett.no\/10\/f\/#website\",\"url\":\"https:\/\/tyrving.idrett.no\/10\/f\/\",\"name\":\"Tyrving - Friidrett\",\"description\":\"Friidrettsgruppa\",\"publisher\":{\"@id\":\"https:\/\/tyrving.idrett.no\/10\/f\/#organization\"},\"potentialAction\":[{\"@type\":\"SearchAction\",\"target\":{\"@type\":\"EntryPoint\",\"urlTemplate\":\"https:\/\/tyrving.idrett.no\/10\/f\/?s={search_term_string}\"},\"query-input\":\"required name=search_term_string\"}],\"inLanguage\":\"nb-NO\"},{\"@type\":\"Organization\",\"@id\":\"https:\/\/tyrving.idrett.no\/10\/f\/#organization\",\"name\":\"Tyrving Friidrettsgruppa\",\"url\":\"https:\/\/tyrving.idrett.no\/10\/f\/\",\"logo\":{\"@type\":\"ImageObject\",\"inLanguage\":\"nb-NO\",\"@id\":\"https:\/\/tyrving.idrett.no\/10\/f\/#\/schema\/logo\/image\/\",\"url\":\"https:\/\/tyrving.idrett.no\/10\/f\/files\/2019\/04\/Tyrving-Logo-Friidrett-2019.jpg\",\"contentUrl\":\"https:\/\/tyrving.idrett.no\/10\/f\/files\/2019\/04\/Tyrving-Logo-Friidrett-2019.jpg\",\"width\":460,\"height\":360,\"caption\":\"Tyrving Friidrettsgruppa\"},\"image\":{\"@id\":\"https:\/\/tyrving.idrett.no\/10\/f\/#\/schema\/logo\/image\/\"}},{\"@type\":\"Person\",\"@id\":\"https:\/\/tyrving.idrett.no\/10\/f\/#\/schema\/person\/b0b301ce26d13339293caf5c0bc7d286\",\"name\":\"admin\",\"image\":{\"@type\":\"ImageObject\",\"inLanguage\":\"nb-NO\",\"@id\":\"https:\/\/tyrving.idrett.no\/10\/f\/#\/schema\/person\/image\/\",\"url\":\"https:\/\/secure.gravatar.com\/avatar\/4b0456acc2ea550a97d3a11ebb27598d?s=96&d=mm&r=g\",\"contentUrl\":\"https:\/\/secure.gravatar.com\/avatar\/4b0456acc2ea550a97d3a11ebb27598d?s=96&d=mm&r=g\",\"caption\":\"admin\"}}]}<\/script>\n<!-- \/ Yoast SEO plugin. -->","yoast_head_json":{"title":"Flott f\u00f8rste dag av NM - Tyrving - Friidrett","robots":{"index":"index","follow":"follow","max-snippet":"max-snippet:-1","max-image-preview":"max-image-preview:large","max-video-preview":"max-video-preview:-1"},"canonical":"https:\/\/tyrving.idrett.no\/10\/f\/2016\/07\/30\/flott-forste-dag-av-nm\/","og_locale":"nb_NO","og_type":"article","og_title":"Flott f\u00f8rste dag av NM - Tyrving - Friidrett","og_description":"2 gull,2 s\u00f8lv og 1 bronse! Forholdene l\u00e5 dessverre ikke til rette for de store resultatene p\u00e5 NMs f\u00f8rste dag. P\u00e5 sprint var forholdene tunge i innledende heat og videre ogs\u00e5 i semi og finaler med ster...","og_url":"https:\/\/tyrving.idrett.no\/10\/f\/2016\/07\/30\/flott-forste-dag-av-nm\/","og_site_name":"Tyrving - Friidrett","article_published_time":"2016-07-30T04:34:50+00:00","article_modified_time":"2016-08-09T16:17:02+00:00","og_image":[{"width":1056,"height":603,"url":"https:\/\/tyrving.idrett.no\/10\/f\/files\/2016\/07\/NM-logo-2016-1.jpg","type":"image\/jpeg"}],"author":"admin","twitter_card":"summary_large_image","twitter_misc":{"Skrevet av":"admin","Ansl. lesetid":"2 minutter"},"schema":{"@context":"https:\/\/schema.org","@graph":[{"@type":"Article","@id":"https:\/\/tyrving.idrett.no\/10\/f\/2016\/07\/30\/flott-forste-dag-av-nm\/#article","isPartOf":{"@id":"https:\/\/tyrving.idrett.no\/10\/f\/2016\/07\/30\/flott-forste-dag-av-nm\/"},"author":{"name":"admin","@id":"https:\/\/tyrving.idrett.no\/10\/f\/#\/schema\/person\/b0b301ce26d13339293caf5c0bc7d286"},"headline":"Flott f\u00f8rste dag av NM","datePublished":"2016-07-30T04:34:50+00:00","dateModified":"2016-08-09T16:17:02+00:00","mainEntityOfPage":{"@id":"https:\/\/tyrving.idrett.no\/10\/f\/2016\/07\/30\/flott-forste-dag-av-nm\/"},"wordCount":432,"commentCount":0,"publisher":{"@id":"https:\/\/tyrving.idrett.no\/10\/f\/#organization"},"keywords":["Mesterskap"],"articleSection":["Nyheter"],"inLanguage":"nb-NO","potentialAction":[{"@type":"CommentAction","name":"Comment","target":["https:\/\/tyrving.idrett.no\/10\/f\/2016\/07\/30\/flott-forste-dag-av-nm\/#respond"]}]},{"@type":"WebPage","@id":"https:\/\/tyrving.idrett.no\/10\/f\/2016\/07\/30\/flott-forste-dag-av-nm\/","url":"https:\/\/tyrving.idrett.no\/10\/f\/2016\/07\/30\/flott-forste-dag-av-nm\/","name":"Flott f\u00f8rste dag av NM - Tyrving - Friidrett","isPartOf":{"@id":"https:\/\/tyrving.idrett.no\/10\/f\/#website"},"datePublished":"2016-07-30T04:34:50+00:00","dateModified":"2016-08-09T16:17:02+00:00","breadcrumb":{"@id":"https:\/\/tyrving.idrett.no\/10\/f\/2016\/07\/30\/flott-forste-dag-av-nm\/#breadcrumb"},"inLanguage":"nb-NO","potentialAction":[{"@type":"ReadAction","target":["https:\/\/tyrving.idrett.no\/10\/f\/2016\/07\/30\/flott-forste-dag-av-nm\/"]}]},{"@type":"BreadcrumbList","@id":"https:\/\/tyrving.idrett.no\/10\/f\/2016\/07\/30\/flott-forste-dag-av-nm\/#breadcrumb","itemListElement":[{"@type":"ListItem","position":1,"name":"Hjem","item":"https:\/\/tyrving.idrett.no\/10\/f\/"},{"@type":"ListItem","position":2,"name":"Flott f\u00f8rste dag av NM"}]},{"@type":"WebSite","@id":"https:\/\/tyrving.idrett.no\/10\/f\/#website","url":"https:\/\/tyrving.idrett.no\/10\/f\/","name":"Tyrving - Friidrett","description":"Friidrettsgruppa","publisher":{"@id":"https:\/\/tyrving.idrett.no\/10\/f\/#organization"},"potentialAction":[{"@type":"SearchAction","target":{"@type":"EntryPoint","urlTemplate":"https:\/\/tyrving.idrett.no\/10\/f\/?s={search_term_string}"},"query-input":"required name=search_term_string"}],"inLanguage":"nb-NO"},{"@type":"Organization","@id":"https:\/\/tyrving.idrett.no\/10\/f\/#organization","name":"Tyrving Friidrettsgruppa","url":"https:\/\/tyrving.idrett.no\/10\/f\/","logo":{"@type":"ImageObject","inLanguage":"nb-NO","@id":"https:\/\/tyrving.idrett.no\/10\/f\/#\/schema\/logo\/image\/","url":"https:\/\/tyrving.idrett.no\/10\/f\/files\/2019\/04\/Tyrving-Logo-Friidrett-2019.jpg","contentUrl":"https:\/\/tyrving.idrett.no\/10\/f\/files\/2019\/04\/Tyrving-Logo-Friidrett-2019.jpg","width":460,"height":360,"caption":"Tyrving Friidrettsgruppa"},"image":{"@id":"https:\/\/tyrving.idrett.no\/10\/f\/#\/schema\/logo\/image\/"}},{"@type":"Person","@id":"https:\/\/tyrving.idrett.no\/10\/f\/#\/schema\/person\/b0b301ce26d13339293caf5c0bc7d286","name":"admin","image":{"@type":"ImageObject","inLanguage":"nb-NO","@id":"https:\/\/tyrving.idrett.no\/10\/f\/#\/schema\/person\/image\/","url":"https:\/\/secure.gravatar.com\/avatar\/4b0456acc2ea550a97d3a11ebb27598d?s=96&d=mm&r=g","contentUrl":"https:\/\/secure.gravatar.com\/avatar\/4b0456acc2ea550a97d3a11ebb27598d?s=96&d=mm&r=g","caption":"admin"}}]}},"jetpack_sharing_enabled":true,"jetpack_featured_media_url":"https:\/\/tyrving.idrett.no\/10\/f\/files\/2016\/07\/NM-logo-2016-1.jpg","_links":{"self":[{"href":"https:\/\/tyrving.idrett.no\/10\/f\/wp-json\/wp\/v2\/posts\/15955"}],"collection":[{"href":"https:\/\/tyrving.idrett.no\/10\/f\/wp-json\/wp\/v2\/posts"}],"about":[{"href":"https:\/\/tyrving.idrett.no\/10\/f\/wp-json\/wp\/v2\/types\/post"}],"author":[{"embeddable":true,"href":"https:\/\/tyrving.idrett.no\/10\/f\/wp-json\/wp\/v2\/users\/1"}],"replies":[{"embeddable":true,"href":"https:\/\/tyrving.idrett.no\/10\/f\/wp-json\/wp\/v2\/comments?post=15955"}],"version-history":[{"count":3,"href":"https:\/\/tyrving.idrett.no\/10\/f\/wp-json\/wp\/v2\/posts\/15955\/revisions"}],"predecessor-version":[{"id":15988,"href":"https:\/\/tyrving.idrett.no\/10\/f\/wp-json\/wp\/v2\/posts\/15955\/revisions\/15988"}],"wp:featuredmedia":[{"embeddable":true,"href":"https:\/\/tyrving.idrett.no\/10\/f\/wp-json\/wp\/v2\/media\/15958"}],"wp:attachment":[{"href":"https:\/\/tyrving.idrett.no\/10\/f\/wp-json\/wp\/v2\/media?parent=15955"}],"wp:term":[{"taxonomy":"category","embeddable":true,"href":"https:\/\/tyrving.idrett.no\/10\/f\/wp-json\/wp\/v2\/categories?post=15955"},{"taxonomy":"post_tag","embeddable":true,"href":"https:\/\/tyrving.idrett.no\/10\/f\/wp-json\/wp\/v2\/tags?post=15955"}],"curies":[{"name":"wp","href":"https:\/\/api.w.org\/{rel}","templated":true}]}}