{"id":15961,"date":"2016-07-31T08:28:40","date_gmt":"2016-07-31T06:28:40","guid":{"rendered":"http:\/\/tyrving.idrett.no\/10\/f\/?p=15961"},"modified":"2016-08-09T18:17:09","modified_gmt":"2016-08-09T16:17:09","slug":"nm-dag-2","status":"publish","type":"post","link":"https:\/\/tyrving.idrett.no\/10\/f\/2016\/07\/31\/nm-dag-2\/","title":{"rendered":"NM dag 2"},"content":{"rendered":"<p><span style=\"color: #000000;font-family: Calibri;font-size: medium\">Og s\u00e5 til dag to av \u00e5rets Norgesmesterskap. Tyrvingut\u00f8verne er fortsatt i en god stim. I morgen er mulighetene store for enda flere\u00a0gode prestasjoner\u00a0og\u00a0for at flere medaljer pakkes i bagasjen hjem til B\u00e6rum.<\/span><\/p>\n<p><span style=\"color: #000000;font-family: Calibri;font-size: medium\">I tresteggropa i dag klarte Anna Eikebrokk (11,86) og Katarina M\u00f8genburg \u00a0(12,12) \u00e5 ta seg til morgendagens finale. Det blir spennende \u00e5 se hva de kan f\u00e5 til! Klaffer det maksimalt kan en medalje v\u00e6re realistisk. Men da m\u00e5 vi nok se hopp opp imot 12,50m. Lykke til jenter! For de andre trestegjentene Guro, Julie og Marthe, som ogs\u00e5 var med i kvalifiseringen, m\u00e5tte de ha hoppet 11,47 for \u00e5 n\u00e5 finalen. De var sv\u00e6rt tett p\u00e5.. (se resultat nederst)<\/span><\/p>\n<p><span style=\"color: #000000;font-family: Calibri;font-size: medium\">Sprinterne doblet distansen og 200m stod for tur i dag. Helene R\u00f8nningen var eneste av v\u00e5re ut\u00f8vere som gikk hele veien til finalen. Og hun blir \u00e5 regne som en av de st\u00f8rste favorittene, sammen med Ida Bakke Hansen fra Sandnes IL n\u00e5r finalen smeller i gang i morgen kl 12.35. Christine Gloppestad hadde stang ut med sitt l\u00f8p og var bare 1\/100 dels sekund fra avansement til semifinale. N\u00e5r det gjelder gutta, s\u00e5 klarte som sagt ingen \u00e5 n\u00e5 helt fram til morgendagens finale, men Hallgeir Martinsen (22,53), Markus Berner (22,54) og Jonas Halonen l\u00f8p i semifinaler. For Jonas var det fattige 2 hundredeler som skilte han fra en finalebillett i morgen.<\/span><\/p>\n<p><span style=\"color: #000000;font-family: Calibri;font-size: medium\">For Aurora Dybedokken var det i dag 1500m som stod for tur. Aurora l\u00f8p i dag inn til en fin fjerdeplass med tida 4,31,35. Snaue sekundet skilte mellom Aurora og bronsemedalj\u00f8r Camilla Ziesler fra Sandnes IL.\u00a0 Muligens kan 5000 meteren fra gull-l\u00f8pet i g\u00e5r ha p\u00e5virket hennes resultat i dag, men uansett en veldig bra prestasjon og gjennomf\u00f8ring av v\u00e5r l\u00f8perjente.<\/span><\/p>\n<p><span style=\"color: #000000;font-family: Calibri;font-size: medium\">I morgen venter flere spennende timer med friidrett p\u00e5 Ravnanger stadion. I tillegg til tresteg og \u00a0200m finale for kvinner, har Tyrving ut\u00f8vere med i f\u00f8lgende \u00f8velser: H\u00f8yde for menn (Frederik Jahr), spyd for menn (Sondre H\u00f8iland) og 10.000 for kvinner (Karoline Skatteboe). I tillegg st\u00e5r 1000m stafett for tur. Her kan alt skje! \u00a0<\/span><\/p>\n<p><span style=\"color: #000000;font-family: Calibri;font-size: medium\">\u00d8vrige Tyrvingresultater i dag:<\/span><\/p>\n<p><strong><span style=\"color: #000000;font-family: Calibri;font-size: medium\">Tresteg (kvalifisering):<\/span><\/strong><\/p>\n<ul>\n<li><span style=\"color: #000000;font-family: Calibri;font-size: medium\">Guro \u00d8lnes: 11,37<\/span><\/li>\n<li><span style=\"color: #000000;font-family: Calibri;font-size: medium\">Julie Bressand: 11,45 (ny pers)<\/span><\/li>\n<li><span style=\"color: #000000;font-family: Calibri;font-size: medium\">Marthe Haugli R\u00f8e: 11,37<\/span><\/li>\n<\/ul>\n<p><strong><span style=\"color: #000000;font-family: Calibri;font-size: medium\">200m:<\/span><\/strong><\/p>\n<ul>\n<li><span style=\"color: #000000;font-family: Calibri;font-size: medium\">Kenneth Guldbrandsen: 23,14 (utsl\u00e5tt fors\u00f8k)<\/span><\/li>\n<li><span style=\"color: #000000;font-family: Calibri;font-size: medium\">Christine Gloppestad: 26,10 (utsl\u00e5tt fors\u00f8k)<\/span><\/li>\n<\/ul>\n<p><strong><span style=\"color: #000000;font-family: Calibri;font-size: medium\">Stav:<\/span><\/strong><\/p>\n<ul>\n<li><span style=\"color: #000000;font-family: Calibri;font-size: medium\">Johannes Str\u00f8mhaug: 4,10 (12.plass)<\/span><\/li>\n<\/ul>\n","protected":false},"excerpt":{"rendered":"Og s\u00e5 til dag to av \u00e5rets Norgesmesterskap. Tyrvingut\u00f8verne er fortsatt i en god stim. I morgen er mulighetene store for enda flere\u00a0gode prestasjoner\u00a0og\u00a0for at flere medaljer pakkes i bagasjen hjem ti&#8230;","protected":false},"author":1,"featured_media":15958,"comment_status":"open","ping_status":"open","sticky":false,"template":"","format":"standard","meta":{"footnotes":"","_jetpack_memberships_contains_paid_content":false},"categories":[1],"tags":[20],"acf":[],"yoast_head":"<!-- This site is optimized with the Yoast SEO plugin v21.2 - https:\/\/yoast.com\/wordpress\/plugins\/seo\/ -->\n<title>NM dag 2 - Tyrving - Friidrett<\/title>\n<meta name=\"robots\" content=\"index, follow, max-snippet:-1, max-image-preview:large, max-video-preview:-1\" \/>\n<link rel=\"canonical\" href=\"https:\/\/tyrving.idrett.no\/10\/f\/2016\/07\/31\/nm-dag-2\/\" \/>\n<meta property=\"og:locale\" content=\"nb_NO\" \/>\n<meta property=\"og:type\" content=\"article\" \/>\n<meta property=\"og:title\" content=\"NM dag 2 - Tyrving - Friidrett\" \/>\n<meta property=\"og:description\" content=\"Og s\u00e5 til dag to av \u00e5rets Norgesmesterskap. Tyrvingut\u00f8verne er fortsatt i en god stim. I morgen er mulighetene store for enda flere\u00a0gode prestasjoner\u00a0og\u00a0for at flere medaljer pakkes i bagasjen hjem ti...\" \/>\n<meta property=\"og:url\" content=\"https:\/\/tyrving.idrett.no\/10\/f\/2016\/07\/31\/nm-dag-2\/\" \/>\n<meta property=\"og:site_name\" content=\"Tyrving - Friidrett\" \/>\n<meta property=\"article:published_time\" content=\"2016-07-31T06:28:40+00:00\" \/>\n<meta property=\"article:modified_time\" content=\"2016-08-09T16:17:09+00:00\" \/>\n<meta property=\"og:image\" content=\"https:\/\/tyrving.idrett.no\/10\/f\/files\/2016\/07\/NM-logo-2016-1.jpg\" \/>\n\t<meta property=\"og:image:width\" content=\"1056\" \/>\n\t<meta property=\"og:image:height\" content=\"603\" \/>\n\t<meta property=\"og:image:type\" content=\"image\/jpeg\" \/>\n<meta name=\"author\" content=\"admin\" \/>\n<meta name=\"twitter:card\" content=\"summary_large_image\" \/>\n<meta name=\"twitter:label1\" content=\"Skrevet av\" \/>\n\t<meta name=\"twitter:data1\" content=\"admin\" \/>\n\t<meta name=\"twitter:label2\" content=\"Ansl. lesetid\" \/>\n\t<meta name=\"twitter:data2\" content=\"2 minutter\" \/>\n<script type=\"application\/ld+json\" class=\"yoast-schema-graph\">{\"@context\":\"https:\/\/schema.org\",\"@graph\":[{\"@type\":\"Article\",\"@id\":\"https:\/\/tyrving.idrett.no\/10\/f\/2016\/07\/31\/nm-dag-2\/#article\",\"isPartOf\":{\"@id\":\"https:\/\/tyrving.idrett.no\/10\/f\/2016\/07\/31\/nm-dag-2\/\"},\"author\":{\"name\":\"admin\",\"@id\":\"https:\/\/tyrving.idrett.no\/10\/f\/#\/schema\/person\/b0b301ce26d13339293caf5c0bc7d286\"},\"headline\":\"NM dag 2\",\"datePublished\":\"2016-07-31T06:28:40+00:00\",\"dateModified\":\"2016-08-09T16:17:09+00:00\",\"mainEntityOfPage\":{\"@id\":\"https:\/\/tyrving.idrett.no\/10\/f\/2016\/07\/31\/nm-dag-2\/\"},\"wordCount\":391,\"commentCount\":0,\"publisher\":{\"@id\":\"https:\/\/tyrving.idrett.no\/10\/f\/#organization\"},\"keywords\":[\"Mesterskap\"],\"articleSection\":[\"Nyheter\"],\"inLanguage\":\"nb-NO\",\"potentialAction\":[{\"@type\":\"CommentAction\",\"name\":\"Comment\",\"target\":[\"https:\/\/tyrving.idrett.no\/10\/f\/2016\/07\/31\/nm-dag-2\/#respond\"]}]},{\"@type\":\"WebPage\",\"@id\":\"https:\/\/tyrving.idrett.no\/10\/f\/2016\/07\/31\/nm-dag-2\/\",\"url\":\"https:\/\/tyrving.idrett.no\/10\/f\/2016\/07\/31\/nm-dag-2\/\",\"name\":\"NM dag 2 - Tyrving - Friidrett\",\"isPartOf\":{\"@id\":\"https:\/\/tyrving.idrett.no\/10\/f\/#website\"},\"datePublished\":\"2016-07-31T06:28:40+00:00\",\"dateModified\":\"2016-08-09T16:17:09+00:00\",\"breadcrumb\":{\"@id\":\"https:\/\/tyrving.idrett.no\/10\/f\/2016\/07\/31\/nm-dag-2\/#breadcrumb\"},\"inLanguage\":\"nb-NO\",\"potentialAction\":[{\"@type\":\"ReadAction\",\"target\":[\"https:\/\/tyrving.idrett.no\/10\/f\/2016\/07\/31\/nm-dag-2\/\"]}]},{\"@type\":\"BreadcrumbList\",\"@id\":\"https:\/\/tyrving.idrett.no\/10\/f\/2016\/07\/31\/nm-dag-2\/#breadcrumb\",\"itemListElement\":[{\"@type\":\"ListItem\",\"position\":1,\"name\":\"Hjem\",\"item\":\"https:\/\/tyrving.idrett.no\/10\/f\/\"},{\"@type\":\"ListItem\",\"position\":2,\"name\":\"NM dag 2\"}]},{\"@type\":\"WebSite\",\"@id\":\"https:\/\/tyrving.idrett.no\/10\/f\/#website\",\"url\":\"https:\/\/tyrving.idrett.no\/10\/f\/\",\"name\":\"Tyrving - Friidrett\",\"description\":\"Friidrettsgruppa\",\"publisher\":{\"@id\":\"https:\/\/tyrving.idrett.no\/10\/f\/#organization\"},\"potentialAction\":[{\"@type\":\"SearchAction\",\"target\":{\"@type\":\"EntryPoint\",\"urlTemplate\":\"https:\/\/tyrving.idrett.no\/10\/f\/?s={search_term_string}\"},\"query-input\":\"required name=search_term_string\"}],\"inLanguage\":\"nb-NO\"},{\"@type\":\"Organization\",\"@id\":\"https:\/\/tyrving.idrett.no\/10\/f\/#organization\",\"name\":\"Tyrving Friidrettsgruppa\",\"url\":\"https:\/\/tyrving.idrett.no\/10\/f\/\",\"logo\":{\"@type\":\"ImageObject\",\"inLanguage\":\"nb-NO\",\"@id\":\"https:\/\/tyrving.idrett.no\/10\/f\/#\/schema\/logo\/image\/\",\"url\":\"https:\/\/tyrving.idrett.no\/10\/f\/files\/2019\/04\/Tyrving-Logo-Friidrett-2019.jpg\",\"contentUrl\":\"https:\/\/tyrving.idrett.no\/10\/f\/files\/2019\/04\/Tyrving-Logo-Friidrett-2019.jpg\",\"width\":460,\"height\":360,\"caption\":\"Tyrving Friidrettsgruppa\"},\"image\":{\"@id\":\"https:\/\/tyrving.idrett.no\/10\/f\/#\/schema\/logo\/image\/\"}},{\"@type\":\"Person\",\"@id\":\"https:\/\/tyrving.idrett.no\/10\/f\/#\/schema\/person\/b0b301ce26d13339293caf5c0bc7d286\",\"name\":\"admin\",\"image\":{\"@type\":\"ImageObject\",\"inLanguage\":\"nb-NO\",\"@id\":\"https:\/\/tyrving.idrett.no\/10\/f\/#\/schema\/person\/image\/\",\"url\":\"https:\/\/secure.gravatar.com\/avatar\/4b0456acc2ea550a97d3a11ebb27598d?s=96&d=mm&r=g\",\"contentUrl\":\"https:\/\/secure.gravatar.com\/avatar\/4b0456acc2ea550a97d3a11ebb27598d?s=96&d=mm&r=g\",\"caption\":\"admin\"}}]}<\/script>\n<!-- \/ Yoast SEO plugin. -->","yoast_head_json":{"title":"NM dag 2 - Tyrving - Friidrett","robots":{"index":"index","follow":"follow","max-snippet":"max-snippet:-1","max-image-preview":"max-image-preview:large","max-video-preview":"max-video-preview:-1"},"canonical":"https:\/\/tyrving.idrett.no\/10\/f\/2016\/07\/31\/nm-dag-2\/","og_locale":"nb_NO","og_type":"article","og_title":"NM dag 2 - Tyrving - Friidrett","og_description":"Og s\u00e5 til dag to av \u00e5rets Norgesmesterskap. Tyrvingut\u00f8verne er fortsatt i en god stim. I morgen er mulighetene store for enda flere\u00a0gode prestasjoner\u00a0og\u00a0for at flere medaljer pakkes i bagasjen hjem ti...","og_url":"https:\/\/tyrving.idrett.no\/10\/f\/2016\/07\/31\/nm-dag-2\/","og_site_name":"Tyrving - Friidrett","article_published_time":"2016-07-31T06:28:40+00:00","article_modified_time":"2016-08-09T16:17:09+00:00","og_image":[{"width":1056,"height":603,"url":"https:\/\/tyrving.idrett.no\/10\/f\/files\/2016\/07\/NM-logo-2016-1.jpg","type":"image\/jpeg"}],"author":"admin","twitter_card":"summary_large_image","twitter_misc":{"Skrevet av":"admin","Ansl. lesetid":"2 minutter"},"schema":{"@context":"https:\/\/schema.org","@graph":[{"@type":"Article","@id":"https:\/\/tyrving.idrett.no\/10\/f\/2016\/07\/31\/nm-dag-2\/#article","isPartOf":{"@id":"https:\/\/tyrving.idrett.no\/10\/f\/2016\/07\/31\/nm-dag-2\/"},"author":{"name":"admin","@id":"https:\/\/tyrving.idrett.no\/10\/f\/#\/schema\/person\/b0b301ce26d13339293caf5c0bc7d286"},"headline":"NM dag 2","datePublished":"2016-07-31T06:28:40+00:00","dateModified":"2016-08-09T16:17:09+00:00","mainEntityOfPage":{"@id":"https:\/\/tyrving.idrett.no\/10\/f\/2016\/07\/31\/nm-dag-2\/"},"wordCount":391,"commentCount":0,"publisher":{"@id":"https:\/\/tyrving.idrett.no\/10\/f\/#organization"},"keywords":["Mesterskap"],"articleSection":["Nyheter"],"inLanguage":"nb-NO","potentialAction":[{"@type":"CommentAction","name":"Comment","target":["https:\/\/tyrving.idrett.no\/10\/f\/2016\/07\/31\/nm-dag-2\/#respond"]}]},{"@type":"WebPage","@id":"https:\/\/tyrving.idrett.no\/10\/f\/2016\/07\/31\/nm-dag-2\/","url":"https:\/\/tyrving.idrett.no\/10\/f\/2016\/07\/31\/nm-dag-2\/","name":"NM dag 2 - Tyrving - Friidrett","isPartOf":{"@id":"https:\/\/tyrving.idrett.no\/10\/f\/#website"},"datePublished":"2016-07-31T06:28:40+00:00","dateModified":"2016-08-09T16:17:09+00:00","breadcrumb":{"@id":"https:\/\/tyrving.idrett.no\/10\/f\/2016\/07\/31\/nm-dag-2\/#breadcrumb"},"inLanguage":"nb-NO","potentialAction":[{"@type":"ReadAction","target":["https:\/\/tyrving.idrett.no\/10\/f\/2016\/07\/31\/nm-dag-2\/"]}]},{"@type":"BreadcrumbList","@id":"https:\/\/tyrving.idrett.no\/10\/f\/2016\/07\/31\/nm-dag-2\/#breadcrumb","itemListElement":[{"@type":"ListItem","position":1,"name":"Hjem","item":"https:\/\/tyrving.idrett.no\/10\/f\/"},{"@type":"ListItem","position":2,"name":"NM dag 2"}]},{"@type":"WebSite","@id":"https:\/\/tyrving.idrett.no\/10\/f\/#website","url":"https:\/\/tyrving.idrett.no\/10\/f\/","name":"Tyrving - Friidrett","description":"Friidrettsgruppa","publisher":{"@id":"https:\/\/tyrving.idrett.no\/10\/f\/#organization"},"potentialAction":[{"@type":"SearchAction","target":{"@type":"EntryPoint","urlTemplate":"https:\/\/tyrving.idrett.no\/10\/f\/?s={search_term_string}"},"query-input":"required name=search_term_string"}],"inLanguage":"nb-NO"},{"@type":"Organization","@id":"https:\/\/tyrving.idrett.no\/10\/f\/#organization","name":"Tyrving Friidrettsgruppa","url":"https:\/\/tyrving.idrett.no\/10\/f\/","logo":{"@type":"ImageObject","inLanguage":"nb-NO","@id":"https:\/\/tyrving.idrett.no\/10\/f\/#\/schema\/logo\/image\/","url":"https:\/\/tyrving.idrett.no\/10\/f\/files\/2019\/04\/Tyrving-Logo-Friidrett-2019.jpg","contentUrl":"https:\/\/tyrving.idrett.no\/10\/f\/files\/2019\/04\/Tyrving-Logo-Friidrett-2019.jpg","width":460,"height":360,"caption":"Tyrving Friidrettsgruppa"},"image":{"@id":"https:\/\/tyrving.idrett.no\/10\/f\/#\/schema\/logo\/image\/"}},{"@type":"Person","@id":"https:\/\/tyrving.idrett.no\/10\/f\/#\/schema\/person\/b0b301ce26d13339293caf5c0bc7d286","name":"admin","image":{"@type":"ImageObject","inLanguage":"nb-NO","@id":"https:\/\/tyrving.idrett.no\/10\/f\/#\/schema\/person\/image\/","url":"https:\/\/secure.gravatar.com\/avatar\/4b0456acc2ea550a97d3a11ebb27598d?s=96&d=mm&r=g","contentUrl":"https:\/\/secure.gravatar.com\/avatar\/4b0456acc2ea550a97d3a11ebb27598d?s=96&d=mm&r=g","caption":"admin"}}]}},"jetpack_sharing_enabled":true,"jetpack_featured_media_url":"https:\/\/tyrving.idrett.no\/10\/f\/files\/2016\/07\/NM-logo-2016-1.jpg","_links":{"self":[{"href":"https:\/\/tyrving.idrett.no\/10\/f\/wp-json\/wp\/v2\/posts\/15961"}],"collection":[{"href":"https:\/\/tyrving.idrett.no\/10\/f\/wp-json\/wp\/v2\/posts"}],"about":[{"href":"https:\/\/tyrving.idrett.no\/10\/f\/wp-json\/wp\/v2\/types\/post"}],"author":[{"embeddable":true,"href":"https:\/\/tyrving.idrett.no\/10\/f\/wp-json\/wp\/v2\/users\/1"}],"replies":[{"embeddable":true,"href":"https:\/\/tyrving.idrett.no\/10\/f\/wp-json\/wp\/v2\/comments?post=15961"}],"version-history":[{"count":2,"href":"https:\/\/tyrving.idrett.no\/10\/f\/wp-json\/wp\/v2\/posts\/15961\/revisions"}],"predecessor-version":[{"id":15989,"href":"https:\/\/tyrving.idrett.no\/10\/f\/wp-json\/wp\/v2\/posts\/15961\/revisions\/15989"}],"wp:featuredmedia":[{"embeddable":true,"href":"https:\/\/tyrving.idrett.no\/10\/f\/wp-json\/wp\/v2\/media\/15958"}],"wp:attachment":[{"href":"https:\/\/tyrving.idrett.no\/10\/f\/wp-json\/wp\/v2\/media?parent=15961"}],"wp:term":[{"taxonomy":"category","embeddable":true,"href":"https:\/\/tyrving.idrett.no\/10\/f\/wp-json\/wp\/v2\/categories?post=15961"},{"taxonomy":"post_tag","embeddable":true,"href":"https:\/\/tyrving.idrett.no\/10\/f\/wp-json\/wp\/v2\/tags?post=15961"}],"curies":[{"name":"wp","href":"https:\/\/api.w.org\/{rel}","templated":true}]}}