{"id":16003,"date":"2016-08-14T22:42:30","date_gmt":"2016-08-14T20:42:30","guid":{"rendered":"http:\/\/tyrving.idrett.no\/10\/f\/?p=16003"},"modified":"2016-08-14T22:42:30","modified_gmt":"2016-08-14T20:42:30","slug":"en-begivenhetsrik-tyrvinghelg","status":"publish","type":"post","link":"https:\/\/tyrving.idrett.no\/10\/f\/2016\/08\/14\/en-begivenhetsrik-tyrvinghelg\/","title":{"rendered":"En begivenhetsrik Tyrvinghelg"},"content":{"rendered":"<p><strong>Nordisk Mesterskap U20, Island<\/strong><\/p>\n<p>Tyrving hadde 4 ut\u00f8vere med i Norges tropp til Island. De representerte den r\u00f8de drakta riktig s\u00e5 bra og vi er sv\u00e6rt stolte av\u00a0v\u00e5re ut\u00f8vere. Helene R\u00f8nningen l\u00f8p inn til seier p\u00e5 b\u00e5de 100m (11,80) og 200m (24,61), mens Markus Berner l\u00f8p inn til en herlig andre plass p\u00e5 400mhk med tiden 54,40. Markus var ogs\u00e5 med p\u00e5 s\u00f8lvlaget p\u00e5 4x400m. Anna Eikebrokk leverte ogs\u00e5 oppimot sitt beste med en 6.plass og 12,10. Dette var bare knappe 30 cm fra en pallplass. Sondre H\u00f8iland fortsetter \u00e5 kaste stabile lengder over 60m, selv om han selv vil at spydet skal enda lenger utp\u00e5 gressmatta. I helgen ble det 4.plass med resultatet 62,01 p\u00e5 Sondre. To meter til, og det hadde v\u00e6rt pallplass.<\/p>\n<p>Vi gratulerer alle fire med flotte resultater i Nordisk!\u00a0Noen bilder av Tyrvingfjes p\u00e5 Island:<\/p>\n<p>Forsidebilde: Markus Berner p\u00e5 pallen med sin s\u00f8lvmedalje p\u00e5 400mhk.<\/p>\n<p>\u00d8verst:\u00a0Sondre fra Jr.NM sist helg. Foto: Eirik F\u00f8rde, friidrett.no<\/p>\n<p>Midten: Anna i oppvarming med lagvenninne\u00a0Mari Sellev\u00e5g Aar\u00f8 f\u00f8r trestegkonkurransen<\/p>\n<p>Nederst: Smaken av gull! Helene sammen med s\u00f8lvjente Ingvild Meinset etter gull b\u00e5de p\u00e5 100m og 200m.<\/p>\n<p><a href=\"http:\/\/tyrving.idrett.no\/10\/f\/files\/2016\/08\/sondre.jpg\"><img decoding=\"async\" loading=\"lazy\" class=\"wp-image-16007 aligncenter\" src=\"http:\/\/tyrving.idrett.no\/10\/f\/files\/2016\/08\/sondre.jpg\" alt=\"sondre\" width=\"582\" height=\"287\" srcset=\"https:\/\/tyrving.idrett.no\/10\/f\/files\/2016\/08\/sondre.jpg 960w, https:\/\/tyrving.idrett.no\/10\/f\/files\/2016\/08\/sondre-300x148.jpg 300w, https:\/\/tyrving.idrett.no\/10\/f\/files\/2016\/08\/sondre-768x378.jpg 768w, https:\/\/tyrving.idrett.no\/10\/f\/files\/2016\/08\/sondre-600x296.jpg 600w\" sizes=\"(max-width: 582px) 100vw, 582px\" \/><\/a><\/p>\n<p><a href=\"http:\/\/tyrving.idrett.no\/10\/f\/files\/2016\/08\/anna-e.jpg\"><img decoding=\"async\" loading=\"lazy\" class=\"wp-image-16006 aligncenter\" src=\"http:\/\/tyrving.idrett.no\/10\/f\/files\/2016\/08\/anna-e-1024x609.jpg\" alt=\"anna e\" width=\"543\" height=\"323\" srcset=\"https:\/\/tyrving.idrett.no\/10\/f\/files\/2016\/08\/anna-e-1024x609.jpg 1024w, https:\/\/tyrving.idrett.no\/10\/f\/files\/2016\/08\/anna-e-300x178.jpg 300w, https:\/\/tyrving.idrett.no\/10\/f\/files\/2016\/08\/anna-e-768x457.jpg 768w, https:\/\/tyrving.idrett.no\/10\/f\/files\/2016\/08\/anna-e-600x357.jpg 600w, https:\/\/tyrving.idrett.no\/10\/f\/files\/2016\/08\/anna-e.jpg 1195w\" sizes=\"(max-width: 543px) 100vw, 543px\" \/><\/a><\/p>\n<p><a href=\"http:\/\/tyrving.idrett.no\/10\/f\/files\/2016\/08\/helene.jpg\"><img decoding=\"async\" loading=\"lazy\" class=\"wp-image-16005 aligncenter\" src=\"http:\/\/tyrving.idrett.no\/10\/f\/files\/2016\/08\/helene.jpg\" alt=\"helene\" width=\"409\" height=\"234\" srcset=\"https:\/\/tyrving.idrett.no\/10\/f\/files\/2016\/08\/helene.jpg 489w, https:\/\/tyrving.idrett.no\/10\/f\/files\/2016\/08\/helene-300x172.jpg 300w\" sizes=\"(max-width: 409px) 100vw, 409px\" \/><\/a><\/p>\n<p>&nbsp;<\/p>\n<p><strong>Tjalvelekene, Bislett:<\/strong><br \/>\nOver 50 Tyrvingut\u00f8vere deltok p\u00e5 \u00e5rets Tjalveleker p\u00e5 Bislett stadion. Foruten om en til tider noe regnfull fredag, ble det en fin stevnehelg med gode resultater og mange perser i b\u00e5de yngre klasser og seniorklasser. Vi gratulerer alle med tyrvingdrakt med en flott stevnehelg! Her nevnes et knippe av de mange gode resultatene fra helgen p\u00e5 Bislett:<\/p>\n<ul>\n<li>Jonas Halonen l\u00f8p inn til knallsterke 10,39 og andre plass. Dessverre med for mye medvind (+3,7), men likevel en forrykende tid av formsterke Jonas. Samme mann l\u00f8p inn til seier p\u00e5 200m, denne gang i godkjent vind (+1,1) med sterke 21,61. Dette var pers med 1\/100.<\/li>\n<li>Hedvig Kall\u00e5k klinket til med ny klubbrekord og seier i 12-\u00e5rsklassen med et kjempehopp p\u00e5 1,50. Den tidligere rekorden hadde Ingvild Drabl\u00f8s p\u00e5 1,49. Hedvig kapret ogs\u00e5 til seg flere pallplasseringer i andre \u00f8velser.<\/li>\n<li>Sondre Audahl Vik i G12 l\u00f8p p\u00e5 8,27 p\u00e5 60m og vant klassen sin.<\/li>\n<li>Sigurd Clemetsen i G13 l\u00f8p inn til to andre plasser p\u00e5 60m med 8,25 og p\u00e5 600m med tiden 1,41,85.<\/li>\n<li>Nikolai Holmboe l\u00f8p inn til en tredje plass med fine tiden 2,13,89.<\/li>\n<li>J\u00f8rgen Brenna Loennechen st\u00f8tte fine 10,86 i G13 og vant. Endelig kom 10 meteren for J\u00f8rgen og en solid pers p\u00e5 nesten 1m.<\/li>\n<li>Anastasia Schnell var aktiv i helgen med deltagelse i mange \u00f8velser. Sterkest ble det i h\u00f8yde med seier 1,60. I samme \u00f8velse i 16-\u00e5rsklassen hoppet Andrea Dammen 1,55 (utepers) og de begge viser at UM-formen er i anmarsj.<\/li>\n<li>Marthe Sofie R\u00f8e bevarte finfin form fra sist helgs JR.NM og hoppet s\u00f8ndag 11,57 i tresteg. Irriterende med 2,2 i medvind, som gj\u00f8r at hoppet ikke blir gjeldende som ny pers, men hun viser at det fortsatt er mulig med lange hopp fram mot UM i Sandnes.<\/li>\n<li>Didrik Warlo, som vanligvis er \u00e5 se p\u00e5 de lengre mellomdistansel\u00f8pene, pr\u00f8vde seg i helgen p\u00e5 400m i MS. 17-\u00e5ringen l\u00f8p p\u00e5 fine 51,01, som er en solid pers. Pers ogs\u00e5 p\u00e5 1500m med 3,58,51<\/li>\n<\/ul>\n<p>\u00d8vrig resultatsevice fra stevnet finner du\u00a0http:\/\/webres.andro.no\/Tjalvelekene\/2016\/<\/p>\n<p>Ogs\u00e5 noen blinkkudd av ut\u00f8vere som gjorde det sterkt p\u00e5 indre bane p\u00e5 Bislett i helgen:<\/p>\n<p>\u00d8verst: Jonas Halonen, fra sist helgs JR.NM p\u00e5 Brandbu. I helgen presterte sprinteren str\u00e5lende tider. Foto: Eirik F\u00f8rde, friidrett.no<\/p>\n<p>Midten: Hedvig Kall\u00e5k og Eilan Aas p\u00e5 lengdens premieutdeling. Gull og s\u00f8lv.<\/p>\n<p>Nederst: Kule gutta i kulekonkurransen G13. J\u00f8rgen med seier og kjempepers.<\/p>\n<p><a href=\"http:\/\/tyrving.idrett.no\/10\/f\/files\/2016\/08\/jonas.jpg\"><img decoding=\"async\" loading=\"lazy\" class=\"wp-image-16011 aligncenter\" src=\"http:\/\/tyrving.idrett.no\/10\/f\/files\/2016\/08\/jonas.jpg\" alt=\"jonas\" width=\"671\" height=\"394\" srcset=\"https:\/\/tyrving.idrett.no\/10\/f\/files\/2016\/08\/jonas.jpg 960w, https:\/\/tyrving.idrett.no\/10\/f\/files\/2016\/08\/jonas-300x176.jpg 300w, https:\/\/tyrving.idrett.no\/10\/f\/files\/2016\/08\/jonas-768x450.jpg 768w, https:\/\/tyrving.idrett.no\/10\/f\/files\/2016\/08\/jonas-600x352.jpg 600w\" sizes=\"(max-width: 671px) 100vw, 671px\" \/><\/a><\/p>\n<p><a href=\"http:\/\/tyrving.idrett.no\/10\/f\/files\/2016\/08\/TJ.L.jpg\"><img decoding=\"async\" loading=\"lazy\" class=\"wp-image-16008 aligncenter\" src=\"http:\/\/tyrving.idrett.no\/10\/f\/files\/2016\/08\/TJ.L-768x1024.jpg\" alt=\"TJ.L\" width=\"383\" height=\"510\" srcset=\"https:\/\/tyrving.idrett.no\/10\/f\/files\/2016\/08\/TJ.L-768x1024.jpg 768w, https:\/\/tyrving.idrett.no\/10\/f\/files\/2016\/08\/TJ.L-225x300.jpg 225w, https:\/\/tyrving.idrett.no\/10\/f\/files\/2016\/08\/TJ.L-600x800.jpg 600w, https:\/\/tyrving.idrett.no\/10\/f\/files\/2016\/08\/TJ.L.jpg 960w\" sizes=\"(max-width: 383px) 100vw, 383px\" \/><\/a><\/p>\n<p><a href=\"http:\/\/tyrving.idrett.no\/10\/f\/files\/2016\/08\/kast-tyrving.jpg\"><img decoding=\"async\" loading=\"lazy\" class=\"wp-image-16009 aligncenter\" src=\"http:\/\/tyrving.idrett.no\/10\/f\/files\/2016\/08\/kast-tyrving.jpg\" alt=\"kast tyrving\" width=\"778\" height=\"583\" srcset=\"https:\/\/tyrving.idrett.no\/10\/f\/files\/2016\/08\/kast-tyrving.jpg 960w, https:\/\/tyrving.idrett.no\/10\/f\/files\/2016\/08\/kast-tyrving-300x225.jpg 300w, https:\/\/tyrving.idrett.no\/10\/f\/files\/2016\/08\/kast-tyrving-768x576.jpg 768w, https:\/\/tyrving.idrett.no\/10\/f\/files\/2016\/08\/kast-tyrving-600x450.jpg 600w\" sizes=\"(max-width: 778px) 100vw, 778px\" \/><\/a><\/p>\n<p>Ellers m\u00e5 det nevnes at v\u00e5re\u00a0dyktige\u00a0veteraner har v\u00e6rt p\u00e5 Modum og prestert i Veteran- NM i helgen. Her er det blitt lovt b\u00e5de rapport og bilder. S\u00e5 vi venter i spenning de neste dagene!<\/p>\n<p>&nbsp;<\/p>\n","protected":false},"excerpt":{"rendered":"Nordisk Mesterskap U20, Island Tyrving hadde 4 ut\u00f8vere med i Norges tropp til Island. De representerte den r\u00f8de drakta riktig s\u00e5 bra og vi er sv\u00e6rt stolte av\u00a0v\u00e5re ut\u00f8vere. Helene R\u00f8nningen l\u00f8p inn til&#8230;","protected":false},"author":1,"featured_media":16004,"comment_status":"open","ping_status":"open","sticky":false,"template":"","format":"standard","meta":{"footnotes":"","_jetpack_memberships_contains_paid_content":false},"categories":[1],"tags":[],"acf":[],"yoast_head":"<!-- This site is optimized with the Yoast SEO plugin v21.2 - https:\/\/yoast.com\/wordpress\/plugins\/seo\/ -->\n<title>En begivenhetsrik Tyrvinghelg - Tyrving - Friidrett<\/title>\n<meta name=\"robots\" content=\"index, follow, max-snippet:-1, max-image-preview:large, max-video-preview:-1\" \/>\n<link rel=\"canonical\" href=\"https:\/\/tyrving.idrett.no\/10\/f\/2016\/08\/14\/en-begivenhetsrik-tyrvinghelg\/\" \/>\n<meta property=\"og:locale\" content=\"nb_NO\" \/>\n<meta property=\"og:type\" content=\"article\" \/>\n<meta property=\"og:title\" content=\"En begivenhetsrik Tyrvinghelg - Tyrving - Friidrett\" \/>\n<meta property=\"og:description\" content=\"Nordisk Mesterskap U20, Island Tyrving hadde 4 ut\u00f8vere med i Norges tropp til Island. De representerte den r\u00f8de drakta riktig s\u00e5 bra og vi er sv\u00e6rt stolte av\u00a0v\u00e5re ut\u00f8vere. Helene R\u00f8nningen l\u00f8p inn til...\" \/>\n<meta property=\"og:url\" content=\"https:\/\/tyrving.idrett.no\/10\/f\/2016\/08\/14\/en-begivenhetsrik-tyrvinghelg\/\" \/>\n<meta property=\"og:site_name\" content=\"Tyrving - Friidrett\" \/>\n<meta property=\"article:published_time\" content=\"2016-08-14T20:42:30+00:00\" \/>\n<meta property=\"og:image\" content=\"https:\/\/tyrving.idrett.no\/10\/f\/files\/2016\/08\/markus-b.jpg\" \/>\n\t<meta property=\"og:image:width\" content=\"710\" \/>\n\t<meta property=\"og:image:height\" content=\"466\" \/>\n\t<meta property=\"og:image:type\" content=\"image\/jpeg\" \/>\n<meta name=\"author\" content=\"admin\" \/>\n<meta name=\"twitter:card\" content=\"summary_large_image\" \/>\n<meta name=\"twitter:label1\" content=\"Skrevet av\" \/>\n\t<meta name=\"twitter:data1\" content=\"admin\" \/>\n\t<meta name=\"twitter:label2\" content=\"Ansl. lesetid\" \/>\n\t<meta name=\"twitter:data2\" content=\"3 minutter\" \/>\n<script type=\"application\/ld+json\" class=\"yoast-schema-graph\">{\"@context\":\"https:\/\/schema.org\",\"@graph\":[{\"@type\":\"Article\",\"@id\":\"https:\/\/tyrving.idrett.no\/10\/f\/2016\/08\/14\/en-begivenhetsrik-tyrvinghelg\/#article\",\"isPartOf\":{\"@id\":\"https:\/\/tyrving.idrett.no\/10\/f\/2016\/08\/14\/en-begivenhetsrik-tyrvinghelg\/\"},\"author\":{\"name\":\"admin\",\"@id\":\"https:\/\/tyrving.idrett.no\/10\/f\/#\/schema\/person\/b0b301ce26d13339293caf5c0bc7d286\"},\"headline\":\"En begivenhetsrik Tyrvinghelg\",\"datePublished\":\"2016-08-14T20:42:30+00:00\",\"dateModified\":\"2016-08-14T20:42:30+00:00\",\"mainEntityOfPage\":{\"@id\":\"https:\/\/tyrving.idrett.no\/10\/f\/2016\/08\/14\/en-begivenhetsrik-tyrvinghelg\/\"},\"wordCount\":653,\"commentCount\":0,\"publisher\":{\"@id\":\"https:\/\/tyrving.idrett.no\/10\/f\/#organization\"},\"articleSection\":[\"Nyheter\"],\"inLanguage\":\"nb-NO\",\"potentialAction\":[{\"@type\":\"CommentAction\",\"name\":\"Comment\",\"target\":[\"https:\/\/tyrving.idrett.no\/10\/f\/2016\/08\/14\/en-begivenhetsrik-tyrvinghelg\/#respond\"]}]},{\"@type\":\"WebPage\",\"@id\":\"https:\/\/tyrving.idrett.no\/10\/f\/2016\/08\/14\/en-begivenhetsrik-tyrvinghelg\/\",\"url\":\"https:\/\/tyrving.idrett.no\/10\/f\/2016\/08\/14\/en-begivenhetsrik-tyrvinghelg\/\",\"name\":\"En begivenhetsrik Tyrvinghelg - Tyrving - Friidrett\",\"isPartOf\":{\"@id\":\"https:\/\/tyrving.idrett.no\/10\/f\/#website\"},\"datePublished\":\"2016-08-14T20:42:30+00:00\",\"dateModified\":\"2016-08-14T20:42:30+00:00\",\"breadcrumb\":{\"@id\":\"https:\/\/tyrving.idrett.no\/10\/f\/2016\/08\/14\/en-begivenhetsrik-tyrvinghelg\/#breadcrumb\"},\"inLanguage\":\"nb-NO\",\"potentialAction\":[{\"@type\":\"ReadAction\",\"target\":[\"https:\/\/tyrving.idrett.no\/10\/f\/2016\/08\/14\/en-begivenhetsrik-tyrvinghelg\/\"]}]},{\"@type\":\"BreadcrumbList\",\"@id\":\"https:\/\/tyrving.idrett.no\/10\/f\/2016\/08\/14\/en-begivenhetsrik-tyrvinghelg\/#breadcrumb\",\"itemListElement\":[{\"@type\":\"ListItem\",\"position\":1,\"name\":\"Hjem\",\"item\":\"https:\/\/tyrving.idrett.no\/10\/f\/\"},{\"@type\":\"ListItem\",\"position\":2,\"name\":\"En begivenhetsrik Tyrvinghelg\"}]},{\"@type\":\"WebSite\",\"@id\":\"https:\/\/tyrving.idrett.no\/10\/f\/#website\",\"url\":\"https:\/\/tyrving.idrett.no\/10\/f\/\",\"name\":\"Tyrving - Friidrett\",\"description\":\"Friidrettsgruppa\",\"publisher\":{\"@id\":\"https:\/\/tyrving.idrett.no\/10\/f\/#organization\"},\"potentialAction\":[{\"@type\":\"SearchAction\",\"target\":{\"@type\":\"EntryPoint\",\"urlTemplate\":\"https:\/\/tyrving.idrett.no\/10\/f\/?s={search_term_string}\"},\"query-input\":\"required name=search_term_string\"}],\"inLanguage\":\"nb-NO\"},{\"@type\":\"Organization\",\"@id\":\"https:\/\/tyrving.idrett.no\/10\/f\/#organization\",\"name\":\"Tyrving Friidrettsgruppa\",\"url\":\"https:\/\/tyrving.idrett.no\/10\/f\/\",\"logo\":{\"@type\":\"ImageObject\",\"inLanguage\":\"nb-NO\",\"@id\":\"https:\/\/tyrving.idrett.no\/10\/f\/#\/schema\/logo\/image\/\",\"url\":\"https:\/\/tyrving.idrett.no\/10\/f\/files\/2019\/04\/Tyrving-Logo-Friidrett-2019.jpg\",\"contentUrl\":\"https:\/\/tyrving.idrett.no\/10\/f\/files\/2019\/04\/Tyrving-Logo-Friidrett-2019.jpg\",\"width\":460,\"height\":360,\"caption\":\"Tyrving Friidrettsgruppa\"},\"image\":{\"@id\":\"https:\/\/tyrving.idrett.no\/10\/f\/#\/schema\/logo\/image\/\"}},{\"@type\":\"Person\",\"@id\":\"https:\/\/tyrving.idrett.no\/10\/f\/#\/schema\/person\/b0b301ce26d13339293caf5c0bc7d286\",\"name\":\"admin\",\"image\":{\"@type\":\"ImageObject\",\"inLanguage\":\"nb-NO\",\"@id\":\"https:\/\/tyrving.idrett.no\/10\/f\/#\/schema\/person\/image\/\",\"url\":\"https:\/\/secure.gravatar.com\/avatar\/4b0456acc2ea550a97d3a11ebb27598d?s=96&d=mm&r=g\",\"contentUrl\":\"https:\/\/secure.gravatar.com\/avatar\/4b0456acc2ea550a97d3a11ebb27598d?s=96&d=mm&r=g\",\"caption\":\"admin\"}}]}<\/script>\n<!-- \/ Yoast SEO plugin. -->","yoast_head_json":{"title":"En begivenhetsrik Tyrvinghelg - Tyrving - Friidrett","robots":{"index":"index","follow":"follow","max-snippet":"max-snippet:-1","max-image-preview":"max-image-preview:large","max-video-preview":"max-video-preview:-1"},"canonical":"https:\/\/tyrving.idrett.no\/10\/f\/2016\/08\/14\/en-begivenhetsrik-tyrvinghelg\/","og_locale":"nb_NO","og_type":"article","og_title":"En begivenhetsrik Tyrvinghelg - Tyrving - Friidrett","og_description":"Nordisk Mesterskap U20, Island Tyrving hadde 4 ut\u00f8vere med i Norges tropp til Island. De representerte den r\u00f8de drakta riktig s\u00e5 bra og vi er sv\u00e6rt stolte av\u00a0v\u00e5re ut\u00f8vere. Helene R\u00f8nningen l\u00f8p inn til...","og_url":"https:\/\/tyrving.idrett.no\/10\/f\/2016\/08\/14\/en-begivenhetsrik-tyrvinghelg\/","og_site_name":"Tyrving - Friidrett","article_published_time":"2016-08-14T20:42:30+00:00","og_image":[{"width":710,"height":466,"url":"https:\/\/tyrving.idrett.no\/10\/f\/files\/2016\/08\/markus-b.jpg","type":"image\/jpeg"}],"author":"admin","twitter_card":"summary_large_image","twitter_misc":{"Skrevet av":"admin","Ansl. lesetid":"3 minutter"},"schema":{"@context":"https:\/\/schema.org","@graph":[{"@type":"Article","@id":"https:\/\/tyrving.idrett.no\/10\/f\/2016\/08\/14\/en-begivenhetsrik-tyrvinghelg\/#article","isPartOf":{"@id":"https:\/\/tyrving.idrett.no\/10\/f\/2016\/08\/14\/en-begivenhetsrik-tyrvinghelg\/"},"author":{"name":"admin","@id":"https:\/\/tyrving.idrett.no\/10\/f\/#\/schema\/person\/b0b301ce26d13339293caf5c0bc7d286"},"headline":"En begivenhetsrik Tyrvinghelg","datePublished":"2016-08-14T20:42:30+00:00","dateModified":"2016-08-14T20:42:30+00:00","mainEntityOfPage":{"@id":"https:\/\/tyrving.idrett.no\/10\/f\/2016\/08\/14\/en-begivenhetsrik-tyrvinghelg\/"},"wordCount":653,"commentCount":0,"publisher":{"@id":"https:\/\/tyrving.idrett.no\/10\/f\/#organization"},"articleSection":["Nyheter"],"inLanguage":"nb-NO","potentialAction":[{"@type":"CommentAction","name":"Comment","target":["https:\/\/tyrving.idrett.no\/10\/f\/2016\/08\/14\/en-begivenhetsrik-tyrvinghelg\/#respond"]}]},{"@type":"WebPage","@id":"https:\/\/tyrving.idrett.no\/10\/f\/2016\/08\/14\/en-begivenhetsrik-tyrvinghelg\/","url":"https:\/\/tyrving.idrett.no\/10\/f\/2016\/08\/14\/en-begivenhetsrik-tyrvinghelg\/","name":"En begivenhetsrik Tyrvinghelg - Tyrving - Friidrett","isPartOf":{"@id":"https:\/\/tyrving.idrett.no\/10\/f\/#website"},"datePublished":"2016-08-14T20:42:30+00:00","dateModified":"2016-08-14T20:42:30+00:00","breadcrumb":{"@id":"https:\/\/tyrving.idrett.no\/10\/f\/2016\/08\/14\/en-begivenhetsrik-tyrvinghelg\/#breadcrumb"},"inLanguage":"nb-NO","potentialAction":[{"@type":"ReadAction","target":["https:\/\/tyrving.idrett.no\/10\/f\/2016\/08\/14\/en-begivenhetsrik-tyrvinghelg\/"]}]},{"@type":"BreadcrumbList","@id":"https:\/\/tyrving.idrett.no\/10\/f\/2016\/08\/14\/en-begivenhetsrik-tyrvinghelg\/#breadcrumb","itemListElement":[{"@type":"ListItem","position":1,"name":"Hjem","item":"https:\/\/tyrving.idrett.no\/10\/f\/"},{"@type":"ListItem","position":2,"name":"En begivenhetsrik Tyrvinghelg"}]},{"@type":"WebSite","@id":"https:\/\/tyrving.idrett.no\/10\/f\/#website","url":"https:\/\/tyrving.idrett.no\/10\/f\/","name":"Tyrving - Friidrett","description":"Friidrettsgruppa","publisher":{"@id":"https:\/\/tyrving.idrett.no\/10\/f\/#organization"},"potentialAction":[{"@type":"SearchAction","target":{"@type":"EntryPoint","urlTemplate":"https:\/\/tyrving.idrett.no\/10\/f\/?s={search_term_string}"},"query-input":"required name=search_term_string"}],"inLanguage":"nb-NO"},{"@type":"Organization","@id":"https:\/\/tyrving.idrett.no\/10\/f\/#organization","name":"Tyrving Friidrettsgruppa","url":"https:\/\/tyrving.idrett.no\/10\/f\/","logo":{"@type":"ImageObject","inLanguage":"nb-NO","@id":"https:\/\/tyrving.idrett.no\/10\/f\/#\/schema\/logo\/image\/","url":"https:\/\/tyrving.idrett.no\/10\/f\/files\/2019\/04\/Tyrving-Logo-Friidrett-2019.jpg","contentUrl":"https:\/\/tyrving.idrett.no\/10\/f\/files\/2019\/04\/Tyrving-Logo-Friidrett-2019.jpg","width":460,"height":360,"caption":"Tyrving Friidrettsgruppa"},"image":{"@id":"https:\/\/tyrving.idrett.no\/10\/f\/#\/schema\/logo\/image\/"}},{"@type":"Person","@id":"https:\/\/tyrving.idrett.no\/10\/f\/#\/schema\/person\/b0b301ce26d13339293caf5c0bc7d286","name":"admin","image":{"@type":"ImageObject","inLanguage":"nb-NO","@id":"https:\/\/tyrving.idrett.no\/10\/f\/#\/schema\/person\/image\/","url":"https:\/\/secure.gravatar.com\/avatar\/4b0456acc2ea550a97d3a11ebb27598d?s=96&d=mm&r=g","contentUrl":"https:\/\/secure.gravatar.com\/avatar\/4b0456acc2ea550a97d3a11ebb27598d?s=96&d=mm&r=g","caption":"admin"}}]}},"jetpack_sharing_enabled":true,"jetpack_featured_media_url":"https:\/\/tyrving.idrett.no\/10\/f\/files\/2016\/08\/markus-b.jpg","_links":{"self":[{"href":"https:\/\/tyrving.idrett.no\/10\/f\/wp-json\/wp\/v2\/posts\/16003"}],"collection":[{"href":"https:\/\/tyrving.idrett.no\/10\/f\/wp-json\/wp\/v2\/posts"}],"about":[{"href":"https:\/\/tyrving.idrett.no\/10\/f\/wp-json\/wp\/v2\/types\/post"}],"author":[{"embeddable":true,"href":"https:\/\/tyrving.idrett.no\/10\/f\/wp-json\/wp\/v2\/users\/1"}],"replies":[{"embeddable":true,"href":"https:\/\/tyrving.idrett.no\/10\/f\/wp-json\/wp\/v2\/comments?post=16003"}],"version-history":[{"count":12,"href":"https:\/\/tyrving.idrett.no\/10\/f\/wp-json\/wp\/v2\/posts\/16003\/revisions"}],"predecessor-version":[{"id":16022,"href":"https:\/\/tyrving.idrett.no\/10\/f\/wp-json\/wp\/v2\/posts\/16003\/revisions\/16022"}],"wp:featuredmedia":[{"embeddable":true,"href":"https:\/\/tyrving.idrett.no\/10\/f\/wp-json\/wp\/v2\/media\/16004"}],"wp:attachment":[{"href":"https:\/\/tyrving.idrett.no\/10\/f\/wp-json\/wp\/v2\/media?parent=16003"}],"wp:term":[{"taxonomy":"category","embeddable":true,"href":"https:\/\/tyrving.idrett.no\/10\/f\/wp-json\/wp\/v2\/categories?post=16003"},{"taxonomy":"post_tag","embeddable":true,"href":"https:\/\/tyrving.idrett.no\/10\/f\/wp-json\/wp\/v2\/tags?post=16003"}],"curies":[{"name":"wp","href":"https:\/\/api.w.org\/{rel}","templated":true}]}}