{"id":16035,"date":"2016-08-17T14:37:56","date_gmt":"2016-08-17T12:37:56","guid":{"rendered":"http:\/\/tyrving.idrett.no\/10\/f\/?p=16035"},"modified":"2016-08-23T15:03:41","modified_gmt":"2016-08-23T13:03:41","slug":"ungdomsleker-pa-jessheim","status":"publish","type":"post","link":"https:\/\/tyrving.idrett.no\/10\/f\/2016\/08\/17\/ungdomsleker-pa-jessheim\/","title":{"rendered":"Ungdomsleker p\u00e5 Jessheim (oppdat.)"},"content":{"rendered":"<p style=\"text-align: center\">Alle landets friidrettskretser konkurrerer mot hverandre under Ungdomslekene(tidligere Bendit)\u00a0som avholdes 27. og 28. august 2016. Stevnet er kun for 13. og 14. \u00e5ringer (f\u00f8dt 2002 -2003).<\/p>\n<p>Akershus Friidrettskrets\u00a0kan stille med totalt 80 deltakere. Det er kretsen som har ansvar for uttak til stevnet, og under finnes oversikt over de som er forh\u00e5ndsuttatt til lekene. Fra Tyrving er dette ut\u00f8verne som ble tatt i det f\u00f8rste uttaket:<\/p>\n<table>\n<tbody>\n<tr>\n<td width=\"236\"><strong>KLASSE<\/strong><\/td>\n<td width=\"520\"><strong>NAVN<\/strong><\/td>\n<td width=\"378\"><strong>\u00d8VELSER<\/strong><\/td>\n<\/tr>\n<tr>\n<td width=\"236\"><strong>Gutter 13 \u00e5r<\/strong><\/td>\n<td width=\"520\">Andreas Ler\u00f8<\/td>\n<td width=\"378\">600m<\/td>\n<\/tr>\n<tr>\n<td width=\"236\"><\/td>\n<td width=\"520\">Jo Magnus Kleven<\/td>\n<td width=\"378\">Slegge<\/td>\n<\/tr>\n<tr>\n<td width=\"236\"><\/td>\n<td width=\"520\">J\u00f8rgen Brenna Loennecken<\/td>\n<td width=\"378\">Kule<\/td>\n<\/tr>\n<tr>\n<td width=\"236\"><\/td>\n<td width=\"520\">Sigurd Clementsen<\/td>\n<td width=\"378\">60m, 200m<\/td>\n<\/tr>\n<tr>\n<td width=\"236\"><\/td>\n<td width=\"520\">Isak Leknes Frey<\/td>\n<td width=\"378\">1500m, tresteg<\/td>\n<\/tr>\n<tr>\n<td width=\"236\"><\/td>\n<td width=\"520\">Anders Gr\u00f8gaard<\/td>\n<td width=\"378\">Kappgang<\/td>\n<\/tr>\n<tr>\n<td width=\"236\"><\/td>\n<td width=\"520\">Bastian Berthelsen<\/td>\n<td width=\"378\">60m hekk<\/td>\n<\/tr>\n<tr>\n<td width=\"236\"><strong>Gutter 14 \u00e5r<\/strong><\/td>\n<td width=\"520\">Aleksander Elde Holmboe<\/td>\n<td width=\"378\">600m, 1500m<\/td>\n<\/tr>\n<tr>\n<td width=\"236\"><\/td>\n<td width=\"520\">Brage Buseth Hammerstad<\/td>\n<td width=\"378\">1500m<\/td>\n<\/tr>\n<tr>\n<td width=\"236\"><\/td>\n<td width=\"520\">Martinius Lie-Petterson<\/td>\n<td width=\"378\">Kappgang<\/td>\n<\/tr>\n<tr>\n<td width=\"236\"><\/td>\n<td width=\"520\">Nikolai Elde Holmboe<\/td>\n<td width=\"378\">600m, 1500m<\/td>\n<\/tr>\n<tr>\n<td width=\"236\"><\/td>\n<td width=\"520\">Sebastian Helgheim<\/td>\n<td width=\"378\">Tresteg<\/td>\n<\/tr>\n<tr>\n<td width=\"236\"><\/td>\n<td width=\"520\">Tarjei L. Nesheim<\/td>\n<td width=\"378\">60m, 200m<\/td>\n<\/tr>\n<tr>\n<td width=\"236\"><\/td>\n<td width=\"520\">Lars \u00c5dland<\/td>\n<td width=\"378\">60m,lengde<\/td>\n<\/tr>\n<tr>\n<td width=\"236\"><\/td>\n<td width=\"520\">Christian Lervik<\/td>\n<td width=\"378\">Lengde<\/td>\n<\/tr>\n<tr>\n<td width=\"236\"><\/td>\n<td width=\"520\">Kasper Engeset<\/td>\n<td width=\"378\">Spyd, diskos<\/td>\n<\/tr>\n<tr>\n<td width=\"236\"><strong>Jenter 13 \u00e5r<\/strong><\/td>\n<td width=\"520\">Maja Vullum<\/td>\n<td width=\"378\">Kappang<\/td>\n<\/tr>\n<tr>\n<td width=\"236\"><\/td>\n<td width=\"520\">Bertine Haneberg<\/td>\n<td width=\"378\">600m<\/td>\n<\/tr>\n<tr>\n<td width=\"236\"><\/td>\n<td width=\"520\">Helga \u00d8stensen<\/td>\n<td width=\"378\">1500m<\/td>\n<\/tr>\n<tr>\n<td width=\"236\"><\/td>\n<td width=\"520\">Alva Barthel Sveen<\/td>\n<td width=\"378\">H\u00f8yde<\/td>\n<\/tr>\n<tr>\n<td width=\"236\"><strong>Jenter 14 \u00e5r<\/strong><\/td>\n<td width=\"520\">Anna Langeland<\/td>\n<td width=\"378\">60m, 200m<\/td>\n<\/tr>\n<tr>\n<td width=\"236\"><\/td>\n<td width=\"520\">Cornelia Johnsen Braseth<\/td>\n<td width=\"378\">60m hekk<\/td>\n<\/tr>\n<tr>\n<td width=\"236\"><\/td>\n<td width=\"520\">Astrid Bakke<\/td>\n<td width=\"378\">600m, 1500m<\/td>\n<\/tr>\n<tr>\n<td width=\"236\"><\/td>\n<td width=\"520\">Synn\u00f8ve Undset<\/td>\n<td width=\"378\">H\u00f8yde<\/td>\n<\/tr>\n<tr>\n<td width=\"236\"><\/td>\n<td width=\"520\">Maren Berglund<\/td>\n<td width=\"378\">Lengde<\/td>\n<\/tr>\n<tr>\n<td width=\"236\"><\/td>\n<td width=\"520\"><strong>UTTATT MEN MELDT FORFALL<\/strong><\/td>\n<td width=\"378\"><\/td>\n<\/tr>\n<tr>\n<td width=\"236\"><\/td>\n<td width=\"520\">Anders M\u00f8rdre Davidsen<\/td>\n<td width=\"378\">Kappgang<\/td>\n<\/tr>\n<\/tbody>\n<\/table>\n<p>I tillegg er det lagt opp til overnatting og felles sosial happening p\u00e5 kveldstid. Innkvartering er p\u00e5 skolen som ligger vis a vis banen, og her f\u00e5r hver krets tildelt sine rom.Kretsen vil gj\u00f8re supplerende uttak i august for \u00e5 fylle troppene. Ungdomslekene holdes i hele landet, og Oslo og Akershus er med p\u00e5 den konkurransen som holdes p\u00e5 Jessheim. Her konkurrerer de med Telemark, Akershus, Buskerud, Hedmark, Oppland, Vestfold og \u00d8stfold.\u00a0 Dette er et h\u00f8ytidelig og flott arrangement, med innmarsj og flott \u00e5pning.<\/p>\n<p>Det er \u00f8nskelig at alle uttatte ut\u00f8vere overnatter sammen med resten av kretslaget. Mer informasjon om dette kommer etter hvert. F\u00f8lg med p\u00e5 kretsens hjemmesider.<\/p>\n<p><b>Akershus Friidrettskrets skal ha samling for uttatte ut\u00f8vere p\u00e5 Romerike stadion den 23. august fra kl 18.00 \u2013 20.30.<\/b><\/p>\n<p>Her blir det informasjonsm\u00f8te, bli kjent aktiviteter og trening til de \u00f8velser man er uttatt i.<\/p>\n<p>Uttak og uttaksbrev her;<\/p>\n<h5><a href=\"http:\/\/tyrving.idrett.no\/10\/f\/files\/2016\/08\/Uttaksbrev-Ungdomsleker_Akershus.pdf\">Uttaksbrev Ungdomsleker<\/a><\/h5>\n<h5><a href=\"http:\/\/tyrving.idrett.no\/10\/f\/files\/2016\/08\/Uttaksbrev-Ungdomsleker_Akershus.pdf\">Akershus<\/a> <a href=\"http:\/\/tyrving.idrett.no\/10\/f\/files\/2016\/08\/Ungdomsleker-2016-uttak.pdf\">Ungdomsleker 2016 uttak<\/a><\/h5>\n<p>&nbsp;<\/p>\n","protected":false},"excerpt":{"rendered":"Alle landets friidrettskretser konkurrerer mot hverandre under Ungdomslekene(tidligere Bendit)\u00a0som avholdes 27. og 28. august 2016. Stevnet er kun for 13. og 14. \u00e5ringer (f\u00f8dt 2002 -2003). Akershus Fr&#8230;","protected":false},"author":1,"featured_media":16045,"comment_status":"open","ping_status":"open","sticky":false,"template":"","format":"standard","meta":{"footnotes":"","_jetpack_memberships_contains_paid_content":false},"categories":[1],"tags":[],"acf":[],"yoast_head":"<!-- This site is optimized with the Yoast SEO plugin v21.2 - https:\/\/yoast.com\/wordpress\/plugins\/seo\/ -->\n<title>Ungdomsleker p\u00e5 Jessheim (oppdat.) - Tyrving - Friidrett<\/title>\n<meta name=\"robots\" content=\"index, follow, max-snippet:-1, max-image-preview:large, max-video-preview:-1\" \/>\n<link rel=\"canonical\" href=\"https:\/\/tyrving.idrett.no\/10\/f\/2016\/08\/17\/ungdomsleker-pa-jessheim\/\" \/>\n<meta property=\"og:locale\" content=\"nb_NO\" \/>\n<meta property=\"og:type\" content=\"article\" \/>\n<meta property=\"og:title\" content=\"Ungdomsleker p\u00e5 Jessheim (oppdat.) - Tyrving - Friidrett\" \/>\n<meta property=\"og:description\" content=\"Alle landets friidrettskretser konkurrerer mot hverandre under Ungdomslekene(tidligere Bendit)\u00a0som avholdes 27. og 28. august 2016. Stevnet er kun for 13. og 14. \u00e5ringer (f\u00f8dt 2002 -2003). Akershus Fr...\" \/>\n<meta property=\"og:url\" content=\"https:\/\/tyrving.idrett.no\/10\/f\/2016\/08\/17\/ungdomsleker-pa-jessheim\/\" \/>\n<meta property=\"og:site_name\" content=\"Tyrving - Friidrett\" \/>\n<meta property=\"article:published_time\" content=\"2016-08-17T12:37:56+00:00\" \/>\n<meta property=\"article:modified_time\" content=\"2016-08-23T13:03:41+00:00\" \/>\n<meta property=\"og:image\" content=\"https:\/\/tyrving.idrett.no\/10\/f\/files\/2016\/08\/ungdomslekene-900x600.jpg\" \/>\n\t<meta property=\"og:image:width\" content=\"900\" \/>\n\t<meta property=\"og:image:height\" content=\"600\" \/>\n\t<meta property=\"og:image:type\" content=\"image\/jpeg\" \/>\n<meta name=\"author\" content=\"admin\" \/>\n<meta name=\"twitter:card\" content=\"summary_large_image\" \/>\n<meta name=\"twitter:label1\" content=\"Skrevet av\" \/>\n\t<meta name=\"twitter:data1\" content=\"admin\" \/>\n\t<meta name=\"twitter:label2\" content=\"Ansl. lesetid\" \/>\n\t<meta name=\"twitter:data2\" content=\"2 minutter\" \/>\n<script type=\"application\/ld+json\" class=\"yoast-schema-graph\">{\"@context\":\"https:\/\/schema.org\",\"@graph\":[{\"@type\":\"Article\",\"@id\":\"https:\/\/tyrving.idrett.no\/10\/f\/2016\/08\/17\/ungdomsleker-pa-jessheim\/#article\",\"isPartOf\":{\"@id\":\"https:\/\/tyrving.idrett.no\/10\/f\/2016\/08\/17\/ungdomsleker-pa-jessheim\/\"},\"author\":{\"name\":\"admin\",\"@id\":\"https:\/\/tyrving.idrett.no\/10\/f\/#\/schema\/person\/b0b301ce26d13339293caf5c0bc7d286\"},\"headline\":\"Ungdomsleker p\u00e5 Jessheim (oppdat.)\",\"datePublished\":\"2016-08-17T12:37:56+00:00\",\"dateModified\":\"2016-08-23T13:03:41+00:00\",\"mainEntityOfPage\":{\"@id\":\"https:\/\/tyrving.idrett.no\/10\/f\/2016\/08\/17\/ungdomsleker-pa-jessheim\/\"},\"wordCount\":347,\"commentCount\":0,\"publisher\":{\"@id\":\"https:\/\/tyrving.idrett.no\/10\/f\/#organization\"},\"articleSection\":[\"Nyheter\"],\"inLanguage\":\"nb-NO\",\"potentialAction\":[{\"@type\":\"CommentAction\",\"name\":\"Comment\",\"target\":[\"https:\/\/tyrving.idrett.no\/10\/f\/2016\/08\/17\/ungdomsleker-pa-jessheim\/#respond\"]}]},{\"@type\":\"WebPage\",\"@id\":\"https:\/\/tyrving.idrett.no\/10\/f\/2016\/08\/17\/ungdomsleker-pa-jessheim\/\",\"url\":\"https:\/\/tyrving.idrett.no\/10\/f\/2016\/08\/17\/ungdomsleker-pa-jessheim\/\",\"name\":\"Ungdomsleker p\u00e5 Jessheim (oppdat.) - Tyrving - Friidrett\",\"isPartOf\":{\"@id\":\"https:\/\/tyrving.idrett.no\/10\/f\/#website\"},\"datePublished\":\"2016-08-17T12:37:56+00:00\",\"dateModified\":\"2016-08-23T13:03:41+00:00\",\"breadcrumb\":{\"@id\":\"https:\/\/tyrving.idrett.no\/10\/f\/2016\/08\/17\/ungdomsleker-pa-jessheim\/#breadcrumb\"},\"inLanguage\":\"nb-NO\",\"potentialAction\":[{\"@type\":\"ReadAction\",\"target\":[\"https:\/\/tyrving.idrett.no\/10\/f\/2016\/08\/17\/ungdomsleker-pa-jessheim\/\"]}]},{\"@type\":\"BreadcrumbList\",\"@id\":\"https:\/\/tyrving.idrett.no\/10\/f\/2016\/08\/17\/ungdomsleker-pa-jessheim\/#breadcrumb\",\"itemListElement\":[{\"@type\":\"ListItem\",\"position\":1,\"name\":\"Hjem\",\"item\":\"https:\/\/tyrving.idrett.no\/10\/f\/\"},{\"@type\":\"ListItem\",\"position\":2,\"name\":\"Ungdomsleker p\u00e5 Jessheim (oppdat.)\"}]},{\"@type\":\"WebSite\",\"@id\":\"https:\/\/tyrving.idrett.no\/10\/f\/#website\",\"url\":\"https:\/\/tyrving.idrett.no\/10\/f\/\",\"name\":\"Tyrving - Friidrett\",\"description\":\"Friidrettsgruppa\",\"publisher\":{\"@id\":\"https:\/\/tyrving.idrett.no\/10\/f\/#organization\"},\"potentialAction\":[{\"@type\":\"SearchAction\",\"target\":{\"@type\":\"EntryPoint\",\"urlTemplate\":\"https:\/\/tyrving.idrett.no\/10\/f\/?s={search_term_string}\"},\"query-input\":\"required name=search_term_string\"}],\"inLanguage\":\"nb-NO\"},{\"@type\":\"Organization\",\"@id\":\"https:\/\/tyrving.idrett.no\/10\/f\/#organization\",\"name\":\"Tyrving Friidrettsgruppa\",\"url\":\"https:\/\/tyrving.idrett.no\/10\/f\/\",\"logo\":{\"@type\":\"ImageObject\",\"inLanguage\":\"nb-NO\",\"@id\":\"https:\/\/tyrving.idrett.no\/10\/f\/#\/schema\/logo\/image\/\",\"url\":\"https:\/\/tyrving.idrett.no\/10\/f\/files\/2019\/04\/Tyrving-Logo-Friidrett-2019.jpg\",\"contentUrl\":\"https:\/\/tyrving.idrett.no\/10\/f\/files\/2019\/04\/Tyrving-Logo-Friidrett-2019.jpg\",\"width\":460,\"height\":360,\"caption\":\"Tyrving Friidrettsgruppa\"},\"image\":{\"@id\":\"https:\/\/tyrving.idrett.no\/10\/f\/#\/schema\/logo\/image\/\"}},{\"@type\":\"Person\",\"@id\":\"https:\/\/tyrving.idrett.no\/10\/f\/#\/schema\/person\/b0b301ce26d13339293caf5c0bc7d286\",\"name\":\"admin\",\"image\":{\"@type\":\"ImageObject\",\"inLanguage\":\"nb-NO\",\"@id\":\"https:\/\/tyrving.idrett.no\/10\/f\/#\/schema\/person\/image\/\",\"url\":\"https:\/\/secure.gravatar.com\/avatar\/4b0456acc2ea550a97d3a11ebb27598d?s=96&d=mm&r=g\",\"contentUrl\":\"https:\/\/secure.gravatar.com\/avatar\/4b0456acc2ea550a97d3a11ebb27598d?s=96&d=mm&r=g\",\"caption\":\"admin\"}}]}<\/script>\n<!-- \/ Yoast SEO plugin. -->","yoast_head_json":{"title":"Ungdomsleker p\u00e5 Jessheim (oppdat.) - Tyrving - Friidrett","robots":{"index":"index","follow":"follow","max-snippet":"max-snippet:-1","max-image-preview":"max-image-preview:large","max-video-preview":"max-video-preview:-1"},"canonical":"https:\/\/tyrving.idrett.no\/10\/f\/2016\/08\/17\/ungdomsleker-pa-jessheim\/","og_locale":"nb_NO","og_type":"article","og_title":"Ungdomsleker p\u00e5 Jessheim (oppdat.) - Tyrving - Friidrett","og_description":"Alle landets friidrettskretser konkurrerer mot hverandre under Ungdomslekene(tidligere Bendit)\u00a0som avholdes 27. og 28. august 2016. Stevnet er kun for 13. og 14. \u00e5ringer (f\u00f8dt 2002 -2003). Akershus Fr...","og_url":"https:\/\/tyrving.idrett.no\/10\/f\/2016\/08\/17\/ungdomsleker-pa-jessheim\/","og_site_name":"Tyrving - Friidrett","article_published_time":"2016-08-17T12:37:56+00:00","article_modified_time":"2016-08-23T13:03:41+00:00","og_image":[{"width":900,"height":600,"url":"https:\/\/tyrving.idrett.no\/10\/f\/files\/2016\/08\/ungdomslekene-900x600.jpg","type":"image\/jpeg"}],"author":"admin","twitter_card":"summary_large_image","twitter_misc":{"Skrevet av":"admin","Ansl. lesetid":"2 minutter"},"schema":{"@context":"https:\/\/schema.org","@graph":[{"@type":"Article","@id":"https:\/\/tyrving.idrett.no\/10\/f\/2016\/08\/17\/ungdomsleker-pa-jessheim\/#article","isPartOf":{"@id":"https:\/\/tyrving.idrett.no\/10\/f\/2016\/08\/17\/ungdomsleker-pa-jessheim\/"},"author":{"name":"admin","@id":"https:\/\/tyrving.idrett.no\/10\/f\/#\/schema\/person\/b0b301ce26d13339293caf5c0bc7d286"},"headline":"Ungdomsleker p\u00e5 Jessheim (oppdat.)","datePublished":"2016-08-17T12:37:56+00:00","dateModified":"2016-08-23T13:03:41+00:00","mainEntityOfPage":{"@id":"https:\/\/tyrving.idrett.no\/10\/f\/2016\/08\/17\/ungdomsleker-pa-jessheim\/"},"wordCount":347,"commentCount":0,"publisher":{"@id":"https:\/\/tyrving.idrett.no\/10\/f\/#organization"},"articleSection":["Nyheter"],"inLanguage":"nb-NO","potentialAction":[{"@type":"CommentAction","name":"Comment","target":["https:\/\/tyrving.idrett.no\/10\/f\/2016\/08\/17\/ungdomsleker-pa-jessheim\/#respond"]}]},{"@type":"WebPage","@id":"https:\/\/tyrving.idrett.no\/10\/f\/2016\/08\/17\/ungdomsleker-pa-jessheim\/","url":"https:\/\/tyrving.idrett.no\/10\/f\/2016\/08\/17\/ungdomsleker-pa-jessheim\/","name":"Ungdomsleker p\u00e5 Jessheim (oppdat.) - Tyrving - Friidrett","isPartOf":{"@id":"https:\/\/tyrving.idrett.no\/10\/f\/#website"},"datePublished":"2016-08-17T12:37:56+00:00","dateModified":"2016-08-23T13:03:41+00:00","breadcrumb":{"@id":"https:\/\/tyrving.idrett.no\/10\/f\/2016\/08\/17\/ungdomsleker-pa-jessheim\/#breadcrumb"},"inLanguage":"nb-NO","potentialAction":[{"@type":"ReadAction","target":["https:\/\/tyrving.idrett.no\/10\/f\/2016\/08\/17\/ungdomsleker-pa-jessheim\/"]}]},{"@type":"BreadcrumbList","@id":"https:\/\/tyrving.idrett.no\/10\/f\/2016\/08\/17\/ungdomsleker-pa-jessheim\/#breadcrumb","itemListElement":[{"@type":"ListItem","position":1,"name":"Hjem","item":"https:\/\/tyrving.idrett.no\/10\/f\/"},{"@type":"ListItem","position":2,"name":"Ungdomsleker p\u00e5 Jessheim (oppdat.)"}]},{"@type":"WebSite","@id":"https:\/\/tyrving.idrett.no\/10\/f\/#website","url":"https:\/\/tyrving.idrett.no\/10\/f\/","name":"Tyrving - Friidrett","description":"Friidrettsgruppa","publisher":{"@id":"https:\/\/tyrving.idrett.no\/10\/f\/#organization"},"potentialAction":[{"@type":"SearchAction","target":{"@type":"EntryPoint","urlTemplate":"https:\/\/tyrving.idrett.no\/10\/f\/?s={search_term_string}"},"query-input":"required name=search_term_string"}],"inLanguage":"nb-NO"},{"@type":"Organization","@id":"https:\/\/tyrving.idrett.no\/10\/f\/#organization","name":"Tyrving Friidrettsgruppa","url":"https:\/\/tyrving.idrett.no\/10\/f\/","logo":{"@type":"ImageObject","inLanguage":"nb-NO","@id":"https:\/\/tyrving.idrett.no\/10\/f\/#\/schema\/logo\/image\/","url":"https:\/\/tyrving.idrett.no\/10\/f\/files\/2019\/04\/Tyrving-Logo-Friidrett-2019.jpg","contentUrl":"https:\/\/tyrving.idrett.no\/10\/f\/files\/2019\/04\/Tyrving-Logo-Friidrett-2019.jpg","width":460,"height":360,"caption":"Tyrving Friidrettsgruppa"},"image":{"@id":"https:\/\/tyrving.idrett.no\/10\/f\/#\/schema\/logo\/image\/"}},{"@type":"Person","@id":"https:\/\/tyrving.idrett.no\/10\/f\/#\/schema\/person\/b0b301ce26d13339293caf5c0bc7d286","name":"admin","image":{"@type":"ImageObject","inLanguage":"nb-NO","@id":"https:\/\/tyrving.idrett.no\/10\/f\/#\/schema\/person\/image\/","url":"https:\/\/secure.gravatar.com\/avatar\/4b0456acc2ea550a97d3a11ebb27598d?s=96&d=mm&r=g","contentUrl":"https:\/\/secure.gravatar.com\/avatar\/4b0456acc2ea550a97d3a11ebb27598d?s=96&d=mm&r=g","caption":"admin"}}]}},"jetpack_sharing_enabled":true,"jetpack_featured_media_url":"https:\/\/tyrving.idrett.no\/10\/f\/files\/2016\/08\/ungdomslekene-900x600.jpg","_links":{"self":[{"href":"https:\/\/tyrving.idrett.no\/10\/f\/wp-json\/wp\/v2\/posts\/16035"}],"collection":[{"href":"https:\/\/tyrving.idrett.no\/10\/f\/wp-json\/wp\/v2\/posts"}],"about":[{"href":"https:\/\/tyrving.idrett.no\/10\/f\/wp-json\/wp\/v2\/types\/post"}],"author":[{"embeddable":true,"href":"https:\/\/tyrving.idrett.no\/10\/f\/wp-json\/wp\/v2\/users\/1"}],"replies":[{"embeddable":true,"href":"https:\/\/tyrving.idrett.no\/10\/f\/wp-json\/wp\/v2\/comments?post=16035"}],"version-history":[{"count":10,"href":"https:\/\/tyrving.idrett.no\/10\/f\/wp-json\/wp\/v2\/posts\/16035\/revisions"}],"predecessor-version":[{"id":16058,"href":"https:\/\/tyrving.idrett.no\/10\/f\/wp-json\/wp\/v2\/posts\/16035\/revisions\/16058"}],"wp:featuredmedia":[{"embeddable":true,"href":"https:\/\/tyrving.idrett.no\/10\/f\/wp-json\/wp\/v2\/media\/16045"}],"wp:attachment":[{"href":"https:\/\/tyrving.idrett.no\/10\/f\/wp-json\/wp\/v2\/media?parent=16035"}],"wp:term":[{"taxonomy":"category","embeddable":true,"href":"https:\/\/tyrving.idrett.no\/10\/f\/wp-json\/wp\/v2\/categories?post=16035"},{"taxonomy":"post_tag","embeddable":true,"href":"https:\/\/tyrving.idrett.no\/10\/f\/wp-json\/wp\/v2\/tags?post=16035"}],"curies":[{"name":"wp","href":"https:\/\/api.w.org\/{rel}","templated":true}]}}