{"id":16060,"date":"2016-08-24T22:15:24","date_gmt":"2016-08-24T20:15:24","guid":{"rendered":"http:\/\/tyrving.idrett.no\/10\/f\/?p=16060"},"modified":"2016-08-28T22:54:32","modified_gmt":"2016-08-28T20:54:32","slug":"34-tyrving-utovere-til-um","status":"publish","type":"post","link":"https:\/\/tyrving.idrett.no\/10\/f\/2016\/08\/24\/34-tyrving-utovere-til-um\/","title":{"rendered":"31 Tyrving-ut\u00f8vere til UM (oppdat)"},"content":{"rendered":"<p>Det n\u00e6rmer seg \u00e5rets Ungdomsmesterskap i friidrett for ut\u00f8vere 15-19 \u00e5r. \u00a0Denne gangen er det 31 ut\u00f8vere fra Tyrving som stiller p\u00e5 startstreken i Sandnes 2.-4. september. \u00a0Under sees oversikt over p\u00e5meldte ut\u00f8vere og deres \u00f8velser, samt reisetider til og fra Stavanger. \u00a0Det vil bli sendt ut egen mail med utfyllende informasjon til de som skal delta, i l\u00f8pet noen f\u00e5 dager. \u00a0Og det vil ogs\u00e5 bli laget et eget skriv som man kan levere p\u00e5 skolen i og med det er behov for skolefri. \u00a0Er det noen sp\u00f8rsm\u00e5l, s\u00e5 ta kontakt p\u00e5 mail: friidrett@tyrving.no<\/p>\n<table width=\"671\">\n<tbody>\n<tr>\n<td width=\"77\"><strong>KLASSE<\/strong><\/td>\n<td width=\"120\"><strong>FORNAVN<\/strong><\/td>\n<td width=\"87\"><strong>ETTERNAVN<\/strong><\/td>\n<td width=\"211\"><strong>\u00d8VELSER<\/strong><\/td>\n<td width=\"88\"><strong>AVREISE TIL STAVANGER<\/strong><\/td>\n<td width=\"88\"><strong>RETUR FRA STAVANGER<\/strong><\/td>\n<\/tr>\n<tr>\n<td width=\"77\">Gutter 16<\/td>\n<td width=\"120\">Aroran A.<\/td>\n<td width=\"87\">Philip<\/td>\n<td width=\"211\">100m,200m,lengde, tresteg<\/td>\n<td width=\"88\">Tor\/kl.1715<\/td>\n<td width=\"88\">S\u00f8n\/kl.1930<\/td>\n<\/tr>\n<tr>\n<td width=\"77\">Gutter 16<\/td>\n<td width=\"120\">Christopher Hoel<\/td>\n<td width=\"87\">Nilsen<\/td>\n<td width=\"211\">800m<\/td>\n<td width=\"88\">Fre\/kl.1715<\/td>\n<td width=\"88\">S\u00f8n\/kl.1130<\/td>\n<\/tr>\n<tr>\n<td width=\"77\">Gutter 17<\/td>\n<td width=\"120\">Albert<\/td>\n<td width=\"87\">Sperstad<\/td>\n<td width=\"211\">3000m<\/td>\n<td width=\"88\">Fre\/kl.0950<\/td>\n<td width=\"88\">L\u00f8r\/kl.1130<\/td>\n<\/tr>\n<tr>\n<td width=\"77\">Gutter 17<\/td>\n<td width=\"120\">Carl Valdemar<\/td>\n<td width=\"87\">Ebbesen<\/td>\n<td width=\"211\">400m,800m<\/td>\n<td width=\"88\">Fre\/kl.0950<\/td>\n<td width=\"88\">S\u00f8n\/kl.1930<\/td>\n<\/tr>\n<tr>\n<td width=\"77\">Gutter 17<\/td>\n<td width=\"120\">Carsten Skipper<\/td>\n<td width=\"87\">Gr\u00f8nli<\/td>\n<td width=\"211\">100m,200m<\/td>\n<td width=\"88\">Tor\/kl.1715<\/td>\n<td width=\"88\">S\u00f8n\/kl.1930<\/td>\n<\/tr>\n<tr>\n<td width=\"77\">Gutter 17<\/td>\n<td width=\"120\">Didrik Hexeberg<\/td>\n<td width=\"87\">Warlo<\/td>\n<td width=\"211\">400m,800m<\/td>\n<td width=\"88\">Fre\/kl.0950<\/td>\n<td width=\"88\">S\u00f8n\/kl.1930<\/td>\n<\/tr>\n<tr>\n<td width=\"77\">Gutter 17<\/td>\n<td width=\"120\">Erik<\/td>\n<td width=\"87\">L\u00f8nskog<\/td>\n<td width=\"211\">H\u00f8yde<\/td>\n<td width=\"88\">Fre\/kl.1715<\/td>\n<td width=\"88\">S\u00f8n\/kl.1930<\/td>\n<\/tr>\n<tr>\n<td width=\"77\">Gutter 17<\/td>\n<td width=\"120\">Henrik Bj\u00f8rnstad<\/td>\n<td width=\"87\">Koppang<\/td>\n<td width=\"211\">800m,3000m<\/td>\n<td width=\"88\">Fre\/kl.0950<\/td>\n<td width=\"88\">S\u00f8n\/kl.1930<\/td>\n<\/tr>\n<tr>\n<td width=\"77\">Gutter 17<\/td>\n<td width=\"120\">Jan Kristian<\/td>\n<td width=\"87\">Hynne<\/td>\n<td width=\"211\">100m,kule<\/td>\n<td width=\"88\">Tor\/kl.1715<\/td>\n<td width=\"88\">S\u00f8n\/kl.1930<\/td>\n<\/tr>\n<tr>\n<td width=\"77\">Gutter 17<\/td>\n<td width=\"120\">Jonatan Greni<\/td>\n<td width=\"87\">Bjerkaas<\/td>\n<td width=\"211\">100m,200m,400m,300mhk,lengde<\/td>\n<td width=\"88\">Tor\/kl.1715<\/td>\n<td width=\"88\">S\u00f8n\/kl.1930<\/td>\n<\/tr>\n<tr>\n<td width=\"77\">Gutter 17<\/td>\n<td width=\"120\">J\u00f8rgen Mejland<\/td>\n<td width=\"87\">Hansen<\/td>\n<td width=\"211\">400m,300mhk,tresteg<\/td>\n<td width=\"88\">Tor\/kl.1715<\/td>\n<td width=\"88\">S\u00f8n\/kl.1930<\/td>\n<\/tr>\n<tr>\n<td width=\"77\">Gutter 17<\/td>\n<td width=\"120\">Kasper<\/td>\n<td width=\"87\">Sagen<\/td>\n<td width=\"211\">Kule,spyd<\/td>\n<td width=\"88\">Eget opplegg<\/td>\n<td width=\"88\">Eget opplegg<\/td>\n<\/tr>\n<tr>\n<td width=\"77\">Gutter 17<\/td>\n<td width=\"120\">Syver<\/td>\n<td width=\"87\">R\u00f8inaas<\/td>\n<td width=\"211\">100m,200m,400m,300mhk,lengde<\/td>\n<td width=\"88\">Tor\/kl.1715<\/td>\n<td width=\"88\">S\u00f8n\/kl.1930<\/td>\n<\/tr>\n<tr>\n<td width=\"77\">Gutter 18\/19<\/td>\n<td width=\"120\">Kenneth Vik<\/td>\n<td width=\"87\">Gulbrandsen<\/td>\n<td width=\"211\">100m,200m,lengde<\/td>\n<td width=\"88\">Tor\/kl.1715<\/td>\n<td width=\"88\">S\u00f8n\/kl.1930<\/td>\n<\/tr>\n<tr>\n<td width=\"77\"><\/td>\n<td width=\"120\"><\/td>\n<td width=\"87\"><\/td>\n<td width=\"211\"><\/td>\n<td width=\"88\"><\/td>\n<td width=\"88\"><\/td>\n<\/tr>\n<tr>\n<td width=\"77\">Gutter 18\/19<\/td>\n<td width=\"120\">Markus Nikolai<\/td>\n<td width=\"87\">Berner<\/td>\n<td width=\"211\">100m,200m,110mhk,tresteg<\/td>\n<td width=\"88\">Tor\/kl.1715<\/td>\n<td width=\"88\">S\u00f8n\/kl.1930<\/td>\n<\/tr>\n<tr>\n<td width=\"77\">Gutter 18\/19<\/td>\n<td width=\"120\">Sander Schartau<\/td>\n<td width=\"87\">Berrefjord<\/td>\n<td width=\"211\">800m<\/td>\n<td width=\"88\">Fre\/kl.1715<\/td>\n<td width=\"88\">S\u00f8n\/kl.1930<\/td>\n<\/tr>\n<tr>\n<td width=\"77\">Gutter 18\/19<\/td>\n<td width=\"120\">Theo<\/td>\n<td width=\"87\">Halvorsen<\/td>\n<td width=\"211\">100m,200m<\/td>\n<td width=\"88\">Tor\/kl.1715<\/td>\n<td width=\"88\">S\u00f8n\/kl.1930<\/td>\n<\/tr>\n<tr>\n<td width=\"77\">Gutter 18\/19<\/td>\n<td width=\"120\">Sondre Alexander<\/td>\n<td width=\"87\">H\u00f8yland<\/td>\n<td width=\"211\">Diskos,kule,spyd<\/td>\n<td width=\"88\">Fre\/kl.1715<\/td>\n<td width=\"88\">S\u00f8n\/kl.1930<\/td>\n<\/tr>\n<tr>\n<td width=\"77\">Jenter 15<\/td>\n<td width=\"120\">Anastasia<\/td>\n<td width=\"87\">Schnell<\/td>\n<td width=\"211\">80mhk,300mhk,h\u00f8yde,lengde,kul<\/td>\n<td width=\"88\">Eget opplegg<\/td>\n<td width=\"88\">Eget opplegg<\/td>\n<\/tr>\n<tr>\n<td width=\"77\">Jenter 15<\/td>\n<td width=\"120\">Constance L\u00f8ken<\/td>\n<td width=\"87\">Dahl<\/td>\n<td width=\"211\">800m,2000m<\/td>\n<td width=\"88\">Fre\/kl.1715<\/td>\n<td width=\"88\">S\u00f8n\/kl.1930<\/td>\n<\/tr>\n<tr>\n<td width=\"77\">Jenter 15<\/td>\n<td width=\"120\">Juni Gjertsen<\/td>\n<td width=\"87\">Barkbu<\/td>\n<td width=\"211\">800m,300mhk<\/td>\n<td width=\"88\">Eget opplegg<\/td>\n<td width=\"88\">Eget opplegg<\/td>\n<\/tr>\n<tr>\n<td width=\"77\">Jenter 15<\/td>\n<td width=\"120\">Linnea<\/td>\n<td width=\"87\">Gateman<\/td>\n<td width=\"211\">100m,200m<\/td>\n<td width=\"88\">Tor\/kl.1715<\/td>\n<td width=\"88\">S\u00f8n\/kl.1930<\/td>\n<\/tr>\n<tr>\n<td width=\"77\">Jenter 15<\/td>\n<td width=\"120\">Maria<\/td>\n<td width=\"87\">Aaberg<\/td>\n<td width=\"211\">100m,200m,lengde<\/td>\n<td width=\"88\">Tor\/kl.1715<\/td>\n<td width=\"88\">S\u00f8n\/kl.1930<\/td>\n<\/tr>\n<tr>\n<td width=\"77\">Jenter 16<\/td>\n<td width=\"120\">Andrea Kristiane<\/td>\n<td width=\"87\">Dammen<\/td>\n<td width=\"211\">100m,lengde,h\u00f8yde<\/td>\n<td width=\"88\">Tor\/kl.1715<\/td>\n<td width=\"88\">S\u00f8n\/kl.1930<\/td>\n<\/tr>\n<tr>\n<td width=\"77\">Jenter 16<\/td>\n<td width=\"120\">Helena T\u00f8rmo<\/td>\n<td width=\"87\">Kastelein<\/td>\n<td width=\"211\">H\u00f8yde,stav,tresteg<\/td>\n<td width=\"88\">Tor\/kl.1715<\/td>\n<td width=\"88\">S\u00f8n\/kl.1930<\/td>\n<\/tr>\n<tr>\n<td width=\"77\">Jenter 17<\/td>\n<td width=\"120\">Celina Nilsen<\/td>\n<td width=\"87\">Lundevik<\/td>\n<td width=\"211\">100m,100mhk,lengde<\/td>\n<td width=\"88\">Tor\/kl.1715<\/td>\n<td width=\"88\">S\u00f8n\/kl.1930<\/td>\n<\/tr>\n<tr>\n<td width=\"77\">Jenter 17<\/td>\n<td width=\"120\">Celine<\/td>\n<td width=\"87\">Bressand<\/td>\n<td width=\"211\">Lengde,tresteg<\/td>\n<td width=\"88\">Tor\/kl.1715<\/td>\n<td width=\"88\">S\u00f8n\/kl.1930<\/td>\n<\/tr>\n<tr>\n<td width=\"77\"><\/td>\n<td width=\"120\"><\/td>\n<td width=\"87\"><\/td>\n<td width=\"211\"><\/td>\n<td width=\"88\"><\/td>\n<td width=\"88\"><\/td>\n<\/tr>\n<tr>\n<td width=\"77\">Jenter 18\/19<\/td>\n<td width=\"120\">Helene<\/td>\n<td width=\"87\">R\u00f8nningen<\/td>\n<td width=\"211\">100m,200m,lengde<\/td>\n<td width=\"88\">Tor\/kl.1715<\/td>\n<td width=\"88\">S\u00f8n\/kl.1930<\/td>\n<\/tr>\n<tr>\n<td width=\"77\">Jenter 18\/19<\/td>\n<td width=\"120\">Julie<\/td>\n<td width=\"87\">Bressand<\/td>\n<td width=\"211\">Lengde,tresteg<\/td>\n<td width=\"88\">Eget opplegg<\/td>\n<td width=\"88\">Eget opplegg<\/td>\n<\/tr>\n<tr>\n<td width=\"77\"><\/td>\n<td width=\"120\"><\/td>\n<td width=\"87\"><\/td>\n<td width=\"211\"><\/td>\n<td width=\"88\"><\/td>\n<td width=\"88\"><\/td>\n<\/tr>\n<tr>\n<td width=\"77\">Jenter 18\/19<\/td>\n<td width=\"120\">Marthe Sofie<\/td>\n<td width=\"87\">Haugli R\u00f8e<\/td>\n<td width=\"211\">100m,tresteg<\/td>\n<td width=\"88\">Tor\/kl.1715<\/td>\n<td width=\"88\">S\u00f8n\/kl.1930<\/td>\n<\/tr>\n<tr>\n<td width=\"77\">Jenter 18\/19<\/td>\n<td width=\"120\">Mina Marie<\/td>\n<td width=\"87\">Anglero<\/td>\n<td width=\"211\">200m,400m,800m,400mhk<\/td>\n<td width=\"88\">Tor\/kl.1715<\/td>\n<td width=\"88\">S\u00f8n\/kl.1930<\/td>\n<\/tr>\n<tr>\n<td>Trener<\/td>\n<td>Petra<\/td>\n<td>Stepankova<\/td>\n<td><\/td>\n<td>Tor\/kl.1715<\/td>\n<td>S\u00f8n\/kl.1930<\/td>\n<\/tr>\n<tr>\n<td>Trener<\/td>\n<td>Jo<\/td>\n<td>Nesse<\/td>\n<td><\/td>\n<td>Tor\/kl.1715<\/td>\n<td>S\u00f8n\/kl.1930<\/td>\n<\/tr>\n<tr>\n<td>Trener<\/td>\n<td>Lars<\/td>\n<td>Schnell<\/td>\n<td><\/td>\n<td>Eget opplegg<\/td>\n<td>Eget opplegg<\/td>\n<\/tr>\n<tr>\n<td>Trener<\/p>\n<p>Trener<\/td>\n<td>Stephan<\/p>\n<p>Hans Rune<\/td>\n<td>Johansson<\/p>\n<p>R\u00f8nningen<\/td>\n<td><\/td>\n<td>Tor\/kl.1915<\/p>\n<p>Tor\/kl. 1715<\/td>\n<td>S\u00f8n\/kl.1930<\/p>\n<p>S\u00f8n\/kl.1930<\/td>\n<\/tr>\n<tr>\n<td>Reiseleder<\/td>\n<td>Einar<\/td>\n<td>Drabl\u00f8s<\/td>\n<td><\/td>\n<td>Fre\/kl.1715<\/td>\n<td>S\u00f8n\/kl.1930<\/td>\n<\/tr>\n<\/tbody>\n<\/table>\n","protected":false},"excerpt":{"rendered":"Det n\u00e6rmer seg \u00e5rets Ungdomsmesterskap i friidrett for ut\u00f8vere 15-19 \u00e5r. \u00a0Denne gangen er det 31 ut\u00f8vere fra Tyrving som stiller p\u00e5 startstreken i Sandnes 2.-4. september. \u00a0Under sees oversikt over p\u00e5&#8230;","protected":false},"author":2,"featured_media":16061,"comment_status":"open","ping_status":"open","sticky":false,"template":"","format":"standard","meta":{"footnotes":"","_jetpack_memberships_contains_paid_content":false},"categories":[1],"tags":[],"acf":[],"yoast_head":"<!-- This site is optimized with the Yoast SEO plugin v21.2 - https:\/\/yoast.com\/wordpress\/plugins\/seo\/ -->\n<title>31 Tyrving-ut\u00f8vere til UM (oppdat) - Tyrving - Friidrett<\/title>\n<meta name=\"robots\" content=\"index, follow, max-snippet:-1, max-image-preview:large, max-video-preview:-1\" \/>\n<link rel=\"canonical\" href=\"https:\/\/tyrving.idrett.no\/10\/f\/2016\/08\/24\/34-tyrving-utovere-til-um\/\" \/>\n<meta property=\"og:locale\" content=\"nb_NO\" \/>\n<meta property=\"og:type\" content=\"article\" \/>\n<meta property=\"og:title\" content=\"31 Tyrving-ut\u00f8vere til UM (oppdat) - Tyrving - Friidrett\" \/>\n<meta property=\"og:description\" content=\"Det n\u00e6rmer seg \u00e5rets Ungdomsmesterskap i friidrett for ut\u00f8vere 15-19 \u00e5r. \u00a0Denne gangen er det 31 ut\u00f8vere fra Tyrving som stiller p\u00e5 startstreken i Sandnes 2.-4. september. \u00a0Under sees oversikt over p\u00e5...\" \/>\n<meta property=\"og:url\" content=\"https:\/\/tyrving.idrett.no\/10\/f\/2016\/08\/24\/34-tyrving-utovere-til-um\/\" \/>\n<meta property=\"og:site_name\" content=\"Tyrving - Friidrett\" \/>\n<meta property=\"article:published_time\" content=\"2016-08-24T20:15:24+00:00\" \/>\n<meta property=\"article:modified_time\" content=\"2016-08-28T20:54:32+00:00\" \/>\n<meta property=\"og:image\" content=\"https:\/\/tyrving.idrett.no\/10\/f\/files\/2016\/08\/d2deb4_fa5808ee0cd44c6ea7b045cd5be74e28-mv2_d_2362_1967_s_2.jpg\" \/>\n\t<meta property=\"og:image:width\" content=\"975\" \/>\n\t<meta property=\"og:image:height\" content=\"810\" \/>\n\t<meta property=\"og:image:type\" content=\"image\/jpeg\" \/>\n<meta name=\"author\" content=\"Kirsten Larsen\" \/>\n<meta name=\"twitter:card\" content=\"summary_large_image\" \/>\n<meta name=\"twitter:label1\" content=\"Skrevet av\" \/>\n\t<meta name=\"twitter:data1\" content=\"Kirsten Larsen\" \/>\n\t<meta name=\"twitter:label2\" content=\"Ansl. lesetid\" \/>\n\t<meta name=\"twitter:data2\" content=\"3 minutter\" \/>\n<script type=\"application\/ld+json\" class=\"yoast-schema-graph\">{\"@context\":\"https:\/\/schema.org\",\"@graph\":[{\"@type\":\"Article\",\"@id\":\"https:\/\/tyrving.idrett.no\/10\/f\/2016\/08\/24\/34-tyrving-utovere-til-um\/#article\",\"isPartOf\":{\"@id\":\"https:\/\/tyrving.idrett.no\/10\/f\/2016\/08\/24\/34-tyrving-utovere-til-um\/\"},\"author\":{\"name\":\"Kirsten Larsen\",\"@id\":\"https:\/\/tyrving.idrett.no\/10\/f\/#\/schema\/person\/9d33b15b4997b99c21c6e0b044d8bfd3\"},\"headline\":\"31 Tyrving-ut\u00f8vere til UM (oppdat)\",\"datePublished\":\"2016-08-24T20:15:24+00:00\",\"dateModified\":\"2016-08-28T20:54:32+00:00\",\"mainEntityOfPage\":{\"@id\":\"https:\/\/tyrving.idrett.no\/10\/f\/2016\/08\/24\/34-tyrving-utovere-til-um\/\"},\"wordCount\":529,\"commentCount\":0,\"publisher\":{\"@id\":\"https:\/\/tyrving.idrett.no\/10\/f\/#organization\"},\"articleSection\":[\"Nyheter\"],\"inLanguage\":\"nb-NO\",\"potentialAction\":[{\"@type\":\"CommentAction\",\"name\":\"Comment\",\"target\":[\"https:\/\/tyrving.idrett.no\/10\/f\/2016\/08\/24\/34-tyrving-utovere-til-um\/#respond\"]}]},{\"@type\":\"WebPage\",\"@id\":\"https:\/\/tyrving.idrett.no\/10\/f\/2016\/08\/24\/34-tyrving-utovere-til-um\/\",\"url\":\"https:\/\/tyrving.idrett.no\/10\/f\/2016\/08\/24\/34-tyrving-utovere-til-um\/\",\"name\":\"31 Tyrving-ut\u00f8vere til UM (oppdat) - Tyrving - Friidrett\",\"isPartOf\":{\"@id\":\"https:\/\/tyrving.idrett.no\/10\/f\/#website\"},\"datePublished\":\"2016-08-24T20:15:24+00:00\",\"dateModified\":\"2016-08-28T20:54:32+00:00\",\"breadcrumb\":{\"@id\":\"https:\/\/tyrving.idrett.no\/10\/f\/2016\/08\/24\/34-tyrving-utovere-til-um\/#breadcrumb\"},\"inLanguage\":\"nb-NO\",\"potentialAction\":[{\"@type\":\"ReadAction\",\"target\":[\"https:\/\/tyrving.idrett.no\/10\/f\/2016\/08\/24\/34-tyrving-utovere-til-um\/\"]}]},{\"@type\":\"BreadcrumbList\",\"@id\":\"https:\/\/tyrving.idrett.no\/10\/f\/2016\/08\/24\/34-tyrving-utovere-til-um\/#breadcrumb\",\"itemListElement\":[{\"@type\":\"ListItem\",\"position\":1,\"name\":\"Hjem\",\"item\":\"https:\/\/tyrving.idrett.no\/10\/f\/\"},{\"@type\":\"ListItem\",\"position\":2,\"name\":\"31 Tyrving-ut\u00f8vere til UM (oppdat)\"}]},{\"@type\":\"WebSite\",\"@id\":\"https:\/\/tyrving.idrett.no\/10\/f\/#website\",\"url\":\"https:\/\/tyrving.idrett.no\/10\/f\/\",\"name\":\"Tyrving - Friidrett\",\"description\":\"Friidrettsgruppa\",\"publisher\":{\"@id\":\"https:\/\/tyrving.idrett.no\/10\/f\/#organization\"},\"potentialAction\":[{\"@type\":\"SearchAction\",\"target\":{\"@type\":\"EntryPoint\",\"urlTemplate\":\"https:\/\/tyrving.idrett.no\/10\/f\/?s={search_term_string}\"},\"query-input\":\"required name=search_term_string\"}],\"inLanguage\":\"nb-NO\"},{\"@type\":\"Organization\",\"@id\":\"https:\/\/tyrving.idrett.no\/10\/f\/#organization\",\"name\":\"Tyrving Friidrettsgruppa\",\"url\":\"https:\/\/tyrving.idrett.no\/10\/f\/\",\"logo\":{\"@type\":\"ImageObject\",\"inLanguage\":\"nb-NO\",\"@id\":\"https:\/\/tyrving.idrett.no\/10\/f\/#\/schema\/logo\/image\/\",\"url\":\"https:\/\/tyrving.idrett.no\/10\/f\/files\/2019\/04\/Tyrving-Logo-Friidrett-2019.jpg\",\"contentUrl\":\"https:\/\/tyrving.idrett.no\/10\/f\/files\/2019\/04\/Tyrving-Logo-Friidrett-2019.jpg\",\"width\":460,\"height\":360,\"caption\":\"Tyrving Friidrettsgruppa\"},\"image\":{\"@id\":\"https:\/\/tyrving.idrett.no\/10\/f\/#\/schema\/logo\/image\/\"}},{\"@type\":\"Person\",\"@id\":\"https:\/\/tyrving.idrett.no\/10\/f\/#\/schema\/person\/9d33b15b4997b99c21c6e0b044d8bfd3\",\"name\":\"Kirsten Larsen\",\"image\":{\"@type\":\"ImageObject\",\"inLanguage\":\"nb-NO\",\"@id\":\"https:\/\/tyrving.idrett.no\/10\/f\/#\/schema\/person\/image\/\",\"url\":\"https:\/\/secure.gravatar.com\/avatar\/2924b58c2b807e7f70945c639540a744?s=96&d=mm&r=g\",\"contentUrl\":\"https:\/\/secure.gravatar.com\/avatar\/2924b58c2b807e7f70945c639540a744?s=96&d=mm&r=g\",\"caption\":\"Kirsten Larsen\"}}]}<\/script>\n<!-- \/ Yoast SEO plugin. -->","yoast_head_json":{"title":"31 Tyrving-ut\u00f8vere til UM (oppdat) - Tyrving - Friidrett","robots":{"index":"index","follow":"follow","max-snippet":"max-snippet:-1","max-image-preview":"max-image-preview:large","max-video-preview":"max-video-preview:-1"},"canonical":"https:\/\/tyrving.idrett.no\/10\/f\/2016\/08\/24\/34-tyrving-utovere-til-um\/","og_locale":"nb_NO","og_type":"article","og_title":"31 Tyrving-ut\u00f8vere til UM (oppdat) - Tyrving - Friidrett","og_description":"Det n\u00e6rmer seg \u00e5rets Ungdomsmesterskap i friidrett for ut\u00f8vere 15-19 \u00e5r. \u00a0Denne gangen er det 31 ut\u00f8vere fra Tyrving som stiller p\u00e5 startstreken i Sandnes 2.-4. september. \u00a0Under sees oversikt over p\u00e5...","og_url":"https:\/\/tyrving.idrett.no\/10\/f\/2016\/08\/24\/34-tyrving-utovere-til-um\/","og_site_name":"Tyrving - Friidrett","article_published_time":"2016-08-24T20:15:24+00:00","article_modified_time":"2016-08-28T20:54:32+00:00","og_image":[{"width":975,"height":810,"url":"https:\/\/tyrving.idrett.no\/10\/f\/files\/2016\/08\/d2deb4_fa5808ee0cd44c6ea7b045cd5be74e28-mv2_d_2362_1967_s_2.jpg","type":"image\/jpeg"}],"author":"Kirsten Larsen","twitter_card":"summary_large_image","twitter_misc":{"Skrevet av":"Kirsten Larsen","Ansl. lesetid":"3 minutter"},"schema":{"@context":"https:\/\/schema.org","@graph":[{"@type":"Article","@id":"https:\/\/tyrving.idrett.no\/10\/f\/2016\/08\/24\/34-tyrving-utovere-til-um\/#article","isPartOf":{"@id":"https:\/\/tyrving.idrett.no\/10\/f\/2016\/08\/24\/34-tyrving-utovere-til-um\/"},"author":{"name":"Kirsten Larsen","@id":"https:\/\/tyrving.idrett.no\/10\/f\/#\/schema\/person\/9d33b15b4997b99c21c6e0b044d8bfd3"},"headline":"31 Tyrving-ut\u00f8vere til UM (oppdat)","datePublished":"2016-08-24T20:15:24+00:00","dateModified":"2016-08-28T20:54:32+00:00","mainEntityOfPage":{"@id":"https:\/\/tyrving.idrett.no\/10\/f\/2016\/08\/24\/34-tyrving-utovere-til-um\/"},"wordCount":529,"commentCount":0,"publisher":{"@id":"https:\/\/tyrving.idrett.no\/10\/f\/#organization"},"articleSection":["Nyheter"],"inLanguage":"nb-NO","potentialAction":[{"@type":"CommentAction","name":"Comment","target":["https:\/\/tyrving.idrett.no\/10\/f\/2016\/08\/24\/34-tyrving-utovere-til-um\/#respond"]}]},{"@type":"WebPage","@id":"https:\/\/tyrving.idrett.no\/10\/f\/2016\/08\/24\/34-tyrving-utovere-til-um\/","url":"https:\/\/tyrving.idrett.no\/10\/f\/2016\/08\/24\/34-tyrving-utovere-til-um\/","name":"31 Tyrving-ut\u00f8vere til UM (oppdat) - Tyrving - Friidrett","isPartOf":{"@id":"https:\/\/tyrving.idrett.no\/10\/f\/#website"},"datePublished":"2016-08-24T20:15:24+00:00","dateModified":"2016-08-28T20:54:32+00:00","breadcrumb":{"@id":"https:\/\/tyrving.idrett.no\/10\/f\/2016\/08\/24\/34-tyrving-utovere-til-um\/#breadcrumb"},"inLanguage":"nb-NO","potentialAction":[{"@type":"ReadAction","target":["https:\/\/tyrving.idrett.no\/10\/f\/2016\/08\/24\/34-tyrving-utovere-til-um\/"]}]},{"@type":"BreadcrumbList","@id":"https:\/\/tyrving.idrett.no\/10\/f\/2016\/08\/24\/34-tyrving-utovere-til-um\/#breadcrumb","itemListElement":[{"@type":"ListItem","position":1,"name":"Hjem","item":"https:\/\/tyrving.idrett.no\/10\/f\/"},{"@type":"ListItem","position":2,"name":"31 Tyrving-ut\u00f8vere til UM (oppdat)"}]},{"@type":"WebSite","@id":"https:\/\/tyrving.idrett.no\/10\/f\/#website","url":"https:\/\/tyrving.idrett.no\/10\/f\/","name":"Tyrving - Friidrett","description":"Friidrettsgruppa","publisher":{"@id":"https:\/\/tyrving.idrett.no\/10\/f\/#organization"},"potentialAction":[{"@type":"SearchAction","target":{"@type":"EntryPoint","urlTemplate":"https:\/\/tyrving.idrett.no\/10\/f\/?s={search_term_string}"},"query-input":"required name=search_term_string"}],"inLanguage":"nb-NO"},{"@type":"Organization","@id":"https:\/\/tyrving.idrett.no\/10\/f\/#organization","name":"Tyrving Friidrettsgruppa","url":"https:\/\/tyrving.idrett.no\/10\/f\/","logo":{"@type":"ImageObject","inLanguage":"nb-NO","@id":"https:\/\/tyrving.idrett.no\/10\/f\/#\/schema\/logo\/image\/","url":"https:\/\/tyrving.idrett.no\/10\/f\/files\/2019\/04\/Tyrving-Logo-Friidrett-2019.jpg","contentUrl":"https:\/\/tyrving.idrett.no\/10\/f\/files\/2019\/04\/Tyrving-Logo-Friidrett-2019.jpg","width":460,"height":360,"caption":"Tyrving Friidrettsgruppa"},"image":{"@id":"https:\/\/tyrving.idrett.no\/10\/f\/#\/schema\/logo\/image\/"}},{"@type":"Person","@id":"https:\/\/tyrving.idrett.no\/10\/f\/#\/schema\/person\/9d33b15b4997b99c21c6e0b044d8bfd3","name":"Kirsten Larsen","image":{"@type":"ImageObject","inLanguage":"nb-NO","@id":"https:\/\/tyrving.idrett.no\/10\/f\/#\/schema\/person\/image\/","url":"https:\/\/secure.gravatar.com\/avatar\/2924b58c2b807e7f70945c639540a744?s=96&d=mm&r=g","contentUrl":"https:\/\/secure.gravatar.com\/avatar\/2924b58c2b807e7f70945c639540a744?s=96&d=mm&r=g","caption":"Kirsten Larsen"}}]}},"jetpack_sharing_enabled":true,"jetpack_featured_media_url":"https:\/\/tyrving.idrett.no\/10\/f\/files\/2016\/08\/d2deb4_fa5808ee0cd44c6ea7b045cd5be74e28-mv2_d_2362_1967_s_2.jpg","_links":{"self":[{"href":"https:\/\/tyrving.idrett.no\/10\/f\/wp-json\/wp\/v2\/posts\/16060"}],"collection":[{"href":"https:\/\/tyrving.idrett.no\/10\/f\/wp-json\/wp\/v2\/posts"}],"about":[{"href":"https:\/\/tyrving.idrett.no\/10\/f\/wp-json\/wp\/v2\/types\/post"}],"author":[{"embeddable":true,"href":"https:\/\/tyrving.idrett.no\/10\/f\/wp-json\/wp\/v2\/users\/2"}],"replies":[{"embeddable":true,"href":"https:\/\/tyrving.idrett.no\/10\/f\/wp-json\/wp\/v2\/comments?post=16060"}],"version-history":[{"count":7,"href":"https:\/\/tyrving.idrett.no\/10\/f\/wp-json\/wp\/v2\/posts\/16060\/revisions"}],"predecessor-version":[{"id":16072,"href":"https:\/\/tyrving.idrett.no\/10\/f\/wp-json\/wp\/v2\/posts\/16060\/revisions\/16072"}],"wp:featuredmedia":[{"embeddable":true,"href":"https:\/\/tyrving.idrett.no\/10\/f\/wp-json\/wp\/v2\/media\/16061"}],"wp:attachment":[{"href":"https:\/\/tyrving.idrett.no\/10\/f\/wp-json\/wp\/v2\/media?parent=16060"}],"wp:term":[{"taxonomy":"category","embeddable":true,"href":"https:\/\/tyrving.idrett.no\/10\/f\/wp-json\/wp\/v2\/categories?post=16060"},{"taxonomy":"post_tag","embeddable":true,"href":"https:\/\/tyrving.idrett.no\/10\/f\/wp-json\/wp\/v2\/tags?post=16060"}],"curies":[{"name":"wp","href":"https:\/\/api.w.org\/{rel}","templated":true}]}}