{"id":16085,"date":"2016-09-01T19:39:42","date_gmt":"2016-09-01T17:39:42","guid":{"rendered":"http:\/\/tyrving.idrett.no\/10\/f\/?p=16085"},"modified":"2016-09-01T19:39:42","modified_gmt":"2016-09-01T17:39:42","slug":"ungdomslekene-2016","status":"publish","type":"post","link":"https:\/\/tyrving.idrett.no\/10\/f\/2016\/09\/01\/ungdomslekene-2016\/","title":{"rendered":"Ungdomslekene 2016"},"content":{"rendered":"<p>Sist helg var det Ungdomsleker p\u00e5 Jessheim. Takk til Dag Henning Kleven for innsendt innlegg fra lekene.<\/p>\n<hr \/>\n<p>Ungdomslekene er et uoffisielt norgesmesterskap for 13 og 14 \u00e5ringene. Deltagere blir plukket ut gjennom kretsen og representerer kretsen i stevnet. Det arrangeres p\u00e5 3 steder i Norge samtidig og det er en h\u00f8ytidelig \u00e5pning med innmars.<\/p>\n<p>Akershus gjorde det bra og havnet p\u00e5 andre plass bak Oslo og var godt representert med mange Tyrvingut\u00f8vere.<\/p>\n<p>Fra Tyrving ble f\u00f8lgende tatt ut av kretsen for \u00e5 representere Akershus: Sigurd Klemetsen, Anders M\u00f8rdre Davidsen, J\u00f8rgen Brenna Loennecken, Jo Magnus Kleven, Andreas Ler\u00f8, Isak Leknes Frey, Anders Gr\u00f8gaard, Bastian Berthelsen, Tarjei L. Nesheim, Aleksander Elde Holmbo, Nikolai Elde Holmbo, Matinius Lie-Petterson, Brage B. Hammerstad, Sebastian Helgheim, Lars \u00c5dland, Christian Lervik, Kasper Engeset, Maja Vullum, Bertine Hanneberg, Helga \u00d8stensen, Alva Sveen, Anna Langeland, Cornelia Johnsen Braseth, Astrid Bakke, Synn\u00f8ve Undset og Maren Berglund<\/p>\n<p>Utrolig g\u00f8y at s\u00e5 mange fra Tyrving har deltatt p\u00e5 stevner, hatt det g\u00f8y og kvalifisert seg til \u00e5 v\u00e6re med. Dette er vi stolte av.<\/p>\n<p>Resultater finnes p\u00e5 denne linken: <a href=\"http:\/\/webres.andro.no\/ungdomelekene\/2016\/jessheim\/\" target=\"_blank\" rel=\"nofollow\">http:\/\/webres.andro.no\/ungdomelekene\/2016\/jessheim\/<\/a><\/p>\n<p>Masse bra resultater i alle grener. Kast er en relativt liten gruppe i en s\u00e5 stor klubb som Tyrving, men de kastet fra seg; J\u00f8rgen Brenna Loennechen kaster ny personlig rekord i Spyd p\u00e5 28,79 og det holdt til 6. plass. I kule dro han til med s\u00f8lv. Jo Magnus kastet ogs\u00e5 ny personlig rekord i slegge p\u00e5 siste kast med 29,81 og det holdt ogs\u00e5 til s\u00f8lv. I kule G14 kastet Brage Buseth Hammerstad 7,16 og 9 plass i en t\u00f8ff klasse. .<\/p>\n","protected":false},"excerpt":{"rendered":"Sist helg var det Ungdomsleker p\u00e5 Jessheim. Takk til Dag Henning Kleven for innsendt innlegg fra lekene. Ungdomslekene er et uoffisielt norgesmesterskap for 13 og 14 \u00e5ringene. Deltagere blir plukket u&#8230;","protected":false},"author":1,"featured_media":16086,"comment_status":"open","ping_status":"open","sticky":false,"template":"","format":"standard","meta":{"footnotes":"","_jetpack_memberships_contains_paid_content":false},"categories":[1],"tags":[],"acf":[],"yoast_head":"<!-- This site is optimized with the Yoast SEO plugin v21.2 - https:\/\/yoast.com\/wordpress\/plugins\/seo\/ -->\n<title>Ungdomslekene 2016 - Tyrving - Friidrett<\/title>\n<meta name=\"robots\" content=\"index, follow, max-snippet:-1, max-image-preview:large, max-video-preview:-1\" \/>\n<link rel=\"canonical\" href=\"https:\/\/tyrving.idrett.no\/10\/f\/2016\/09\/01\/ungdomslekene-2016\/\" \/>\n<meta property=\"og:locale\" content=\"nb_NO\" \/>\n<meta property=\"og:type\" content=\"article\" \/>\n<meta property=\"og:title\" content=\"Ungdomslekene 2016 - Tyrving - Friidrett\" \/>\n<meta property=\"og:description\" content=\"Sist helg var det Ungdomsleker p\u00e5 Jessheim. Takk til Dag Henning Kleven for innsendt innlegg fra lekene. Ungdomslekene er et uoffisielt norgesmesterskap for 13 og 14 \u00e5ringene. Deltagere blir plukket u...\" \/>\n<meta property=\"og:url\" content=\"https:\/\/tyrving.idrett.no\/10\/f\/2016\/09\/01\/ungdomslekene-2016\/\" \/>\n<meta property=\"og:site_name\" content=\"Tyrving - Friidrett\" \/>\n<meta property=\"article:published_time\" content=\"2016-09-01T17:39:42+00:00\" \/>\n<meta property=\"og:image\" content=\"https:\/\/tyrving.idrett.no\/10\/f\/files\/2016\/09\/20160827_1103591.jpg\" \/>\n\t<meta property=\"og:image:width\" content=\"480\" \/>\n\t<meta property=\"og:image:height\" content=\"270\" \/>\n\t<meta property=\"og:image:type\" content=\"image\/jpeg\" \/>\n<meta name=\"author\" content=\"admin\" \/>\n<meta name=\"twitter:card\" content=\"summary_large_image\" \/>\n<meta name=\"twitter:label1\" content=\"Skrevet av\" \/>\n\t<meta name=\"twitter:data1\" content=\"admin\" \/>\n\t<meta name=\"twitter:label2\" content=\"Ansl. lesetid\" \/>\n\t<meta name=\"twitter:data2\" content=\"1 minutt\" \/>\n<script type=\"application\/ld+json\" class=\"yoast-schema-graph\">{\"@context\":\"https:\/\/schema.org\",\"@graph\":[{\"@type\":\"Article\",\"@id\":\"https:\/\/tyrving.idrett.no\/10\/f\/2016\/09\/01\/ungdomslekene-2016\/#article\",\"isPartOf\":{\"@id\":\"https:\/\/tyrving.idrett.no\/10\/f\/2016\/09\/01\/ungdomslekene-2016\/\"},\"author\":{\"name\":\"admin\",\"@id\":\"https:\/\/tyrving.idrett.no\/10\/f\/#\/schema\/person\/b0b301ce26d13339293caf5c0bc7d286\"},\"headline\":\"Ungdomslekene 2016\",\"datePublished\":\"2016-09-01T17:39:42+00:00\",\"dateModified\":\"2016-09-01T17:39:42+00:00\",\"mainEntityOfPage\":{\"@id\":\"https:\/\/tyrving.idrett.no\/10\/f\/2016\/09\/01\/ungdomslekene-2016\/\"},\"wordCount\":271,\"commentCount\":0,\"publisher\":{\"@id\":\"https:\/\/tyrving.idrett.no\/10\/f\/#organization\"},\"articleSection\":[\"Nyheter\"],\"inLanguage\":\"nb-NO\",\"potentialAction\":[{\"@type\":\"CommentAction\",\"name\":\"Comment\",\"target\":[\"https:\/\/tyrving.idrett.no\/10\/f\/2016\/09\/01\/ungdomslekene-2016\/#respond\"]}]},{\"@type\":\"WebPage\",\"@id\":\"https:\/\/tyrving.idrett.no\/10\/f\/2016\/09\/01\/ungdomslekene-2016\/\",\"url\":\"https:\/\/tyrving.idrett.no\/10\/f\/2016\/09\/01\/ungdomslekene-2016\/\",\"name\":\"Ungdomslekene 2016 - Tyrving - Friidrett\",\"isPartOf\":{\"@id\":\"https:\/\/tyrving.idrett.no\/10\/f\/#website\"},\"datePublished\":\"2016-09-01T17:39:42+00:00\",\"dateModified\":\"2016-09-01T17:39:42+00:00\",\"breadcrumb\":{\"@id\":\"https:\/\/tyrving.idrett.no\/10\/f\/2016\/09\/01\/ungdomslekene-2016\/#breadcrumb\"},\"inLanguage\":\"nb-NO\",\"potentialAction\":[{\"@type\":\"ReadAction\",\"target\":[\"https:\/\/tyrving.idrett.no\/10\/f\/2016\/09\/01\/ungdomslekene-2016\/\"]}]},{\"@type\":\"BreadcrumbList\",\"@id\":\"https:\/\/tyrving.idrett.no\/10\/f\/2016\/09\/01\/ungdomslekene-2016\/#breadcrumb\",\"itemListElement\":[{\"@type\":\"ListItem\",\"position\":1,\"name\":\"Hjem\",\"item\":\"https:\/\/tyrving.idrett.no\/10\/f\/\"},{\"@type\":\"ListItem\",\"position\":2,\"name\":\"Ungdomslekene 2016\"}]},{\"@type\":\"WebSite\",\"@id\":\"https:\/\/tyrving.idrett.no\/10\/f\/#website\",\"url\":\"https:\/\/tyrving.idrett.no\/10\/f\/\",\"name\":\"Tyrving - Friidrett\",\"description\":\"Friidrettsgruppa\",\"publisher\":{\"@id\":\"https:\/\/tyrving.idrett.no\/10\/f\/#organization\"},\"potentialAction\":[{\"@type\":\"SearchAction\",\"target\":{\"@type\":\"EntryPoint\",\"urlTemplate\":\"https:\/\/tyrving.idrett.no\/10\/f\/?s={search_term_string}\"},\"query-input\":\"required name=search_term_string\"}],\"inLanguage\":\"nb-NO\"},{\"@type\":\"Organization\",\"@id\":\"https:\/\/tyrving.idrett.no\/10\/f\/#organization\",\"name\":\"Tyrving Friidrettsgruppa\",\"url\":\"https:\/\/tyrving.idrett.no\/10\/f\/\",\"logo\":{\"@type\":\"ImageObject\",\"inLanguage\":\"nb-NO\",\"@id\":\"https:\/\/tyrving.idrett.no\/10\/f\/#\/schema\/logo\/image\/\",\"url\":\"https:\/\/tyrving.idrett.no\/10\/f\/files\/2019\/04\/Tyrving-Logo-Friidrett-2019.jpg\",\"contentUrl\":\"https:\/\/tyrving.idrett.no\/10\/f\/files\/2019\/04\/Tyrving-Logo-Friidrett-2019.jpg\",\"width\":460,\"height\":360,\"caption\":\"Tyrving Friidrettsgruppa\"},\"image\":{\"@id\":\"https:\/\/tyrving.idrett.no\/10\/f\/#\/schema\/logo\/image\/\"}},{\"@type\":\"Person\",\"@id\":\"https:\/\/tyrving.idrett.no\/10\/f\/#\/schema\/person\/b0b301ce26d13339293caf5c0bc7d286\",\"name\":\"admin\",\"image\":{\"@type\":\"ImageObject\",\"inLanguage\":\"nb-NO\",\"@id\":\"https:\/\/tyrving.idrett.no\/10\/f\/#\/schema\/person\/image\/\",\"url\":\"https:\/\/secure.gravatar.com\/avatar\/4b0456acc2ea550a97d3a11ebb27598d?s=96&d=mm&r=g\",\"contentUrl\":\"https:\/\/secure.gravatar.com\/avatar\/4b0456acc2ea550a97d3a11ebb27598d?s=96&d=mm&r=g\",\"caption\":\"admin\"}}]}<\/script>\n<!-- \/ Yoast SEO plugin. -->","yoast_head_json":{"title":"Ungdomslekene 2016 - Tyrving - Friidrett","robots":{"index":"index","follow":"follow","max-snippet":"max-snippet:-1","max-image-preview":"max-image-preview:large","max-video-preview":"max-video-preview:-1"},"canonical":"https:\/\/tyrving.idrett.no\/10\/f\/2016\/09\/01\/ungdomslekene-2016\/","og_locale":"nb_NO","og_type":"article","og_title":"Ungdomslekene 2016 - Tyrving - Friidrett","og_description":"Sist helg var det Ungdomsleker p\u00e5 Jessheim. Takk til Dag Henning Kleven for innsendt innlegg fra lekene. Ungdomslekene er et uoffisielt norgesmesterskap for 13 og 14 \u00e5ringene. Deltagere blir plukket u...","og_url":"https:\/\/tyrving.idrett.no\/10\/f\/2016\/09\/01\/ungdomslekene-2016\/","og_site_name":"Tyrving - Friidrett","article_published_time":"2016-09-01T17:39:42+00:00","og_image":[{"width":480,"height":270,"url":"https:\/\/tyrving.idrett.no\/10\/f\/files\/2016\/09\/20160827_1103591.jpg","type":"image\/jpeg"}],"author":"admin","twitter_card":"summary_large_image","twitter_misc":{"Skrevet av":"admin","Ansl. lesetid":"1 minutt"},"schema":{"@context":"https:\/\/schema.org","@graph":[{"@type":"Article","@id":"https:\/\/tyrving.idrett.no\/10\/f\/2016\/09\/01\/ungdomslekene-2016\/#article","isPartOf":{"@id":"https:\/\/tyrving.idrett.no\/10\/f\/2016\/09\/01\/ungdomslekene-2016\/"},"author":{"name":"admin","@id":"https:\/\/tyrving.idrett.no\/10\/f\/#\/schema\/person\/b0b301ce26d13339293caf5c0bc7d286"},"headline":"Ungdomslekene 2016","datePublished":"2016-09-01T17:39:42+00:00","dateModified":"2016-09-01T17:39:42+00:00","mainEntityOfPage":{"@id":"https:\/\/tyrving.idrett.no\/10\/f\/2016\/09\/01\/ungdomslekene-2016\/"},"wordCount":271,"commentCount":0,"publisher":{"@id":"https:\/\/tyrving.idrett.no\/10\/f\/#organization"},"articleSection":["Nyheter"],"inLanguage":"nb-NO","potentialAction":[{"@type":"CommentAction","name":"Comment","target":["https:\/\/tyrving.idrett.no\/10\/f\/2016\/09\/01\/ungdomslekene-2016\/#respond"]}]},{"@type":"WebPage","@id":"https:\/\/tyrving.idrett.no\/10\/f\/2016\/09\/01\/ungdomslekene-2016\/","url":"https:\/\/tyrving.idrett.no\/10\/f\/2016\/09\/01\/ungdomslekene-2016\/","name":"Ungdomslekene 2016 - Tyrving - Friidrett","isPartOf":{"@id":"https:\/\/tyrving.idrett.no\/10\/f\/#website"},"datePublished":"2016-09-01T17:39:42+00:00","dateModified":"2016-09-01T17:39:42+00:00","breadcrumb":{"@id":"https:\/\/tyrving.idrett.no\/10\/f\/2016\/09\/01\/ungdomslekene-2016\/#breadcrumb"},"inLanguage":"nb-NO","potentialAction":[{"@type":"ReadAction","target":["https:\/\/tyrving.idrett.no\/10\/f\/2016\/09\/01\/ungdomslekene-2016\/"]}]},{"@type":"BreadcrumbList","@id":"https:\/\/tyrving.idrett.no\/10\/f\/2016\/09\/01\/ungdomslekene-2016\/#breadcrumb","itemListElement":[{"@type":"ListItem","position":1,"name":"Hjem","item":"https:\/\/tyrving.idrett.no\/10\/f\/"},{"@type":"ListItem","position":2,"name":"Ungdomslekene 2016"}]},{"@type":"WebSite","@id":"https:\/\/tyrving.idrett.no\/10\/f\/#website","url":"https:\/\/tyrving.idrett.no\/10\/f\/","name":"Tyrving - Friidrett","description":"Friidrettsgruppa","publisher":{"@id":"https:\/\/tyrving.idrett.no\/10\/f\/#organization"},"potentialAction":[{"@type":"SearchAction","target":{"@type":"EntryPoint","urlTemplate":"https:\/\/tyrving.idrett.no\/10\/f\/?s={search_term_string}"},"query-input":"required name=search_term_string"}],"inLanguage":"nb-NO"},{"@type":"Organization","@id":"https:\/\/tyrving.idrett.no\/10\/f\/#organization","name":"Tyrving Friidrettsgruppa","url":"https:\/\/tyrving.idrett.no\/10\/f\/","logo":{"@type":"ImageObject","inLanguage":"nb-NO","@id":"https:\/\/tyrving.idrett.no\/10\/f\/#\/schema\/logo\/image\/","url":"https:\/\/tyrving.idrett.no\/10\/f\/files\/2019\/04\/Tyrving-Logo-Friidrett-2019.jpg","contentUrl":"https:\/\/tyrving.idrett.no\/10\/f\/files\/2019\/04\/Tyrving-Logo-Friidrett-2019.jpg","width":460,"height":360,"caption":"Tyrving Friidrettsgruppa"},"image":{"@id":"https:\/\/tyrving.idrett.no\/10\/f\/#\/schema\/logo\/image\/"}},{"@type":"Person","@id":"https:\/\/tyrving.idrett.no\/10\/f\/#\/schema\/person\/b0b301ce26d13339293caf5c0bc7d286","name":"admin","image":{"@type":"ImageObject","inLanguage":"nb-NO","@id":"https:\/\/tyrving.idrett.no\/10\/f\/#\/schema\/person\/image\/","url":"https:\/\/secure.gravatar.com\/avatar\/4b0456acc2ea550a97d3a11ebb27598d?s=96&d=mm&r=g","contentUrl":"https:\/\/secure.gravatar.com\/avatar\/4b0456acc2ea550a97d3a11ebb27598d?s=96&d=mm&r=g","caption":"admin"}}]}},"jetpack_sharing_enabled":true,"jetpack_featured_media_url":"https:\/\/tyrving.idrett.no\/10\/f\/files\/2016\/09\/20160827_1103591.jpg","_links":{"self":[{"href":"https:\/\/tyrving.idrett.no\/10\/f\/wp-json\/wp\/v2\/posts\/16085"}],"collection":[{"href":"https:\/\/tyrving.idrett.no\/10\/f\/wp-json\/wp\/v2\/posts"}],"about":[{"href":"https:\/\/tyrving.idrett.no\/10\/f\/wp-json\/wp\/v2\/types\/post"}],"author":[{"embeddable":true,"href":"https:\/\/tyrving.idrett.no\/10\/f\/wp-json\/wp\/v2\/users\/1"}],"replies":[{"embeddable":true,"href":"https:\/\/tyrving.idrett.no\/10\/f\/wp-json\/wp\/v2\/comments?post=16085"}],"version-history":[{"count":2,"href":"https:\/\/tyrving.idrett.no\/10\/f\/wp-json\/wp\/v2\/posts\/16085\/revisions"}],"predecessor-version":[{"id":16088,"href":"https:\/\/tyrving.idrett.no\/10\/f\/wp-json\/wp\/v2\/posts\/16085\/revisions\/16088"}],"wp:featuredmedia":[{"embeddable":true,"href":"https:\/\/tyrving.idrett.no\/10\/f\/wp-json\/wp\/v2\/media\/16086"}],"wp:attachment":[{"href":"https:\/\/tyrving.idrett.no\/10\/f\/wp-json\/wp\/v2\/media?parent=16085"}],"wp:term":[{"taxonomy":"category","embeddable":true,"href":"https:\/\/tyrving.idrett.no\/10\/f\/wp-json\/wp\/v2\/categories?post=16085"},{"taxonomy":"post_tag","embeddable":true,"href":"https:\/\/tyrving.idrett.no\/10\/f\/wp-json\/wp\/v2\/tags?post=16085"}],"curies":[{"name":"wp","href":"https:\/\/api.w.org\/{rel}","templated":true}]}}