{"id":16094,"date":"2016-09-02T13:05:42","date_gmt":"2016-09-02T11:05:42","guid":{"rendered":"http:\/\/tyrving.idrett.no\/10\/f\/?p=16094"},"modified":"2016-09-02T13:05:42","modified_gmt":"2016-09-02T11:05:42","slug":"resultater-fra-tyrvings-hostserie-kule-og-spyd","status":"publish","type":"post","link":"https:\/\/tyrving.idrett.no\/10\/f\/2016\/09\/02\/resultater-fra-tyrvings-hostserie-kule-og-spyd\/","title":{"rendered":"Resultater fra Tyrvings H\u00f8stserie kule og spyd"},"content":{"rendered":"<p>Siden de fleste ungdommene var p\u00e5 vei til UM, ble kaststevnet med kule og spyd i Tyrvings H\u00f8stserie mest for de aller yngste med innslag av (super-)veteraner. Moro med 10 \u00e5r gamle Josefine Gundersen i samme stevne som morfar Endre Nesheim. Morfar kaster fortsatt lengst, men det varer nok ikke lenge f\u00f8r Josefine tar over \u2013 hun var en av mange som satte flotte perser. Fine prestasjoner av 10 og 11-\u00e5ringene \u2013 flest gutter i spyd og flest jenter i kule.<\/p>\n<p>Ida Nesse dokumenterte solid form f\u00f8r avreise til Paralympics med jevne serier i begge \u00f8velsene og \u00a034,69 (spyd) og 8,54 (kule) som best. Blir spennende \u00e5 f\u00f8lge Ida i Rio der hun skal kaste diskos!<\/p>\n<p>Fine perser notert i 15-\u00e5rsklassen med Mari Berntsen 23,97 i spyd og Alexander Gatland 11,05 i kule \u2013 det siste er forbedring av pers med 1,5 meter!<\/p>\n<p>Superveteranene p\u00e5 60, 70 og 80 \u00e5r imponerer! Og Kalle Wiggen viste at han ikke bare er en glimrende kasttrener, men han kan kaste spydet selv ogs\u00e5.<\/p>\n<p><a href=\"http:\/\/tyrving.idrett.no\/10\/f\/files\/2016\/09\/Resultater-Tyrvings-H\u00f8stserie-kaststevne-1.9.2016.pdf\">Resultater-Tyrvings-H\u00f8stserie-kaststevne-1.9.2016<\/a><\/p>\n<p>Vi sees til neste stevne i h\u00f8stserien <strong>mandag 5\/9<\/strong> \u2013 p\u00e5 kastbanen med diskos og slegge p\u00e5 programmet. Husk ogs\u00e5 <strong>l\u00f8psstevnet 13\/9.<\/strong><\/p>\n<p>P\u00e5 bildet: Ivrige kastere i B\u00e6rum Idrettspark i vinter. Jonathan Hertwig \u00d8degaard, G-11 (i gult) slo til med flotte resultat i g\u00e5r i b\u00e5de kule og spyd.<\/p>\n<p>Stevneleder og referent p\u00e5 Nadderud: Jon \u00d8lnes<\/p>\n","protected":false},"excerpt":{"rendered":"Siden de fleste ungdommene var p\u00e5 vei til UM, ble kaststevnet med kule og spyd i Tyrvings H\u00f8stserie mest for de aller yngste med innslag av (super-)veteraner. Moro med 10 \u00e5r gamle Josefine Gundersen i&#8230;","protected":false},"author":1,"featured_media":14574,"comment_status":"open","ping_status":"open","sticky":false,"template":"","format":"standard","meta":{"footnotes":"","_jetpack_memberships_contains_paid_content":false},"categories":[1],"tags":[],"acf":[],"yoast_head":"<!-- This site is optimized with the Yoast SEO plugin v21.2 - https:\/\/yoast.com\/wordpress\/plugins\/seo\/ -->\n<title>Resultater fra Tyrvings H\u00f8stserie kule og spyd - Tyrving - Friidrett<\/title>\n<meta name=\"robots\" content=\"index, follow, max-snippet:-1, max-image-preview:large, max-video-preview:-1\" \/>\n<link rel=\"canonical\" href=\"https:\/\/tyrving.idrett.no\/10\/f\/2016\/09\/02\/resultater-fra-tyrvings-hostserie-kule-og-spyd\/\" \/>\n<meta property=\"og:locale\" content=\"nb_NO\" \/>\n<meta property=\"og:type\" content=\"article\" \/>\n<meta property=\"og:title\" content=\"Resultater fra Tyrvings H\u00f8stserie kule og spyd - Tyrving - Friidrett\" \/>\n<meta property=\"og:description\" content=\"Siden de fleste ungdommene var p\u00e5 vei til UM, ble kaststevnet med kule og spyd i Tyrvings H\u00f8stserie mest for de aller yngste med innslag av (super-)veteraner. Moro med 10 \u00e5r gamle Josefine Gundersen i...\" \/>\n<meta property=\"og:url\" content=\"https:\/\/tyrving.idrett.no\/10\/f\/2016\/09\/02\/resultater-fra-tyrvings-hostserie-kule-og-spyd\/\" \/>\n<meta property=\"og:site_name\" content=\"Tyrving - Friidrett\" \/>\n<meta property=\"article:published_time\" content=\"2016-09-02T11:05:42+00:00\" \/>\n<meta property=\"og:image\" content=\"https:\/\/tyrving.idrett.no\/10\/f\/files\/2015\/12\/P1018861-1024x768.jpg\" \/>\n\t<meta property=\"og:image:width\" content=\"1024\" \/>\n\t<meta property=\"og:image:height\" content=\"768\" \/>\n\t<meta property=\"og:image:type\" content=\"image\/jpeg\" \/>\n<meta name=\"author\" content=\"admin\" \/>\n<meta name=\"twitter:card\" content=\"summary_large_image\" \/>\n<meta name=\"twitter:label1\" content=\"Skrevet av\" \/>\n\t<meta name=\"twitter:data1\" content=\"admin\" \/>\n\t<meta name=\"twitter:label2\" content=\"Ansl. lesetid\" \/>\n\t<meta name=\"twitter:data2\" content=\"1 minutt\" \/>\n<script type=\"application\/ld+json\" class=\"yoast-schema-graph\">{\"@context\":\"https:\/\/schema.org\",\"@graph\":[{\"@type\":\"Article\",\"@id\":\"https:\/\/tyrving.idrett.no\/10\/f\/2016\/09\/02\/resultater-fra-tyrvings-hostserie-kule-og-spyd\/#article\",\"isPartOf\":{\"@id\":\"https:\/\/tyrving.idrett.no\/10\/f\/2016\/09\/02\/resultater-fra-tyrvings-hostserie-kule-og-spyd\/\"},\"author\":{\"name\":\"admin\",\"@id\":\"https:\/\/tyrving.idrett.no\/10\/f\/#\/schema\/person\/b0b301ce26d13339293caf5c0bc7d286\"},\"headline\":\"Resultater fra Tyrvings H\u00f8stserie kule og spyd\",\"datePublished\":\"2016-09-02T11:05:42+00:00\",\"dateModified\":\"2016-09-02T11:05:42+00:00\",\"mainEntityOfPage\":{\"@id\":\"https:\/\/tyrving.idrett.no\/10\/f\/2016\/09\/02\/resultater-fra-tyrvings-hostserie-kule-og-spyd\/\"},\"wordCount\":231,\"commentCount\":0,\"publisher\":{\"@id\":\"https:\/\/tyrving.idrett.no\/10\/f\/#organization\"},\"articleSection\":[\"Nyheter\"],\"inLanguage\":\"nb-NO\",\"potentialAction\":[{\"@type\":\"CommentAction\",\"name\":\"Comment\",\"target\":[\"https:\/\/tyrving.idrett.no\/10\/f\/2016\/09\/02\/resultater-fra-tyrvings-hostserie-kule-og-spyd\/#respond\"]}]},{\"@type\":\"WebPage\",\"@id\":\"https:\/\/tyrving.idrett.no\/10\/f\/2016\/09\/02\/resultater-fra-tyrvings-hostserie-kule-og-spyd\/\",\"url\":\"https:\/\/tyrving.idrett.no\/10\/f\/2016\/09\/02\/resultater-fra-tyrvings-hostserie-kule-og-spyd\/\",\"name\":\"Resultater fra Tyrvings H\u00f8stserie kule og spyd - Tyrving - Friidrett\",\"isPartOf\":{\"@id\":\"https:\/\/tyrving.idrett.no\/10\/f\/#website\"},\"datePublished\":\"2016-09-02T11:05:42+00:00\",\"dateModified\":\"2016-09-02T11:05:42+00:00\",\"breadcrumb\":{\"@id\":\"https:\/\/tyrving.idrett.no\/10\/f\/2016\/09\/02\/resultater-fra-tyrvings-hostserie-kule-og-spyd\/#breadcrumb\"},\"inLanguage\":\"nb-NO\",\"potentialAction\":[{\"@type\":\"ReadAction\",\"target\":[\"https:\/\/tyrving.idrett.no\/10\/f\/2016\/09\/02\/resultater-fra-tyrvings-hostserie-kule-og-spyd\/\"]}]},{\"@type\":\"BreadcrumbList\",\"@id\":\"https:\/\/tyrving.idrett.no\/10\/f\/2016\/09\/02\/resultater-fra-tyrvings-hostserie-kule-og-spyd\/#breadcrumb\",\"itemListElement\":[{\"@type\":\"ListItem\",\"position\":1,\"name\":\"Hjem\",\"item\":\"https:\/\/tyrving.idrett.no\/10\/f\/\"},{\"@type\":\"ListItem\",\"position\":2,\"name\":\"Resultater fra Tyrvings H\u00f8stserie kule og spyd\"}]},{\"@type\":\"WebSite\",\"@id\":\"https:\/\/tyrving.idrett.no\/10\/f\/#website\",\"url\":\"https:\/\/tyrving.idrett.no\/10\/f\/\",\"name\":\"Tyrving - Friidrett\",\"description\":\"Friidrettsgruppa\",\"publisher\":{\"@id\":\"https:\/\/tyrving.idrett.no\/10\/f\/#organization\"},\"potentialAction\":[{\"@type\":\"SearchAction\",\"target\":{\"@type\":\"EntryPoint\",\"urlTemplate\":\"https:\/\/tyrving.idrett.no\/10\/f\/?s={search_term_string}\"},\"query-input\":\"required name=search_term_string\"}],\"inLanguage\":\"nb-NO\"},{\"@type\":\"Organization\",\"@id\":\"https:\/\/tyrving.idrett.no\/10\/f\/#organization\",\"name\":\"Tyrving Friidrettsgruppa\",\"url\":\"https:\/\/tyrving.idrett.no\/10\/f\/\",\"logo\":{\"@type\":\"ImageObject\",\"inLanguage\":\"nb-NO\",\"@id\":\"https:\/\/tyrving.idrett.no\/10\/f\/#\/schema\/logo\/image\/\",\"url\":\"https:\/\/tyrving.idrett.no\/10\/f\/files\/2019\/04\/Tyrving-Logo-Friidrett-2019.jpg\",\"contentUrl\":\"https:\/\/tyrving.idrett.no\/10\/f\/files\/2019\/04\/Tyrving-Logo-Friidrett-2019.jpg\",\"width\":460,\"height\":360,\"caption\":\"Tyrving Friidrettsgruppa\"},\"image\":{\"@id\":\"https:\/\/tyrving.idrett.no\/10\/f\/#\/schema\/logo\/image\/\"}},{\"@type\":\"Person\",\"@id\":\"https:\/\/tyrving.idrett.no\/10\/f\/#\/schema\/person\/b0b301ce26d13339293caf5c0bc7d286\",\"name\":\"admin\",\"image\":{\"@type\":\"ImageObject\",\"inLanguage\":\"nb-NO\",\"@id\":\"https:\/\/tyrving.idrett.no\/10\/f\/#\/schema\/person\/image\/\",\"url\":\"https:\/\/secure.gravatar.com\/avatar\/4b0456acc2ea550a97d3a11ebb27598d?s=96&d=mm&r=g\",\"contentUrl\":\"https:\/\/secure.gravatar.com\/avatar\/4b0456acc2ea550a97d3a11ebb27598d?s=96&d=mm&r=g\",\"caption\":\"admin\"}}]}<\/script>\n<!-- \/ Yoast SEO plugin. -->","yoast_head_json":{"title":"Resultater fra Tyrvings H\u00f8stserie kule og spyd - Tyrving - Friidrett","robots":{"index":"index","follow":"follow","max-snippet":"max-snippet:-1","max-image-preview":"max-image-preview:large","max-video-preview":"max-video-preview:-1"},"canonical":"https:\/\/tyrving.idrett.no\/10\/f\/2016\/09\/02\/resultater-fra-tyrvings-hostserie-kule-og-spyd\/","og_locale":"nb_NO","og_type":"article","og_title":"Resultater fra Tyrvings H\u00f8stserie kule og spyd - Tyrving - Friidrett","og_description":"Siden de fleste ungdommene var p\u00e5 vei til UM, ble kaststevnet med kule og spyd i Tyrvings H\u00f8stserie mest for de aller yngste med innslag av (super-)veteraner. Moro med 10 \u00e5r gamle Josefine Gundersen i...","og_url":"https:\/\/tyrving.idrett.no\/10\/f\/2016\/09\/02\/resultater-fra-tyrvings-hostserie-kule-og-spyd\/","og_site_name":"Tyrving - Friidrett","article_published_time":"2016-09-02T11:05:42+00:00","og_image":[{"width":1024,"height":768,"url":"https:\/\/tyrving.idrett.no\/10\/f\/files\/2015\/12\/P1018861-1024x768.jpg","type":"image\/jpeg"}],"author":"admin","twitter_card":"summary_large_image","twitter_misc":{"Skrevet av":"admin","Ansl. lesetid":"1 minutt"},"schema":{"@context":"https:\/\/schema.org","@graph":[{"@type":"Article","@id":"https:\/\/tyrving.idrett.no\/10\/f\/2016\/09\/02\/resultater-fra-tyrvings-hostserie-kule-og-spyd\/#article","isPartOf":{"@id":"https:\/\/tyrving.idrett.no\/10\/f\/2016\/09\/02\/resultater-fra-tyrvings-hostserie-kule-og-spyd\/"},"author":{"name":"admin","@id":"https:\/\/tyrving.idrett.no\/10\/f\/#\/schema\/person\/b0b301ce26d13339293caf5c0bc7d286"},"headline":"Resultater fra Tyrvings H\u00f8stserie kule og spyd","datePublished":"2016-09-02T11:05:42+00:00","dateModified":"2016-09-02T11:05:42+00:00","mainEntityOfPage":{"@id":"https:\/\/tyrving.idrett.no\/10\/f\/2016\/09\/02\/resultater-fra-tyrvings-hostserie-kule-og-spyd\/"},"wordCount":231,"commentCount":0,"publisher":{"@id":"https:\/\/tyrving.idrett.no\/10\/f\/#organization"},"articleSection":["Nyheter"],"inLanguage":"nb-NO","potentialAction":[{"@type":"CommentAction","name":"Comment","target":["https:\/\/tyrving.idrett.no\/10\/f\/2016\/09\/02\/resultater-fra-tyrvings-hostserie-kule-og-spyd\/#respond"]}]},{"@type":"WebPage","@id":"https:\/\/tyrving.idrett.no\/10\/f\/2016\/09\/02\/resultater-fra-tyrvings-hostserie-kule-og-spyd\/","url":"https:\/\/tyrving.idrett.no\/10\/f\/2016\/09\/02\/resultater-fra-tyrvings-hostserie-kule-og-spyd\/","name":"Resultater fra Tyrvings H\u00f8stserie kule og spyd - Tyrving - Friidrett","isPartOf":{"@id":"https:\/\/tyrving.idrett.no\/10\/f\/#website"},"datePublished":"2016-09-02T11:05:42+00:00","dateModified":"2016-09-02T11:05:42+00:00","breadcrumb":{"@id":"https:\/\/tyrving.idrett.no\/10\/f\/2016\/09\/02\/resultater-fra-tyrvings-hostserie-kule-og-spyd\/#breadcrumb"},"inLanguage":"nb-NO","potentialAction":[{"@type":"ReadAction","target":["https:\/\/tyrving.idrett.no\/10\/f\/2016\/09\/02\/resultater-fra-tyrvings-hostserie-kule-og-spyd\/"]}]},{"@type":"BreadcrumbList","@id":"https:\/\/tyrving.idrett.no\/10\/f\/2016\/09\/02\/resultater-fra-tyrvings-hostserie-kule-og-spyd\/#breadcrumb","itemListElement":[{"@type":"ListItem","position":1,"name":"Hjem","item":"https:\/\/tyrving.idrett.no\/10\/f\/"},{"@type":"ListItem","position":2,"name":"Resultater fra Tyrvings H\u00f8stserie kule og spyd"}]},{"@type":"WebSite","@id":"https:\/\/tyrving.idrett.no\/10\/f\/#website","url":"https:\/\/tyrving.idrett.no\/10\/f\/","name":"Tyrving - Friidrett","description":"Friidrettsgruppa","publisher":{"@id":"https:\/\/tyrving.idrett.no\/10\/f\/#organization"},"potentialAction":[{"@type":"SearchAction","target":{"@type":"EntryPoint","urlTemplate":"https:\/\/tyrving.idrett.no\/10\/f\/?s={search_term_string}"},"query-input":"required name=search_term_string"}],"inLanguage":"nb-NO"},{"@type":"Organization","@id":"https:\/\/tyrving.idrett.no\/10\/f\/#organization","name":"Tyrving Friidrettsgruppa","url":"https:\/\/tyrving.idrett.no\/10\/f\/","logo":{"@type":"ImageObject","inLanguage":"nb-NO","@id":"https:\/\/tyrving.idrett.no\/10\/f\/#\/schema\/logo\/image\/","url":"https:\/\/tyrving.idrett.no\/10\/f\/files\/2019\/04\/Tyrving-Logo-Friidrett-2019.jpg","contentUrl":"https:\/\/tyrving.idrett.no\/10\/f\/files\/2019\/04\/Tyrving-Logo-Friidrett-2019.jpg","width":460,"height":360,"caption":"Tyrving Friidrettsgruppa"},"image":{"@id":"https:\/\/tyrving.idrett.no\/10\/f\/#\/schema\/logo\/image\/"}},{"@type":"Person","@id":"https:\/\/tyrving.idrett.no\/10\/f\/#\/schema\/person\/b0b301ce26d13339293caf5c0bc7d286","name":"admin","image":{"@type":"ImageObject","inLanguage":"nb-NO","@id":"https:\/\/tyrving.idrett.no\/10\/f\/#\/schema\/person\/image\/","url":"https:\/\/secure.gravatar.com\/avatar\/4b0456acc2ea550a97d3a11ebb27598d?s=96&d=mm&r=g","contentUrl":"https:\/\/secure.gravatar.com\/avatar\/4b0456acc2ea550a97d3a11ebb27598d?s=96&d=mm&r=g","caption":"admin"}}]}},"jetpack_sharing_enabled":true,"jetpack_featured_media_url":"https:\/\/tyrving.idrett.no\/10\/f\/files\/2015\/12\/P1018861.jpg","_links":{"self":[{"href":"https:\/\/tyrving.idrett.no\/10\/f\/wp-json\/wp\/v2\/posts\/16094"}],"collection":[{"href":"https:\/\/tyrving.idrett.no\/10\/f\/wp-json\/wp\/v2\/posts"}],"about":[{"href":"https:\/\/tyrving.idrett.no\/10\/f\/wp-json\/wp\/v2\/types\/post"}],"author":[{"embeddable":true,"href":"https:\/\/tyrving.idrett.no\/10\/f\/wp-json\/wp\/v2\/users\/1"}],"replies":[{"embeddable":true,"href":"https:\/\/tyrving.idrett.no\/10\/f\/wp-json\/wp\/v2\/comments?post=16094"}],"version-history":[{"count":4,"href":"https:\/\/tyrving.idrett.no\/10\/f\/wp-json\/wp\/v2\/posts\/16094\/revisions"}],"predecessor-version":[{"id":16099,"href":"https:\/\/tyrving.idrett.no\/10\/f\/wp-json\/wp\/v2\/posts\/16094\/revisions\/16099"}],"wp:featuredmedia":[{"embeddable":true,"href":"https:\/\/tyrving.idrett.no\/10\/f\/wp-json\/wp\/v2\/media\/14574"}],"wp:attachment":[{"href":"https:\/\/tyrving.idrett.no\/10\/f\/wp-json\/wp\/v2\/media?parent=16094"}],"wp:term":[{"taxonomy":"category","embeddable":true,"href":"https:\/\/tyrving.idrett.no\/10\/f\/wp-json\/wp\/v2\/categories?post=16094"},{"taxonomy":"post_tag","embeddable":true,"href":"https:\/\/tyrving.idrett.no\/10\/f\/wp-json\/wp\/v2\/tags?post=16094"}],"curies":[{"name":"wp","href":"https:\/\/api.w.org\/{rel}","templated":true}]}}