{"id":16100,"date":"2016-09-03T10:40:23","date_gmt":"2016-09-03T08:40:23","guid":{"rendered":"http:\/\/tyrving.idrett.no\/10\/f\/?p=16100"},"modified":"2016-09-03T17:44:07","modified_gmt":"2016-09-03T15:44:07","slug":"knallstart-pa-ums-1-dag","status":"publish","type":"post","link":"https:\/\/tyrving.idrett.no\/10\/f\/2016\/09\/03\/knallstart-pa-ums-1-dag\/","title":{"rendered":"Knallstart p\u00e5 UMs 1 dag"},"content":{"rendered":"<p>Det ble en herlig start for Tyrving p\u00e5 UMs dag 1 p\u00e5 Sandnes stadion. Tyrvinggjengen virket \u00e5 v\u00e6re up\u00e5virket av det til tider rufsete vestlandsv\u00e6ret med regn og Siddisvind som hersket p\u00e5 mesterskapets f\u00f8rste dag. Med 4 gull og 4 s\u00f8lv, gikk klubben rett i tet i kampen om flest medaljepoeng blant klubbene. Gratulerer til Helena, J\u00f8rgen, Syver, Helene, Anastasia, Didrik og Markus med edelt metall!<\/p>\n<p><strong>Gull:<\/strong><\/p>\n<p>Helene R\u00f8nningen: (J 18\/19) 100m 11,45 (+2,2) og lengde 5,79<\/p>\n<p>Markus Berner: 110mhk (G 18\/19) 15,26<\/p>\n<p>Syver R\u00f8inaas: 400m (G17) 50,87<\/p>\n<p><strong>S\u00f8lv:<\/strong><\/p>\n<p>Didrik Warlo: 400m (G17) 50,94<\/p>\n<p>J\u00f8rgen Mejland Hansen: Tresteg (G17) 12,81<\/p>\n<p>Helena Kastelein: H\u00f8yde (J16) 1,62<\/p>\n<p>Anastasia Schnell: 300mhk (J15) 46,55<\/p>\n<p>Ellers var det veldig mange sterke resultater blant v\u00e5re ut\u00f8vere. Blant annet var det flere som var tett oppimot medaljeplasser, med \u00e5 plassere seg inn p\u00e5 de noe \u00absure\u00bb 4. og 5.plassene, i tillegg til mange personlige rekorder. Selv p\u00e5 en kald septemberdag viste Tyrvingungdommen at b\u00e5de den fysiske og mentale formen var prikket inn til det som er det st\u00f8rste stevnet for mange av v\u00e5re ut\u00f8vere hvert \u00e5r, i alderen 15-19 \u00e5r. Vi gleder oss til fortsettelsen p\u00e5 dag 2!<\/p>\n<p><strong>\u00d8vrige resultater sett med Tyrving\u00f8yne:<\/strong><\/p>\n<p><strong>Tresteg:<\/strong><\/p>\n<p>J17: Celine Bressand, (nr 8, 10,08)<\/p>\n<p><strong>Lengde:<\/strong><\/p>\n<p>G 18\/19: Kenneth Guldbrandsen ( nr 8,\u00a05,65)<\/p>\n<p><strong>Kule:<\/strong><\/p>\n<p>G17: Jan Kristian Hynne (nr 6, 11,85)<\/p>\n<p><strong>Stav:<\/strong><\/p>\n<p>J16: Helena Kastelein (nr 4, 2,41)<\/p>\n<p><strong>H\u00f8yde: <\/strong><\/p>\n<p>J16: Andrea Dammen (nr 9, 1,48)<\/p>\n<p><strong>100mhk<\/strong><\/p>\n<p>J17: Celina Lundevik (nr 5, 15,08)<\/p>\n<p><strong>100m<\/strong><\/p>\n<p>J15: Maria Aaberg \u00a0(utsl\u00e5tt i fors\u00f8k \u00a013,17)<\/p>\n<p>J16\u00a0100m: Andrea Dammen (semien 13,44. Fors\u00f8k 13,27)<\/p>\n<p>G16\u00a0100m Aroran Philip (utsl\u00e5tt i fors\u00f8k, 11,88 2,5+)<\/p>\n<p>G17\u00a0100m: Syver R\u00f8inaas (nr 5, 11,37 + 2,6), Jonathan G Bjerkaas (nr 8, 11,58, 2,6+), Jan K Hynne (utsl\u00e5tt fors\u00f8k 11,61, ny pers), Carsten Gr\u00f8nli (utsl\u00e5tt i fors\u00f8k 11,86, 2,4+)<\/p>\n<p>G18\/19 100m: Kenneth Guldbrandsen (nr 4, 11,15), Markus Berner (nr 5 11,17) og Theo Halvorsen (semi 11,36)<\/p>\n<p><strong>3000m<\/strong>:<\/p>\n<p>G 17: Henrik Bj\u00f8rnstad (nr 8, 9,20,69)<\/p>\n<p><strong>400m:<\/strong><\/p>\n<p>G17:<\/p>\n<p>J\u00f8rgen Mejland Hansen (nr 5, 52,44)<\/p>\n<p>Carl W Ebbesen (53,83)<\/p>\n<p>J 18\/19: Mina Angelero (nr 6, 58,60)<\/p>\n<p><strong>Noen glimt fra Sandnes stadion:<\/strong><\/p>\n<p><a href=\"http:\/\/tyrving.idrett.no\/10\/f\/files\/2016\/09\/thumbnail_IMG_0689.jpg\"><img decoding=\"async\" loading=\"lazy\" class=\"alignleft size-full wp-image-16108\" src=\"http:\/\/tyrving.idrett.no\/10\/f\/files\/2016\/09\/thumbnail_IMG_0689.jpg\" alt=\"thumbnail_IMG_0689\" width=\"640\" height=\"481\" srcset=\"https:\/\/tyrving.idrett.no\/10\/f\/files\/2016\/09\/thumbnail_IMG_0689.jpg 640w, https:\/\/tyrving.idrett.no\/10\/f\/files\/2016\/09\/thumbnail_IMG_0689-300x225.jpg 300w, https:\/\/tyrving.idrett.no\/10\/f\/files\/2016\/09\/thumbnail_IMG_0689-600x451.jpg 600w\" sizes=\"(max-width: 640px) 100vw, 640px\" \/><\/a><\/p>\n<p>&nbsp;<\/p>\n<p>&nbsp;<\/p>\n<p>&nbsp;<\/p>\n<p>&nbsp;<\/p>\n<p>&nbsp;<\/p>\n<p>&nbsp;<\/p>\n<p>&nbsp;<\/p>\n<p>&nbsp;<\/p>\n<p>&nbsp;<\/p>\n<p>&nbsp;<\/p>\n<p>&nbsp;<\/p>\n<p>&nbsp;<\/p>\n<p>&nbsp;<\/p>\n<p>Anastasia med sin f\u00f8rste UM-medalje p\u00e5 300mhk.<\/p>\n<p><a href=\"http:\/\/tyrving.idrett.no\/10\/f\/files\/2016\/09\/14182276_1261708190508877_201109755_n.jpg\"><img decoding=\"async\" loading=\"lazy\" class=\"alignleft size-full wp-image-16102\" src=\"http:\/\/tyrving.idrett.no\/10\/f\/files\/2016\/09\/14182276_1261708190508877_201109755_n.jpg\" alt=\"14182276_1261708190508877_201109755_n\" width=\"720\" height=\"540\" srcset=\"https:\/\/tyrving.idrett.no\/10\/f\/files\/2016\/09\/14182276_1261708190508877_201109755_n.jpg 720w, https:\/\/tyrving.idrett.no\/10\/f\/files\/2016\/09\/14182276_1261708190508877_201109755_n-300x225.jpg 300w, https:\/\/tyrving.idrett.no\/10\/f\/files\/2016\/09\/14182276_1261708190508877_201109755_n-600x450.jpg 600w\" sizes=\"(max-width: 720px) 100vw, 720px\" \/><\/a><\/p>\n<p>&nbsp;<\/p>\n<p>&nbsp;<\/p>\n<p>&nbsp;<\/p>\n<p>&nbsp;<\/p>\n<p>&nbsp;<\/p>\n<p>&nbsp;<\/p>\n<p>&nbsp;<\/p>\n<p>&nbsp;<\/p>\n<p>&nbsp;<\/p>\n<p>&nbsp;<\/p>\n<p>&nbsp;<\/p>\n<p>&nbsp;<\/p>\n<p>&nbsp;<\/p>\n<p>&nbsp;<\/p>\n<p>Jonathan og Jan Kristian, side om side. Konsentrert f\u00f8r 100m f\u00f8rs\u00f8k<\/p>\n<p><a href=\"http:\/\/tyrving.idrett.no\/10\/f\/files\/2016\/09\/14193799_1261789250500771_1690397323_n.jpg\"><img decoding=\"async\" loading=\"lazy\" class=\"alignleft size-full wp-image-16104\" src=\"http:\/\/tyrving.idrett.no\/10\/f\/files\/2016\/09\/14193799_1261789250500771_1690397323_n.jpg\" alt=\"14193799_1261789250500771_1690397323_n\" width=\"360\" height=\"480\" srcset=\"https:\/\/tyrving.idrett.no\/10\/f\/files\/2016\/09\/14193799_1261789250500771_1690397323_n.jpg 360w, https:\/\/tyrving.idrett.no\/10\/f\/files\/2016\/09\/14193799_1261789250500771_1690397323_n-225x300.jpg 225w\" sizes=\"(max-width: 360px) 100vw, 360px\" \/><\/a><\/p>\n<p>&nbsp;<\/p>\n<p>&nbsp;<\/p>\n<p>&nbsp;<\/p>\n<p>&nbsp;<\/p>\n<p>&nbsp;<\/p>\n<p>&nbsp;<\/p>\n<p>&nbsp;<\/p>\n<p>&nbsp;<\/p>\n<p>&nbsp;<\/p>\n<p>&nbsp;<\/p>\n<p>&nbsp;<\/p>\n<p>&nbsp;<\/p>\n<p>&nbsp;<\/p>\n<p>Hva diskuteres? Lengdesats eller 100m start? 2 gull p\u00e5 Helene f\u00f8rste dag.<\/p>\n<p><a href=\"http:\/\/tyrving.idrett.no\/10\/f\/files\/2016\/09\/14172093_1261692533843776_1702481558_n.jpg\"><img decoding=\"async\" loading=\"lazy\" class=\"alignleft size-full wp-image-16101\" src=\"http:\/\/tyrving.idrett.no\/10\/f\/files\/2016\/09\/14172093_1261692533843776_1702481558_n.jpg\" alt=\"14172093_1261692533843776_1702481558_n\" width=\"480\" height=\"640\" srcset=\"https:\/\/tyrving.idrett.no\/10\/f\/files\/2016\/09\/14172093_1261692533843776_1702481558_n.jpg 480w, https:\/\/tyrving.idrett.no\/10\/f\/files\/2016\/09\/14172093_1261692533843776_1702481558_n-225x300.jpg 225w\" sizes=\"(max-width: 480px) 100vw, 480px\" \/><\/a><\/p>\n<p>&nbsp;<\/p>\n<p>&nbsp;<\/p>\n<p>&nbsp;<\/p>\n<p>&nbsp;<\/p>\n<p>&nbsp;<\/p>\n<p>&nbsp;<\/p>\n<p>&nbsp;<\/p>\n<p>&nbsp;<\/p>\n<p>&nbsp;<\/p>\n<p>&nbsp;<\/p>\n<p>&nbsp;<\/p>\n<p>&nbsp;<\/p>\n<p>&nbsp;<\/p>\n<p>&nbsp;<\/p>\n<p>&nbsp;<\/p>\n<p>&nbsp;<\/p>\n<p>&nbsp;<\/p>\n<p>S\u00f8lvjenta Helena med sin f\u00f8rste UM-medalje. Pers ble det ogs\u00e5, med fine 1,62<\/p>\n<p><a href=\"http:\/\/tyrving.idrett.no\/10\/f\/files\/2016\/09\/14218321_1261787000500996_290265618_n.jpg\"><img decoding=\"async\" loading=\"lazy\" class=\"alignleft size-full wp-image-16105\" src=\"http:\/\/tyrving.idrett.no\/10\/f\/files\/2016\/09\/14218321_1261787000500996_290265618_n.jpg\" alt=\"14218321_1261787000500996_290265618_n\" width=\"480\" height=\"360\" srcset=\"https:\/\/tyrving.idrett.no\/10\/f\/files\/2016\/09\/14218321_1261787000500996_290265618_n.jpg 480w, https:\/\/tyrving.idrett.no\/10\/f\/files\/2016\/09\/14218321_1261787000500996_290265618_n-300x225.jpg 300w\" sizes=\"(max-width: 480px) 100vw, 480px\" \/><\/a><\/p>\n<p>&nbsp;<\/p>\n<p>&nbsp;<\/p>\n<p>&nbsp;<\/p>\n<p>&nbsp;<\/p>\n<p>&nbsp;<\/p>\n<p>&nbsp;<\/p>\n<p>&nbsp;<\/p>\n<p>&nbsp;<\/p>\n<p>&nbsp;<\/p>\n<p>&nbsp;<\/p>\n<p>Hvilken duell det ble! Kan virkelig Syver (bakerst r\u00f8d) rekke \u00e5 ta igjen Didrik (svart heldrakt) f\u00f8r m\u00e5l? Flotte tider og gull og s\u00f8lv ble det p\u00e5 400m-gutta!<\/p>\n<p>&nbsp;<\/p>\n<p><a href=\"http:\/\/tyrving.idrett.no\/10\/f\/files\/2016\/09\/14248950_1261788737167489_965882075_n.jpg\"><img decoding=\"async\" loading=\"lazy\" class=\"alignleft size-full wp-image-16107\" src=\"http:\/\/tyrving.idrett.no\/10\/f\/files\/2016\/09\/14248950_1261788737167489_965882075_n.jpg\" alt=\"14248950_1261788737167489_965882075_n\" width=\"360\" height=\"480\" \/><\/a><\/p>\n<p><a href=\"http:\/\/tyrving.idrett.no\/10\/f\/files\/2016\/09\/14193636_1261789837167379_1468313488_n.jpg\"><img decoding=\"async\" loading=\"lazy\" class=\"alignleft size-full wp-image-16103\" src=\"http:\/\/tyrving.idrett.no\/10\/f\/files\/2016\/09\/14193636_1261789837167379_1468313488_n.jpg\" alt=\"14193636_1261789837167379_1468313488_n\" width=\"360\" height=\"480\" srcset=\"https:\/\/tyrving.idrett.no\/10\/f\/files\/2016\/09\/14193636_1261789837167379_1468313488_n.jpg 360w, https:\/\/tyrving.idrett.no\/10\/f\/files\/2016\/09\/14193636_1261789837167379_1468313488_n-225x300.jpg 225w\" sizes=\"(max-width: 360px) 100vw, 360px\" \/><\/a><\/p>\n<p>&nbsp;<\/p>\n<p>&nbsp;<\/p>\n<p>&nbsp;<\/p>\n<p>&nbsp;<\/p>\n<p>&nbsp;<\/p>\n<p>&nbsp;<\/p>\n<p>&nbsp;<\/p>\n<p>&nbsp;<\/p>\n<p>&nbsp;<\/p>\n<p>&nbsp;<\/p>\n<p>&nbsp;<\/p>\n<p>&nbsp;<\/p>\n<p>&nbsp;<\/p>\n<p>Blide Tyrvingjenter i oppvarmingen. Andrea og Maria (bl\u00e5 jakke)<\/p>\n","protected":false},"excerpt":{"rendered":"Det ble en herlig start for Tyrving p\u00e5 UMs dag 1 p\u00e5 Sandnes stadion. Tyrvinggjengen virket \u00e5 v\u00e6re up\u00e5virket av det til tider rufsete vestlandsv\u00e6ret med regn og Siddisvind som hersket p\u00e5 mesterskapets &#8230;","protected":false},"author":1,"featured_media":16101,"comment_status":"open","ping_status":"open","sticky":false,"template":"","format":"standard","meta":{"footnotes":"","_jetpack_memberships_contains_paid_content":false},"categories":[1],"tags":[],"acf":[],"yoast_head":"<!-- This site is optimized with the Yoast SEO plugin v21.2 - https:\/\/yoast.com\/wordpress\/plugins\/seo\/ -->\n<title>Knallstart p\u00e5 UMs 1 dag - Tyrving - Friidrett<\/title>\n<meta name=\"robots\" content=\"index, follow, max-snippet:-1, max-image-preview:large, max-video-preview:-1\" \/>\n<link rel=\"canonical\" href=\"https:\/\/tyrving.idrett.no\/10\/f\/2016\/09\/03\/knallstart-pa-ums-1-dag\/\" \/>\n<meta property=\"og:locale\" content=\"nb_NO\" \/>\n<meta property=\"og:type\" content=\"article\" \/>\n<meta property=\"og:title\" content=\"Knallstart p\u00e5 UMs 1 dag - Tyrving - Friidrett\" \/>\n<meta property=\"og:description\" content=\"Det ble en herlig start for Tyrving p\u00e5 UMs dag 1 p\u00e5 Sandnes stadion. Tyrvinggjengen virket \u00e5 v\u00e6re up\u00e5virket av det til tider rufsete vestlandsv\u00e6ret med regn og Siddisvind som hersket p\u00e5 mesterskapets ...\" \/>\n<meta property=\"og:url\" content=\"https:\/\/tyrving.idrett.no\/10\/f\/2016\/09\/03\/knallstart-pa-ums-1-dag\/\" \/>\n<meta property=\"og:site_name\" content=\"Tyrving - Friidrett\" \/>\n<meta property=\"article:published_time\" content=\"2016-09-03T08:40:23+00:00\" \/>\n<meta property=\"article:modified_time\" content=\"2016-09-03T15:44:07+00:00\" \/>\n<meta property=\"og:image\" content=\"https:\/\/tyrving.idrett.no\/10\/f\/files\/2016\/09\/14172093_1261692533843776_1702481558_n.jpg\" \/>\n\t<meta property=\"og:image:width\" content=\"480\" \/>\n\t<meta property=\"og:image:height\" content=\"640\" \/>\n\t<meta property=\"og:image:type\" content=\"image\/jpeg\" \/>\n<meta name=\"author\" content=\"admin\" \/>\n<meta name=\"twitter:card\" content=\"summary_large_image\" \/>\n<meta name=\"twitter:label1\" content=\"Skrevet av\" \/>\n\t<meta name=\"twitter:data1\" content=\"admin\" \/>\n\t<meta name=\"twitter:label2\" content=\"Ansl. lesetid\" \/>\n\t<meta name=\"twitter:data2\" content=\"2 minutter\" \/>\n<script type=\"application\/ld+json\" class=\"yoast-schema-graph\">{\"@context\":\"https:\/\/schema.org\",\"@graph\":[{\"@type\":\"Article\",\"@id\":\"https:\/\/tyrving.idrett.no\/10\/f\/2016\/09\/03\/knallstart-pa-ums-1-dag\/#article\",\"isPartOf\":{\"@id\":\"https:\/\/tyrving.idrett.no\/10\/f\/2016\/09\/03\/knallstart-pa-ums-1-dag\/\"},\"author\":{\"name\":\"admin\",\"@id\":\"https:\/\/tyrving.idrett.no\/10\/f\/#\/schema\/person\/b0b301ce26d13339293caf5c0bc7d286\"},\"headline\":\"Knallstart p\u00e5 UMs 1 dag\",\"datePublished\":\"2016-09-03T08:40:23+00:00\",\"dateModified\":\"2016-09-03T15:44:07+00:00\",\"mainEntityOfPage\":{\"@id\":\"https:\/\/tyrving.idrett.no\/10\/f\/2016\/09\/03\/knallstart-pa-ums-1-dag\/\"},\"wordCount\":490,\"commentCount\":0,\"publisher\":{\"@id\":\"https:\/\/tyrving.idrett.no\/10\/f\/#organization\"},\"articleSection\":[\"Nyheter\"],\"inLanguage\":\"nb-NO\",\"potentialAction\":[{\"@type\":\"CommentAction\",\"name\":\"Comment\",\"target\":[\"https:\/\/tyrving.idrett.no\/10\/f\/2016\/09\/03\/knallstart-pa-ums-1-dag\/#respond\"]}]},{\"@type\":\"WebPage\",\"@id\":\"https:\/\/tyrving.idrett.no\/10\/f\/2016\/09\/03\/knallstart-pa-ums-1-dag\/\",\"url\":\"https:\/\/tyrving.idrett.no\/10\/f\/2016\/09\/03\/knallstart-pa-ums-1-dag\/\",\"name\":\"Knallstart p\u00e5 UMs 1 dag - Tyrving - Friidrett\",\"isPartOf\":{\"@id\":\"https:\/\/tyrving.idrett.no\/10\/f\/#website\"},\"datePublished\":\"2016-09-03T08:40:23+00:00\",\"dateModified\":\"2016-09-03T15:44:07+00:00\",\"breadcrumb\":{\"@id\":\"https:\/\/tyrving.idrett.no\/10\/f\/2016\/09\/03\/knallstart-pa-ums-1-dag\/#breadcrumb\"},\"inLanguage\":\"nb-NO\",\"potentialAction\":[{\"@type\":\"ReadAction\",\"target\":[\"https:\/\/tyrving.idrett.no\/10\/f\/2016\/09\/03\/knallstart-pa-ums-1-dag\/\"]}]},{\"@type\":\"BreadcrumbList\",\"@id\":\"https:\/\/tyrving.idrett.no\/10\/f\/2016\/09\/03\/knallstart-pa-ums-1-dag\/#breadcrumb\",\"itemListElement\":[{\"@type\":\"ListItem\",\"position\":1,\"name\":\"Hjem\",\"item\":\"https:\/\/tyrving.idrett.no\/10\/f\/\"},{\"@type\":\"ListItem\",\"position\":2,\"name\":\"Knallstart p\u00e5 UMs 1 dag\"}]},{\"@type\":\"WebSite\",\"@id\":\"https:\/\/tyrving.idrett.no\/10\/f\/#website\",\"url\":\"https:\/\/tyrving.idrett.no\/10\/f\/\",\"name\":\"Tyrving - Friidrett\",\"description\":\"Friidrettsgruppa\",\"publisher\":{\"@id\":\"https:\/\/tyrving.idrett.no\/10\/f\/#organization\"},\"potentialAction\":[{\"@type\":\"SearchAction\",\"target\":{\"@type\":\"EntryPoint\",\"urlTemplate\":\"https:\/\/tyrving.idrett.no\/10\/f\/?s={search_term_string}\"},\"query-input\":\"required name=search_term_string\"}],\"inLanguage\":\"nb-NO\"},{\"@type\":\"Organization\",\"@id\":\"https:\/\/tyrving.idrett.no\/10\/f\/#organization\",\"name\":\"Tyrving Friidrettsgruppa\",\"url\":\"https:\/\/tyrving.idrett.no\/10\/f\/\",\"logo\":{\"@type\":\"ImageObject\",\"inLanguage\":\"nb-NO\",\"@id\":\"https:\/\/tyrving.idrett.no\/10\/f\/#\/schema\/logo\/image\/\",\"url\":\"https:\/\/tyrving.idrett.no\/10\/f\/files\/2019\/04\/Tyrving-Logo-Friidrett-2019.jpg\",\"contentUrl\":\"https:\/\/tyrving.idrett.no\/10\/f\/files\/2019\/04\/Tyrving-Logo-Friidrett-2019.jpg\",\"width\":460,\"height\":360,\"caption\":\"Tyrving Friidrettsgruppa\"},\"image\":{\"@id\":\"https:\/\/tyrving.idrett.no\/10\/f\/#\/schema\/logo\/image\/\"}},{\"@type\":\"Person\",\"@id\":\"https:\/\/tyrving.idrett.no\/10\/f\/#\/schema\/person\/b0b301ce26d13339293caf5c0bc7d286\",\"name\":\"admin\",\"image\":{\"@type\":\"ImageObject\",\"inLanguage\":\"nb-NO\",\"@id\":\"https:\/\/tyrving.idrett.no\/10\/f\/#\/schema\/person\/image\/\",\"url\":\"https:\/\/secure.gravatar.com\/avatar\/4b0456acc2ea550a97d3a11ebb27598d?s=96&d=mm&r=g\",\"contentUrl\":\"https:\/\/secure.gravatar.com\/avatar\/4b0456acc2ea550a97d3a11ebb27598d?s=96&d=mm&r=g\",\"caption\":\"admin\"}}]}<\/script>\n<!-- \/ Yoast SEO plugin. -->","yoast_head_json":{"title":"Knallstart p\u00e5 UMs 1 dag - Tyrving - Friidrett","robots":{"index":"index","follow":"follow","max-snippet":"max-snippet:-1","max-image-preview":"max-image-preview:large","max-video-preview":"max-video-preview:-1"},"canonical":"https:\/\/tyrving.idrett.no\/10\/f\/2016\/09\/03\/knallstart-pa-ums-1-dag\/","og_locale":"nb_NO","og_type":"article","og_title":"Knallstart p\u00e5 UMs 1 dag - Tyrving - Friidrett","og_description":"Det ble en herlig start for Tyrving p\u00e5 UMs dag 1 p\u00e5 Sandnes stadion. Tyrvinggjengen virket \u00e5 v\u00e6re up\u00e5virket av det til tider rufsete vestlandsv\u00e6ret med regn og Siddisvind som hersket p\u00e5 mesterskapets ...","og_url":"https:\/\/tyrving.idrett.no\/10\/f\/2016\/09\/03\/knallstart-pa-ums-1-dag\/","og_site_name":"Tyrving - Friidrett","article_published_time":"2016-09-03T08:40:23+00:00","article_modified_time":"2016-09-03T15:44:07+00:00","og_image":[{"width":480,"height":640,"url":"https:\/\/tyrving.idrett.no\/10\/f\/files\/2016\/09\/14172093_1261692533843776_1702481558_n.jpg","type":"image\/jpeg"}],"author":"admin","twitter_card":"summary_large_image","twitter_misc":{"Skrevet av":"admin","Ansl. lesetid":"2 minutter"},"schema":{"@context":"https:\/\/schema.org","@graph":[{"@type":"Article","@id":"https:\/\/tyrving.idrett.no\/10\/f\/2016\/09\/03\/knallstart-pa-ums-1-dag\/#article","isPartOf":{"@id":"https:\/\/tyrving.idrett.no\/10\/f\/2016\/09\/03\/knallstart-pa-ums-1-dag\/"},"author":{"name":"admin","@id":"https:\/\/tyrving.idrett.no\/10\/f\/#\/schema\/person\/b0b301ce26d13339293caf5c0bc7d286"},"headline":"Knallstart p\u00e5 UMs 1 dag","datePublished":"2016-09-03T08:40:23+00:00","dateModified":"2016-09-03T15:44:07+00:00","mainEntityOfPage":{"@id":"https:\/\/tyrving.idrett.no\/10\/f\/2016\/09\/03\/knallstart-pa-ums-1-dag\/"},"wordCount":490,"commentCount":0,"publisher":{"@id":"https:\/\/tyrving.idrett.no\/10\/f\/#organization"},"articleSection":["Nyheter"],"inLanguage":"nb-NO","potentialAction":[{"@type":"CommentAction","name":"Comment","target":["https:\/\/tyrving.idrett.no\/10\/f\/2016\/09\/03\/knallstart-pa-ums-1-dag\/#respond"]}]},{"@type":"WebPage","@id":"https:\/\/tyrving.idrett.no\/10\/f\/2016\/09\/03\/knallstart-pa-ums-1-dag\/","url":"https:\/\/tyrving.idrett.no\/10\/f\/2016\/09\/03\/knallstart-pa-ums-1-dag\/","name":"Knallstart p\u00e5 UMs 1 dag - Tyrving - Friidrett","isPartOf":{"@id":"https:\/\/tyrving.idrett.no\/10\/f\/#website"},"datePublished":"2016-09-03T08:40:23+00:00","dateModified":"2016-09-03T15:44:07+00:00","breadcrumb":{"@id":"https:\/\/tyrving.idrett.no\/10\/f\/2016\/09\/03\/knallstart-pa-ums-1-dag\/#breadcrumb"},"inLanguage":"nb-NO","potentialAction":[{"@type":"ReadAction","target":["https:\/\/tyrving.idrett.no\/10\/f\/2016\/09\/03\/knallstart-pa-ums-1-dag\/"]}]},{"@type":"BreadcrumbList","@id":"https:\/\/tyrving.idrett.no\/10\/f\/2016\/09\/03\/knallstart-pa-ums-1-dag\/#breadcrumb","itemListElement":[{"@type":"ListItem","position":1,"name":"Hjem","item":"https:\/\/tyrving.idrett.no\/10\/f\/"},{"@type":"ListItem","position":2,"name":"Knallstart p\u00e5 UMs 1 dag"}]},{"@type":"WebSite","@id":"https:\/\/tyrving.idrett.no\/10\/f\/#website","url":"https:\/\/tyrving.idrett.no\/10\/f\/","name":"Tyrving - Friidrett","description":"Friidrettsgruppa","publisher":{"@id":"https:\/\/tyrving.idrett.no\/10\/f\/#organization"},"potentialAction":[{"@type":"SearchAction","target":{"@type":"EntryPoint","urlTemplate":"https:\/\/tyrving.idrett.no\/10\/f\/?s={search_term_string}"},"query-input":"required name=search_term_string"}],"inLanguage":"nb-NO"},{"@type":"Organization","@id":"https:\/\/tyrving.idrett.no\/10\/f\/#organization","name":"Tyrving Friidrettsgruppa","url":"https:\/\/tyrving.idrett.no\/10\/f\/","logo":{"@type":"ImageObject","inLanguage":"nb-NO","@id":"https:\/\/tyrving.idrett.no\/10\/f\/#\/schema\/logo\/image\/","url":"https:\/\/tyrving.idrett.no\/10\/f\/files\/2019\/04\/Tyrving-Logo-Friidrett-2019.jpg","contentUrl":"https:\/\/tyrving.idrett.no\/10\/f\/files\/2019\/04\/Tyrving-Logo-Friidrett-2019.jpg","width":460,"height":360,"caption":"Tyrving Friidrettsgruppa"},"image":{"@id":"https:\/\/tyrving.idrett.no\/10\/f\/#\/schema\/logo\/image\/"}},{"@type":"Person","@id":"https:\/\/tyrving.idrett.no\/10\/f\/#\/schema\/person\/b0b301ce26d13339293caf5c0bc7d286","name":"admin","image":{"@type":"ImageObject","inLanguage":"nb-NO","@id":"https:\/\/tyrving.idrett.no\/10\/f\/#\/schema\/person\/image\/","url":"https:\/\/secure.gravatar.com\/avatar\/4b0456acc2ea550a97d3a11ebb27598d?s=96&d=mm&r=g","contentUrl":"https:\/\/secure.gravatar.com\/avatar\/4b0456acc2ea550a97d3a11ebb27598d?s=96&d=mm&r=g","caption":"admin"}}]}},"jetpack_sharing_enabled":true,"jetpack_featured_media_url":"https:\/\/tyrving.idrett.no\/10\/f\/files\/2016\/09\/14172093_1261692533843776_1702481558_n.jpg","_links":{"self":[{"href":"https:\/\/tyrving.idrett.no\/10\/f\/wp-json\/wp\/v2\/posts\/16100"}],"collection":[{"href":"https:\/\/tyrving.idrett.no\/10\/f\/wp-json\/wp\/v2\/posts"}],"about":[{"href":"https:\/\/tyrving.idrett.no\/10\/f\/wp-json\/wp\/v2\/types\/post"}],"author":[{"embeddable":true,"href":"https:\/\/tyrving.idrett.no\/10\/f\/wp-json\/wp\/v2\/users\/1"}],"replies":[{"embeddable":true,"href":"https:\/\/tyrving.idrett.no\/10\/f\/wp-json\/wp\/v2\/comments?post=16100"}],"version-history":[{"count":7,"href":"https:\/\/tyrving.idrett.no\/10\/f\/wp-json\/wp\/v2\/posts\/16100\/revisions"}],"predecessor-version":[{"id":16115,"href":"https:\/\/tyrving.idrett.no\/10\/f\/wp-json\/wp\/v2\/posts\/16100\/revisions\/16115"}],"wp:featuredmedia":[{"embeddable":true,"href":"https:\/\/tyrving.idrett.no\/10\/f\/wp-json\/wp\/v2\/media\/16101"}],"wp:attachment":[{"href":"https:\/\/tyrving.idrett.no\/10\/f\/wp-json\/wp\/v2\/media?parent=16100"}],"wp:term":[{"taxonomy":"category","embeddable":true,"href":"https:\/\/tyrving.idrett.no\/10\/f\/wp-json\/wp\/v2\/categories?post=16100"},{"taxonomy":"post_tag","embeddable":true,"href":"https:\/\/tyrving.idrett.no\/10\/f\/wp-json\/wp\/v2\/tags?post=16100"}],"curies":[{"name":"wp","href":"https:\/\/api.w.org\/{rel}","templated":true}]}}