{"id":16116,"date":"2016-09-04T09:38:54","date_gmt":"2016-09-04T07:38:54","guid":{"rendered":"http:\/\/tyrving.idrett.no\/10\/f\/?p=16116"},"modified":"2016-09-04T14:12:57","modified_gmt":"2016-09-04T12:12:57","slug":"fin-um-lordag-i-sandnes","status":"publish","type":"post","link":"https:\/\/tyrving.idrett.no\/10\/f\/2016\/09\/04\/fin-um-lordag-i-sandnes\/","title":{"rendered":"Fin UM-l\u00f8rdag i Sandnes"},"content":{"rendered":"<p>Det ble nok en god UM-dag for Tyrving i g\u00e5r. Klubben kasserte inn 6 nye medaljer.<\/p>\n<p>I spydsvingen klinket Sondre til med pers etter pers (64,90 som beste) og var sv\u00e6rt solid i sin kasting. Selv i den vanskelige motvinden, som kunne gitt enda lengre kast, var det nok en finfin opplevelse for Sondre, som har slitt mye med skader og sykdom i \u00e5r. Grattis med gullet! I h\u00f8ydesvingen klinte like s\u00e5 godt Anastasia til med en kjempekonkurranse og perset med 4cm, til 1,66. Dette gjorde henne til klar vinner i 15-\u00e5rsklassen. Tyrvings s\u00f8lvmedalje i g\u00e5r gikk til Mina p\u00e5 400mhk. G\u00f8y \u00e5 se Mina i den noe uvante \u00f8velsen for henne, 400mhk. Vi vil se mer av henne p\u00e5 langhekken. I tresteggropa ble det igjen to medaljer til Tyrving. Julie B var stabiliteten selv med en veldig jevn konkurranse, med 5 hopp over 11 meteren i tillegg til \u00e5 toppe det med pers p\u00e5 11,65 i femte omgang. Helena Kastelein viser allsidighet innenfor b\u00e5de vertikale og horisontale hopp. I g\u00e5r hoppet hun seg til bronsemedalje i tresteggropa. Siste bronsemedaljen i g\u00e5r gikk til Syver R, i et forrykende l\u00f8p p\u00e5 300mhk.<\/p>\n<p>I dag venter igjen mange fine dueller og ikke minst stafetter p\u00e5 Sandnes stadion. I tillegg er mange av v\u00e5re sprintere kvalifiserte til finaler p\u00e5 200m. Spesielt venter det spenning rundt Helene R\u00f8nningen sitt l\u00f8p i J 18\/19. Kan hun i sitt (muligens) siste l\u00f8p for sesongen kline til med et rekordl\u00f8p? Kl 11.25 braker finalene p\u00e5 200m l\u00f8s, s\u00e5 f\u00f8lg med p\u00e5 streamingen!\u00a0<a href=\"http:\/\/www.umfriidrett2016.no\/#!streaming\/hqdlc\">http:\/\/www.umfriidrett2016.no\/#!streaming\/hqdlc<\/a>\u00a0<span style=\"line-height: 1.5\">I tillegg til Helene er Kenneth, Theo, Markus, Maria, Jonathan og Syver kvalifiserte for 200m-finaler.<\/span><\/p>\n<p><strong>L\u00f8rdagens medaljer: <\/strong><\/p>\n<p><strong>Gull:<\/strong><\/p>\n<p>G 18\/19 spyd, Sondre H\u00f8yland, 64,90<\/p>\n<p>J15 h\u00f8yde, Anastasia Schnell, 1,66<\/p>\n<p><strong>S\u00f8lv:<\/strong><\/p>\n<p>J 18\/19 400mhk, Mina Angelero, 1,03,15<\/p>\n<p><strong>Bronse:<\/strong><\/p>\n<p>J16 tresteg, Helena Kastelein, 10,42<\/p>\n<p>J 18\/19 tresteg, Julie Bressand, 11,65<\/p>\n<p>G17 300mhk, Syver R\u00f8inaas, 41,16<\/p>\n<p><strong>\u00d8vrige tyrvingresultater:<\/strong><\/p>\n<p><strong>Tresteg:<\/strong><\/p>\n<p>G16: Aroran Phillip, nr 6, 12,24<\/p>\n<p>G 18\/19: Markus Berner, nr 4, 13,01<\/p>\n<p>J 18\/19: Marthe Haugli R\u00f8e, nr 5, 11,59<\/p>\n<p><strong>H\u00f8yde:<\/strong><\/p>\n<p>G17: Erik L\u00f8nskog, nr 5, 1,71<\/p>\n<p><strong>Lengde: <\/strong><\/p>\n<p>J15: Maria Aaberg, nr 4, 5,22 (+2,4) og Anastasia Schnell, nr 13 4,65 (2,2)<\/p>\n<p>J17: Celina Lundevik, nr 7, 5,20 og Celine Bressand, nr 16, 4,62<\/p>\n<p>G17: Syver R\u00f8inaas, nr 9, 5,72 (+3,4) og Jonathan G Bjerkaas, nr 14, 4,60<\/p>\n<p><strong>Kule<\/strong>:<\/p>\n<p>G 18\/19: Sondre H\u00f8iland, nr 5, 12,64<\/p>\n<p><strong>Spyd: <\/strong><\/p>\n<p>G17: Kasper Sagen, nr 4, 45,88<\/p>\n<p><strong>80mhk:<\/strong><\/p>\n<p>Anastasia Schnell, utsl\u00e5tt fors\u00f8k 12,98<\/p>\n<p><strong>800m:<\/strong><\/p>\n<p>J15: Constance L\u00f8ken Dahl, nr 4 ,2,21,42<\/p>\n<p><strong>200m: <\/strong><\/p>\n<p>J15: Maria Aaberg, 27,24 fors\u00f8k og 26,95(semi) \u00a0Linnea Gateman, 27,97 (utsl\u00e5tt fors\u00f8k)<\/p>\n<p>J18\/19: Helene R\u00f8nningen, 23,94 (videre til finale)<\/p>\n<p>G17: Syver R\u00f8inaas, 23,10, Jonathan G Bjerkaas, 22,87 (begge videre til finale)<\/p>\n<p>G 18\/19: Kenneth Guldbrandsen, 22,64, Theo Halvorsen, 23,16, Markus Berner, 22,81 (alle videre til finale)<\/p>\n<p>Anastasia viser stolt fram sitt gull i h\u00f8yde (1,66 og pers)<\/p>\n<p><a href=\"http:\/\/tyrving.idrett.no\/10\/f\/files\/2016\/09\/image1.jpg\"><img decoding=\"async\" loading=\"lazy\" class=\"alignleft wp-image-16118 size-full\" src=\"http:\/\/tyrving.idrett.no\/10\/f\/files\/2016\/09\/image1-e1472974435118.jpg\" alt=\"image1\" width=\"480\" height=\"640\" srcset=\"https:\/\/tyrving.idrett.no\/10\/f\/files\/2016\/09\/image1-e1472974435118.jpg 480w, https:\/\/tyrving.idrett.no\/10\/f\/files\/2016\/09\/image1-e1472974435118-225x300.jpg 225w\" sizes=\"(max-width: 480px) 100vw, 480px\" \/><\/a><\/p>\n","protected":false},"excerpt":{"rendered":"Det ble nok en god UM-dag for Tyrving i g\u00e5r. Klubben kasserte inn 6 nye medaljer. I spydsvingen klinket Sondre til med pers etter pers (64,90 som beste) og var sv\u00e6rt solid i sin kasting. Selv i den va&#8230;","protected":false},"author":1,"featured_media":16117,"comment_status":"open","ping_status":"open","sticky":false,"template":"","format":"standard","meta":{"footnotes":"","_jetpack_memberships_contains_paid_content":false},"categories":[1],"tags":[],"acf":[],"yoast_head":"<!-- This site is optimized with the Yoast SEO plugin v21.2 - https:\/\/yoast.com\/wordpress\/plugins\/seo\/ -->\n<title>Fin UM-l\u00f8rdag i Sandnes - Tyrving - Friidrett<\/title>\n<meta name=\"robots\" content=\"index, follow, max-snippet:-1, max-image-preview:large, max-video-preview:-1\" \/>\n<link rel=\"canonical\" href=\"https:\/\/tyrving.idrett.no\/10\/f\/2016\/09\/04\/fin-um-lordag-i-sandnes\/\" \/>\n<meta property=\"og:locale\" content=\"nb_NO\" \/>\n<meta property=\"og:type\" content=\"article\" \/>\n<meta property=\"og:title\" content=\"Fin UM-l\u00f8rdag i Sandnes - Tyrving - Friidrett\" \/>\n<meta property=\"og:description\" content=\"Det ble nok en god UM-dag for Tyrving i g\u00e5r. Klubben kasserte inn 6 nye medaljer. I spydsvingen klinket Sondre til med pers etter pers (64,90 som beste) og var sv\u00e6rt solid i sin kasting. Selv i den va...\" \/>\n<meta property=\"og:url\" content=\"https:\/\/tyrving.idrett.no\/10\/f\/2016\/09\/04\/fin-um-lordag-i-sandnes\/\" \/>\n<meta property=\"og:site_name\" content=\"Tyrving - Friidrett\" \/>\n<meta property=\"article:published_time\" content=\"2016-09-04T07:38:54+00:00\" \/>\n<meta property=\"article:modified_time\" content=\"2016-09-04T12:12:57+00:00\" \/>\n<meta property=\"og:image\" content=\"https:\/\/tyrving.idrett.no\/10\/f\/files\/2016\/09\/unnamed.jpg\" \/>\n\t<meta property=\"og:image:width\" content=\"500\" \/>\n\t<meta property=\"og:image:height\" content=\"666\" \/>\n\t<meta property=\"og:image:type\" content=\"image\/jpeg\" \/>\n<meta name=\"author\" content=\"admin\" \/>\n<meta name=\"twitter:card\" content=\"summary_large_image\" \/>\n<meta name=\"twitter:label1\" content=\"Skrevet av\" \/>\n\t<meta name=\"twitter:data1\" content=\"admin\" \/>\n\t<meta name=\"twitter:label2\" content=\"Ansl. lesetid\" \/>\n\t<meta name=\"twitter:data2\" content=\"2 minutter\" \/>\n<script type=\"application\/ld+json\" class=\"yoast-schema-graph\">{\"@context\":\"https:\/\/schema.org\",\"@graph\":[{\"@type\":\"Article\",\"@id\":\"https:\/\/tyrving.idrett.no\/10\/f\/2016\/09\/04\/fin-um-lordag-i-sandnes\/#article\",\"isPartOf\":{\"@id\":\"https:\/\/tyrving.idrett.no\/10\/f\/2016\/09\/04\/fin-um-lordag-i-sandnes\/\"},\"author\":{\"name\":\"admin\",\"@id\":\"https:\/\/tyrving.idrett.no\/10\/f\/#\/schema\/person\/b0b301ce26d13339293caf5c0bc7d286\"},\"headline\":\"Fin UM-l\u00f8rdag i Sandnes\",\"datePublished\":\"2016-09-04T07:38:54+00:00\",\"dateModified\":\"2016-09-04T12:12:57+00:00\",\"mainEntityOfPage\":{\"@id\":\"https:\/\/tyrving.idrett.no\/10\/f\/2016\/09\/04\/fin-um-lordag-i-sandnes\/\"},\"wordCount\":454,\"commentCount\":0,\"publisher\":{\"@id\":\"https:\/\/tyrving.idrett.no\/10\/f\/#organization\"},\"articleSection\":[\"Nyheter\"],\"inLanguage\":\"nb-NO\",\"potentialAction\":[{\"@type\":\"CommentAction\",\"name\":\"Comment\",\"target\":[\"https:\/\/tyrving.idrett.no\/10\/f\/2016\/09\/04\/fin-um-lordag-i-sandnes\/#respond\"]}]},{\"@type\":\"WebPage\",\"@id\":\"https:\/\/tyrving.idrett.no\/10\/f\/2016\/09\/04\/fin-um-lordag-i-sandnes\/\",\"url\":\"https:\/\/tyrving.idrett.no\/10\/f\/2016\/09\/04\/fin-um-lordag-i-sandnes\/\",\"name\":\"Fin UM-l\u00f8rdag i Sandnes - Tyrving - Friidrett\",\"isPartOf\":{\"@id\":\"https:\/\/tyrving.idrett.no\/10\/f\/#website\"},\"datePublished\":\"2016-09-04T07:38:54+00:00\",\"dateModified\":\"2016-09-04T12:12:57+00:00\",\"breadcrumb\":{\"@id\":\"https:\/\/tyrving.idrett.no\/10\/f\/2016\/09\/04\/fin-um-lordag-i-sandnes\/#breadcrumb\"},\"inLanguage\":\"nb-NO\",\"potentialAction\":[{\"@type\":\"ReadAction\",\"target\":[\"https:\/\/tyrving.idrett.no\/10\/f\/2016\/09\/04\/fin-um-lordag-i-sandnes\/\"]}]},{\"@type\":\"BreadcrumbList\",\"@id\":\"https:\/\/tyrving.idrett.no\/10\/f\/2016\/09\/04\/fin-um-lordag-i-sandnes\/#breadcrumb\",\"itemListElement\":[{\"@type\":\"ListItem\",\"position\":1,\"name\":\"Hjem\",\"item\":\"https:\/\/tyrving.idrett.no\/10\/f\/\"},{\"@type\":\"ListItem\",\"position\":2,\"name\":\"Fin UM-l\u00f8rdag i Sandnes\"}]},{\"@type\":\"WebSite\",\"@id\":\"https:\/\/tyrving.idrett.no\/10\/f\/#website\",\"url\":\"https:\/\/tyrving.idrett.no\/10\/f\/\",\"name\":\"Tyrving - Friidrett\",\"description\":\"Friidrettsgruppa\",\"publisher\":{\"@id\":\"https:\/\/tyrving.idrett.no\/10\/f\/#organization\"},\"potentialAction\":[{\"@type\":\"SearchAction\",\"target\":{\"@type\":\"EntryPoint\",\"urlTemplate\":\"https:\/\/tyrving.idrett.no\/10\/f\/?s={search_term_string}\"},\"query-input\":\"required name=search_term_string\"}],\"inLanguage\":\"nb-NO\"},{\"@type\":\"Organization\",\"@id\":\"https:\/\/tyrving.idrett.no\/10\/f\/#organization\",\"name\":\"Tyrving Friidrettsgruppa\",\"url\":\"https:\/\/tyrving.idrett.no\/10\/f\/\",\"logo\":{\"@type\":\"ImageObject\",\"inLanguage\":\"nb-NO\",\"@id\":\"https:\/\/tyrving.idrett.no\/10\/f\/#\/schema\/logo\/image\/\",\"url\":\"https:\/\/tyrving.idrett.no\/10\/f\/files\/2019\/04\/Tyrving-Logo-Friidrett-2019.jpg\",\"contentUrl\":\"https:\/\/tyrving.idrett.no\/10\/f\/files\/2019\/04\/Tyrving-Logo-Friidrett-2019.jpg\",\"width\":460,\"height\":360,\"caption\":\"Tyrving Friidrettsgruppa\"},\"image\":{\"@id\":\"https:\/\/tyrving.idrett.no\/10\/f\/#\/schema\/logo\/image\/\"}},{\"@type\":\"Person\",\"@id\":\"https:\/\/tyrving.idrett.no\/10\/f\/#\/schema\/person\/b0b301ce26d13339293caf5c0bc7d286\",\"name\":\"admin\",\"image\":{\"@type\":\"ImageObject\",\"inLanguage\":\"nb-NO\",\"@id\":\"https:\/\/tyrving.idrett.no\/10\/f\/#\/schema\/person\/image\/\",\"url\":\"https:\/\/secure.gravatar.com\/avatar\/4b0456acc2ea550a97d3a11ebb27598d?s=96&d=mm&r=g\",\"contentUrl\":\"https:\/\/secure.gravatar.com\/avatar\/4b0456acc2ea550a97d3a11ebb27598d?s=96&d=mm&r=g\",\"caption\":\"admin\"}}]}<\/script>\n<!-- \/ Yoast SEO plugin. -->","yoast_head_json":{"title":"Fin UM-l\u00f8rdag i Sandnes - Tyrving - Friidrett","robots":{"index":"index","follow":"follow","max-snippet":"max-snippet:-1","max-image-preview":"max-image-preview:large","max-video-preview":"max-video-preview:-1"},"canonical":"https:\/\/tyrving.idrett.no\/10\/f\/2016\/09\/04\/fin-um-lordag-i-sandnes\/","og_locale":"nb_NO","og_type":"article","og_title":"Fin UM-l\u00f8rdag i Sandnes - Tyrving - Friidrett","og_description":"Det ble nok en god UM-dag for Tyrving i g\u00e5r. Klubben kasserte inn 6 nye medaljer. I spydsvingen klinket Sondre til med pers etter pers (64,90 som beste) og var sv\u00e6rt solid i sin kasting. Selv i den va...","og_url":"https:\/\/tyrving.idrett.no\/10\/f\/2016\/09\/04\/fin-um-lordag-i-sandnes\/","og_site_name":"Tyrving - Friidrett","article_published_time":"2016-09-04T07:38:54+00:00","article_modified_time":"2016-09-04T12:12:57+00:00","og_image":[{"width":500,"height":666,"url":"https:\/\/tyrving.idrett.no\/10\/f\/files\/2016\/09\/unnamed.jpg","type":"image\/jpeg"}],"author":"admin","twitter_card":"summary_large_image","twitter_misc":{"Skrevet av":"admin","Ansl. lesetid":"2 minutter"},"schema":{"@context":"https:\/\/schema.org","@graph":[{"@type":"Article","@id":"https:\/\/tyrving.idrett.no\/10\/f\/2016\/09\/04\/fin-um-lordag-i-sandnes\/#article","isPartOf":{"@id":"https:\/\/tyrving.idrett.no\/10\/f\/2016\/09\/04\/fin-um-lordag-i-sandnes\/"},"author":{"name":"admin","@id":"https:\/\/tyrving.idrett.no\/10\/f\/#\/schema\/person\/b0b301ce26d13339293caf5c0bc7d286"},"headline":"Fin UM-l\u00f8rdag i Sandnes","datePublished":"2016-09-04T07:38:54+00:00","dateModified":"2016-09-04T12:12:57+00:00","mainEntityOfPage":{"@id":"https:\/\/tyrving.idrett.no\/10\/f\/2016\/09\/04\/fin-um-lordag-i-sandnes\/"},"wordCount":454,"commentCount":0,"publisher":{"@id":"https:\/\/tyrving.idrett.no\/10\/f\/#organization"},"articleSection":["Nyheter"],"inLanguage":"nb-NO","potentialAction":[{"@type":"CommentAction","name":"Comment","target":["https:\/\/tyrving.idrett.no\/10\/f\/2016\/09\/04\/fin-um-lordag-i-sandnes\/#respond"]}]},{"@type":"WebPage","@id":"https:\/\/tyrving.idrett.no\/10\/f\/2016\/09\/04\/fin-um-lordag-i-sandnes\/","url":"https:\/\/tyrving.idrett.no\/10\/f\/2016\/09\/04\/fin-um-lordag-i-sandnes\/","name":"Fin UM-l\u00f8rdag i Sandnes - Tyrving - Friidrett","isPartOf":{"@id":"https:\/\/tyrving.idrett.no\/10\/f\/#website"},"datePublished":"2016-09-04T07:38:54+00:00","dateModified":"2016-09-04T12:12:57+00:00","breadcrumb":{"@id":"https:\/\/tyrving.idrett.no\/10\/f\/2016\/09\/04\/fin-um-lordag-i-sandnes\/#breadcrumb"},"inLanguage":"nb-NO","potentialAction":[{"@type":"ReadAction","target":["https:\/\/tyrving.idrett.no\/10\/f\/2016\/09\/04\/fin-um-lordag-i-sandnes\/"]}]},{"@type":"BreadcrumbList","@id":"https:\/\/tyrving.idrett.no\/10\/f\/2016\/09\/04\/fin-um-lordag-i-sandnes\/#breadcrumb","itemListElement":[{"@type":"ListItem","position":1,"name":"Hjem","item":"https:\/\/tyrving.idrett.no\/10\/f\/"},{"@type":"ListItem","position":2,"name":"Fin UM-l\u00f8rdag i Sandnes"}]},{"@type":"WebSite","@id":"https:\/\/tyrving.idrett.no\/10\/f\/#website","url":"https:\/\/tyrving.idrett.no\/10\/f\/","name":"Tyrving - Friidrett","description":"Friidrettsgruppa","publisher":{"@id":"https:\/\/tyrving.idrett.no\/10\/f\/#organization"},"potentialAction":[{"@type":"SearchAction","target":{"@type":"EntryPoint","urlTemplate":"https:\/\/tyrving.idrett.no\/10\/f\/?s={search_term_string}"},"query-input":"required name=search_term_string"}],"inLanguage":"nb-NO"},{"@type":"Organization","@id":"https:\/\/tyrving.idrett.no\/10\/f\/#organization","name":"Tyrving Friidrettsgruppa","url":"https:\/\/tyrving.idrett.no\/10\/f\/","logo":{"@type":"ImageObject","inLanguage":"nb-NO","@id":"https:\/\/tyrving.idrett.no\/10\/f\/#\/schema\/logo\/image\/","url":"https:\/\/tyrving.idrett.no\/10\/f\/files\/2019\/04\/Tyrving-Logo-Friidrett-2019.jpg","contentUrl":"https:\/\/tyrving.idrett.no\/10\/f\/files\/2019\/04\/Tyrving-Logo-Friidrett-2019.jpg","width":460,"height":360,"caption":"Tyrving Friidrettsgruppa"},"image":{"@id":"https:\/\/tyrving.idrett.no\/10\/f\/#\/schema\/logo\/image\/"}},{"@type":"Person","@id":"https:\/\/tyrving.idrett.no\/10\/f\/#\/schema\/person\/b0b301ce26d13339293caf5c0bc7d286","name":"admin","image":{"@type":"ImageObject","inLanguage":"nb-NO","@id":"https:\/\/tyrving.idrett.no\/10\/f\/#\/schema\/person\/image\/","url":"https:\/\/secure.gravatar.com\/avatar\/4b0456acc2ea550a97d3a11ebb27598d?s=96&d=mm&r=g","contentUrl":"https:\/\/secure.gravatar.com\/avatar\/4b0456acc2ea550a97d3a11ebb27598d?s=96&d=mm&r=g","caption":"admin"}}]}},"jetpack_sharing_enabled":true,"jetpack_featured_media_url":"https:\/\/tyrving.idrett.no\/10\/f\/files\/2016\/09\/unnamed.jpg","_links":{"self":[{"href":"https:\/\/tyrving.idrett.no\/10\/f\/wp-json\/wp\/v2\/posts\/16116"}],"collection":[{"href":"https:\/\/tyrving.idrett.no\/10\/f\/wp-json\/wp\/v2\/posts"}],"about":[{"href":"https:\/\/tyrving.idrett.no\/10\/f\/wp-json\/wp\/v2\/types\/post"}],"author":[{"embeddable":true,"href":"https:\/\/tyrving.idrett.no\/10\/f\/wp-json\/wp\/v2\/users\/1"}],"replies":[{"embeddable":true,"href":"https:\/\/tyrving.idrett.no\/10\/f\/wp-json\/wp\/v2\/comments?post=16116"}],"version-history":[{"count":4,"href":"https:\/\/tyrving.idrett.no\/10\/f\/wp-json\/wp\/v2\/posts\/16116\/revisions"}],"predecessor-version":[{"id":16122,"href":"https:\/\/tyrving.idrett.no\/10\/f\/wp-json\/wp\/v2\/posts\/16116\/revisions\/16122"}],"wp:featuredmedia":[{"embeddable":true,"href":"https:\/\/tyrving.idrett.no\/10\/f\/wp-json\/wp\/v2\/media\/16117"}],"wp:attachment":[{"href":"https:\/\/tyrving.idrett.no\/10\/f\/wp-json\/wp\/v2\/media?parent=16116"}],"wp:term":[{"taxonomy":"category","embeddable":true,"href":"https:\/\/tyrving.idrett.no\/10\/f\/wp-json\/wp\/v2\/categories?post=16116"},{"taxonomy":"post_tag","embeddable":true,"href":"https:\/\/tyrving.idrett.no\/10\/f\/wp-json\/wp\/v2\/tags?post=16116"}],"curies":[{"name":"wp","href":"https:\/\/api.w.org\/{rel}","templated":true}]}}