{"id":16123,"date":"2016-09-04T22:30:34","date_gmt":"2016-09-04T20:30:34","guid":{"rendered":"http:\/\/tyrving.idrett.no\/10\/f\/?p=16123"},"modified":"2016-09-04T22:32:15","modified_gmt":"2016-09-04T20:32:15","slug":"tidsskjema-og-informasjon-kaststevnet-5-september","status":"publish","type":"post","link":"https:\/\/tyrving.idrett.no\/10\/f\/2016\/09\/04\/tidsskjema-og-informasjon-kaststevnet-5-september\/","title":{"rendered":"Tidsskjema og informasjon kaststevnet 5. september"},"content":{"rendered":"<p>Tyrvings H\u00f8stserie fortsetter med kaststevne p\u00e5 kastbanen ved Nadderudhallen i morgen, 5. september, kl. 18.00. \u00d8velser er diskos og slegge. Tidsskjema for stevnet er som f\u00f8lger:<\/p>\n<p>18.00 Slegge jenter\/damer\/gutter\/menn<\/p>\n<p>19.00 Diskos jenter\/damer\/gutter\/menn<\/p>\n<p>Siden vi tar imot etteranmeldinger helt fram til \u00f8velsesstart, kan det blir forskyvning i start av siste \u00f8velse. Hvis det blir veldig mange etteranmeldinger, vil vi ogs\u00e5 vurdere om vi m\u00e5 dele opp i flere puljer.<\/p>\n<p>P\u00e5meldte funksjon\u00e6rer bes om \u00e5 v\u00e6re p\u00e5 plass senest 17.30.<\/p>\n<p>&nbsp;<\/p>\n","protected":false},"excerpt":{"rendered":"Tyrvings H\u00f8stserie fortsetter med kaststevne p\u00e5 kastbanen ved Nadderudhallen i morgen, 5. september, kl. 18.00. \u00d8velser er diskos og slegge. Tidsskjema for stevnet er som f\u00f8lger: 18.00 Slegge jenter\/d&#8230;","protected":false},"author":1,"featured_media":15899,"comment_status":"open","ping_status":"open","sticky":false,"template":"","format":"standard","meta":{"footnotes":"","_jetpack_memberships_contains_paid_content":false},"categories":[1],"tags":[],"acf":[],"yoast_head":"<!-- This site is optimized with the Yoast SEO plugin v21.2 - https:\/\/yoast.com\/wordpress\/plugins\/seo\/ -->\n<title>Tidsskjema og informasjon kaststevnet 5. september - Tyrving - Friidrett<\/title>\n<meta name=\"robots\" content=\"index, follow, max-snippet:-1, max-image-preview:large, max-video-preview:-1\" \/>\n<link rel=\"canonical\" href=\"https:\/\/tyrving.idrett.no\/10\/f\/2016\/09\/04\/tidsskjema-og-informasjon-kaststevnet-5-september\/\" \/>\n<meta property=\"og:locale\" content=\"nb_NO\" \/>\n<meta property=\"og:type\" content=\"article\" \/>\n<meta property=\"og:title\" content=\"Tidsskjema og informasjon kaststevnet 5. september - Tyrving - Friidrett\" \/>\n<meta property=\"og:description\" content=\"Tyrvings H\u00f8stserie fortsetter med kaststevne p\u00e5 kastbanen ved Nadderudhallen i morgen, 5. september, kl. 18.00. \u00d8velser er diskos og slegge. Tidsskjema for stevnet er som f\u00f8lger: 18.00 Slegge jenter\/d...\" \/>\n<meta property=\"og:url\" content=\"https:\/\/tyrving.idrett.no\/10\/f\/2016\/09\/04\/tidsskjema-og-informasjon-kaststevnet-5-september\/\" \/>\n<meta property=\"og:site_name\" content=\"Tyrving - Friidrett\" \/>\n<meta property=\"article:published_time\" content=\"2016-09-04T20:30:34+00:00\" \/>\n<meta property=\"article:modified_time\" content=\"2016-09-04T20:32:15+00:00\" \/>\n<meta property=\"og:image\" content=\"https:\/\/tyrving.idrett.no\/10\/f\/files\/2016\/06\/109544417.jpg\" \/>\n\t<meta property=\"og:image:width\" content=\"2400\" \/>\n\t<meta property=\"og:image:height\" content=\"2287\" \/>\n\t<meta property=\"og:image:type\" content=\"image\/jpeg\" \/>\n<meta name=\"author\" content=\"admin\" \/>\n<meta name=\"twitter:card\" content=\"summary_large_image\" \/>\n<meta name=\"twitter:label1\" content=\"Skrevet av\" \/>\n\t<meta name=\"twitter:data1\" content=\"admin\" \/>\n<script type=\"application\/ld+json\" class=\"yoast-schema-graph\">{\"@context\":\"https:\/\/schema.org\",\"@graph\":[{\"@type\":\"Article\",\"@id\":\"https:\/\/tyrving.idrett.no\/10\/f\/2016\/09\/04\/tidsskjema-og-informasjon-kaststevnet-5-september\/#article\",\"isPartOf\":{\"@id\":\"https:\/\/tyrving.idrett.no\/10\/f\/2016\/09\/04\/tidsskjema-og-informasjon-kaststevnet-5-september\/\"},\"author\":{\"name\":\"admin\",\"@id\":\"https:\/\/tyrving.idrett.no\/10\/f\/#\/schema\/person\/b0b301ce26d13339293caf5c0bc7d286\"},\"headline\":\"Tidsskjema og informasjon kaststevnet 5. september\",\"datePublished\":\"2016-09-04T20:30:34+00:00\",\"dateModified\":\"2016-09-04T20:32:15+00:00\",\"mainEntityOfPage\":{\"@id\":\"https:\/\/tyrving.idrett.no\/10\/f\/2016\/09\/04\/tidsskjema-og-informasjon-kaststevnet-5-september\/\"},\"wordCount\":89,\"commentCount\":0,\"publisher\":{\"@id\":\"https:\/\/tyrving.idrett.no\/10\/f\/#organization\"},\"articleSection\":[\"Nyheter\"],\"inLanguage\":\"nb-NO\",\"potentialAction\":[{\"@type\":\"CommentAction\",\"name\":\"Comment\",\"target\":[\"https:\/\/tyrving.idrett.no\/10\/f\/2016\/09\/04\/tidsskjema-og-informasjon-kaststevnet-5-september\/#respond\"]}]},{\"@type\":\"WebPage\",\"@id\":\"https:\/\/tyrving.idrett.no\/10\/f\/2016\/09\/04\/tidsskjema-og-informasjon-kaststevnet-5-september\/\",\"url\":\"https:\/\/tyrving.idrett.no\/10\/f\/2016\/09\/04\/tidsskjema-og-informasjon-kaststevnet-5-september\/\",\"name\":\"Tidsskjema og informasjon kaststevnet 5. september - Tyrving - Friidrett\",\"isPartOf\":{\"@id\":\"https:\/\/tyrving.idrett.no\/10\/f\/#website\"},\"datePublished\":\"2016-09-04T20:30:34+00:00\",\"dateModified\":\"2016-09-04T20:32:15+00:00\",\"breadcrumb\":{\"@id\":\"https:\/\/tyrving.idrett.no\/10\/f\/2016\/09\/04\/tidsskjema-og-informasjon-kaststevnet-5-september\/#breadcrumb\"},\"inLanguage\":\"nb-NO\",\"potentialAction\":[{\"@type\":\"ReadAction\",\"target\":[\"https:\/\/tyrving.idrett.no\/10\/f\/2016\/09\/04\/tidsskjema-og-informasjon-kaststevnet-5-september\/\"]}]},{\"@type\":\"BreadcrumbList\",\"@id\":\"https:\/\/tyrving.idrett.no\/10\/f\/2016\/09\/04\/tidsskjema-og-informasjon-kaststevnet-5-september\/#breadcrumb\",\"itemListElement\":[{\"@type\":\"ListItem\",\"position\":1,\"name\":\"Hjem\",\"item\":\"https:\/\/tyrving.idrett.no\/10\/f\/\"},{\"@type\":\"ListItem\",\"position\":2,\"name\":\"Tidsskjema og informasjon kaststevnet 5. september\"}]},{\"@type\":\"WebSite\",\"@id\":\"https:\/\/tyrving.idrett.no\/10\/f\/#website\",\"url\":\"https:\/\/tyrving.idrett.no\/10\/f\/\",\"name\":\"Tyrving - Friidrett\",\"description\":\"Friidrettsgruppa\",\"publisher\":{\"@id\":\"https:\/\/tyrving.idrett.no\/10\/f\/#organization\"},\"potentialAction\":[{\"@type\":\"SearchAction\",\"target\":{\"@type\":\"EntryPoint\",\"urlTemplate\":\"https:\/\/tyrving.idrett.no\/10\/f\/?s={search_term_string}\"},\"query-input\":\"required name=search_term_string\"}],\"inLanguage\":\"nb-NO\"},{\"@type\":\"Organization\",\"@id\":\"https:\/\/tyrving.idrett.no\/10\/f\/#organization\",\"name\":\"Tyrving Friidrettsgruppa\",\"url\":\"https:\/\/tyrving.idrett.no\/10\/f\/\",\"logo\":{\"@type\":\"ImageObject\",\"inLanguage\":\"nb-NO\",\"@id\":\"https:\/\/tyrving.idrett.no\/10\/f\/#\/schema\/logo\/image\/\",\"url\":\"https:\/\/tyrving.idrett.no\/10\/f\/files\/2019\/04\/Tyrving-Logo-Friidrett-2019.jpg\",\"contentUrl\":\"https:\/\/tyrving.idrett.no\/10\/f\/files\/2019\/04\/Tyrving-Logo-Friidrett-2019.jpg\",\"width\":460,\"height\":360,\"caption\":\"Tyrving Friidrettsgruppa\"},\"image\":{\"@id\":\"https:\/\/tyrving.idrett.no\/10\/f\/#\/schema\/logo\/image\/\"}},{\"@type\":\"Person\",\"@id\":\"https:\/\/tyrving.idrett.no\/10\/f\/#\/schema\/person\/b0b301ce26d13339293caf5c0bc7d286\",\"name\":\"admin\",\"image\":{\"@type\":\"ImageObject\",\"inLanguage\":\"nb-NO\",\"@id\":\"https:\/\/tyrving.idrett.no\/10\/f\/#\/schema\/person\/image\/\",\"url\":\"https:\/\/secure.gravatar.com\/avatar\/4b0456acc2ea550a97d3a11ebb27598d?s=96&d=mm&r=g\",\"contentUrl\":\"https:\/\/secure.gravatar.com\/avatar\/4b0456acc2ea550a97d3a11ebb27598d?s=96&d=mm&r=g\",\"caption\":\"admin\"}}]}<\/script>\n<!-- \/ Yoast SEO plugin. -->","yoast_head_json":{"title":"Tidsskjema og informasjon kaststevnet 5. september - Tyrving - Friidrett","robots":{"index":"index","follow":"follow","max-snippet":"max-snippet:-1","max-image-preview":"max-image-preview:large","max-video-preview":"max-video-preview:-1"},"canonical":"https:\/\/tyrving.idrett.no\/10\/f\/2016\/09\/04\/tidsskjema-og-informasjon-kaststevnet-5-september\/","og_locale":"nb_NO","og_type":"article","og_title":"Tidsskjema og informasjon kaststevnet 5. september - Tyrving - Friidrett","og_description":"Tyrvings H\u00f8stserie fortsetter med kaststevne p\u00e5 kastbanen ved Nadderudhallen i morgen, 5. september, kl. 18.00. \u00d8velser er diskos og slegge. Tidsskjema for stevnet er som f\u00f8lger: 18.00 Slegge jenter\/d...","og_url":"https:\/\/tyrving.idrett.no\/10\/f\/2016\/09\/04\/tidsskjema-og-informasjon-kaststevnet-5-september\/","og_site_name":"Tyrving - Friidrett","article_published_time":"2016-09-04T20:30:34+00:00","article_modified_time":"2016-09-04T20:32:15+00:00","og_image":[{"width":2400,"height":2287,"url":"https:\/\/tyrving.idrett.no\/10\/f\/files\/2016\/06\/109544417.jpg","type":"image\/jpeg"}],"author":"admin","twitter_card":"summary_large_image","twitter_misc":{"Skrevet av":"admin"},"schema":{"@context":"https:\/\/schema.org","@graph":[{"@type":"Article","@id":"https:\/\/tyrving.idrett.no\/10\/f\/2016\/09\/04\/tidsskjema-og-informasjon-kaststevnet-5-september\/#article","isPartOf":{"@id":"https:\/\/tyrving.idrett.no\/10\/f\/2016\/09\/04\/tidsskjema-og-informasjon-kaststevnet-5-september\/"},"author":{"name":"admin","@id":"https:\/\/tyrving.idrett.no\/10\/f\/#\/schema\/person\/b0b301ce26d13339293caf5c0bc7d286"},"headline":"Tidsskjema og informasjon kaststevnet 5. september","datePublished":"2016-09-04T20:30:34+00:00","dateModified":"2016-09-04T20:32:15+00:00","mainEntityOfPage":{"@id":"https:\/\/tyrving.idrett.no\/10\/f\/2016\/09\/04\/tidsskjema-og-informasjon-kaststevnet-5-september\/"},"wordCount":89,"commentCount":0,"publisher":{"@id":"https:\/\/tyrving.idrett.no\/10\/f\/#organization"},"articleSection":["Nyheter"],"inLanguage":"nb-NO","potentialAction":[{"@type":"CommentAction","name":"Comment","target":["https:\/\/tyrving.idrett.no\/10\/f\/2016\/09\/04\/tidsskjema-og-informasjon-kaststevnet-5-september\/#respond"]}]},{"@type":"WebPage","@id":"https:\/\/tyrving.idrett.no\/10\/f\/2016\/09\/04\/tidsskjema-og-informasjon-kaststevnet-5-september\/","url":"https:\/\/tyrving.idrett.no\/10\/f\/2016\/09\/04\/tidsskjema-og-informasjon-kaststevnet-5-september\/","name":"Tidsskjema og informasjon kaststevnet 5. september - Tyrving - Friidrett","isPartOf":{"@id":"https:\/\/tyrving.idrett.no\/10\/f\/#website"},"datePublished":"2016-09-04T20:30:34+00:00","dateModified":"2016-09-04T20:32:15+00:00","breadcrumb":{"@id":"https:\/\/tyrving.idrett.no\/10\/f\/2016\/09\/04\/tidsskjema-og-informasjon-kaststevnet-5-september\/#breadcrumb"},"inLanguage":"nb-NO","potentialAction":[{"@type":"ReadAction","target":["https:\/\/tyrving.idrett.no\/10\/f\/2016\/09\/04\/tidsskjema-og-informasjon-kaststevnet-5-september\/"]}]},{"@type":"BreadcrumbList","@id":"https:\/\/tyrving.idrett.no\/10\/f\/2016\/09\/04\/tidsskjema-og-informasjon-kaststevnet-5-september\/#breadcrumb","itemListElement":[{"@type":"ListItem","position":1,"name":"Hjem","item":"https:\/\/tyrving.idrett.no\/10\/f\/"},{"@type":"ListItem","position":2,"name":"Tidsskjema og informasjon kaststevnet 5. september"}]},{"@type":"WebSite","@id":"https:\/\/tyrving.idrett.no\/10\/f\/#website","url":"https:\/\/tyrving.idrett.no\/10\/f\/","name":"Tyrving - Friidrett","description":"Friidrettsgruppa","publisher":{"@id":"https:\/\/tyrving.idrett.no\/10\/f\/#organization"},"potentialAction":[{"@type":"SearchAction","target":{"@type":"EntryPoint","urlTemplate":"https:\/\/tyrving.idrett.no\/10\/f\/?s={search_term_string}"},"query-input":"required name=search_term_string"}],"inLanguage":"nb-NO"},{"@type":"Organization","@id":"https:\/\/tyrving.idrett.no\/10\/f\/#organization","name":"Tyrving Friidrettsgruppa","url":"https:\/\/tyrving.idrett.no\/10\/f\/","logo":{"@type":"ImageObject","inLanguage":"nb-NO","@id":"https:\/\/tyrving.idrett.no\/10\/f\/#\/schema\/logo\/image\/","url":"https:\/\/tyrving.idrett.no\/10\/f\/files\/2019\/04\/Tyrving-Logo-Friidrett-2019.jpg","contentUrl":"https:\/\/tyrving.idrett.no\/10\/f\/files\/2019\/04\/Tyrving-Logo-Friidrett-2019.jpg","width":460,"height":360,"caption":"Tyrving Friidrettsgruppa"},"image":{"@id":"https:\/\/tyrving.idrett.no\/10\/f\/#\/schema\/logo\/image\/"}},{"@type":"Person","@id":"https:\/\/tyrving.idrett.no\/10\/f\/#\/schema\/person\/b0b301ce26d13339293caf5c0bc7d286","name":"admin","image":{"@type":"ImageObject","inLanguage":"nb-NO","@id":"https:\/\/tyrving.idrett.no\/10\/f\/#\/schema\/person\/image\/","url":"https:\/\/secure.gravatar.com\/avatar\/4b0456acc2ea550a97d3a11ebb27598d?s=96&d=mm&r=g","contentUrl":"https:\/\/secure.gravatar.com\/avatar\/4b0456acc2ea550a97d3a11ebb27598d?s=96&d=mm&r=g","caption":"admin"}}]}},"jetpack_sharing_enabled":true,"jetpack_featured_media_url":"https:\/\/tyrving.idrett.no\/10\/f\/files\/2016\/06\/109544417.jpg","_links":{"self":[{"href":"https:\/\/tyrving.idrett.no\/10\/f\/wp-json\/wp\/v2\/posts\/16123"}],"collection":[{"href":"https:\/\/tyrving.idrett.no\/10\/f\/wp-json\/wp\/v2\/posts"}],"about":[{"href":"https:\/\/tyrving.idrett.no\/10\/f\/wp-json\/wp\/v2\/types\/post"}],"author":[{"embeddable":true,"href":"https:\/\/tyrving.idrett.no\/10\/f\/wp-json\/wp\/v2\/users\/1"}],"replies":[{"embeddable":true,"href":"https:\/\/tyrving.idrett.no\/10\/f\/wp-json\/wp\/v2\/comments?post=16123"}],"version-history":[{"count":3,"href":"https:\/\/tyrving.idrett.no\/10\/f\/wp-json\/wp\/v2\/posts\/16123\/revisions"}],"predecessor-version":[{"id":16165,"href":"https:\/\/tyrving.idrett.no\/10\/f\/wp-json\/wp\/v2\/posts\/16123\/revisions\/16165"}],"wp:featuredmedia":[{"embeddable":true,"href":"https:\/\/tyrving.idrett.no\/10\/f\/wp-json\/wp\/v2\/media\/15899"}],"wp:attachment":[{"href":"https:\/\/tyrving.idrett.no\/10\/f\/wp-json\/wp\/v2\/media?parent=16123"}],"wp:term":[{"taxonomy":"category","embeddable":true,"href":"https:\/\/tyrving.idrett.no\/10\/f\/wp-json\/wp\/v2\/categories?post=16123"},{"taxonomy":"post_tag","embeddable":true,"href":"https:\/\/tyrving.idrett.no\/10\/f\/wp-json\/wp\/v2\/tags?post=16123"}],"curies":[{"name":"wp","href":"https:\/\/api.w.org\/{rel}","templated":true}]}}