{"id":16221,"date":"2016-09-19T12:00:14","date_gmt":"2016-09-19T10:00:14","guid":{"rendered":"http:\/\/tyrving.idrett.no\/10\/f\/?p=16221"},"modified":"2016-09-19T14:03:52","modified_gmt":"2016-09-19T12:03:52","slug":"treningsavgift-og-treningstider-for-innendorssesongen-201617","status":"publish","type":"post","link":"https:\/\/tyrving.idrett.no\/10\/f\/2016\/09\/19\/treningsavgift-og-treningstider-for-innendorssesongen-201617\/","title":{"rendered":"Treningsavgift og treningstider for innend\u00f8rssesongen 2016\/17"},"content":{"rendered":"<p>En god utend\u00f8rssesong g\u00e5r mot slutten, og vi begynner med trening i B\u00e6rum Idrettspark i uke 41 (fra 10. oktober). Treningstider for gruppene <a href=\"http:\/\/tyrving.idrett.no\/10\/f\/treningstider\/\">finner du her<\/a>.<\/p>\n<p>Det m\u00e5 betales treningsavgift for alle ut\u00f8vere innen 10. oktober for innend\u00f8rssesongen 2016\/17. Nye medlemmer i IL Tyrving m\u00e5 ogs\u00e5 betale medlemskontingent for 2016. Informasjon om priser og betaling <a href=\"http:\/\/tyrving.idrett.no\/10\/f\/kontingent-og-treningsavgift\/\">finner du her<\/a>.<\/p>\n<p>&nbsp;<\/p>\n","protected":false},"excerpt":{"rendered":"En god utend\u00f8rssesong g\u00e5r mot slutten, og vi begynner med trening i B\u00e6rum Idrettspark i uke 41 (fra 10. oktober). Treningstider for gruppene finner du her. Det m\u00e5 betales treningsavgift for alle ut\u00f8ve&#8230;","protected":false},"author":1,"featured_media":15542,"comment_status":"open","ping_status":"open","sticky":false,"template":"","format":"standard","meta":{"footnotes":"","_jetpack_memberships_contains_paid_content":false},"categories":[1],"tags":[],"acf":[],"yoast_head":"<!-- This site is optimized with the Yoast SEO plugin v21.2 - https:\/\/yoast.com\/wordpress\/plugins\/seo\/ -->\n<title>Treningsavgift og treningstider for innend\u00f8rssesongen 2016\/17 - Tyrving - Friidrett<\/title>\n<meta name=\"robots\" content=\"index, follow, max-snippet:-1, max-image-preview:large, max-video-preview:-1\" \/>\n<link rel=\"canonical\" href=\"https:\/\/tyrving.idrett.no\/10\/f\/2016\/09\/19\/treningsavgift-og-treningstider-for-innendorssesongen-201617\/\" \/>\n<meta property=\"og:locale\" content=\"nb_NO\" \/>\n<meta property=\"og:type\" content=\"article\" \/>\n<meta property=\"og:title\" content=\"Treningsavgift og treningstider for innend\u00f8rssesongen 2016\/17 - Tyrving - Friidrett\" \/>\n<meta property=\"og:description\" content=\"En god utend\u00f8rssesong g\u00e5r mot slutten, og vi begynner med trening i B\u00e6rum Idrettspark i uke 41 (fra 10. oktober). Treningstider for gruppene finner du her. Det m\u00e5 betales treningsavgift for alle ut\u00f8ve...\" \/>\n<meta property=\"og:url\" content=\"https:\/\/tyrving.idrett.no\/10\/f\/2016\/09\/19\/treningsavgift-og-treningstider-for-innendorssesongen-201617\/\" \/>\n<meta property=\"og:site_name\" content=\"Tyrving - Friidrett\" \/>\n<meta property=\"article:published_time\" content=\"2016-09-19T10:00:14+00:00\" \/>\n<meta property=\"article:modified_time\" content=\"2016-09-19T12:03:52+00:00\" \/>\n<meta property=\"og:image\" content=\"https:\/\/tyrving.idrett.no\/10\/f\/files\/2016\/04\/BIP-2.jpg\" \/>\n\t<meta property=\"og:image:width\" content=\"800\" \/>\n\t<meta property=\"og:image:height\" content=\"311\" \/>\n\t<meta property=\"og:image:type\" content=\"image\/jpeg\" \/>\n<meta name=\"author\" content=\"admin\" \/>\n<meta name=\"twitter:card\" content=\"summary_large_image\" \/>\n<meta name=\"twitter:label1\" content=\"Skrevet av\" \/>\n\t<meta name=\"twitter:data1\" content=\"admin\" \/>\n<script type=\"application\/ld+json\" class=\"yoast-schema-graph\">{\"@context\":\"https:\/\/schema.org\",\"@graph\":[{\"@type\":\"Article\",\"@id\":\"https:\/\/tyrving.idrett.no\/10\/f\/2016\/09\/19\/treningsavgift-og-treningstider-for-innendorssesongen-201617\/#article\",\"isPartOf\":{\"@id\":\"https:\/\/tyrving.idrett.no\/10\/f\/2016\/09\/19\/treningsavgift-og-treningstider-for-innendorssesongen-201617\/\"},\"author\":{\"name\":\"admin\",\"@id\":\"https:\/\/tyrving.idrett.no\/10\/f\/#\/schema\/person\/b0b301ce26d13339293caf5c0bc7d286\"},\"headline\":\"Treningsavgift og treningstider for innend\u00f8rssesongen 2016\/17\",\"datePublished\":\"2016-09-19T10:00:14+00:00\",\"dateModified\":\"2016-09-19T12:03:52+00:00\",\"mainEntityOfPage\":{\"@id\":\"https:\/\/tyrving.idrett.no\/10\/f\/2016\/09\/19\/treningsavgift-og-treningstider-for-innendorssesongen-201617\/\"},\"wordCount\":65,\"commentCount\":0,\"publisher\":{\"@id\":\"https:\/\/tyrving.idrett.no\/10\/f\/#organization\"},\"articleSection\":[\"Nyheter\"],\"inLanguage\":\"nb-NO\",\"potentialAction\":[{\"@type\":\"CommentAction\",\"name\":\"Comment\",\"target\":[\"https:\/\/tyrving.idrett.no\/10\/f\/2016\/09\/19\/treningsavgift-og-treningstider-for-innendorssesongen-201617\/#respond\"]}]},{\"@type\":\"WebPage\",\"@id\":\"https:\/\/tyrving.idrett.no\/10\/f\/2016\/09\/19\/treningsavgift-og-treningstider-for-innendorssesongen-201617\/\",\"url\":\"https:\/\/tyrving.idrett.no\/10\/f\/2016\/09\/19\/treningsavgift-og-treningstider-for-innendorssesongen-201617\/\",\"name\":\"Treningsavgift og treningstider for innend\u00f8rssesongen 2016\/17 - Tyrving - Friidrett\",\"isPartOf\":{\"@id\":\"https:\/\/tyrving.idrett.no\/10\/f\/#website\"},\"datePublished\":\"2016-09-19T10:00:14+00:00\",\"dateModified\":\"2016-09-19T12:03:52+00:00\",\"breadcrumb\":{\"@id\":\"https:\/\/tyrving.idrett.no\/10\/f\/2016\/09\/19\/treningsavgift-og-treningstider-for-innendorssesongen-201617\/#breadcrumb\"},\"inLanguage\":\"nb-NO\",\"potentialAction\":[{\"@type\":\"ReadAction\",\"target\":[\"https:\/\/tyrving.idrett.no\/10\/f\/2016\/09\/19\/treningsavgift-og-treningstider-for-innendorssesongen-201617\/\"]}]},{\"@type\":\"BreadcrumbList\",\"@id\":\"https:\/\/tyrving.idrett.no\/10\/f\/2016\/09\/19\/treningsavgift-og-treningstider-for-innendorssesongen-201617\/#breadcrumb\",\"itemListElement\":[{\"@type\":\"ListItem\",\"position\":1,\"name\":\"Hjem\",\"item\":\"https:\/\/tyrving.idrett.no\/10\/f\/\"},{\"@type\":\"ListItem\",\"position\":2,\"name\":\"Treningsavgift og treningstider for innend\u00f8rssesongen 2016\/17\"}]},{\"@type\":\"WebSite\",\"@id\":\"https:\/\/tyrving.idrett.no\/10\/f\/#website\",\"url\":\"https:\/\/tyrving.idrett.no\/10\/f\/\",\"name\":\"Tyrving - Friidrett\",\"description\":\"Friidrettsgruppa\",\"publisher\":{\"@id\":\"https:\/\/tyrving.idrett.no\/10\/f\/#organization\"},\"potentialAction\":[{\"@type\":\"SearchAction\",\"target\":{\"@type\":\"EntryPoint\",\"urlTemplate\":\"https:\/\/tyrving.idrett.no\/10\/f\/?s={search_term_string}\"},\"query-input\":\"required name=search_term_string\"}],\"inLanguage\":\"nb-NO\"},{\"@type\":\"Organization\",\"@id\":\"https:\/\/tyrving.idrett.no\/10\/f\/#organization\",\"name\":\"Tyrving Friidrettsgruppa\",\"url\":\"https:\/\/tyrving.idrett.no\/10\/f\/\",\"logo\":{\"@type\":\"ImageObject\",\"inLanguage\":\"nb-NO\",\"@id\":\"https:\/\/tyrving.idrett.no\/10\/f\/#\/schema\/logo\/image\/\",\"url\":\"https:\/\/tyrving.idrett.no\/10\/f\/files\/2019\/04\/Tyrving-Logo-Friidrett-2019.jpg\",\"contentUrl\":\"https:\/\/tyrving.idrett.no\/10\/f\/files\/2019\/04\/Tyrving-Logo-Friidrett-2019.jpg\",\"width\":460,\"height\":360,\"caption\":\"Tyrving Friidrettsgruppa\"},\"image\":{\"@id\":\"https:\/\/tyrving.idrett.no\/10\/f\/#\/schema\/logo\/image\/\"}},{\"@type\":\"Person\",\"@id\":\"https:\/\/tyrving.idrett.no\/10\/f\/#\/schema\/person\/b0b301ce26d13339293caf5c0bc7d286\",\"name\":\"admin\",\"image\":{\"@type\":\"ImageObject\",\"inLanguage\":\"nb-NO\",\"@id\":\"https:\/\/tyrving.idrett.no\/10\/f\/#\/schema\/person\/image\/\",\"url\":\"https:\/\/secure.gravatar.com\/avatar\/4b0456acc2ea550a97d3a11ebb27598d?s=96&d=mm&r=g\",\"contentUrl\":\"https:\/\/secure.gravatar.com\/avatar\/4b0456acc2ea550a97d3a11ebb27598d?s=96&d=mm&r=g\",\"caption\":\"admin\"}}]}<\/script>\n<!-- \/ Yoast SEO plugin. -->","yoast_head_json":{"title":"Treningsavgift og treningstider for innend\u00f8rssesongen 2016\/17 - Tyrving - Friidrett","robots":{"index":"index","follow":"follow","max-snippet":"max-snippet:-1","max-image-preview":"max-image-preview:large","max-video-preview":"max-video-preview:-1"},"canonical":"https:\/\/tyrving.idrett.no\/10\/f\/2016\/09\/19\/treningsavgift-og-treningstider-for-innendorssesongen-201617\/","og_locale":"nb_NO","og_type":"article","og_title":"Treningsavgift og treningstider for innend\u00f8rssesongen 2016\/17 - Tyrving - Friidrett","og_description":"En god utend\u00f8rssesong g\u00e5r mot slutten, og vi begynner med trening i B\u00e6rum Idrettspark i uke 41 (fra 10. oktober). Treningstider for gruppene finner du her. Det m\u00e5 betales treningsavgift for alle ut\u00f8ve...","og_url":"https:\/\/tyrving.idrett.no\/10\/f\/2016\/09\/19\/treningsavgift-og-treningstider-for-innendorssesongen-201617\/","og_site_name":"Tyrving - Friidrett","article_published_time":"2016-09-19T10:00:14+00:00","article_modified_time":"2016-09-19T12:03:52+00:00","og_image":[{"width":800,"height":311,"url":"https:\/\/tyrving.idrett.no\/10\/f\/files\/2016\/04\/BIP-2.jpg","type":"image\/jpeg"}],"author":"admin","twitter_card":"summary_large_image","twitter_misc":{"Skrevet av":"admin"},"schema":{"@context":"https:\/\/schema.org","@graph":[{"@type":"Article","@id":"https:\/\/tyrving.idrett.no\/10\/f\/2016\/09\/19\/treningsavgift-og-treningstider-for-innendorssesongen-201617\/#article","isPartOf":{"@id":"https:\/\/tyrving.idrett.no\/10\/f\/2016\/09\/19\/treningsavgift-og-treningstider-for-innendorssesongen-201617\/"},"author":{"name":"admin","@id":"https:\/\/tyrving.idrett.no\/10\/f\/#\/schema\/person\/b0b301ce26d13339293caf5c0bc7d286"},"headline":"Treningsavgift og treningstider for innend\u00f8rssesongen 2016\/17","datePublished":"2016-09-19T10:00:14+00:00","dateModified":"2016-09-19T12:03:52+00:00","mainEntityOfPage":{"@id":"https:\/\/tyrving.idrett.no\/10\/f\/2016\/09\/19\/treningsavgift-og-treningstider-for-innendorssesongen-201617\/"},"wordCount":65,"commentCount":0,"publisher":{"@id":"https:\/\/tyrving.idrett.no\/10\/f\/#organization"},"articleSection":["Nyheter"],"inLanguage":"nb-NO","potentialAction":[{"@type":"CommentAction","name":"Comment","target":["https:\/\/tyrving.idrett.no\/10\/f\/2016\/09\/19\/treningsavgift-og-treningstider-for-innendorssesongen-201617\/#respond"]}]},{"@type":"WebPage","@id":"https:\/\/tyrving.idrett.no\/10\/f\/2016\/09\/19\/treningsavgift-og-treningstider-for-innendorssesongen-201617\/","url":"https:\/\/tyrving.idrett.no\/10\/f\/2016\/09\/19\/treningsavgift-og-treningstider-for-innendorssesongen-201617\/","name":"Treningsavgift og treningstider for innend\u00f8rssesongen 2016\/17 - Tyrving - Friidrett","isPartOf":{"@id":"https:\/\/tyrving.idrett.no\/10\/f\/#website"},"datePublished":"2016-09-19T10:00:14+00:00","dateModified":"2016-09-19T12:03:52+00:00","breadcrumb":{"@id":"https:\/\/tyrving.idrett.no\/10\/f\/2016\/09\/19\/treningsavgift-og-treningstider-for-innendorssesongen-201617\/#breadcrumb"},"inLanguage":"nb-NO","potentialAction":[{"@type":"ReadAction","target":["https:\/\/tyrving.idrett.no\/10\/f\/2016\/09\/19\/treningsavgift-og-treningstider-for-innendorssesongen-201617\/"]}]},{"@type":"BreadcrumbList","@id":"https:\/\/tyrving.idrett.no\/10\/f\/2016\/09\/19\/treningsavgift-og-treningstider-for-innendorssesongen-201617\/#breadcrumb","itemListElement":[{"@type":"ListItem","position":1,"name":"Hjem","item":"https:\/\/tyrving.idrett.no\/10\/f\/"},{"@type":"ListItem","position":2,"name":"Treningsavgift og treningstider for innend\u00f8rssesongen 2016\/17"}]},{"@type":"WebSite","@id":"https:\/\/tyrving.idrett.no\/10\/f\/#website","url":"https:\/\/tyrving.idrett.no\/10\/f\/","name":"Tyrving - Friidrett","description":"Friidrettsgruppa","publisher":{"@id":"https:\/\/tyrving.idrett.no\/10\/f\/#organization"},"potentialAction":[{"@type":"SearchAction","target":{"@type":"EntryPoint","urlTemplate":"https:\/\/tyrving.idrett.no\/10\/f\/?s={search_term_string}"},"query-input":"required name=search_term_string"}],"inLanguage":"nb-NO"},{"@type":"Organization","@id":"https:\/\/tyrving.idrett.no\/10\/f\/#organization","name":"Tyrving Friidrettsgruppa","url":"https:\/\/tyrving.idrett.no\/10\/f\/","logo":{"@type":"ImageObject","inLanguage":"nb-NO","@id":"https:\/\/tyrving.idrett.no\/10\/f\/#\/schema\/logo\/image\/","url":"https:\/\/tyrving.idrett.no\/10\/f\/files\/2019\/04\/Tyrving-Logo-Friidrett-2019.jpg","contentUrl":"https:\/\/tyrving.idrett.no\/10\/f\/files\/2019\/04\/Tyrving-Logo-Friidrett-2019.jpg","width":460,"height":360,"caption":"Tyrving Friidrettsgruppa"},"image":{"@id":"https:\/\/tyrving.idrett.no\/10\/f\/#\/schema\/logo\/image\/"}},{"@type":"Person","@id":"https:\/\/tyrving.idrett.no\/10\/f\/#\/schema\/person\/b0b301ce26d13339293caf5c0bc7d286","name":"admin","image":{"@type":"ImageObject","inLanguage":"nb-NO","@id":"https:\/\/tyrving.idrett.no\/10\/f\/#\/schema\/person\/image\/","url":"https:\/\/secure.gravatar.com\/avatar\/4b0456acc2ea550a97d3a11ebb27598d?s=96&d=mm&r=g","contentUrl":"https:\/\/secure.gravatar.com\/avatar\/4b0456acc2ea550a97d3a11ebb27598d?s=96&d=mm&r=g","caption":"admin"}}]}},"jetpack_sharing_enabled":true,"jetpack_featured_media_url":"https:\/\/tyrving.idrett.no\/10\/f\/files\/2016\/04\/BIP-2.jpg","_links":{"self":[{"href":"https:\/\/tyrving.idrett.no\/10\/f\/wp-json\/wp\/v2\/posts\/16221"}],"collection":[{"href":"https:\/\/tyrving.idrett.no\/10\/f\/wp-json\/wp\/v2\/posts"}],"about":[{"href":"https:\/\/tyrving.idrett.no\/10\/f\/wp-json\/wp\/v2\/types\/post"}],"author":[{"embeddable":true,"href":"https:\/\/tyrving.idrett.no\/10\/f\/wp-json\/wp\/v2\/users\/1"}],"replies":[{"embeddable":true,"href":"https:\/\/tyrving.idrett.no\/10\/f\/wp-json\/wp\/v2\/comments?post=16221"}],"version-history":[{"count":1,"href":"https:\/\/tyrving.idrett.no\/10\/f\/wp-json\/wp\/v2\/posts\/16221\/revisions"}],"predecessor-version":[{"id":16239,"href":"https:\/\/tyrving.idrett.no\/10\/f\/wp-json\/wp\/v2\/posts\/16221\/revisions\/16239"}],"wp:featuredmedia":[{"embeddable":true,"href":"https:\/\/tyrving.idrett.no\/10\/f\/wp-json\/wp\/v2\/media\/15542"}],"wp:attachment":[{"href":"https:\/\/tyrving.idrett.no\/10\/f\/wp-json\/wp\/v2\/media?parent=16221"}],"wp:term":[{"taxonomy":"category","embeddable":true,"href":"https:\/\/tyrving.idrett.no\/10\/f\/wp-json\/wp\/v2\/categories?post=16221"},{"taxonomy":"post_tag","embeddable":true,"href":"https:\/\/tyrving.idrett.no\/10\/f\/wp-json\/wp\/v2\/tags?post=16221"}],"curies":[{"name":"wp","href":"https:\/\/api.w.org\/{rel}","templated":true}]}}