{"id":16222,"date":"2016-09-19T11:45:30","date_gmt":"2016-09-19T09:45:30","guid":{"rendered":"http:\/\/tyrving.idrett.no\/10\/f\/?p=16222"},"modified":"2016-09-19T11:45:30","modified_gmt":"2016-09-19T09:45:30","slug":"full-fart-i-helga-bade-pa-nesoya-og-kadettangen","status":"publish","type":"post","link":"https:\/\/tyrving.idrett.no\/10\/f\/2016\/09\/19\/full-fart-i-helga-bade-pa-nesoya-og-kadettangen\/","title":{"rendered":"Full fart i helga \u2013 B\u00e5de p\u00e5 Nes\u00f8ya og Kadettangen"},"content":{"rendered":"<p>I helga har det v\u00e6rt Nes\u00f8yalekene. Resultater fra stevne, hvor 29 tyrvingut\u00f8vere var p\u00e5meldt, finner du <a href=\"http:\/\/tyrving.idrett.no\/10\/f\/files\/2016\/09\/Resultater-Nes\u00f8yalekene-2016.pdf\">HER<\/a>\u00a0I tillegg til stevne har det for 12-13 \u00e5ringene i klubben v\u00e6rt sosial treningssamling p\u00e5 Kaddettangen og Kalv\u00f8ya. Takk til Petra, Sigbj\u00f8rn, Matias og oppmenn Anne og Arthur for god gjennomf\u00f8ring av samlingen.\u00a0Noen bilder fra samlingen ser du under.<\/p>\n\n\t\t<style type=\"text\/css\">\n\t\t\t#gallery-1 {\n\t\t\t\tmargin: auto;\n\t\t\t}\n\t\t\t#gallery-1 .gallery-item {\n\t\t\t\tfloat: left;\n\t\t\t\tmargin-top: 10px;\n\t\t\t\ttext-align: center;\n\t\t\t\twidth: 33%;\n\t\t\t}\n\t\t\t#gallery-1 img {\n\t\t\t\tborder: 2px solid #cfcfcf;\n\t\t\t}\n\t\t\t#gallery-1 .gallery-caption {\n\t\t\t\tmargin-left: 0;\n\t\t\t}\n\t\t\t\/* see gallery_shortcode() in wp-includes\/media.php *\/\n\t\t<\/style>\n\t\t<div id='gallery-1' class='gallery galleryid-16222 gallery-columns-3 gallery-size-thumbnail'><dl class='gallery-item'>\n\t\t\t<dt class='gallery-icon landscape'>\n\t\t\t\t<a href='https:\/\/tyrving.idrett.no\/10\/f\/2016\/09\/19\/full-fart-i-helga-bade-pa-nesoya-og-kadettangen\/14365272_1277730688906627_1235003281_n\/'><img width=\"100\" height=\"100\" src=\"https:\/\/tyrving.idrett.no\/10\/f\/files\/2016\/09\/14365272_1277730688906627_1235003281_n-100x100.jpg\" class=\"attachment-thumbnail size-thumbnail\" alt=\"\" decoding=\"async\" loading=\"lazy\" \/><\/a>\n\t\t\t<\/dt><\/dl><dl class='gallery-item'>\n\t\t\t<dt class='gallery-icon landscape'>\n\t\t\t\t<a href='https:\/\/tyrving.idrett.no\/10\/f\/2016\/09\/19\/full-fart-i-helga-bade-pa-nesoya-og-kadettangen\/14383518_1277730698906626_1573662727_n\/'><img width=\"100\" height=\"100\" src=\"https:\/\/tyrving.idrett.no\/10\/f\/files\/2016\/09\/14383518_1277730698906626_1573662727_n-100x100.jpg\" class=\"attachment-thumbnail size-thumbnail\" alt=\"\" decoding=\"async\" loading=\"lazy\" \/><\/a>\n\t\t\t<\/dt><\/dl><dl class='gallery-item'>\n\t\t\t<dt class='gallery-icon landscape'>\n\t\t\t\t<a href='https:\/\/tyrving.idrett.no\/10\/f\/2016\/09\/19\/full-fart-i-helga-bade-pa-nesoya-og-kadettangen\/14389868_1277730722239957_955831307_n\/'><img width=\"100\" height=\"100\" src=\"https:\/\/tyrving.idrett.no\/10\/f\/files\/2016\/09\/14389868_1277730722239957_955831307_n-100x100.jpg\" class=\"attachment-thumbnail size-thumbnail\" alt=\"\" decoding=\"async\" loading=\"lazy\" \/><\/a>\n\t\t\t<\/dt><\/dl><br style=\"clear: both\" \/><dl class='gallery-item'>\n\t\t\t<dt class='gallery-icon landscape'>\n\t\t\t\t<a href='https:\/\/tyrving.idrett.no\/10\/f\/2016\/09\/19\/full-fart-i-helga-bade-pa-nesoya-og-kadettangen\/14397405_1277730785573284_1007238712_n\/'><img width=\"100\" height=\"100\" src=\"https:\/\/tyrving.idrett.no\/10\/f\/files\/2016\/09\/14397405_1277730785573284_1007238712_n-100x100.jpg\" class=\"attachment-thumbnail size-thumbnail\" alt=\"\" decoding=\"async\" loading=\"lazy\" \/><\/a>\n\t\t\t<\/dt><\/dl><dl class='gallery-item'>\n\t\t\t<dt class='gallery-icon portrait'>\n\t\t\t\t<a href='https:\/\/tyrving.idrett.no\/10\/f\/2016\/09\/19\/full-fart-i-helga-bade-pa-nesoya-og-kadettangen\/14407592_1277730788906617_1601078098_n\/'><img width=\"100\" height=\"100\" src=\"https:\/\/tyrving.idrett.no\/10\/f\/files\/2016\/09\/14407592_1277730788906617_1601078098_n-100x100.jpg\" class=\"attachment-thumbnail size-thumbnail\" alt=\"\" decoding=\"async\" loading=\"lazy\" \/><\/a>\n\t\t\t<\/dt><\/dl><dl class='gallery-item'>\n\t\t\t<dt class='gallery-icon landscape'>\n\t\t\t\t<a href='https:\/\/tyrving.idrett.no\/10\/f\/2016\/09\/19\/full-fart-i-helga-bade-pa-nesoya-og-kadettangen\/14408940_1277730802239949_1902677156_n\/'><img width=\"100\" height=\"100\" src=\"https:\/\/tyrving.idrett.no\/10\/f\/files\/2016\/09\/14408940_1277730802239949_1902677156_n-100x100.jpg\" class=\"attachment-thumbnail size-thumbnail\" alt=\"\" decoding=\"async\" loading=\"lazy\" \/><\/a>\n\t\t\t<\/dt><\/dl><br style=\"clear: both\" \/><dl class='gallery-item'>\n\t\t\t<dt class='gallery-icon landscape'>\n\t\t\t\t<a href='https:\/\/tyrving.idrett.no\/10\/f\/2016\/09\/19\/full-fart-i-helga-bade-pa-nesoya-og-kadettangen\/14408955_1277730845573278_70873478_n\/'><img width=\"100\" height=\"100\" src=\"https:\/\/tyrving.idrett.no\/10\/f\/files\/2016\/09\/14408955_1277730845573278_70873478_n-100x100.jpg\" class=\"attachment-thumbnail size-thumbnail\" alt=\"\" decoding=\"async\" loading=\"lazy\" \/><\/a>\n\t\t\t<\/dt><\/dl><dl class='gallery-item'>\n\t\t\t<dt class='gallery-icon landscape'>\n\t\t\t\t<a href='https:\/\/tyrving.idrett.no\/10\/f\/2016\/09\/19\/full-fart-i-helga-bade-pa-nesoya-og-kadettangen\/14409046_1277730762239953_2109530949_n\/'><img width=\"100\" height=\"100\" src=\"https:\/\/tyrving.idrett.no\/10\/f\/files\/2016\/09\/14409046_1277730762239953_2109530949_n-100x100.jpg\" class=\"attachment-thumbnail size-thumbnail\" alt=\"\" decoding=\"async\" loading=\"lazy\" \/><\/a>\n\t\t\t<\/dt><\/dl><dl class='gallery-item'>\n\t\t\t<dt class='gallery-icon landscape'>\n\t\t\t\t<a href='https:\/\/tyrving.idrett.no\/10\/f\/2016\/09\/19\/full-fart-i-helga-bade-pa-nesoya-og-kadettangen\/14429096_1277730848906611_1157530675_n\/'><img width=\"100\" height=\"100\" src=\"https:\/\/tyrving.idrett.no\/10\/f\/files\/2016\/09\/14429096_1277730848906611_1157530675_n-100x100.jpg\" class=\"attachment-thumbnail size-thumbnail\" alt=\"\" decoding=\"async\" loading=\"lazy\" \/><\/a>\n\t\t\t<\/dt><\/dl><br style=\"clear: both\" \/><dl class='gallery-item'>\n\t\t\t<dt class='gallery-icon landscape'>\n\t\t\t\t<a href='https:\/\/tyrving.idrett.no\/10\/f\/2016\/09\/19\/full-fart-i-helga-bade-pa-nesoya-og-kadettangen\/14429115_1277730892239940_982559532_n\/'><img width=\"100\" height=\"100\" src=\"https:\/\/tyrving.idrett.no\/10\/f\/files\/2016\/09\/14429115_1277730892239940_982559532_n-100x100.jpg\" class=\"attachment-thumbnail size-thumbnail\" alt=\"\" decoding=\"async\" loading=\"lazy\" \/><\/a>\n\t\t\t<\/dt><\/dl><dl class='gallery-item'>\n\t\t\t<dt class='gallery-icon landscape'>\n\t\t\t\t<a href='https:\/\/tyrving.idrett.no\/10\/f\/2016\/09\/19\/full-fart-i-helga-bade-pa-nesoya-og-kadettangen\/14429550_1277730812239948_2004453627_n\/'><img width=\"100\" height=\"100\" src=\"https:\/\/tyrving.idrett.no\/10\/f\/files\/2016\/09\/14429550_1277730812239948_2004453627_n-100x100.jpg\" class=\"attachment-thumbnail size-thumbnail\" alt=\"\" decoding=\"async\" loading=\"lazy\" \/><\/a>\n\t\t\t<\/dt><\/dl><dl class='gallery-item'>\n\t\t\t<dt class='gallery-icon landscape'>\n\t\t\t\t<a href='https:\/\/tyrving.idrett.no\/10\/f\/2016\/09\/19\/full-fart-i-helga-bade-pa-nesoya-og-kadettangen\/14407494_1277730715573291_2128751776_n\/'><img width=\"100\" height=\"100\" src=\"https:\/\/tyrving.idrett.no\/10\/f\/files\/2016\/09\/14407494_1277730715573291_2128751776_n-100x100.jpg\" class=\"attachment-thumbnail size-thumbnail\" alt=\"\" decoding=\"async\" loading=\"lazy\" \/><\/a>\n\t\t\t<\/dt><\/dl><br style=\"clear: both\" \/><dl class='gallery-item'>\n\t\t\t<dt class='gallery-icon landscape'>\n\t\t\t\t<a href='https:\/\/tyrving.idrett.no\/10\/f\/2016\/09\/19\/full-fart-i-helga-bade-pa-nesoya-og-kadettangen\/14409000_1277730618906634_1405372799_n\/'><img width=\"100\" height=\"100\" src=\"https:\/\/tyrving.idrett.no\/10\/f\/files\/2016\/09\/14409000_1277730618906634_1405372799_n-100x100.jpg\" class=\"attachment-thumbnail size-thumbnail\" alt=\"\" decoding=\"async\" loading=\"lazy\" \/><\/a>\n\t\t\t<\/dt><\/dl><dl class='gallery-item'>\n\t\t\t<dt class='gallery-icon landscape'>\n\t\t\t\t<a href='https:\/\/tyrving.idrett.no\/10\/f\/2016\/09\/19\/full-fart-i-helga-bade-pa-nesoya-og-kadettangen\/14429449_1277730935573269_2143964850_n\/'><img width=\"100\" height=\"100\" src=\"https:\/\/tyrving.idrett.no\/10\/f\/files\/2016\/09\/14429449_1277730935573269_2143964850_n-100x100.jpg\" class=\"attachment-thumbnail size-thumbnail\" alt=\"\" decoding=\"async\" loading=\"lazy\" \/><\/a>\n\t\t\t<\/dt><\/dl>\n\t\t\t<br style='clear: both' \/>\n\t\t<\/div>\n\n","protected":false},"excerpt":{"rendered":"I helga har det v\u00e6rt Nes\u00f8yalekene. Resultater fra stevne, hvor 29 tyrvingut\u00f8vere var p\u00e5meldt, finner du HER\u00a0I tillegg til stevne har det for 12-13 \u00e5ringene i klubben v\u00e6rt sosial treningssamling p\u00e5 Kad&#8230;","protected":false},"author":1,"featured_media":16230,"comment_status":"open","ping_status":"open","sticky":false,"template":"","format":"standard","meta":{"footnotes":"","_jetpack_memberships_contains_paid_content":false},"categories":[1],"tags":[],"acf":[],"yoast_head":"<!-- This site is optimized with the Yoast SEO plugin v21.2 - https:\/\/yoast.com\/wordpress\/plugins\/seo\/ -->\n<title>Full fart i helga \u2013 B\u00e5de p\u00e5 Nes\u00f8ya og Kadettangen - Tyrving - Friidrett<\/title>\n<meta name=\"robots\" content=\"index, follow, max-snippet:-1, max-image-preview:large, max-video-preview:-1\" \/>\n<link rel=\"canonical\" href=\"https:\/\/tyrving.idrett.no\/10\/f\/2016\/09\/19\/full-fart-i-helga-bade-pa-nesoya-og-kadettangen\/\" \/>\n<meta property=\"og:locale\" content=\"nb_NO\" \/>\n<meta property=\"og:type\" content=\"article\" \/>\n<meta property=\"og:title\" content=\"Full fart i helga \u2013 B\u00e5de p\u00e5 Nes\u00f8ya og Kadettangen - Tyrving - Friidrett\" \/>\n<meta property=\"og:description\" content=\"I helga har det v\u00e6rt Nes\u00f8yalekene. Resultater fra stevne, hvor 29 tyrvingut\u00f8vere var p\u00e5meldt, finner du HER\u00a0I tillegg til stevne har det for 12-13 \u00e5ringene i klubben v\u00e6rt sosial treningssamling p\u00e5 Kad...\" \/>\n<meta property=\"og:url\" content=\"https:\/\/tyrving.idrett.no\/10\/f\/2016\/09\/19\/full-fart-i-helga-bade-pa-nesoya-og-kadettangen\/\" \/>\n<meta property=\"og:site_name\" content=\"Tyrving - Friidrett\" \/>\n<meta property=\"article:published_time\" content=\"2016-09-19T09:45:30+00:00\" \/>\n<meta property=\"og:image\" content=\"https:\/\/tyrving.idrett.no\/10\/f\/files\/2016\/09\/14409046_1277730762239953_2109530949_n.jpg\" \/>\n\t<meta property=\"og:image:width\" content=\"480\" \/>\n\t<meta property=\"og:image:height\" content=\"360\" \/>\n\t<meta property=\"og:image:type\" content=\"image\/jpeg\" \/>\n<meta name=\"author\" content=\"admin\" \/>\n<meta name=\"twitter:card\" content=\"summary_large_image\" \/>\n<meta name=\"twitter:label1\" content=\"Skrevet av\" \/>\n\t<meta name=\"twitter:data1\" content=\"admin\" \/>\n<script type=\"application\/ld+json\" class=\"yoast-schema-graph\">{\"@context\":\"https:\/\/schema.org\",\"@graph\":[{\"@type\":\"Article\",\"@id\":\"https:\/\/tyrving.idrett.no\/10\/f\/2016\/09\/19\/full-fart-i-helga-bade-pa-nesoya-og-kadettangen\/#article\",\"isPartOf\":{\"@id\":\"https:\/\/tyrving.idrett.no\/10\/f\/2016\/09\/19\/full-fart-i-helga-bade-pa-nesoya-og-kadettangen\/\"},\"author\":{\"name\":\"admin\",\"@id\":\"https:\/\/tyrving.idrett.no\/10\/f\/#\/schema\/person\/b0b301ce26d13339293caf5c0bc7d286\"},\"headline\":\"Full fart i helga \u2013 B\u00e5de p\u00e5 Nes\u00f8ya og Kadettangen\",\"datePublished\":\"2016-09-19T09:45:30+00:00\",\"dateModified\":\"2016-09-19T09:45:30+00:00\",\"mainEntityOfPage\":{\"@id\":\"https:\/\/tyrving.idrett.no\/10\/f\/2016\/09\/19\/full-fart-i-helga-bade-pa-nesoya-og-kadettangen\/\"},\"wordCount\":77,\"commentCount\":0,\"publisher\":{\"@id\":\"https:\/\/tyrving.idrett.no\/10\/f\/#organization\"},\"articleSection\":[\"Nyheter\"],\"inLanguage\":\"nb-NO\",\"potentialAction\":[{\"@type\":\"CommentAction\",\"name\":\"Comment\",\"target\":[\"https:\/\/tyrving.idrett.no\/10\/f\/2016\/09\/19\/full-fart-i-helga-bade-pa-nesoya-og-kadettangen\/#respond\"]}]},{\"@type\":\"WebPage\",\"@id\":\"https:\/\/tyrving.idrett.no\/10\/f\/2016\/09\/19\/full-fart-i-helga-bade-pa-nesoya-og-kadettangen\/\",\"url\":\"https:\/\/tyrving.idrett.no\/10\/f\/2016\/09\/19\/full-fart-i-helga-bade-pa-nesoya-og-kadettangen\/\",\"name\":\"Full fart i helga \u2013 B\u00e5de p\u00e5 Nes\u00f8ya og Kadettangen - Tyrving - Friidrett\",\"isPartOf\":{\"@id\":\"https:\/\/tyrving.idrett.no\/10\/f\/#website\"},\"datePublished\":\"2016-09-19T09:45:30+00:00\",\"dateModified\":\"2016-09-19T09:45:30+00:00\",\"breadcrumb\":{\"@id\":\"https:\/\/tyrving.idrett.no\/10\/f\/2016\/09\/19\/full-fart-i-helga-bade-pa-nesoya-og-kadettangen\/#breadcrumb\"},\"inLanguage\":\"nb-NO\",\"potentialAction\":[{\"@type\":\"ReadAction\",\"target\":[\"https:\/\/tyrving.idrett.no\/10\/f\/2016\/09\/19\/full-fart-i-helga-bade-pa-nesoya-og-kadettangen\/\"]}]},{\"@type\":\"BreadcrumbList\",\"@id\":\"https:\/\/tyrving.idrett.no\/10\/f\/2016\/09\/19\/full-fart-i-helga-bade-pa-nesoya-og-kadettangen\/#breadcrumb\",\"itemListElement\":[{\"@type\":\"ListItem\",\"position\":1,\"name\":\"Hjem\",\"item\":\"https:\/\/tyrving.idrett.no\/10\/f\/\"},{\"@type\":\"ListItem\",\"position\":2,\"name\":\"Full fart i helga \u2013 B\u00e5de p\u00e5 Nes\u00f8ya og Kadettangen\"}]},{\"@type\":\"WebSite\",\"@id\":\"https:\/\/tyrving.idrett.no\/10\/f\/#website\",\"url\":\"https:\/\/tyrving.idrett.no\/10\/f\/\",\"name\":\"Tyrving - Friidrett\",\"description\":\"Friidrettsgruppa\",\"publisher\":{\"@id\":\"https:\/\/tyrving.idrett.no\/10\/f\/#organization\"},\"potentialAction\":[{\"@type\":\"SearchAction\",\"target\":{\"@type\":\"EntryPoint\",\"urlTemplate\":\"https:\/\/tyrving.idrett.no\/10\/f\/?s={search_term_string}\"},\"query-input\":\"required name=search_term_string\"}],\"inLanguage\":\"nb-NO\"},{\"@type\":\"Organization\",\"@id\":\"https:\/\/tyrving.idrett.no\/10\/f\/#organization\",\"name\":\"Tyrving Friidrettsgruppa\",\"url\":\"https:\/\/tyrving.idrett.no\/10\/f\/\",\"logo\":{\"@type\":\"ImageObject\",\"inLanguage\":\"nb-NO\",\"@id\":\"https:\/\/tyrving.idrett.no\/10\/f\/#\/schema\/logo\/image\/\",\"url\":\"https:\/\/tyrving.idrett.no\/10\/f\/files\/2019\/04\/Tyrving-Logo-Friidrett-2019.jpg\",\"contentUrl\":\"https:\/\/tyrving.idrett.no\/10\/f\/files\/2019\/04\/Tyrving-Logo-Friidrett-2019.jpg\",\"width\":460,\"height\":360,\"caption\":\"Tyrving Friidrettsgruppa\"},\"image\":{\"@id\":\"https:\/\/tyrving.idrett.no\/10\/f\/#\/schema\/logo\/image\/\"}},{\"@type\":\"Person\",\"@id\":\"https:\/\/tyrving.idrett.no\/10\/f\/#\/schema\/person\/b0b301ce26d13339293caf5c0bc7d286\",\"name\":\"admin\",\"image\":{\"@type\":\"ImageObject\",\"inLanguage\":\"nb-NO\",\"@id\":\"https:\/\/tyrving.idrett.no\/10\/f\/#\/schema\/person\/image\/\",\"url\":\"https:\/\/secure.gravatar.com\/avatar\/4b0456acc2ea550a97d3a11ebb27598d?s=96&d=mm&r=g\",\"contentUrl\":\"https:\/\/secure.gravatar.com\/avatar\/4b0456acc2ea550a97d3a11ebb27598d?s=96&d=mm&r=g\",\"caption\":\"admin\"}}]}<\/script>\n<!-- \/ Yoast SEO plugin. -->","yoast_head_json":{"title":"Full fart i helga \u2013 B\u00e5de p\u00e5 Nes\u00f8ya og Kadettangen - Tyrving - Friidrett","robots":{"index":"index","follow":"follow","max-snippet":"max-snippet:-1","max-image-preview":"max-image-preview:large","max-video-preview":"max-video-preview:-1"},"canonical":"https:\/\/tyrving.idrett.no\/10\/f\/2016\/09\/19\/full-fart-i-helga-bade-pa-nesoya-og-kadettangen\/","og_locale":"nb_NO","og_type":"article","og_title":"Full fart i helga \u2013 B\u00e5de p\u00e5 Nes\u00f8ya og Kadettangen - Tyrving - Friidrett","og_description":"I helga har det v\u00e6rt Nes\u00f8yalekene. Resultater fra stevne, hvor 29 tyrvingut\u00f8vere var p\u00e5meldt, finner du HER\u00a0I tillegg til stevne har det for 12-13 \u00e5ringene i klubben v\u00e6rt sosial treningssamling p\u00e5 Kad...","og_url":"https:\/\/tyrving.idrett.no\/10\/f\/2016\/09\/19\/full-fart-i-helga-bade-pa-nesoya-og-kadettangen\/","og_site_name":"Tyrving - Friidrett","article_published_time":"2016-09-19T09:45:30+00:00","og_image":[{"width":480,"height":360,"url":"https:\/\/tyrving.idrett.no\/10\/f\/files\/2016\/09\/14409046_1277730762239953_2109530949_n.jpg","type":"image\/jpeg"}],"author":"admin","twitter_card":"summary_large_image","twitter_misc":{"Skrevet av":"admin"},"schema":{"@context":"https:\/\/schema.org","@graph":[{"@type":"Article","@id":"https:\/\/tyrving.idrett.no\/10\/f\/2016\/09\/19\/full-fart-i-helga-bade-pa-nesoya-og-kadettangen\/#article","isPartOf":{"@id":"https:\/\/tyrving.idrett.no\/10\/f\/2016\/09\/19\/full-fart-i-helga-bade-pa-nesoya-og-kadettangen\/"},"author":{"name":"admin","@id":"https:\/\/tyrving.idrett.no\/10\/f\/#\/schema\/person\/b0b301ce26d13339293caf5c0bc7d286"},"headline":"Full fart i helga \u2013 B\u00e5de p\u00e5 Nes\u00f8ya og Kadettangen","datePublished":"2016-09-19T09:45:30+00:00","dateModified":"2016-09-19T09:45:30+00:00","mainEntityOfPage":{"@id":"https:\/\/tyrving.idrett.no\/10\/f\/2016\/09\/19\/full-fart-i-helga-bade-pa-nesoya-og-kadettangen\/"},"wordCount":77,"commentCount":0,"publisher":{"@id":"https:\/\/tyrving.idrett.no\/10\/f\/#organization"},"articleSection":["Nyheter"],"inLanguage":"nb-NO","potentialAction":[{"@type":"CommentAction","name":"Comment","target":["https:\/\/tyrving.idrett.no\/10\/f\/2016\/09\/19\/full-fart-i-helga-bade-pa-nesoya-og-kadettangen\/#respond"]}]},{"@type":"WebPage","@id":"https:\/\/tyrving.idrett.no\/10\/f\/2016\/09\/19\/full-fart-i-helga-bade-pa-nesoya-og-kadettangen\/","url":"https:\/\/tyrving.idrett.no\/10\/f\/2016\/09\/19\/full-fart-i-helga-bade-pa-nesoya-og-kadettangen\/","name":"Full fart i helga \u2013 B\u00e5de p\u00e5 Nes\u00f8ya og Kadettangen - Tyrving - Friidrett","isPartOf":{"@id":"https:\/\/tyrving.idrett.no\/10\/f\/#website"},"datePublished":"2016-09-19T09:45:30+00:00","dateModified":"2016-09-19T09:45:30+00:00","breadcrumb":{"@id":"https:\/\/tyrving.idrett.no\/10\/f\/2016\/09\/19\/full-fart-i-helga-bade-pa-nesoya-og-kadettangen\/#breadcrumb"},"inLanguage":"nb-NO","potentialAction":[{"@type":"ReadAction","target":["https:\/\/tyrving.idrett.no\/10\/f\/2016\/09\/19\/full-fart-i-helga-bade-pa-nesoya-og-kadettangen\/"]}]},{"@type":"BreadcrumbList","@id":"https:\/\/tyrving.idrett.no\/10\/f\/2016\/09\/19\/full-fart-i-helga-bade-pa-nesoya-og-kadettangen\/#breadcrumb","itemListElement":[{"@type":"ListItem","position":1,"name":"Hjem","item":"https:\/\/tyrving.idrett.no\/10\/f\/"},{"@type":"ListItem","position":2,"name":"Full fart i helga \u2013 B\u00e5de p\u00e5 Nes\u00f8ya og Kadettangen"}]},{"@type":"WebSite","@id":"https:\/\/tyrving.idrett.no\/10\/f\/#website","url":"https:\/\/tyrving.idrett.no\/10\/f\/","name":"Tyrving - Friidrett","description":"Friidrettsgruppa","publisher":{"@id":"https:\/\/tyrving.idrett.no\/10\/f\/#organization"},"potentialAction":[{"@type":"SearchAction","target":{"@type":"EntryPoint","urlTemplate":"https:\/\/tyrving.idrett.no\/10\/f\/?s={search_term_string}"},"query-input":"required name=search_term_string"}],"inLanguage":"nb-NO"},{"@type":"Organization","@id":"https:\/\/tyrving.idrett.no\/10\/f\/#organization","name":"Tyrving Friidrettsgruppa","url":"https:\/\/tyrving.idrett.no\/10\/f\/","logo":{"@type":"ImageObject","inLanguage":"nb-NO","@id":"https:\/\/tyrving.idrett.no\/10\/f\/#\/schema\/logo\/image\/","url":"https:\/\/tyrving.idrett.no\/10\/f\/files\/2019\/04\/Tyrving-Logo-Friidrett-2019.jpg","contentUrl":"https:\/\/tyrving.idrett.no\/10\/f\/files\/2019\/04\/Tyrving-Logo-Friidrett-2019.jpg","width":460,"height":360,"caption":"Tyrving Friidrettsgruppa"},"image":{"@id":"https:\/\/tyrving.idrett.no\/10\/f\/#\/schema\/logo\/image\/"}},{"@type":"Person","@id":"https:\/\/tyrving.idrett.no\/10\/f\/#\/schema\/person\/b0b301ce26d13339293caf5c0bc7d286","name":"admin","image":{"@type":"ImageObject","inLanguage":"nb-NO","@id":"https:\/\/tyrving.idrett.no\/10\/f\/#\/schema\/person\/image\/","url":"https:\/\/secure.gravatar.com\/avatar\/4b0456acc2ea550a97d3a11ebb27598d?s=96&d=mm&r=g","contentUrl":"https:\/\/secure.gravatar.com\/avatar\/4b0456acc2ea550a97d3a11ebb27598d?s=96&d=mm&r=g","caption":"admin"}}]}},"jetpack_sharing_enabled":true,"jetpack_featured_media_url":"https:\/\/tyrving.idrett.no\/10\/f\/files\/2016\/09\/14409046_1277730762239953_2109530949_n.jpg","_links":{"self":[{"href":"https:\/\/tyrving.idrett.no\/10\/f\/wp-json\/wp\/v2\/posts\/16222"}],"collection":[{"href":"https:\/\/tyrving.idrett.no\/10\/f\/wp-json\/wp\/v2\/posts"}],"about":[{"href":"https:\/\/tyrving.idrett.no\/10\/f\/wp-json\/wp\/v2\/types\/post"}],"author":[{"embeddable":true,"href":"https:\/\/tyrving.idrett.no\/10\/f\/wp-json\/wp\/v2\/users\/1"}],"replies":[{"embeddable":true,"href":"https:\/\/tyrving.idrett.no\/10\/f\/wp-json\/wp\/v2\/comments?post=16222"}],"version-history":[{"count":1,"href":"https:\/\/tyrving.idrett.no\/10\/f\/wp-json\/wp\/v2\/posts\/16222\/revisions"}],"predecessor-version":[{"id":16238,"href":"https:\/\/tyrving.idrett.no\/10\/f\/wp-json\/wp\/v2\/posts\/16222\/revisions\/16238"}],"wp:featuredmedia":[{"embeddable":true,"href":"https:\/\/tyrving.idrett.no\/10\/f\/wp-json\/wp\/v2\/media\/16230"}],"wp:attachment":[{"href":"https:\/\/tyrving.idrett.no\/10\/f\/wp-json\/wp\/v2\/media?parent=16222"}],"wp:term":[{"taxonomy":"category","embeddable":true,"href":"https:\/\/tyrving.idrett.no\/10\/f\/wp-json\/wp\/v2\/categories?post=16222"},{"taxonomy":"post_tag","embeddable":true,"href":"https:\/\/tyrving.idrett.no\/10\/f\/wp-json\/wp\/v2\/tags?post=16222"}],"curies":[{"name":"wp","href":"https:\/\/api.w.org\/{rel}","templated":true}]}}