{"id":16264,"date":"2016-09-27T12:00:35","date_gmt":"2016-09-27T10:00:35","guid":{"rendered":"http:\/\/tyrving.idrett.no\/10\/f\/?p=16264"},"modified":"2016-09-27T12:39:03","modified_gmt":"2016-09-27T10:39:03","slug":"stabaek-vant-men-sondre-best-pa-nadderud","status":"publish","type":"post","link":"https:\/\/tyrving.idrett.no\/10\/f\/2016\/09\/27\/stabaek-vant-men-sondre-best-pa-nadderud\/","title":{"rendered":"Stab\u00e6k vant, men Sondre best p\u00e5 Nadderud!"},"content":{"rendered":"<p>Tyrving var invitert til \u00e5 forest\u00e5 pauseunderholdningen da Stab\u00e6k spilte fotballkamp p\u00e5 Nadderud i\u00a0g\u00e5r\u00a0kveld. Vi stilte sterkt med Jonathan Hertwig-\u00d8deg\u00e5rd i G11, Ida Nesse i HC-klassen og v\u00e5re to beste spydgutter, Kasper Sagen og Sondre H\u00f8yland.<\/p>\n<p>V\u00e5re lovende kastere grep sjansen da de fikk vise seg frem for et ganske stort publikum: Jonathan kastet flotte 26,10, Ida var n\u00e6rmest blinken de satte opp p\u00e5 43,56m (i et ballkast), Kasper klinket til med 53,92 som var nesten 1,6m lenger enn persen hans fra l\u00f8rdag, og ikke minst knallet Sondre til med det nest lengste kastet i Norge i \u00e5r \u2013 68.62! N\u00e5 var dette en uformell konkurranse hvor resultatene ikke vil dukke opp i statistikken, men det er bare Andreas Thorkildsen som har kastet lengre enn dette i G18!<\/p>\n<p>Kasterne v\u00e5re gj\u00f8r nye angrep p\u00e5 persene sine under et stevne p\u00e5 Ski l\u00f8rdag denne uken. Kommer du ogs\u00e5?<\/p>\n<p>Bilder under: Ida, Kasper og Sondre f\u00f8r sine kast p\u00e5 Nadderud i g\u00e5r kveld. Morsomt var det ogs\u00e5 at sportslig leder i friidrettsgruppen i Tyrving hadde sin spydduell mot styreleder i Stab\u00e6k fotball. Det ble en lett match for Jo Nesse og Tyrving.<\/p>\n<p><a href=\"http:\/\/tyrving.idrett.no\/10\/f\/files\/2016\/09\/thumbnail_20160926_195237.jpg\"><img decoding=\"async\" loading=\"lazy\" class=\"alignleft wp-image-16265\" src=\"http:\/\/tyrving.idrett.no\/10\/f\/files\/2016\/09\/thumbnail_20160926_195237-1024x576.jpg\" alt=\"thumbnail_20160926_195237\" width=\"801\" height=\"451\" srcset=\"https:\/\/tyrving.idrett.no\/10\/f\/files\/2016\/09\/thumbnail_20160926_195237-1024x576.jpg 1024w, https:\/\/tyrving.idrett.no\/10\/f\/files\/2016\/09\/thumbnail_20160926_195237-300x169.jpg 300w, https:\/\/tyrving.idrett.no\/10\/f\/files\/2016\/09\/thumbnail_20160926_195237-768x432.jpg 768w, https:\/\/tyrving.idrett.no\/10\/f\/files\/2016\/09\/thumbnail_20160926_195237-600x338.jpg 600w, https:\/\/tyrving.idrett.no\/10\/f\/files\/2016\/09\/thumbnail_20160926_195237.jpg 1280w\" sizes=\"(max-width: 801px) 100vw, 801px\" \/><\/a> <a href=\"http:\/\/tyrving.idrett.no\/10\/f\/files\/2016\/09\/thumbnail_20160926_195217.jpg\"><img decoding=\"async\" loading=\"lazy\" class=\"alignleft wp-image-16266\" src=\"http:\/\/tyrving.idrett.no\/10\/f\/files\/2016\/09\/thumbnail_20160926_195217-1024x576.jpg\" alt=\"thumbnail_20160926_195217\" width=\"799\" height=\"449\" srcset=\"https:\/\/tyrving.idrett.no\/10\/f\/files\/2016\/09\/thumbnail_20160926_195217-1024x576.jpg 1024w, https:\/\/tyrving.idrett.no\/10\/f\/files\/2016\/09\/thumbnail_20160926_195217-300x169.jpg 300w, https:\/\/tyrving.idrett.no\/10\/f\/files\/2016\/09\/thumbnail_20160926_195217-768x432.jpg 768w, https:\/\/tyrving.idrett.no\/10\/f\/files\/2016\/09\/thumbnail_20160926_195217-600x338.jpg 600w, https:\/\/tyrving.idrett.no\/10\/f\/files\/2016\/09\/thumbnail_20160926_195217.jpg 1280w\" sizes=\"(max-width: 799px) 100vw, 799px\" \/><\/a><\/p>\n<p>&nbsp;<\/p>\n<p>&nbsp;<\/p>\n<p>&nbsp;<\/p>\n","protected":false},"excerpt":{"rendered":"Tyrving var invitert til \u00e5 forest\u00e5 pauseunderholdningen da Stab\u00e6k spilte fotballkamp p\u00e5 Nadderud i\u00a0g\u00e5r\u00a0kveld. Vi stilte sterkt med Jonathan Hertwig-\u00d8deg\u00e5rd i G11, Ida Nesse i HC-klassen og v\u00e5re to bes&#8230;","protected":false},"author":1,"featured_media":16007,"comment_status":"open","ping_status":"open","sticky":false,"template":"","format":"standard","meta":{"footnotes":"","_jetpack_memberships_contains_paid_content":false},"categories":[1],"tags":[],"acf":[],"yoast_head":"<!-- This site is optimized with the Yoast SEO plugin v21.2 - https:\/\/yoast.com\/wordpress\/plugins\/seo\/ -->\n<title>Stab\u00e6k vant, men Sondre best p\u00e5 Nadderud! - Tyrving - Friidrett<\/title>\n<meta name=\"robots\" content=\"index, follow, max-snippet:-1, max-image-preview:large, max-video-preview:-1\" \/>\n<link rel=\"canonical\" href=\"https:\/\/tyrving.idrett.no\/10\/f\/2016\/09\/27\/stabaek-vant-men-sondre-best-pa-nadderud\/\" \/>\n<meta property=\"og:locale\" content=\"nb_NO\" \/>\n<meta property=\"og:type\" content=\"article\" \/>\n<meta property=\"og:title\" content=\"Stab\u00e6k vant, men Sondre best p\u00e5 Nadderud! - Tyrving - Friidrett\" \/>\n<meta property=\"og:description\" content=\"Tyrving var invitert til \u00e5 forest\u00e5 pauseunderholdningen da Stab\u00e6k spilte fotballkamp p\u00e5 Nadderud i\u00a0g\u00e5r\u00a0kveld. Vi stilte sterkt med Jonathan Hertwig-\u00d8deg\u00e5rd i G11, Ida Nesse i HC-klassen og v\u00e5re to bes...\" \/>\n<meta property=\"og:url\" content=\"https:\/\/tyrving.idrett.no\/10\/f\/2016\/09\/27\/stabaek-vant-men-sondre-best-pa-nadderud\/\" \/>\n<meta property=\"og:site_name\" content=\"Tyrving - Friidrett\" \/>\n<meta property=\"article:published_time\" content=\"2016-09-27T10:00:35+00:00\" \/>\n<meta property=\"article:modified_time\" content=\"2016-09-27T10:39:03+00:00\" \/>\n<meta property=\"og:image\" content=\"https:\/\/tyrving.idrett.no\/10\/f\/files\/2016\/08\/sondre.jpg\" \/>\n\t<meta property=\"og:image:width\" content=\"960\" \/>\n\t<meta property=\"og:image:height\" content=\"473\" \/>\n\t<meta property=\"og:image:type\" content=\"image\/jpeg\" \/>\n<meta name=\"author\" content=\"admin\" \/>\n<meta name=\"twitter:card\" content=\"summary_large_image\" \/>\n<meta name=\"twitter:label1\" content=\"Skrevet av\" \/>\n\t<meta name=\"twitter:data1\" content=\"admin\" \/>\n\t<meta name=\"twitter:label2\" content=\"Ansl. lesetid\" \/>\n\t<meta name=\"twitter:data2\" content=\"1 minutt\" \/>\n<script type=\"application\/ld+json\" class=\"yoast-schema-graph\">{\"@context\":\"https:\/\/schema.org\",\"@graph\":[{\"@type\":\"Article\",\"@id\":\"https:\/\/tyrving.idrett.no\/10\/f\/2016\/09\/27\/stabaek-vant-men-sondre-best-pa-nadderud\/#article\",\"isPartOf\":{\"@id\":\"https:\/\/tyrving.idrett.no\/10\/f\/2016\/09\/27\/stabaek-vant-men-sondre-best-pa-nadderud\/\"},\"author\":{\"name\":\"admin\",\"@id\":\"https:\/\/tyrving.idrett.no\/10\/f\/#\/schema\/person\/b0b301ce26d13339293caf5c0bc7d286\"},\"headline\":\"Stab\u00e6k vant, men Sondre best p\u00e5 Nadderud!\",\"datePublished\":\"2016-09-27T10:00:35+00:00\",\"dateModified\":\"2016-09-27T10:39:03+00:00\",\"mainEntityOfPage\":{\"@id\":\"https:\/\/tyrving.idrett.no\/10\/f\/2016\/09\/27\/stabaek-vant-men-sondre-best-pa-nadderud\/\"},\"wordCount\":213,\"commentCount\":0,\"publisher\":{\"@id\":\"https:\/\/tyrving.idrett.no\/10\/f\/#organization\"},\"articleSection\":[\"Nyheter\"],\"inLanguage\":\"nb-NO\",\"potentialAction\":[{\"@type\":\"CommentAction\",\"name\":\"Comment\",\"target\":[\"https:\/\/tyrving.idrett.no\/10\/f\/2016\/09\/27\/stabaek-vant-men-sondre-best-pa-nadderud\/#respond\"]}]},{\"@type\":\"WebPage\",\"@id\":\"https:\/\/tyrving.idrett.no\/10\/f\/2016\/09\/27\/stabaek-vant-men-sondre-best-pa-nadderud\/\",\"url\":\"https:\/\/tyrving.idrett.no\/10\/f\/2016\/09\/27\/stabaek-vant-men-sondre-best-pa-nadderud\/\",\"name\":\"Stab\u00e6k vant, men Sondre best p\u00e5 Nadderud! - Tyrving - Friidrett\",\"isPartOf\":{\"@id\":\"https:\/\/tyrving.idrett.no\/10\/f\/#website\"},\"datePublished\":\"2016-09-27T10:00:35+00:00\",\"dateModified\":\"2016-09-27T10:39:03+00:00\",\"breadcrumb\":{\"@id\":\"https:\/\/tyrving.idrett.no\/10\/f\/2016\/09\/27\/stabaek-vant-men-sondre-best-pa-nadderud\/#breadcrumb\"},\"inLanguage\":\"nb-NO\",\"potentialAction\":[{\"@type\":\"ReadAction\",\"target\":[\"https:\/\/tyrving.idrett.no\/10\/f\/2016\/09\/27\/stabaek-vant-men-sondre-best-pa-nadderud\/\"]}]},{\"@type\":\"BreadcrumbList\",\"@id\":\"https:\/\/tyrving.idrett.no\/10\/f\/2016\/09\/27\/stabaek-vant-men-sondre-best-pa-nadderud\/#breadcrumb\",\"itemListElement\":[{\"@type\":\"ListItem\",\"position\":1,\"name\":\"Hjem\",\"item\":\"https:\/\/tyrving.idrett.no\/10\/f\/\"},{\"@type\":\"ListItem\",\"position\":2,\"name\":\"Stab\u00e6k vant, men Sondre best p\u00e5 Nadderud!\"}]},{\"@type\":\"WebSite\",\"@id\":\"https:\/\/tyrving.idrett.no\/10\/f\/#website\",\"url\":\"https:\/\/tyrving.idrett.no\/10\/f\/\",\"name\":\"Tyrving - Friidrett\",\"description\":\"Friidrettsgruppa\",\"publisher\":{\"@id\":\"https:\/\/tyrving.idrett.no\/10\/f\/#organization\"},\"potentialAction\":[{\"@type\":\"SearchAction\",\"target\":{\"@type\":\"EntryPoint\",\"urlTemplate\":\"https:\/\/tyrving.idrett.no\/10\/f\/?s={search_term_string}\"},\"query-input\":\"required name=search_term_string\"}],\"inLanguage\":\"nb-NO\"},{\"@type\":\"Organization\",\"@id\":\"https:\/\/tyrving.idrett.no\/10\/f\/#organization\",\"name\":\"Tyrving Friidrettsgruppa\",\"url\":\"https:\/\/tyrving.idrett.no\/10\/f\/\",\"logo\":{\"@type\":\"ImageObject\",\"inLanguage\":\"nb-NO\",\"@id\":\"https:\/\/tyrving.idrett.no\/10\/f\/#\/schema\/logo\/image\/\",\"url\":\"https:\/\/tyrving.idrett.no\/10\/f\/files\/2019\/04\/Tyrving-Logo-Friidrett-2019.jpg\",\"contentUrl\":\"https:\/\/tyrving.idrett.no\/10\/f\/files\/2019\/04\/Tyrving-Logo-Friidrett-2019.jpg\",\"width\":460,\"height\":360,\"caption\":\"Tyrving Friidrettsgruppa\"},\"image\":{\"@id\":\"https:\/\/tyrving.idrett.no\/10\/f\/#\/schema\/logo\/image\/\"}},{\"@type\":\"Person\",\"@id\":\"https:\/\/tyrving.idrett.no\/10\/f\/#\/schema\/person\/b0b301ce26d13339293caf5c0bc7d286\",\"name\":\"admin\",\"image\":{\"@type\":\"ImageObject\",\"inLanguage\":\"nb-NO\",\"@id\":\"https:\/\/tyrving.idrett.no\/10\/f\/#\/schema\/person\/image\/\",\"url\":\"https:\/\/secure.gravatar.com\/avatar\/4b0456acc2ea550a97d3a11ebb27598d?s=96&d=mm&r=g\",\"contentUrl\":\"https:\/\/secure.gravatar.com\/avatar\/4b0456acc2ea550a97d3a11ebb27598d?s=96&d=mm&r=g\",\"caption\":\"admin\"}}]}<\/script>\n<!-- \/ Yoast SEO plugin. -->","yoast_head_json":{"title":"Stab\u00e6k vant, men Sondre best p\u00e5 Nadderud! - Tyrving - Friidrett","robots":{"index":"index","follow":"follow","max-snippet":"max-snippet:-1","max-image-preview":"max-image-preview:large","max-video-preview":"max-video-preview:-1"},"canonical":"https:\/\/tyrving.idrett.no\/10\/f\/2016\/09\/27\/stabaek-vant-men-sondre-best-pa-nadderud\/","og_locale":"nb_NO","og_type":"article","og_title":"Stab\u00e6k vant, men Sondre best p\u00e5 Nadderud! - Tyrving - Friidrett","og_description":"Tyrving var invitert til \u00e5 forest\u00e5 pauseunderholdningen da Stab\u00e6k spilte fotballkamp p\u00e5 Nadderud i\u00a0g\u00e5r\u00a0kveld. Vi stilte sterkt med Jonathan Hertwig-\u00d8deg\u00e5rd i G11, Ida Nesse i HC-klassen og v\u00e5re to bes...","og_url":"https:\/\/tyrving.idrett.no\/10\/f\/2016\/09\/27\/stabaek-vant-men-sondre-best-pa-nadderud\/","og_site_name":"Tyrving - Friidrett","article_published_time":"2016-09-27T10:00:35+00:00","article_modified_time":"2016-09-27T10:39:03+00:00","og_image":[{"width":960,"height":473,"url":"https:\/\/tyrving.idrett.no\/10\/f\/files\/2016\/08\/sondre.jpg","type":"image\/jpeg"}],"author":"admin","twitter_card":"summary_large_image","twitter_misc":{"Skrevet av":"admin","Ansl. lesetid":"1 minutt"},"schema":{"@context":"https:\/\/schema.org","@graph":[{"@type":"Article","@id":"https:\/\/tyrving.idrett.no\/10\/f\/2016\/09\/27\/stabaek-vant-men-sondre-best-pa-nadderud\/#article","isPartOf":{"@id":"https:\/\/tyrving.idrett.no\/10\/f\/2016\/09\/27\/stabaek-vant-men-sondre-best-pa-nadderud\/"},"author":{"name":"admin","@id":"https:\/\/tyrving.idrett.no\/10\/f\/#\/schema\/person\/b0b301ce26d13339293caf5c0bc7d286"},"headline":"Stab\u00e6k vant, men Sondre best p\u00e5 Nadderud!","datePublished":"2016-09-27T10:00:35+00:00","dateModified":"2016-09-27T10:39:03+00:00","mainEntityOfPage":{"@id":"https:\/\/tyrving.idrett.no\/10\/f\/2016\/09\/27\/stabaek-vant-men-sondre-best-pa-nadderud\/"},"wordCount":213,"commentCount":0,"publisher":{"@id":"https:\/\/tyrving.idrett.no\/10\/f\/#organization"},"articleSection":["Nyheter"],"inLanguage":"nb-NO","potentialAction":[{"@type":"CommentAction","name":"Comment","target":["https:\/\/tyrving.idrett.no\/10\/f\/2016\/09\/27\/stabaek-vant-men-sondre-best-pa-nadderud\/#respond"]}]},{"@type":"WebPage","@id":"https:\/\/tyrving.idrett.no\/10\/f\/2016\/09\/27\/stabaek-vant-men-sondre-best-pa-nadderud\/","url":"https:\/\/tyrving.idrett.no\/10\/f\/2016\/09\/27\/stabaek-vant-men-sondre-best-pa-nadderud\/","name":"Stab\u00e6k vant, men Sondre best p\u00e5 Nadderud! - Tyrving - Friidrett","isPartOf":{"@id":"https:\/\/tyrving.idrett.no\/10\/f\/#website"},"datePublished":"2016-09-27T10:00:35+00:00","dateModified":"2016-09-27T10:39:03+00:00","breadcrumb":{"@id":"https:\/\/tyrving.idrett.no\/10\/f\/2016\/09\/27\/stabaek-vant-men-sondre-best-pa-nadderud\/#breadcrumb"},"inLanguage":"nb-NO","potentialAction":[{"@type":"ReadAction","target":["https:\/\/tyrving.idrett.no\/10\/f\/2016\/09\/27\/stabaek-vant-men-sondre-best-pa-nadderud\/"]}]},{"@type":"BreadcrumbList","@id":"https:\/\/tyrving.idrett.no\/10\/f\/2016\/09\/27\/stabaek-vant-men-sondre-best-pa-nadderud\/#breadcrumb","itemListElement":[{"@type":"ListItem","position":1,"name":"Hjem","item":"https:\/\/tyrving.idrett.no\/10\/f\/"},{"@type":"ListItem","position":2,"name":"Stab\u00e6k vant, men Sondre best p\u00e5 Nadderud!"}]},{"@type":"WebSite","@id":"https:\/\/tyrving.idrett.no\/10\/f\/#website","url":"https:\/\/tyrving.idrett.no\/10\/f\/","name":"Tyrving - Friidrett","description":"Friidrettsgruppa","publisher":{"@id":"https:\/\/tyrving.idrett.no\/10\/f\/#organization"},"potentialAction":[{"@type":"SearchAction","target":{"@type":"EntryPoint","urlTemplate":"https:\/\/tyrving.idrett.no\/10\/f\/?s={search_term_string}"},"query-input":"required name=search_term_string"}],"inLanguage":"nb-NO"},{"@type":"Organization","@id":"https:\/\/tyrving.idrett.no\/10\/f\/#organization","name":"Tyrving Friidrettsgruppa","url":"https:\/\/tyrving.idrett.no\/10\/f\/","logo":{"@type":"ImageObject","inLanguage":"nb-NO","@id":"https:\/\/tyrving.idrett.no\/10\/f\/#\/schema\/logo\/image\/","url":"https:\/\/tyrving.idrett.no\/10\/f\/files\/2019\/04\/Tyrving-Logo-Friidrett-2019.jpg","contentUrl":"https:\/\/tyrving.idrett.no\/10\/f\/files\/2019\/04\/Tyrving-Logo-Friidrett-2019.jpg","width":460,"height":360,"caption":"Tyrving Friidrettsgruppa"},"image":{"@id":"https:\/\/tyrving.idrett.no\/10\/f\/#\/schema\/logo\/image\/"}},{"@type":"Person","@id":"https:\/\/tyrving.idrett.no\/10\/f\/#\/schema\/person\/b0b301ce26d13339293caf5c0bc7d286","name":"admin","image":{"@type":"ImageObject","inLanguage":"nb-NO","@id":"https:\/\/tyrving.idrett.no\/10\/f\/#\/schema\/person\/image\/","url":"https:\/\/secure.gravatar.com\/avatar\/4b0456acc2ea550a97d3a11ebb27598d?s=96&d=mm&r=g","contentUrl":"https:\/\/secure.gravatar.com\/avatar\/4b0456acc2ea550a97d3a11ebb27598d?s=96&d=mm&r=g","caption":"admin"}}]}},"jetpack_sharing_enabled":true,"jetpack_featured_media_url":"https:\/\/tyrving.idrett.no\/10\/f\/files\/2016\/08\/sondre.jpg","_links":{"self":[{"href":"https:\/\/tyrving.idrett.no\/10\/f\/wp-json\/wp\/v2\/posts\/16264"}],"collection":[{"href":"https:\/\/tyrving.idrett.no\/10\/f\/wp-json\/wp\/v2\/posts"}],"about":[{"href":"https:\/\/tyrving.idrett.no\/10\/f\/wp-json\/wp\/v2\/types\/post"}],"author":[{"embeddable":true,"href":"https:\/\/tyrving.idrett.no\/10\/f\/wp-json\/wp\/v2\/users\/1"}],"replies":[{"embeddable":true,"href":"https:\/\/tyrving.idrett.no\/10\/f\/wp-json\/wp\/v2\/comments?post=16264"}],"version-history":[{"count":4,"href":"https:\/\/tyrving.idrett.no\/10\/f\/wp-json\/wp\/v2\/posts\/16264\/revisions"}],"predecessor-version":[{"id":16270,"href":"https:\/\/tyrving.idrett.no\/10\/f\/wp-json\/wp\/v2\/posts\/16264\/revisions\/16270"}],"wp:featuredmedia":[{"embeddable":true,"href":"https:\/\/tyrving.idrett.no\/10\/f\/wp-json\/wp\/v2\/media\/16007"}],"wp:attachment":[{"href":"https:\/\/tyrving.idrett.no\/10\/f\/wp-json\/wp\/v2\/media?parent=16264"}],"wp:term":[{"taxonomy":"category","embeddable":true,"href":"https:\/\/tyrving.idrett.no\/10\/f\/wp-json\/wp\/v2\/categories?post=16264"},{"taxonomy":"post_tag","embeddable":true,"href":"https:\/\/tyrving.idrett.no\/10\/f\/wp-json\/wp\/v2\/tags?post=16264"}],"curies":[{"name":"wp","href":"https:\/\/api.w.org\/{rel}","templated":true}]}}