{"id":16346,"date":"2016-11-09T11:45:51","date_gmt":"2016-11-09T10:45:51","guid":{"rendered":"http:\/\/tyrving.idrett.no\/10\/f\/?p=16346"},"modified":"2016-11-09T11:45:51","modified_gmt":"2016-11-09T10:45:51","slug":"aldri-ventelister-i-tyrving","status":"publish","type":"post","link":"https:\/\/tyrving.idrett.no\/10\/f\/2016\/11\/09\/aldri-ventelister-i-tyrving\/","title":{"rendered":"Aldri ventelister i Tyrving!"},"content":{"rendered":"<p>Det ryktes at noen at har f\u00e5tt beskjed om at det ikke er plass til flere unge ut\u00f8vere i Tyrving. Vi iler straks til og konstaterer kategorisk at dette er det reneste oppspinn: Det er ALDRI stengt d\u00f8r i Tyyrving. Alle barn som \u00f8nsker \u00e5 drive friidrett hos oss er hjertelig velkommen til \u00e5 pr\u00f8ve seg! Det er bare \u00e5 m\u00f8te frem til en pr\u00f8vetime eller to .Skulle det begynne \u00e5 tyte over i forhold til antall trenere, ja da skal vi klare \u00e5 finne ytterligere en kvalifisert trener til \u00e5 ta seg av ditt barn! Ta kontakt med Tyrving p\u00e5 telefon eller mail hvis du ikke finner frem p\u00e5 v\u00e5r hjemmeside.<\/p>\n<p>Du finner oss i B\u00e6rum Idrettspark i vinterhalv\u00e5ret og p\u00e5 Nadderud stadion om sommeren. Vi har et stort og godt trenerapparat, flere aktive enn noen andre norske klubber og arrangerer dessuten Norges st\u00f8rste friidrettsstevne b\u00e5de innend\u00f8rs og utend\u00f8rs. Bli med p\u00e5 karusellen \u2013 hos oss f\u00e5r alle et tilbud p\u00e5 det niv\u00e5et de \u00f8nsker \u00e5 satse \u2013 fra ren mosjon til deltagelse i internasjonale mesterskap. Tyrving var den eneste klubben i Norge som i \u00e5r hadde ut\u00f8vere kvalifisert til alle de internasjonale mesterskapene p\u00e5 bane \u2013 innend\u00f8rs-VM, EM for U18, VM og Nordisk for U20, Nordisk for U23, EM for senior, OL og Paralympiske leker. Vi hadde ogs\u00e5 rekordstore tropper til Ungdomsmesterskap, juniormesterskap, norgesmesterskapet og til Benditlekene for 13- og 14-\u00e5ringer. I tillegg kryr det av enda yngre barn p\u00e5 treningen hver eneste ukedag.<\/p>\n<p>Velkommen til Tyrving \u2013 Norges st\u00f8rste og beste friidrettsklubb!<\/p>\n<p>Jo Nesse<\/p>\n","protected":false},"excerpt":{"rendered":"Det ryktes at noen at har f\u00e5tt beskjed om at det ikke er plass til flere unge ut\u00f8vere i Tyrving. Vi iler straks til og konstaterer kategorisk at dette er det reneste oppspinn: Det er ALDRI stengt d\u00f8r &#8230;","protected":false},"author":36,"featured_media":14557,"comment_status":"open","ping_status":"open","sticky":false,"template":"","format":"standard","meta":{"footnotes":"","_jetpack_memberships_contains_paid_content":false},"categories":[1],"tags":[],"acf":[],"yoast_head":"<!-- This site is optimized with the Yoast SEO plugin v21.2 - https:\/\/yoast.com\/wordpress\/plugins\/seo\/ -->\n<title>Aldri ventelister i Tyrving! - Tyrving - Friidrett<\/title>\n<meta name=\"robots\" content=\"index, follow, max-snippet:-1, max-image-preview:large, max-video-preview:-1\" \/>\n<link rel=\"canonical\" href=\"https:\/\/tyrving.idrett.no\/10\/f\/2016\/11\/09\/aldri-ventelister-i-tyrving\/\" \/>\n<meta property=\"og:locale\" content=\"nb_NO\" \/>\n<meta property=\"og:type\" content=\"article\" \/>\n<meta property=\"og:title\" content=\"Aldri ventelister i Tyrving! - Tyrving - Friidrett\" \/>\n<meta property=\"og:description\" content=\"Det ryktes at noen at har f\u00e5tt beskjed om at det ikke er plass til flere unge ut\u00f8vere i Tyrving. Vi iler straks til og konstaterer kategorisk at dette er det reneste oppspinn: Det er ALDRI stengt d\u00f8r ...\" \/>\n<meta property=\"og:url\" content=\"https:\/\/tyrving.idrett.no\/10\/f\/2016\/11\/09\/aldri-ventelister-i-tyrving\/\" \/>\n<meta property=\"og:site_name\" content=\"Tyrving - Friidrett\" \/>\n<meta property=\"article:published_time\" content=\"2016-11-09T10:45:51+00:00\" \/>\n<meta property=\"og:image\" content=\"https:\/\/tyrving.idrett.no\/10\/f\/files\/2015\/11\/P1018752-1024x768.jpg\" \/>\n\t<meta property=\"og:image:width\" content=\"1024\" \/>\n\t<meta property=\"og:image:height\" content=\"768\" \/>\n\t<meta property=\"og:image:type\" content=\"image\/jpeg\" \/>\n<meta name=\"author\" content=\"matias\" \/>\n<meta name=\"twitter:card\" content=\"summary_large_image\" \/>\n<meta name=\"twitter:label1\" content=\"Skrevet av\" \/>\n\t<meta name=\"twitter:data1\" content=\"matias\" \/>\n\t<meta name=\"twitter:label2\" content=\"Ansl. lesetid\" \/>\n\t<meta name=\"twitter:data2\" content=\"1 minutt\" \/>\n<script type=\"application\/ld+json\" class=\"yoast-schema-graph\">{\"@context\":\"https:\/\/schema.org\",\"@graph\":[{\"@type\":\"Article\",\"@id\":\"https:\/\/tyrving.idrett.no\/10\/f\/2016\/11\/09\/aldri-ventelister-i-tyrving\/#article\",\"isPartOf\":{\"@id\":\"https:\/\/tyrving.idrett.no\/10\/f\/2016\/11\/09\/aldri-ventelister-i-tyrving\/\"},\"author\":{\"name\":\"matias\",\"@id\":\"https:\/\/tyrving.idrett.no\/10\/f\/#\/schema\/person\/46ae2048e3013986bc07a847bd12ac0e\"},\"headline\":\"Aldri ventelister i Tyrving!\",\"datePublished\":\"2016-11-09T10:45:51+00:00\",\"dateModified\":\"2016-11-09T10:45:51+00:00\",\"mainEntityOfPage\":{\"@id\":\"https:\/\/tyrving.idrett.no\/10\/f\/2016\/11\/09\/aldri-ventelister-i-tyrving\/\"},\"wordCount\":269,\"commentCount\":0,\"publisher\":{\"@id\":\"https:\/\/tyrving.idrett.no\/10\/f\/#organization\"},\"articleSection\":[\"Nyheter\"],\"inLanguage\":\"nb-NO\",\"potentialAction\":[{\"@type\":\"CommentAction\",\"name\":\"Comment\",\"target\":[\"https:\/\/tyrving.idrett.no\/10\/f\/2016\/11\/09\/aldri-ventelister-i-tyrving\/#respond\"]}]},{\"@type\":\"WebPage\",\"@id\":\"https:\/\/tyrving.idrett.no\/10\/f\/2016\/11\/09\/aldri-ventelister-i-tyrving\/\",\"url\":\"https:\/\/tyrving.idrett.no\/10\/f\/2016\/11\/09\/aldri-ventelister-i-tyrving\/\",\"name\":\"Aldri ventelister i Tyrving! - Tyrving - Friidrett\",\"isPartOf\":{\"@id\":\"https:\/\/tyrving.idrett.no\/10\/f\/#website\"},\"datePublished\":\"2016-11-09T10:45:51+00:00\",\"dateModified\":\"2016-11-09T10:45:51+00:00\",\"breadcrumb\":{\"@id\":\"https:\/\/tyrving.idrett.no\/10\/f\/2016\/11\/09\/aldri-ventelister-i-tyrving\/#breadcrumb\"},\"inLanguage\":\"nb-NO\",\"potentialAction\":[{\"@type\":\"ReadAction\",\"target\":[\"https:\/\/tyrving.idrett.no\/10\/f\/2016\/11\/09\/aldri-ventelister-i-tyrving\/\"]}]},{\"@type\":\"BreadcrumbList\",\"@id\":\"https:\/\/tyrving.idrett.no\/10\/f\/2016\/11\/09\/aldri-ventelister-i-tyrving\/#breadcrumb\",\"itemListElement\":[{\"@type\":\"ListItem\",\"position\":1,\"name\":\"Hjem\",\"item\":\"https:\/\/tyrving.idrett.no\/10\/f\/\"},{\"@type\":\"ListItem\",\"position\":2,\"name\":\"Aldri ventelister i Tyrving!\"}]},{\"@type\":\"WebSite\",\"@id\":\"https:\/\/tyrving.idrett.no\/10\/f\/#website\",\"url\":\"https:\/\/tyrving.idrett.no\/10\/f\/\",\"name\":\"Tyrving - Friidrett\",\"description\":\"Friidrettsgruppa\",\"publisher\":{\"@id\":\"https:\/\/tyrving.idrett.no\/10\/f\/#organization\"},\"potentialAction\":[{\"@type\":\"SearchAction\",\"target\":{\"@type\":\"EntryPoint\",\"urlTemplate\":\"https:\/\/tyrving.idrett.no\/10\/f\/?s={search_term_string}\"},\"query-input\":\"required name=search_term_string\"}],\"inLanguage\":\"nb-NO\"},{\"@type\":\"Organization\",\"@id\":\"https:\/\/tyrving.idrett.no\/10\/f\/#organization\",\"name\":\"Tyrving Friidrettsgruppa\",\"url\":\"https:\/\/tyrving.idrett.no\/10\/f\/\",\"logo\":{\"@type\":\"ImageObject\",\"inLanguage\":\"nb-NO\",\"@id\":\"https:\/\/tyrving.idrett.no\/10\/f\/#\/schema\/logo\/image\/\",\"url\":\"https:\/\/tyrving.idrett.no\/10\/f\/files\/2019\/04\/Tyrving-Logo-Friidrett-2019.jpg\",\"contentUrl\":\"https:\/\/tyrving.idrett.no\/10\/f\/files\/2019\/04\/Tyrving-Logo-Friidrett-2019.jpg\",\"width\":460,\"height\":360,\"caption\":\"Tyrving Friidrettsgruppa\"},\"image\":{\"@id\":\"https:\/\/tyrving.idrett.no\/10\/f\/#\/schema\/logo\/image\/\"}},{\"@type\":\"Person\",\"@id\":\"https:\/\/tyrving.idrett.no\/10\/f\/#\/schema\/person\/46ae2048e3013986bc07a847bd12ac0e\",\"name\":\"matias\",\"image\":{\"@type\":\"ImageObject\",\"inLanguage\":\"nb-NO\",\"@id\":\"https:\/\/tyrving.idrett.no\/10\/f\/#\/schema\/person\/image\/\",\"url\":\"https:\/\/secure.gravatar.com\/avatar\/00817a0f2e2a7f70af33da2cfff9067c?s=96&d=mm&r=g\",\"contentUrl\":\"https:\/\/secure.gravatar.com\/avatar\/00817a0f2e2a7f70af33da2cfff9067c?s=96&d=mm&r=g\",\"caption\":\"matias\"}}]}<\/script>\n<!-- \/ Yoast SEO plugin. -->","yoast_head_json":{"title":"Aldri ventelister i Tyrving! - Tyrving - Friidrett","robots":{"index":"index","follow":"follow","max-snippet":"max-snippet:-1","max-image-preview":"max-image-preview:large","max-video-preview":"max-video-preview:-1"},"canonical":"https:\/\/tyrving.idrett.no\/10\/f\/2016\/11\/09\/aldri-ventelister-i-tyrving\/","og_locale":"nb_NO","og_type":"article","og_title":"Aldri ventelister i Tyrving! - Tyrving - Friidrett","og_description":"Det ryktes at noen at har f\u00e5tt beskjed om at det ikke er plass til flere unge ut\u00f8vere i Tyrving. Vi iler straks til og konstaterer kategorisk at dette er det reneste oppspinn: Det er ALDRI stengt d\u00f8r ...","og_url":"https:\/\/tyrving.idrett.no\/10\/f\/2016\/11\/09\/aldri-ventelister-i-tyrving\/","og_site_name":"Tyrving - Friidrett","article_published_time":"2016-11-09T10:45:51+00:00","og_image":[{"width":1024,"height":768,"url":"https:\/\/tyrving.idrett.no\/10\/f\/files\/2015\/11\/P1018752-1024x768.jpg","type":"image\/jpeg"}],"author":"matias","twitter_card":"summary_large_image","twitter_misc":{"Skrevet av":"matias","Ansl. lesetid":"1 minutt"},"schema":{"@context":"https:\/\/schema.org","@graph":[{"@type":"Article","@id":"https:\/\/tyrving.idrett.no\/10\/f\/2016\/11\/09\/aldri-ventelister-i-tyrving\/#article","isPartOf":{"@id":"https:\/\/tyrving.idrett.no\/10\/f\/2016\/11\/09\/aldri-ventelister-i-tyrving\/"},"author":{"name":"matias","@id":"https:\/\/tyrving.idrett.no\/10\/f\/#\/schema\/person\/46ae2048e3013986bc07a847bd12ac0e"},"headline":"Aldri ventelister i Tyrving!","datePublished":"2016-11-09T10:45:51+00:00","dateModified":"2016-11-09T10:45:51+00:00","mainEntityOfPage":{"@id":"https:\/\/tyrving.idrett.no\/10\/f\/2016\/11\/09\/aldri-ventelister-i-tyrving\/"},"wordCount":269,"commentCount":0,"publisher":{"@id":"https:\/\/tyrving.idrett.no\/10\/f\/#organization"},"articleSection":["Nyheter"],"inLanguage":"nb-NO","potentialAction":[{"@type":"CommentAction","name":"Comment","target":["https:\/\/tyrving.idrett.no\/10\/f\/2016\/11\/09\/aldri-ventelister-i-tyrving\/#respond"]}]},{"@type":"WebPage","@id":"https:\/\/tyrving.idrett.no\/10\/f\/2016\/11\/09\/aldri-ventelister-i-tyrving\/","url":"https:\/\/tyrving.idrett.no\/10\/f\/2016\/11\/09\/aldri-ventelister-i-tyrving\/","name":"Aldri ventelister i Tyrving! - Tyrving - Friidrett","isPartOf":{"@id":"https:\/\/tyrving.idrett.no\/10\/f\/#website"},"datePublished":"2016-11-09T10:45:51+00:00","dateModified":"2016-11-09T10:45:51+00:00","breadcrumb":{"@id":"https:\/\/tyrving.idrett.no\/10\/f\/2016\/11\/09\/aldri-ventelister-i-tyrving\/#breadcrumb"},"inLanguage":"nb-NO","potentialAction":[{"@type":"ReadAction","target":["https:\/\/tyrving.idrett.no\/10\/f\/2016\/11\/09\/aldri-ventelister-i-tyrving\/"]}]},{"@type":"BreadcrumbList","@id":"https:\/\/tyrving.idrett.no\/10\/f\/2016\/11\/09\/aldri-ventelister-i-tyrving\/#breadcrumb","itemListElement":[{"@type":"ListItem","position":1,"name":"Hjem","item":"https:\/\/tyrving.idrett.no\/10\/f\/"},{"@type":"ListItem","position":2,"name":"Aldri ventelister i Tyrving!"}]},{"@type":"WebSite","@id":"https:\/\/tyrving.idrett.no\/10\/f\/#website","url":"https:\/\/tyrving.idrett.no\/10\/f\/","name":"Tyrving - Friidrett","description":"Friidrettsgruppa","publisher":{"@id":"https:\/\/tyrving.idrett.no\/10\/f\/#organization"},"potentialAction":[{"@type":"SearchAction","target":{"@type":"EntryPoint","urlTemplate":"https:\/\/tyrving.idrett.no\/10\/f\/?s={search_term_string}"},"query-input":"required name=search_term_string"}],"inLanguage":"nb-NO"},{"@type":"Organization","@id":"https:\/\/tyrving.idrett.no\/10\/f\/#organization","name":"Tyrving Friidrettsgruppa","url":"https:\/\/tyrving.idrett.no\/10\/f\/","logo":{"@type":"ImageObject","inLanguage":"nb-NO","@id":"https:\/\/tyrving.idrett.no\/10\/f\/#\/schema\/logo\/image\/","url":"https:\/\/tyrving.idrett.no\/10\/f\/files\/2019\/04\/Tyrving-Logo-Friidrett-2019.jpg","contentUrl":"https:\/\/tyrving.idrett.no\/10\/f\/files\/2019\/04\/Tyrving-Logo-Friidrett-2019.jpg","width":460,"height":360,"caption":"Tyrving Friidrettsgruppa"},"image":{"@id":"https:\/\/tyrving.idrett.no\/10\/f\/#\/schema\/logo\/image\/"}},{"@type":"Person","@id":"https:\/\/tyrving.idrett.no\/10\/f\/#\/schema\/person\/46ae2048e3013986bc07a847bd12ac0e","name":"matias","image":{"@type":"ImageObject","inLanguage":"nb-NO","@id":"https:\/\/tyrving.idrett.no\/10\/f\/#\/schema\/person\/image\/","url":"https:\/\/secure.gravatar.com\/avatar\/00817a0f2e2a7f70af33da2cfff9067c?s=96&d=mm&r=g","contentUrl":"https:\/\/secure.gravatar.com\/avatar\/00817a0f2e2a7f70af33da2cfff9067c?s=96&d=mm&r=g","caption":"matias"}}]}},"jetpack_sharing_enabled":true,"jetpack_featured_media_url":"https:\/\/tyrving.idrett.no\/10\/f\/files\/2015\/11\/P1018752.jpg","_links":{"self":[{"href":"https:\/\/tyrving.idrett.no\/10\/f\/wp-json\/wp\/v2\/posts\/16346"}],"collection":[{"href":"https:\/\/tyrving.idrett.no\/10\/f\/wp-json\/wp\/v2\/posts"}],"about":[{"href":"https:\/\/tyrving.idrett.no\/10\/f\/wp-json\/wp\/v2\/types\/post"}],"author":[{"embeddable":true,"href":"https:\/\/tyrving.idrett.no\/10\/f\/wp-json\/wp\/v2\/users\/36"}],"replies":[{"embeddable":true,"href":"https:\/\/tyrving.idrett.no\/10\/f\/wp-json\/wp\/v2\/comments?post=16346"}],"version-history":[{"count":2,"href":"https:\/\/tyrving.idrett.no\/10\/f\/wp-json\/wp\/v2\/posts\/16346\/revisions"}],"predecessor-version":[{"id":16348,"href":"https:\/\/tyrving.idrett.no\/10\/f\/wp-json\/wp\/v2\/posts\/16346\/revisions\/16348"}],"wp:featuredmedia":[{"embeddable":true,"href":"https:\/\/tyrving.idrett.no\/10\/f\/wp-json\/wp\/v2\/media\/14557"}],"wp:attachment":[{"href":"https:\/\/tyrving.idrett.no\/10\/f\/wp-json\/wp\/v2\/media?parent=16346"}],"wp:term":[{"taxonomy":"category","embeddable":true,"href":"https:\/\/tyrving.idrett.no\/10\/f\/wp-json\/wp\/v2\/categories?post=16346"},{"taxonomy":"post_tag","embeddable":true,"href":"https:\/\/tyrving.idrett.no\/10\/f\/wp-json\/wp\/v2\/tags?post=16346"}],"curies":[{"name":"wp","href":"https:\/\/api.w.org\/{rel}","templated":true}]}}