{"id":16355,"date":"2016-11-15T11:12:45","date_gmt":"2016-11-15T10:12:45","guid":{"rendered":"http:\/\/tyrving.idrett.no\/10\/f\/?p=16355"},"modified":"2016-11-15T11:13:32","modified_gmt":"2016-11-15T10:13:32","slug":"stevnedeltakelse-i-tyrving-godkjenning-av-treningsopplegg","status":"publish","type":"post","link":"https:\/\/tyrving.idrett.no\/10\/f\/2016\/11\/15\/stevnedeltakelse-i-tyrving-godkjenning-av-treningsopplegg\/","title":{"rendered":"Stevnedeltakelse i Tyrving \u2013 Godkjenning av treningsopplegg"},"content":{"rendered":"<p>Tyrving \u00f8nsker at klubbens ut\u00f8vere s\u00e5 langt som mulig skal v\u00e6re en del av et felles milj\u00f8. Da kan Tyrving sikre at de som skal representere klubben, har et opplegg som klubben sportslig kan innest\u00e5 for, og som ikke medf\u00f8rer problemer knyttet til etikk, habilitet eller annet.<\/p>\n<p>Styret \u00f8nsker derfor \u00e5 presisere at ut\u00f8vere som \u00f8nsker \u00e5 konkurrere for Tyrving, m\u00e5 f\u00f8lge et treningsopplegg som er evaluert og godkjent av sportslig leder. Ut\u00f8vere som f\u00f8lger et eksternt opplegg som ikke er godkjent i samsvar med ovenst\u00e5ende, vil alts\u00e5 ikke uten videre kunne konkurrere for Tyrving. Ut\u00f8vere som m\u00e5 f\u00f8lge et annet treningsopplegg (f.eks. oppholder seg andre steder enn i n\u00e6romr\u00e5det), eller av andre grunner \u00f8nsker \u00e5 f\u00f8lge et alternativt opplegg, m\u00e5 ta kontakt med sportslig leder, Jo Nesse, for en vurdering og godkjennelse.<\/p>\n<p>Friidrettsstyret v\/ leder Einar Drabl\u00f8s.<\/p>\n","protected":false},"excerpt":{"rendered":"Tyrving \u00f8nsker at klubbens ut\u00f8vere s\u00e5 langt som mulig skal v\u00e6re en del av et felles milj\u00f8. Da kan Tyrving sikre at de som skal representere klubben, har et opplegg som klubben sportslig kan innest\u00e5 fo&#8230;","protected":false},"author":1,"featured_media":16226,"comment_status":"open","ping_status":"open","sticky":false,"template":"","format":"standard","meta":{"footnotes":"","_jetpack_memberships_contains_paid_content":false},"categories":[1],"tags":[],"acf":[],"yoast_head":"<!-- This site is optimized with the Yoast SEO plugin v21.2 - https:\/\/yoast.com\/wordpress\/plugins\/seo\/ -->\n<title>Stevnedeltakelse i Tyrving \u2013 Godkjenning av treningsopplegg - Tyrving - Friidrett<\/title>\n<meta name=\"robots\" content=\"index, follow, max-snippet:-1, max-image-preview:large, max-video-preview:-1\" \/>\n<link rel=\"canonical\" href=\"https:\/\/tyrving.idrett.no\/10\/f\/2016\/11\/15\/stevnedeltakelse-i-tyrving-godkjenning-av-treningsopplegg\/\" \/>\n<meta property=\"og:locale\" content=\"nb_NO\" \/>\n<meta property=\"og:type\" content=\"article\" \/>\n<meta property=\"og:title\" content=\"Stevnedeltakelse i Tyrving \u2013 Godkjenning av treningsopplegg - Tyrving - Friidrett\" \/>\n<meta property=\"og:description\" content=\"Tyrving \u00f8nsker at klubbens ut\u00f8vere s\u00e5 langt som mulig skal v\u00e6re en del av et felles milj\u00f8. Da kan Tyrving sikre at de som skal representere klubben, har et opplegg som klubben sportslig kan innest\u00e5 fo...\" \/>\n<meta property=\"og:url\" content=\"https:\/\/tyrving.idrett.no\/10\/f\/2016\/11\/15\/stevnedeltakelse-i-tyrving-godkjenning-av-treningsopplegg\/\" \/>\n<meta property=\"og:site_name\" content=\"Tyrving - Friidrett\" \/>\n<meta property=\"article:published_time\" content=\"2016-11-15T10:12:45+00:00\" \/>\n<meta property=\"article:modified_time\" content=\"2016-11-15T10:13:32+00:00\" \/>\n<meta property=\"og:image\" content=\"https:\/\/tyrving.idrett.no\/10\/f\/files\/2016\/09\/14397405_1277730785573284_1007238712_n.jpg\" \/>\n\t<meta property=\"og:image:width\" content=\"480\" \/>\n\t<meta property=\"og:image:height\" content=\"360\" \/>\n\t<meta property=\"og:image:type\" content=\"image\/jpeg\" \/>\n<meta name=\"author\" content=\"admin\" \/>\n<meta name=\"twitter:card\" content=\"summary_large_image\" \/>\n<meta name=\"twitter:label1\" content=\"Skrevet av\" \/>\n\t<meta name=\"twitter:data1\" content=\"admin\" \/>\n\t<meta name=\"twitter:label2\" content=\"Ansl. lesetid\" \/>\n\t<meta name=\"twitter:data2\" content=\"1 minutt\" \/>\n<script type=\"application\/ld+json\" class=\"yoast-schema-graph\">{\"@context\":\"https:\/\/schema.org\",\"@graph\":[{\"@type\":\"Article\",\"@id\":\"https:\/\/tyrving.idrett.no\/10\/f\/2016\/11\/15\/stevnedeltakelse-i-tyrving-godkjenning-av-treningsopplegg\/#article\",\"isPartOf\":{\"@id\":\"https:\/\/tyrving.idrett.no\/10\/f\/2016\/11\/15\/stevnedeltakelse-i-tyrving-godkjenning-av-treningsopplegg\/\"},\"author\":{\"name\":\"admin\",\"@id\":\"https:\/\/tyrving.idrett.no\/10\/f\/#\/schema\/person\/b0b301ce26d13339293caf5c0bc7d286\"},\"headline\":\"Stevnedeltakelse i Tyrving \u2013 Godkjenning av treningsopplegg\",\"datePublished\":\"2016-11-15T10:12:45+00:00\",\"dateModified\":\"2016-11-15T10:13:32+00:00\",\"mainEntityOfPage\":{\"@id\":\"https:\/\/tyrving.idrett.no\/10\/f\/2016\/11\/15\/stevnedeltakelse-i-tyrving-godkjenning-av-treningsopplegg\/\"},\"wordCount\":156,\"commentCount\":0,\"publisher\":{\"@id\":\"https:\/\/tyrving.idrett.no\/10\/f\/#organization\"},\"articleSection\":[\"Nyheter\"],\"inLanguage\":\"nb-NO\",\"potentialAction\":[{\"@type\":\"CommentAction\",\"name\":\"Comment\",\"target\":[\"https:\/\/tyrving.idrett.no\/10\/f\/2016\/11\/15\/stevnedeltakelse-i-tyrving-godkjenning-av-treningsopplegg\/#respond\"]}]},{\"@type\":\"WebPage\",\"@id\":\"https:\/\/tyrving.idrett.no\/10\/f\/2016\/11\/15\/stevnedeltakelse-i-tyrving-godkjenning-av-treningsopplegg\/\",\"url\":\"https:\/\/tyrving.idrett.no\/10\/f\/2016\/11\/15\/stevnedeltakelse-i-tyrving-godkjenning-av-treningsopplegg\/\",\"name\":\"Stevnedeltakelse i Tyrving \u2013 Godkjenning av treningsopplegg - Tyrving - Friidrett\",\"isPartOf\":{\"@id\":\"https:\/\/tyrving.idrett.no\/10\/f\/#website\"},\"datePublished\":\"2016-11-15T10:12:45+00:00\",\"dateModified\":\"2016-11-15T10:13:32+00:00\",\"breadcrumb\":{\"@id\":\"https:\/\/tyrving.idrett.no\/10\/f\/2016\/11\/15\/stevnedeltakelse-i-tyrving-godkjenning-av-treningsopplegg\/#breadcrumb\"},\"inLanguage\":\"nb-NO\",\"potentialAction\":[{\"@type\":\"ReadAction\",\"target\":[\"https:\/\/tyrving.idrett.no\/10\/f\/2016\/11\/15\/stevnedeltakelse-i-tyrving-godkjenning-av-treningsopplegg\/\"]}]},{\"@type\":\"BreadcrumbList\",\"@id\":\"https:\/\/tyrving.idrett.no\/10\/f\/2016\/11\/15\/stevnedeltakelse-i-tyrving-godkjenning-av-treningsopplegg\/#breadcrumb\",\"itemListElement\":[{\"@type\":\"ListItem\",\"position\":1,\"name\":\"Hjem\",\"item\":\"https:\/\/tyrving.idrett.no\/10\/f\/\"},{\"@type\":\"ListItem\",\"position\":2,\"name\":\"Stevnedeltakelse i Tyrving \u2013 Godkjenning av treningsopplegg\"}]},{\"@type\":\"WebSite\",\"@id\":\"https:\/\/tyrving.idrett.no\/10\/f\/#website\",\"url\":\"https:\/\/tyrving.idrett.no\/10\/f\/\",\"name\":\"Tyrving - Friidrett\",\"description\":\"Friidrettsgruppa\",\"publisher\":{\"@id\":\"https:\/\/tyrving.idrett.no\/10\/f\/#organization\"},\"potentialAction\":[{\"@type\":\"SearchAction\",\"target\":{\"@type\":\"EntryPoint\",\"urlTemplate\":\"https:\/\/tyrving.idrett.no\/10\/f\/?s={search_term_string}\"},\"query-input\":\"required name=search_term_string\"}],\"inLanguage\":\"nb-NO\"},{\"@type\":\"Organization\",\"@id\":\"https:\/\/tyrving.idrett.no\/10\/f\/#organization\",\"name\":\"Tyrving Friidrettsgruppa\",\"url\":\"https:\/\/tyrving.idrett.no\/10\/f\/\",\"logo\":{\"@type\":\"ImageObject\",\"inLanguage\":\"nb-NO\",\"@id\":\"https:\/\/tyrving.idrett.no\/10\/f\/#\/schema\/logo\/image\/\",\"url\":\"https:\/\/tyrving.idrett.no\/10\/f\/files\/2019\/04\/Tyrving-Logo-Friidrett-2019.jpg\",\"contentUrl\":\"https:\/\/tyrving.idrett.no\/10\/f\/files\/2019\/04\/Tyrving-Logo-Friidrett-2019.jpg\",\"width\":460,\"height\":360,\"caption\":\"Tyrving Friidrettsgruppa\"},\"image\":{\"@id\":\"https:\/\/tyrving.idrett.no\/10\/f\/#\/schema\/logo\/image\/\"}},{\"@type\":\"Person\",\"@id\":\"https:\/\/tyrving.idrett.no\/10\/f\/#\/schema\/person\/b0b301ce26d13339293caf5c0bc7d286\",\"name\":\"admin\",\"image\":{\"@type\":\"ImageObject\",\"inLanguage\":\"nb-NO\",\"@id\":\"https:\/\/tyrving.idrett.no\/10\/f\/#\/schema\/person\/image\/\",\"url\":\"https:\/\/secure.gravatar.com\/avatar\/4b0456acc2ea550a97d3a11ebb27598d?s=96&d=mm&r=g\",\"contentUrl\":\"https:\/\/secure.gravatar.com\/avatar\/4b0456acc2ea550a97d3a11ebb27598d?s=96&d=mm&r=g\",\"caption\":\"admin\"}}]}<\/script>\n<!-- \/ Yoast SEO plugin. -->","yoast_head_json":{"title":"Stevnedeltakelse i Tyrving \u2013 Godkjenning av treningsopplegg - Tyrving - Friidrett","robots":{"index":"index","follow":"follow","max-snippet":"max-snippet:-1","max-image-preview":"max-image-preview:large","max-video-preview":"max-video-preview:-1"},"canonical":"https:\/\/tyrving.idrett.no\/10\/f\/2016\/11\/15\/stevnedeltakelse-i-tyrving-godkjenning-av-treningsopplegg\/","og_locale":"nb_NO","og_type":"article","og_title":"Stevnedeltakelse i Tyrving \u2013 Godkjenning av treningsopplegg - Tyrving - Friidrett","og_description":"Tyrving \u00f8nsker at klubbens ut\u00f8vere s\u00e5 langt som mulig skal v\u00e6re en del av et felles milj\u00f8. Da kan Tyrving sikre at de som skal representere klubben, har et opplegg som klubben sportslig kan innest\u00e5 fo...","og_url":"https:\/\/tyrving.idrett.no\/10\/f\/2016\/11\/15\/stevnedeltakelse-i-tyrving-godkjenning-av-treningsopplegg\/","og_site_name":"Tyrving - Friidrett","article_published_time":"2016-11-15T10:12:45+00:00","article_modified_time":"2016-11-15T10:13:32+00:00","og_image":[{"width":480,"height":360,"url":"https:\/\/tyrving.idrett.no\/10\/f\/files\/2016\/09\/14397405_1277730785573284_1007238712_n.jpg","type":"image\/jpeg"}],"author":"admin","twitter_card":"summary_large_image","twitter_misc":{"Skrevet av":"admin","Ansl. lesetid":"1 minutt"},"schema":{"@context":"https:\/\/schema.org","@graph":[{"@type":"Article","@id":"https:\/\/tyrving.idrett.no\/10\/f\/2016\/11\/15\/stevnedeltakelse-i-tyrving-godkjenning-av-treningsopplegg\/#article","isPartOf":{"@id":"https:\/\/tyrving.idrett.no\/10\/f\/2016\/11\/15\/stevnedeltakelse-i-tyrving-godkjenning-av-treningsopplegg\/"},"author":{"name":"admin","@id":"https:\/\/tyrving.idrett.no\/10\/f\/#\/schema\/person\/b0b301ce26d13339293caf5c0bc7d286"},"headline":"Stevnedeltakelse i Tyrving \u2013 Godkjenning av treningsopplegg","datePublished":"2016-11-15T10:12:45+00:00","dateModified":"2016-11-15T10:13:32+00:00","mainEntityOfPage":{"@id":"https:\/\/tyrving.idrett.no\/10\/f\/2016\/11\/15\/stevnedeltakelse-i-tyrving-godkjenning-av-treningsopplegg\/"},"wordCount":156,"commentCount":0,"publisher":{"@id":"https:\/\/tyrving.idrett.no\/10\/f\/#organization"},"articleSection":["Nyheter"],"inLanguage":"nb-NO","potentialAction":[{"@type":"CommentAction","name":"Comment","target":["https:\/\/tyrving.idrett.no\/10\/f\/2016\/11\/15\/stevnedeltakelse-i-tyrving-godkjenning-av-treningsopplegg\/#respond"]}]},{"@type":"WebPage","@id":"https:\/\/tyrving.idrett.no\/10\/f\/2016\/11\/15\/stevnedeltakelse-i-tyrving-godkjenning-av-treningsopplegg\/","url":"https:\/\/tyrving.idrett.no\/10\/f\/2016\/11\/15\/stevnedeltakelse-i-tyrving-godkjenning-av-treningsopplegg\/","name":"Stevnedeltakelse i Tyrving \u2013 Godkjenning av treningsopplegg - Tyrving - Friidrett","isPartOf":{"@id":"https:\/\/tyrving.idrett.no\/10\/f\/#website"},"datePublished":"2016-11-15T10:12:45+00:00","dateModified":"2016-11-15T10:13:32+00:00","breadcrumb":{"@id":"https:\/\/tyrving.idrett.no\/10\/f\/2016\/11\/15\/stevnedeltakelse-i-tyrving-godkjenning-av-treningsopplegg\/#breadcrumb"},"inLanguage":"nb-NO","potentialAction":[{"@type":"ReadAction","target":["https:\/\/tyrving.idrett.no\/10\/f\/2016\/11\/15\/stevnedeltakelse-i-tyrving-godkjenning-av-treningsopplegg\/"]}]},{"@type":"BreadcrumbList","@id":"https:\/\/tyrving.idrett.no\/10\/f\/2016\/11\/15\/stevnedeltakelse-i-tyrving-godkjenning-av-treningsopplegg\/#breadcrumb","itemListElement":[{"@type":"ListItem","position":1,"name":"Hjem","item":"https:\/\/tyrving.idrett.no\/10\/f\/"},{"@type":"ListItem","position":2,"name":"Stevnedeltakelse i Tyrving \u2013 Godkjenning av treningsopplegg"}]},{"@type":"WebSite","@id":"https:\/\/tyrving.idrett.no\/10\/f\/#website","url":"https:\/\/tyrving.idrett.no\/10\/f\/","name":"Tyrving - Friidrett","description":"Friidrettsgruppa","publisher":{"@id":"https:\/\/tyrving.idrett.no\/10\/f\/#organization"},"potentialAction":[{"@type":"SearchAction","target":{"@type":"EntryPoint","urlTemplate":"https:\/\/tyrving.idrett.no\/10\/f\/?s={search_term_string}"},"query-input":"required name=search_term_string"}],"inLanguage":"nb-NO"},{"@type":"Organization","@id":"https:\/\/tyrving.idrett.no\/10\/f\/#organization","name":"Tyrving Friidrettsgruppa","url":"https:\/\/tyrving.idrett.no\/10\/f\/","logo":{"@type":"ImageObject","inLanguage":"nb-NO","@id":"https:\/\/tyrving.idrett.no\/10\/f\/#\/schema\/logo\/image\/","url":"https:\/\/tyrving.idrett.no\/10\/f\/files\/2019\/04\/Tyrving-Logo-Friidrett-2019.jpg","contentUrl":"https:\/\/tyrving.idrett.no\/10\/f\/files\/2019\/04\/Tyrving-Logo-Friidrett-2019.jpg","width":460,"height":360,"caption":"Tyrving Friidrettsgruppa"},"image":{"@id":"https:\/\/tyrving.idrett.no\/10\/f\/#\/schema\/logo\/image\/"}},{"@type":"Person","@id":"https:\/\/tyrving.idrett.no\/10\/f\/#\/schema\/person\/b0b301ce26d13339293caf5c0bc7d286","name":"admin","image":{"@type":"ImageObject","inLanguage":"nb-NO","@id":"https:\/\/tyrving.idrett.no\/10\/f\/#\/schema\/person\/image\/","url":"https:\/\/secure.gravatar.com\/avatar\/4b0456acc2ea550a97d3a11ebb27598d?s=96&d=mm&r=g","contentUrl":"https:\/\/secure.gravatar.com\/avatar\/4b0456acc2ea550a97d3a11ebb27598d?s=96&d=mm&r=g","caption":"admin"}}]}},"jetpack_sharing_enabled":true,"jetpack_featured_media_url":"https:\/\/tyrving.idrett.no\/10\/f\/files\/2016\/09\/14397405_1277730785573284_1007238712_n.jpg","_links":{"self":[{"href":"https:\/\/tyrving.idrett.no\/10\/f\/wp-json\/wp\/v2\/posts\/16355"}],"collection":[{"href":"https:\/\/tyrving.idrett.no\/10\/f\/wp-json\/wp\/v2\/posts"}],"about":[{"href":"https:\/\/tyrving.idrett.no\/10\/f\/wp-json\/wp\/v2\/types\/post"}],"author":[{"embeddable":true,"href":"https:\/\/tyrving.idrett.no\/10\/f\/wp-json\/wp\/v2\/users\/1"}],"replies":[{"embeddable":true,"href":"https:\/\/tyrving.idrett.no\/10\/f\/wp-json\/wp\/v2\/comments?post=16355"}],"version-history":[{"count":3,"href":"https:\/\/tyrving.idrett.no\/10\/f\/wp-json\/wp\/v2\/posts\/16355\/revisions"}],"predecessor-version":[{"id":16358,"href":"https:\/\/tyrving.idrett.no\/10\/f\/wp-json\/wp\/v2\/posts\/16355\/revisions\/16358"}],"wp:featuredmedia":[{"embeddable":true,"href":"https:\/\/tyrving.idrett.no\/10\/f\/wp-json\/wp\/v2\/media\/16226"}],"wp:attachment":[{"href":"https:\/\/tyrving.idrett.no\/10\/f\/wp-json\/wp\/v2\/media?parent=16355"}],"wp:term":[{"taxonomy":"category","embeddable":true,"href":"https:\/\/tyrving.idrett.no\/10\/f\/wp-json\/wp\/v2\/categories?post=16355"},{"taxonomy":"post_tag","embeddable":true,"href":"https:\/\/tyrving.idrett.no\/10\/f\/wp-json\/wp\/v2\/tags?post=16355"}],"curies":[{"name":"wp","href":"https:\/\/api.w.org\/{rel}","templated":true}]}}