{"id":16364,"date":"2016-11-15T13:46:03","date_gmt":"2016-11-15T12:46:03","guid":{"rendered":"http:\/\/tyrving.idrett.no\/10\/f\/?p=16364"},"modified":"2016-12-02T13:32:54","modified_gmt":"2016-12-02T12:32:54","slug":"pamelding-til-buls-julestemne-3-desember","status":"publish","type":"post","link":"https:\/\/tyrving.idrett.no\/10\/f\/2016\/11\/15\/pamelding-til-buls-julestemne-3-desember\/","title":{"rendered":"OPPDATERT: Tidsskjema BULs Julestemne 3. desember"},"content":{"rendered":"<p>&nbsp;<\/p>\n<p><a href=\"http:\/\/idrottslaget.bul.no\/buls-julestemne-2016\/\">Tidsskjema Julestemne<\/a><\/p>\n<p>Tyrving stiller med mange trenere p\u00e5 arrangementet, s\u00e5 ut\u00f8verne f\u00e5r god oppf\u00f8lging. Det vil ogs\u00e5 bli opprettet en Tyrving-base p\u00e5 tribunen hvor ut\u00f8vere, foreldre m.fl. kan samles.<\/p>\n<p>Lykke til!<\/p>\n<hr \/>\n<p>IL i BUL inviterer til deres tradisjonsrike Julestemne l\u00f8rdag 3. desember i B\u00e6rum Idrettspark. IL Tyrving friidrett oppfordrer alle v\u00e5re ut\u00f8vere \u00e5 melde seg p\u00e5 snarest. Tyrving dekker som alltid p\u00e5meldingsavgift for alle v\u00e5re ut\u00f8vere.<\/p>\n<p><strong>\u00d8velsesutvalg:<\/strong><br \/>\nG10\/J10 (06): 60 m, 600 m, lengde og kule<br \/>\nG11\/J11 (05): 60 m, 600 m, h\u00f8yde og kule<br \/>\nG12\/J12 (04): 60 m, 600 m, lengde, stav og kule<br \/>\nG13\/J13 (03): 60 m, 600 m, h\u00f8yde, stav og kule<br \/>\nG14\/J14 (02): 60 m, 600 m, lengde, stav og kule<br \/>\nG15\/J15 (01): 60 m, 600 m, h\u00f8yde, stav og kule<br \/>\nG16\/J16 (00): 60 m, 600 m, lengde og kule<br \/>\nG17\/J17 (00): 60 m, 600 m, h\u00f8yde og kule<br \/>\nMS\/KS: 60 m, 200 m, 600 m, lengde, h\u00f8yde, stav og kule<\/p>\n<p>Stafetter:<br \/>\n11-15 \u00e5r: 4&#215;200 m Mix-stafett* (samlet alder er maks 52 \u00e5r, l\u00f8psrekkef\u00f8lge er yngste jente, yngste gutt, eldste jente, eldste gutt).<br \/>\nMS\/KS: 4&#215;200 m<\/p>\n<p><strong>P\u00e5melding<br \/>\n<\/strong>P\u00e5melding gj\u00f8res som vanlig av hver enkelt i www.minidrett.no. Lenke til arrangementet i <a href=\"https:\/\/minidrett.nif.no\/Event#306158-011\">MinIdrett finner du her<\/a>.<\/p>\n<p>Obs!<\/p>\n<ul>\n<li>Om du ikke husker brukernavn\/passord eller ikke har brukt MinIdrett tidligere, f\u00f8lger du anvisningene p\u00e5 \u00f8verste navigasjonslinje, ved siden av den gr\u00f8nne innloggingsknappen.<\/li>\n<li>Etter innlogging p\u00e5 MinIdrett kan det v\u00e6re vanskelig \u00e5 finne igjen arrangementet du skulle melde deg p\u00e5. Du m\u00e5 da trykke p\u00e5 p\u00e5meldingslenken over igjen, eller s\u00f8ke p\u00e5 &laquo;julestemne&raquo; i s\u00f8kefeltet i MinIdrett.<\/li>\n<\/ul>\n<p>Om du lurer p\u00e5 noe, kontakt din oppmann\/oppkvinne. Kontaktinformasjon <a href=\"http:\/\/tyrving.idrett.no\/10\/f\/vare-trenere\/\">finner du her<\/a>.<\/p>\n<p>&nbsp;<\/p>\n","protected":false},"excerpt":{"rendered":"&nbsp; Tidsskjema Julestemne Tyrving stiller med mange trenere p\u00e5 arrangementet, s\u00e5 ut\u00f8verne f\u00e5r god oppf\u00f8lging. Det vil ogs\u00e5 bli opprettet en Tyrving-base p\u00e5 tribunen hvor ut\u00f8vere, foreldre m.fl. kan&#8230;","protected":false},"author":36,"featured_media":14593,"comment_status":"open","ping_status":"open","sticky":false,"template":"","format":"standard","meta":{"footnotes":"","_jetpack_memberships_contains_paid_content":false},"categories":[1],"tags":[],"acf":[],"yoast_head":"<!-- This site is optimized with the Yoast SEO plugin v21.2 - https:\/\/yoast.com\/wordpress\/plugins\/seo\/ -->\n<title>OPPDATERT: Tidsskjema BULs Julestemne 3. desember - Tyrving - Friidrett<\/title>\n<meta name=\"robots\" content=\"index, follow, max-snippet:-1, max-image-preview:large, max-video-preview:-1\" \/>\n<link rel=\"canonical\" href=\"https:\/\/tyrving.idrett.no\/10\/f\/2016\/11\/15\/pamelding-til-buls-julestemne-3-desember\/\" \/>\n<meta property=\"og:locale\" content=\"nb_NO\" \/>\n<meta property=\"og:type\" content=\"article\" \/>\n<meta property=\"og:title\" content=\"OPPDATERT: Tidsskjema BULs Julestemne 3. desember - Tyrving - Friidrett\" \/>\n<meta property=\"og:description\" content=\"&nbsp; Tidsskjema Julestemne Tyrving stiller med mange trenere p\u00e5 arrangementet, s\u00e5 ut\u00f8verne f\u00e5r god oppf\u00f8lging. Det vil ogs\u00e5 bli opprettet en Tyrving-base p\u00e5 tribunen hvor ut\u00f8vere, foreldre m.fl. kan...\" \/>\n<meta property=\"og:url\" content=\"https:\/\/tyrving.idrett.no\/10\/f\/2016\/11\/15\/pamelding-til-buls-julestemne-3-desember\/\" \/>\n<meta property=\"og:site_name\" content=\"Tyrving - Friidrett\" \/>\n<meta property=\"article:published_time\" content=\"2016-11-15T12:46:03+00:00\" \/>\n<meta property=\"article:modified_time\" content=\"2016-12-02T12:32:54+00:00\" \/>\n<meta property=\"og:image\" content=\"https:\/\/tyrving.idrett.no\/10\/f\/files\/2015\/12\/P1018879-1024x768.jpg\" \/>\n\t<meta property=\"og:image:width\" content=\"1024\" \/>\n\t<meta property=\"og:image:height\" content=\"768\" \/>\n\t<meta property=\"og:image:type\" content=\"image\/jpeg\" \/>\n<meta name=\"author\" content=\"matias\" \/>\n<meta name=\"twitter:card\" content=\"summary_large_image\" \/>\n<meta name=\"twitter:label1\" content=\"Skrevet av\" \/>\n\t<meta name=\"twitter:data1\" content=\"matias\" \/>\n\t<meta name=\"twitter:label2\" content=\"Ansl. lesetid\" \/>\n\t<meta name=\"twitter:data2\" content=\"1 minutt\" \/>\n<script type=\"application\/ld+json\" class=\"yoast-schema-graph\">{\"@context\":\"https:\/\/schema.org\",\"@graph\":[{\"@type\":\"Article\",\"@id\":\"https:\/\/tyrving.idrett.no\/10\/f\/2016\/11\/15\/pamelding-til-buls-julestemne-3-desember\/#article\",\"isPartOf\":{\"@id\":\"https:\/\/tyrving.idrett.no\/10\/f\/2016\/11\/15\/pamelding-til-buls-julestemne-3-desember\/\"},\"author\":{\"name\":\"matias\",\"@id\":\"https:\/\/tyrving.idrett.no\/10\/f\/#\/schema\/person\/46ae2048e3013986bc07a847bd12ac0e\"},\"headline\":\"OPPDATERT: Tidsskjema BULs Julestemne 3. desember\",\"datePublished\":\"2016-11-15T12:46:03+00:00\",\"dateModified\":\"2016-12-02T12:32:54+00:00\",\"mainEntityOfPage\":{\"@id\":\"https:\/\/tyrving.idrett.no\/10\/f\/2016\/11\/15\/pamelding-til-buls-julestemne-3-desember\/\"},\"wordCount\":285,\"commentCount\":0,\"publisher\":{\"@id\":\"https:\/\/tyrving.idrett.no\/10\/f\/#organization\"},\"articleSection\":[\"Nyheter\"],\"inLanguage\":\"nb-NO\",\"potentialAction\":[{\"@type\":\"CommentAction\",\"name\":\"Comment\",\"target\":[\"https:\/\/tyrving.idrett.no\/10\/f\/2016\/11\/15\/pamelding-til-buls-julestemne-3-desember\/#respond\"]}]},{\"@type\":\"WebPage\",\"@id\":\"https:\/\/tyrving.idrett.no\/10\/f\/2016\/11\/15\/pamelding-til-buls-julestemne-3-desember\/\",\"url\":\"https:\/\/tyrving.idrett.no\/10\/f\/2016\/11\/15\/pamelding-til-buls-julestemne-3-desember\/\",\"name\":\"OPPDATERT: Tidsskjema BULs Julestemne 3. desember - Tyrving - Friidrett\",\"isPartOf\":{\"@id\":\"https:\/\/tyrving.idrett.no\/10\/f\/#website\"},\"datePublished\":\"2016-11-15T12:46:03+00:00\",\"dateModified\":\"2016-12-02T12:32:54+00:00\",\"breadcrumb\":{\"@id\":\"https:\/\/tyrving.idrett.no\/10\/f\/2016\/11\/15\/pamelding-til-buls-julestemne-3-desember\/#breadcrumb\"},\"inLanguage\":\"nb-NO\",\"potentialAction\":[{\"@type\":\"ReadAction\",\"target\":[\"https:\/\/tyrving.idrett.no\/10\/f\/2016\/11\/15\/pamelding-til-buls-julestemne-3-desember\/\"]}]},{\"@type\":\"BreadcrumbList\",\"@id\":\"https:\/\/tyrving.idrett.no\/10\/f\/2016\/11\/15\/pamelding-til-buls-julestemne-3-desember\/#breadcrumb\",\"itemListElement\":[{\"@type\":\"ListItem\",\"position\":1,\"name\":\"Hjem\",\"item\":\"https:\/\/tyrving.idrett.no\/10\/f\/\"},{\"@type\":\"ListItem\",\"position\":2,\"name\":\"OPPDATERT: Tidsskjema BULs Julestemne 3. desember\"}]},{\"@type\":\"WebSite\",\"@id\":\"https:\/\/tyrving.idrett.no\/10\/f\/#website\",\"url\":\"https:\/\/tyrving.idrett.no\/10\/f\/\",\"name\":\"Tyrving - Friidrett\",\"description\":\"Friidrettsgruppa\",\"publisher\":{\"@id\":\"https:\/\/tyrving.idrett.no\/10\/f\/#organization\"},\"potentialAction\":[{\"@type\":\"SearchAction\",\"target\":{\"@type\":\"EntryPoint\",\"urlTemplate\":\"https:\/\/tyrving.idrett.no\/10\/f\/?s={search_term_string}\"},\"query-input\":\"required name=search_term_string\"}],\"inLanguage\":\"nb-NO\"},{\"@type\":\"Organization\",\"@id\":\"https:\/\/tyrving.idrett.no\/10\/f\/#organization\",\"name\":\"Tyrving Friidrettsgruppa\",\"url\":\"https:\/\/tyrving.idrett.no\/10\/f\/\",\"logo\":{\"@type\":\"ImageObject\",\"inLanguage\":\"nb-NO\",\"@id\":\"https:\/\/tyrving.idrett.no\/10\/f\/#\/schema\/logo\/image\/\",\"url\":\"https:\/\/tyrving.idrett.no\/10\/f\/files\/2019\/04\/Tyrving-Logo-Friidrett-2019.jpg\",\"contentUrl\":\"https:\/\/tyrving.idrett.no\/10\/f\/files\/2019\/04\/Tyrving-Logo-Friidrett-2019.jpg\",\"width\":460,\"height\":360,\"caption\":\"Tyrving Friidrettsgruppa\"},\"image\":{\"@id\":\"https:\/\/tyrving.idrett.no\/10\/f\/#\/schema\/logo\/image\/\"}},{\"@type\":\"Person\",\"@id\":\"https:\/\/tyrving.idrett.no\/10\/f\/#\/schema\/person\/46ae2048e3013986bc07a847bd12ac0e\",\"name\":\"matias\",\"image\":{\"@type\":\"ImageObject\",\"inLanguage\":\"nb-NO\",\"@id\":\"https:\/\/tyrving.idrett.no\/10\/f\/#\/schema\/person\/image\/\",\"url\":\"https:\/\/secure.gravatar.com\/avatar\/00817a0f2e2a7f70af33da2cfff9067c?s=96&d=mm&r=g\",\"contentUrl\":\"https:\/\/secure.gravatar.com\/avatar\/00817a0f2e2a7f70af33da2cfff9067c?s=96&d=mm&r=g\",\"caption\":\"matias\"}}]}<\/script>\n<!-- \/ Yoast SEO plugin. -->","yoast_head_json":{"title":"OPPDATERT: Tidsskjema BULs Julestemne 3. desember - Tyrving - Friidrett","robots":{"index":"index","follow":"follow","max-snippet":"max-snippet:-1","max-image-preview":"max-image-preview:large","max-video-preview":"max-video-preview:-1"},"canonical":"https:\/\/tyrving.idrett.no\/10\/f\/2016\/11\/15\/pamelding-til-buls-julestemne-3-desember\/","og_locale":"nb_NO","og_type":"article","og_title":"OPPDATERT: Tidsskjema BULs Julestemne 3. desember - Tyrving - Friidrett","og_description":"&nbsp; Tidsskjema Julestemne Tyrving stiller med mange trenere p\u00e5 arrangementet, s\u00e5 ut\u00f8verne f\u00e5r god oppf\u00f8lging. Det vil ogs\u00e5 bli opprettet en Tyrving-base p\u00e5 tribunen hvor ut\u00f8vere, foreldre m.fl. kan...","og_url":"https:\/\/tyrving.idrett.no\/10\/f\/2016\/11\/15\/pamelding-til-buls-julestemne-3-desember\/","og_site_name":"Tyrving - Friidrett","article_published_time":"2016-11-15T12:46:03+00:00","article_modified_time":"2016-12-02T12:32:54+00:00","og_image":[{"width":1024,"height":768,"url":"https:\/\/tyrving.idrett.no\/10\/f\/files\/2015\/12\/P1018879-1024x768.jpg","type":"image\/jpeg"}],"author":"matias","twitter_card":"summary_large_image","twitter_misc":{"Skrevet av":"matias","Ansl. lesetid":"1 minutt"},"schema":{"@context":"https:\/\/schema.org","@graph":[{"@type":"Article","@id":"https:\/\/tyrving.idrett.no\/10\/f\/2016\/11\/15\/pamelding-til-buls-julestemne-3-desember\/#article","isPartOf":{"@id":"https:\/\/tyrving.idrett.no\/10\/f\/2016\/11\/15\/pamelding-til-buls-julestemne-3-desember\/"},"author":{"name":"matias","@id":"https:\/\/tyrving.idrett.no\/10\/f\/#\/schema\/person\/46ae2048e3013986bc07a847bd12ac0e"},"headline":"OPPDATERT: Tidsskjema BULs Julestemne 3. desember","datePublished":"2016-11-15T12:46:03+00:00","dateModified":"2016-12-02T12:32:54+00:00","mainEntityOfPage":{"@id":"https:\/\/tyrving.idrett.no\/10\/f\/2016\/11\/15\/pamelding-til-buls-julestemne-3-desember\/"},"wordCount":285,"commentCount":0,"publisher":{"@id":"https:\/\/tyrving.idrett.no\/10\/f\/#organization"},"articleSection":["Nyheter"],"inLanguage":"nb-NO","potentialAction":[{"@type":"CommentAction","name":"Comment","target":["https:\/\/tyrving.idrett.no\/10\/f\/2016\/11\/15\/pamelding-til-buls-julestemne-3-desember\/#respond"]}]},{"@type":"WebPage","@id":"https:\/\/tyrving.idrett.no\/10\/f\/2016\/11\/15\/pamelding-til-buls-julestemne-3-desember\/","url":"https:\/\/tyrving.idrett.no\/10\/f\/2016\/11\/15\/pamelding-til-buls-julestemne-3-desember\/","name":"OPPDATERT: Tidsskjema BULs Julestemne 3. desember - Tyrving - Friidrett","isPartOf":{"@id":"https:\/\/tyrving.idrett.no\/10\/f\/#website"},"datePublished":"2016-11-15T12:46:03+00:00","dateModified":"2016-12-02T12:32:54+00:00","breadcrumb":{"@id":"https:\/\/tyrving.idrett.no\/10\/f\/2016\/11\/15\/pamelding-til-buls-julestemne-3-desember\/#breadcrumb"},"inLanguage":"nb-NO","potentialAction":[{"@type":"ReadAction","target":["https:\/\/tyrving.idrett.no\/10\/f\/2016\/11\/15\/pamelding-til-buls-julestemne-3-desember\/"]}]},{"@type":"BreadcrumbList","@id":"https:\/\/tyrving.idrett.no\/10\/f\/2016\/11\/15\/pamelding-til-buls-julestemne-3-desember\/#breadcrumb","itemListElement":[{"@type":"ListItem","position":1,"name":"Hjem","item":"https:\/\/tyrving.idrett.no\/10\/f\/"},{"@type":"ListItem","position":2,"name":"OPPDATERT: Tidsskjema BULs Julestemne 3. desember"}]},{"@type":"WebSite","@id":"https:\/\/tyrving.idrett.no\/10\/f\/#website","url":"https:\/\/tyrving.idrett.no\/10\/f\/","name":"Tyrving - Friidrett","description":"Friidrettsgruppa","publisher":{"@id":"https:\/\/tyrving.idrett.no\/10\/f\/#organization"},"potentialAction":[{"@type":"SearchAction","target":{"@type":"EntryPoint","urlTemplate":"https:\/\/tyrving.idrett.no\/10\/f\/?s={search_term_string}"},"query-input":"required name=search_term_string"}],"inLanguage":"nb-NO"},{"@type":"Organization","@id":"https:\/\/tyrving.idrett.no\/10\/f\/#organization","name":"Tyrving Friidrettsgruppa","url":"https:\/\/tyrving.idrett.no\/10\/f\/","logo":{"@type":"ImageObject","inLanguage":"nb-NO","@id":"https:\/\/tyrving.idrett.no\/10\/f\/#\/schema\/logo\/image\/","url":"https:\/\/tyrving.idrett.no\/10\/f\/files\/2019\/04\/Tyrving-Logo-Friidrett-2019.jpg","contentUrl":"https:\/\/tyrving.idrett.no\/10\/f\/files\/2019\/04\/Tyrving-Logo-Friidrett-2019.jpg","width":460,"height":360,"caption":"Tyrving Friidrettsgruppa"},"image":{"@id":"https:\/\/tyrving.idrett.no\/10\/f\/#\/schema\/logo\/image\/"}},{"@type":"Person","@id":"https:\/\/tyrving.idrett.no\/10\/f\/#\/schema\/person\/46ae2048e3013986bc07a847bd12ac0e","name":"matias","image":{"@type":"ImageObject","inLanguage":"nb-NO","@id":"https:\/\/tyrving.idrett.no\/10\/f\/#\/schema\/person\/image\/","url":"https:\/\/secure.gravatar.com\/avatar\/00817a0f2e2a7f70af33da2cfff9067c?s=96&d=mm&r=g","contentUrl":"https:\/\/secure.gravatar.com\/avatar\/00817a0f2e2a7f70af33da2cfff9067c?s=96&d=mm&r=g","caption":"matias"}}]}},"jetpack_sharing_enabled":true,"jetpack_featured_media_url":"https:\/\/tyrving.idrett.no\/10\/f\/files\/2015\/12\/P1018879.jpg","_links":{"self":[{"href":"https:\/\/tyrving.idrett.no\/10\/f\/wp-json\/wp\/v2\/posts\/16364"}],"collection":[{"href":"https:\/\/tyrving.idrett.no\/10\/f\/wp-json\/wp\/v2\/posts"}],"about":[{"href":"https:\/\/tyrving.idrett.no\/10\/f\/wp-json\/wp\/v2\/types\/post"}],"author":[{"embeddable":true,"href":"https:\/\/tyrving.idrett.no\/10\/f\/wp-json\/wp\/v2\/users\/36"}],"replies":[{"embeddable":true,"href":"https:\/\/tyrving.idrett.no\/10\/f\/wp-json\/wp\/v2\/comments?post=16364"}],"version-history":[{"count":4,"href":"https:\/\/tyrving.idrett.no\/10\/f\/wp-json\/wp\/v2\/posts\/16364\/revisions"}],"predecessor-version":[{"id":16390,"href":"https:\/\/tyrving.idrett.no\/10\/f\/wp-json\/wp\/v2\/posts\/16364\/revisions\/16390"}],"wp:featuredmedia":[{"embeddable":true,"href":"https:\/\/tyrving.idrett.no\/10\/f\/wp-json\/wp\/v2\/media\/14593"}],"wp:attachment":[{"href":"https:\/\/tyrving.idrett.no\/10\/f\/wp-json\/wp\/v2\/media?parent=16364"}],"wp:term":[{"taxonomy":"category","embeddable":true,"href":"https:\/\/tyrving.idrett.no\/10\/f\/wp-json\/wp\/v2\/categories?post=16364"},{"taxonomy":"post_tag","embeddable":true,"href":"https:\/\/tyrving.idrett.no\/10\/f\/wp-json\/wp\/v2\/tags?post=16364"}],"curies":[{"name":"wp","href":"https:\/\/api.w.org\/{rel}","templated":true}]}}