{"id":17699,"date":"2018-03-11T21:59:49","date_gmt":"2018-03-11T20:59:49","guid":{"rendered":"http:\/\/tyrving.idrett.no\/10\/f\/?p=17699"},"modified":"2018-03-31T14:02:42","modified_gmt":"2018-03-31T12:02:42","slug":"10-medaljer-pa-siste-dag-i-um","status":"publish","type":"post","link":"https:\/\/tyrving.idrett.no\/10\/f\/2018\/03\/11\/10-medaljer-pa-siste-dag-i-um\/","title":{"rendered":"10 medaljer p\u00e5 siste dag i UM"},"content":{"rendered":"<p>Det ble ikke ringere enn 7 individuelle medaljer og 3 stafettmedaljer p\u00e5 UMs siste dag. Forutenom det, ble det rapportert om mange forn\u00f8yde Tyrvingdeltagere som gjorde flotte prestasjoner oppi mot sitt beste, perser, godt lagarbeid, flinke foreldre, sj\u00e5f\u00f8rer og ellers support fra tribune og indre bane av flinke trenere + flink speaker p\u00e5 indre bane. Gratulerer til alle med en str\u00e5lende helg! La oss ta en titt p\u00e5 dagen i dag.<\/p>\n<p>I yngste jenteklasse ble det igjen en str\u00e5lende dag for Sigrid Alvik som fikk gull p\u00e5 1500m, med en klar seier og pers med 4,47,74. Sigrid har virkelig hatt et flott mesterskap, med to medaljer av to mulige. Kanskje hun ogs\u00e5 inspirerte Astrid Bakke, som l\u00f8p inn til bronse i klassen over p\u00e5 samme distanse. Astrid l\u00f8p p\u00e5 tiden 4,58,42. Videre i de tekniske disiplinene ble det ogs\u00e5 edelt metall i dag. I h\u00f8yde J17 hoppet Julie Von Krogh seg helt til topps p\u00e5 pallen med 1,63. Anastasia Schnell i samme klasse hoppet 1,55 og endte i dag p\u00e5 en 5.plass, samme resultat som de to som delte 3.plassen, men med flere riv. I G18\/19 i h\u00f8yde, var det Erik L\u00f8nskog sin tur til \u00e5 motta sin velfortjente UM-medalje. Erik hoppet 1,80 og fikk med det bronsen. Det var ogs\u00e5 ventet spenning til de som skulle l\u00f8pe 200m i dag. Sigurd Clemetsen i G15, l\u00f8p inn til\u00a0 herlig 3.plass med tiden 24,00, mens\u00a0Tobias Windjusveen, G16 fikk 2.plass med tiden 23,36. Flott l\u00f8ping av v\u00e5re unge sprintere. Videre i klasse 18\/19 viste Jonatan Greni Bjerkaas at han virkelig har klart \u00e5 bevare og bygge opp formen til helga. Det ble str\u00e5lende tid og pers med 21,94. Dette gav Jonatan s\u00f8lvmedalje. I eldste gutteklasse hadde vi tre i finalen. Sebastian Gullien Perez var igjen tilbake p\u00e5 \u00f8verste trinn p\u00e5 pallen, med et finalel\u00f8p p\u00e5 21,99. Det smakte nok godt for Sebastian som har v\u00e6rt borte en stund. Kenneth Gulbrandsen fikk en velfortjent s\u00f8lv, ogs\u00e5 med en god tid, 22,20. Patrick Bifuko fullf\u00f8rte dessverre ikke finalen. I J17 p\u00e5 200m var Linnea Gateman, igjen, s\u00e5 n\u00e6re, s\u00e5 n\u00e6re medalje. I dag l\u00f8p hun inn til pers og fine tiden 25,67 og 4.plass. Maria Aaberg, ogs\u00e5 i finalen fikk denne gang 5.plass og 25,98. Flott l\u00f8ping av begge.<\/p>\n<p>Mesterskapet ble avsluttet med 3 medaljer p\u00e5 4x200m stafett. GULL i J15\/17 med tiden 1,45,24 (Marie, Constance, Ida, Linnea) S\u00d8LV i G15\/17 med tiden 1,35,66 (Sigurd, Haakon, Tobias, Peter) og S\u00d8LV i G18\/22 med tiden 1,28,83 (Kenneth, Jonathan, Sebastian, Syver)<\/p>\n<p>Det neste for friidrettgruppen blir Bamselekene i Stangehallen neste helg. Da er det v\u00e5re yngre ut\u00f8vere som skal i ilden, men ogs\u00e5 flere av v\u00e5re UM deltagere er med p\u00e5 startstreken.<\/p>\n<p>\u00d8vrige resultater fra UM dag 3:<\/p>\n<p>J15<\/p>\n<p>Ida Leir, 200m, 27,34 (utsl\u00e5tt i fors\u00f8k) pers<\/p>\n<p>Pernille Stensrud, 27,91 (utsl\u00e5tt i fors\u00f8k)<\/p>\n<p>J16<\/p>\n<p>Hanne L\u00f8tveit, 20m, 27,53 (utsl\u00e5tt i fors\u00f8k) solid pers<\/p>\n<p>J18\/19<\/p>\n<p>Andrea Dammen, lengde, 4,82, nr 9<\/p>\n<p>Celine Bressand, 4,51, nr 15<\/p>\n<p>Pernille L\u00f8ve, 4,43, nr 16 pers<\/p>\n<p>G15<\/p>\n<p>Sondre Grimsby, 200m, 26,81 (utsl\u00e5tt i fors\u00f8k)<\/p>\n<p><span style=\"float: none;background-color: transparent;color: #333333;font-family: Georgia,'Times New Roman','Bitstream Charter',Times,serif;font-size: 16px;font-style: normal;font-variant: normal;font-weight: 400;letter-spacing: normal;line-height: 24px;text-align: left;text-decoration: none;text-indent: 0px\">Simen Gimnes, lengde, 5,02, nr 8,\u00a0<\/span><\/p>\n<p>J\u00f8rgen Loennechen, kule, 13,39, nr 4 og pers<\/p>\n<p>G16<\/p>\n<p>Christian Lervik, 200m, 24,91 (utsl\u00e5tt fors\u00f8k) lengde, 5,34, nr 7<\/p>\n<p>G17<\/p>\n<p>Peter Svoren, 200m, 23,55 (utsl\u00e5tt i fors\u00f8k)<\/p>\n<p>Haakon Amble, 23,74 (utsl\u00e5tt i fors\u00f8k)<\/p>\n<p>G18\/19<\/p>\n<p>Syver R\u00f8inaas, 200m, 22,82, nr 4<\/p>\n<p>&nbsp;<\/p>\n","protected":false},"excerpt":{"rendered":"Det ble ikke ringere enn 7 individuelle medaljer og 3 stafettmedaljer p\u00e5 UMs siste dag. Forutenom det, ble det rapportert om mange forn\u00f8yde Tyrvingdeltagere som gjorde flotte prestasjoner oppi mot sit&#8230;","protected":false},"author":33,"featured_media":17703,"comment_status":"open","ping_status":"open","sticky":false,"template":"","format":"standard","meta":{"footnotes":"","_jetpack_memberships_contains_paid_content":false},"categories":[1],"tags":[20,12],"acf":[],"yoast_head":"<!-- This site is optimized with the Yoast SEO plugin v21.2 - https:\/\/yoast.com\/wordpress\/plugins\/seo\/ -->\n<title>10 medaljer p\u00e5 siste dag i UM - Tyrving - Friidrett<\/title>\n<meta name=\"robots\" content=\"index, follow, max-snippet:-1, max-image-preview:large, max-video-preview:-1\" \/>\n<link rel=\"canonical\" href=\"https:\/\/tyrving.idrett.no\/10\/f\/2018\/03\/11\/10-medaljer-pa-siste-dag-i-um\/\" \/>\n<meta property=\"og:locale\" content=\"nb_NO\" \/>\n<meta property=\"og:type\" content=\"article\" \/>\n<meta property=\"og:title\" content=\"10 medaljer p\u00e5 siste dag i UM - Tyrving - Friidrett\" \/>\n<meta property=\"og:description\" content=\"Det ble ikke ringere enn 7 individuelle medaljer og 3 stafettmedaljer p\u00e5 UMs siste dag. Forutenom det, ble det rapportert om mange forn\u00f8yde Tyrvingdeltagere som gjorde flotte prestasjoner oppi mot sit...\" \/>\n<meta property=\"og:url\" content=\"https:\/\/tyrving.idrett.no\/10\/f\/2018\/03\/11\/10-medaljer-pa-siste-dag-i-um\/\" \/>\n<meta property=\"og:site_name\" content=\"Tyrving - Friidrett\" \/>\n<meta property=\"article:published_time\" content=\"2018-03-11T20:59:49+00:00\" \/>\n<meta property=\"article:modified_time\" content=\"2018-03-31T12:02:42+00:00\" \/>\n<meta property=\"og:image\" content=\"https:\/\/tyrving.idrett.no\/10\/f\/files\/2018\/03\/271.jpg\" \/>\n\t<meta property=\"og:image:width\" content=\"800\" \/>\n\t<meta property=\"og:image:height\" content=\"600\" \/>\n\t<meta property=\"og:image:type\" content=\"image\/jpeg\" \/>\n<meta name=\"author\" content=\"elin\" \/>\n<meta name=\"twitter:card\" content=\"summary_large_image\" \/>\n<meta name=\"twitter:label1\" content=\"Skrevet av\" \/>\n\t<meta name=\"twitter:data1\" content=\"elin\" \/>\n\t<meta name=\"twitter:label2\" content=\"Ansl. lesetid\" \/>\n\t<meta name=\"twitter:data2\" content=\"3 minutter\" \/>\n<script type=\"application\/ld+json\" class=\"yoast-schema-graph\">{\"@context\":\"https:\/\/schema.org\",\"@graph\":[{\"@type\":\"Article\",\"@id\":\"https:\/\/tyrving.idrett.no\/10\/f\/2018\/03\/11\/10-medaljer-pa-siste-dag-i-um\/#article\",\"isPartOf\":{\"@id\":\"https:\/\/tyrving.idrett.no\/10\/f\/2018\/03\/11\/10-medaljer-pa-siste-dag-i-um\/\"},\"author\":{\"name\":\"elin\",\"@id\":\"https:\/\/tyrving.idrett.no\/10\/f\/#\/schema\/person\/9f5049400b91e2521a091cba390d9613\"},\"headline\":\"10 medaljer p\u00e5 siste dag i UM\",\"datePublished\":\"2018-03-11T20:59:49+00:00\",\"dateModified\":\"2018-03-31T12:02:42+00:00\",\"mainEntityOfPage\":{\"@id\":\"https:\/\/tyrving.idrett.no\/10\/f\/2018\/03\/11\/10-medaljer-pa-siste-dag-i-um\/\"},\"wordCount\":561,\"commentCount\":0,\"publisher\":{\"@id\":\"https:\/\/tyrving.idrett.no\/10\/f\/#organization\"},\"keywords\":[\"Mesterskap\",\"Stafett\"],\"articleSection\":[\"Nyheter\"],\"inLanguage\":\"nb-NO\",\"potentialAction\":[{\"@type\":\"CommentAction\",\"name\":\"Comment\",\"target\":[\"https:\/\/tyrving.idrett.no\/10\/f\/2018\/03\/11\/10-medaljer-pa-siste-dag-i-um\/#respond\"]}]},{\"@type\":\"WebPage\",\"@id\":\"https:\/\/tyrving.idrett.no\/10\/f\/2018\/03\/11\/10-medaljer-pa-siste-dag-i-um\/\",\"url\":\"https:\/\/tyrving.idrett.no\/10\/f\/2018\/03\/11\/10-medaljer-pa-siste-dag-i-um\/\",\"name\":\"10 medaljer p\u00e5 siste dag i UM - Tyrving - Friidrett\",\"isPartOf\":{\"@id\":\"https:\/\/tyrving.idrett.no\/10\/f\/#website\"},\"datePublished\":\"2018-03-11T20:59:49+00:00\",\"dateModified\":\"2018-03-31T12:02:42+00:00\",\"breadcrumb\":{\"@id\":\"https:\/\/tyrving.idrett.no\/10\/f\/2018\/03\/11\/10-medaljer-pa-siste-dag-i-um\/#breadcrumb\"},\"inLanguage\":\"nb-NO\",\"potentialAction\":[{\"@type\":\"ReadAction\",\"target\":[\"https:\/\/tyrving.idrett.no\/10\/f\/2018\/03\/11\/10-medaljer-pa-siste-dag-i-um\/\"]}]},{\"@type\":\"BreadcrumbList\",\"@id\":\"https:\/\/tyrving.idrett.no\/10\/f\/2018\/03\/11\/10-medaljer-pa-siste-dag-i-um\/#breadcrumb\",\"itemListElement\":[{\"@type\":\"ListItem\",\"position\":1,\"name\":\"Hjem\",\"item\":\"https:\/\/tyrving.idrett.no\/10\/f\/\"},{\"@type\":\"ListItem\",\"position\":2,\"name\":\"10 medaljer p\u00e5 siste dag i UM\"}]},{\"@type\":\"WebSite\",\"@id\":\"https:\/\/tyrving.idrett.no\/10\/f\/#website\",\"url\":\"https:\/\/tyrving.idrett.no\/10\/f\/\",\"name\":\"Tyrving - Friidrett\",\"description\":\"Friidrettsgruppa\",\"publisher\":{\"@id\":\"https:\/\/tyrving.idrett.no\/10\/f\/#organization\"},\"potentialAction\":[{\"@type\":\"SearchAction\",\"target\":{\"@type\":\"EntryPoint\",\"urlTemplate\":\"https:\/\/tyrving.idrett.no\/10\/f\/?s={search_term_string}\"},\"query-input\":\"required name=search_term_string\"}],\"inLanguage\":\"nb-NO\"},{\"@type\":\"Organization\",\"@id\":\"https:\/\/tyrving.idrett.no\/10\/f\/#organization\",\"name\":\"Tyrving Friidrettsgruppa\",\"url\":\"https:\/\/tyrving.idrett.no\/10\/f\/\",\"logo\":{\"@type\":\"ImageObject\",\"inLanguage\":\"nb-NO\",\"@id\":\"https:\/\/tyrving.idrett.no\/10\/f\/#\/schema\/logo\/image\/\",\"url\":\"https:\/\/tyrving.idrett.no\/10\/f\/files\/2019\/04\/Tyrving-Logo-Friidrett-2019.jpg\",\"contentUrl\":\"https:\/\/tyrving.idrett.no\/10\/f\/files\/2019\/04\/Tyrving-Logo-Friidrett-2019.jpg\",\"width\":460,\"height\":360,\"caption\":\"Tyrving Friidrettsgruppa\"},\"image\":{\"@id\":\"https:\/\/tyrving.idrett.no\/10\/f\/#\/schema\/logo\/image\/\"}},{\"@type\":\"Person\",\"@id\":\"https:\/\/tyrving.idrett.no\/10\/f\/#\/schema\/person\/9f5049400b91e2521a091cba390d9613\",\"name\":\"elin\",\"image\":{\"@type\":\"ImageObject\",\"inLanguage\":\"nb-NO\",\"@id\":\"https:\/\/tyrving.idrett.no\/10\/f\/#\/schema\/person\/image\/\",\"url\":\"https:\/\/secure.gravatar.com\/avatar\/e6a6b8ed8ea937e9813ce73b5a992dcd?s=96&d=mm&r=g\",\"contentUrl\":\"https:\/\/secure.gravatar.com\/avatar\/e6a6b8ed8ea937e9813ce73b5a992dcd?s=96&d=mm&r=g\",\"caption\":\"elin\"}}]}<\/script>\n<!-- \/ Yoast SEO plugin. -->","yoast_head_json":{"title":"10 medaljer p\u00e5 siste dag i UM - Tyrving - Friidrett","robots":{"index":"index","follow":"follow","max-snippet":"max-snippet:-1","max-image-preview":"max-image-preview:large","max-video-preview":"max-video-preview:-1"},"canonical":"https:\/\/tyrving.idrett.no\/10\/f\/2018\/03\/11\/10-medaljer-pa-siste-dag-i-um\/","og_locale":"nb_NO","og_type":"article","og_title":"10 medaljer p\u00e5 siste dag i UM - Tyrving - Friidrett","og_description":"Det ble ikke ringere enn 7 individuelle medaljer og 3 stafettmedaljer p\u00e5 UMs siste dag. Forutenom det, ble det rapportert om mange forn\u00f8yde Tyrvingdeltagere som gjorde flotte prestasjoner oppi mot sit...","og_url":"https:\/\/tyrving.idrett.no\/10\/f\/2018\/03\/11\/10-medaljer-pa-siste-dag-i-um\/","og_site_name":"Tyrving - Friidrett","article_published_time":"2018-03-11T20:59:49+00:00","article_modified_time":"2018-03-31T12:02:42+00:00","og_image":[{"width":800,"height":600,"url":"https:\/\/tyrving.idrett.no\/10\/f\/files\/2018\/03\/271.jpg","type":"image\/jpeg"}],"author":"elin","twitter_card":"summary_large_image","twitter_misc":{"Skrevet av":"elin","Ansl. lesetid":"3 minutter"},"schema":{"@context":"https:\/\/schema.org","@graph":[{"@type":"Article","@id":"https:\/\/tyrving.idrett.no\/10\/f\/2018\/03\/11\/10-medaljer-pa-siste-dag-i-um\/#article","isPartOf":{"@id":"https:\/\/tyrving.idrett.no\/10\/f\/2018\/03\/11\/10-medaljer-pa-siste-dag-i-um\/"},"author":{"name":"elin","@id":"https:\/\/tyrving.idrett.no\/10\/f\/#\/schema\/person\/9f5049400b91e2521a091cba390d9613"},"headline":"10 medaljer p\u00e5 siste dag i UM","datePublished":"2018-03-11T20:59:49+00:00","dateModified":"2018-03-31T12:02:42+00:00","mainEntityOfPage":{"@id":"https:\/\/tyrving.idrett.no\/10\/f\/2018\/03\/11\/10-medaljer-pa-siste-dag-i-um\/"},"wordCount":561,"commentCount":0,"publisher":{"@id":"https:\/\/tyrving.idrett.no\/10\/f\/#organization"},"keywords":["Mesterskap","Stafett"],"articleSection":["Nyheter"],"inLanguage":"nb-NO","potentialAction":[{"@type":"CommentAction","name":"Comment","target":["https:\/\/tyrving.idrett.no\/10\/f\/2018\/03\/11\/10-medaljer-pa-siste-dag-i-um\/#respond"]}]},{"@type":"WebPage","@id":"https:\/\/tyrving.idrett.no\/10\/f\/2018\/03\/11\/10-medaljer-pa-siste-dag-i-um\/","url":"https:\/\/tyrving.idrett.no\/10\/f\/2018\/03\/11\/10-medaljer-pa-siste-dag-i-um\/","name":"10 medaljer p\u00e5 siste dag i UM - Tyrving - Friidrett","isPartOf":{"@id":"https:\/\/tyrving.idrett.no\/10\/f\/#website"},"datePublished":"2018-03-11T20:59:49+00:00","dateModified":"2018-03-31T12:02:42+00:00","breadcrumb":{"@id":"https:\/\/tyrving.idrett.no\/10\/f\/2018\/03\/11\/10-medaljer-pa-siste-dag-i-um\/#breadcrumb"},"inLanguage":"nb-NO","potentialAction":[{"@type":"ReadAction","target":["https:\/\/tyrving.idrett.no\/10\/f\/2018\/03\/11\/10-medaljer-pa-siste-dag-i-um\/"]}]},{"@type":"BreadcrumbList","@id":"https:\/\/tyrving.idrett.no\/10\/f\/2018\/03\/11\/10-medaljer-pa-siste-dag-i-um\/#breadcrumb","itemListElement":[{"@type":"ListItem","position":1,"name":"Hjem","item":"https:\/\/tyrving.idrett.no\/10\/f\/"},{"@type":"ListItem","position":2,"name":"10 medaljer p\u00e5 siste dag i UM"}]},{"@type":"WebSite","@id":"https:\/\/tyrving.idrett.no\/10\/f\/#website","url":"https:\/\/tyrving.idrett.no\/10\/f\/","name":"Tyrving - Friidrett","description":"Friidrettsgruppa","publisher":{"@id":"https:\/\/tyrving.idrett.no\/10\/f\/#organization"},"potentialAction":[{"@type":"SearchAction","target":{"@type":"EntryPoint","urlTemplate":"https:\/\/tyrving.idrett.no\/10\/f\/?s={search_term_string}"},"query-input":"required name=search_term_string"}],"inLanguage":"nb-NO"},{"@type":"Organization","@id":"https:\/\/tyrving.idrett.no\/10\/f\/#organization","name":"Tyrving Friidrettsgruppa","url":"https:\/\/tyrving.idrett.no\/10\/f\/","logo":{"@type":"ImageObject","inLanguage":"nb-NO","@id":"https:\/\/tyrving.idrett.no\/10\/f\/#\/schema\/logo\/image\/","url":"https:\/\/tyrving.idrett.no\/10\/f\/files\/2019\/04\/Tyrving-Logo-Friidrett-2019.jpg","contentUrl":"https:\/\/tyrving.idrett.no\/10\/f\/files\/2019\/04\/Tyrving-Logo-Friidrett-2019.jpg","width":460,"height":360,"caption":"Tyrving Friidrettsgruppa"},"image":{"@id":"https:\/\/tyrving.idrett.no\/10\/f\/#\/schema\/logo\/image\/"}},{"@type":"Person","@id":"https:\/\/tyrving.idrett.no\/10\/f\/#\/schema\/person\/9f5049400b91e2521a091cba390d9613","name":"elin","image":{"@type":"ImageObject","inLanguage":"nb-NO","@id":"https:\/\/tyrving.idrett.no\/10\/f\/#\/schema\/person\/image\/","url":"https:\/\/secure.gravatar.com\/avatar\/e6a6b8ed8ea937e9813ce73b5a992dcd?s=96&d=mm&r=g","contentUrl":"https:\/\/secure.gravatar.com\/avatar\/e6a6b8ed8ea937e9813ce73b5a992dcd?s=96&d=mm&r=g","caption":"elin"}}]}},"jetpack_sharing_enabled":true,"jetpack_featured_media_url":"https:\/\/tyrving.idrett.no\/10\/f\/files\/2018\/03\/271.jpg","_links":{"self":[{"href":"https:\/\/tyrving.idrett.no\/10\/f\/wp-json\/wp\/v2\/posts\/17699"}],"collection":[{"href":"https:\/\/tyrving.idrett.no\/10\/f\/wp-json\/wp\/v2\/posts"}],"about":[{"href":"https:\/\/tyrving.idrett.no\/10\/f\/wp-json\/wp\/v2\/types\/post"}],"author":[{"embeddable":true,"href":"https:\/\/tyrving.idrett.no\/10\/f\/wp-json\/wp\/v2\/users\/33"}],"replies":[{"embeddable":true,"href":"https:\/\/tyrving.idrett.no\/10\/f\/wp-json\/wp\/v2\/comments?post=17699"}],"version-history":[{"count":5,"href":"https:\/\/tyrving.idrett.no\/10\/f\/wp-json\/wp\/v2\/posts\/17699\/revisions"}],"predecessor-version":[{"id":17705,"href":"https:\/\/tyrving.idrett.no\/10\/f\/wp-json\/wp\/v2\/posts\/17699\/revisions\/17705"}],"wp:featuredmedia":[{"embeddable":true,"href":"https:\/\/tyrving.idrett.no\/10\/f\/wp-json\/wp\/v2\/media\/17703"}],"wp:attachment":[{"href":"https:\/\/tyrving.idrett.no\/10\/f\/wp-json\/wp\/v2\/media?parent=17699"}],"wp:term":[{"taxonomy":"category","embeddable":true,"href":"https:\/\/tyrving.idrett.no\/10\/f\/wp-json\/wp\/v2\/categories?post=17699"},{"taxonomy":"post_tag","embeddable":true,"href":"https:\/\/tyrving.idrett.no\/10\/f\/wp-json\/wp\/v2\/tags?post=17699"}],"curies":[{"name":"wp","href":"https:\/\/api.w.org\/{rel}","templated":true}]}}