{"id":17714,"date":"2018-03-20T19:37:56","date_gmt":"2018-03-20T18:37:56","guid":{"rendered":"http:\/\/tyrving.idrett.no\/10\/f\/?p=17714"},"modified":"2018-03-31T14:02:31","modified_gmt":"2018-03-31T12:02:31","slug":"bamseleker-i-kjent-stil","status":"publish","type":"post","link":"https:\/\/tyrving.idrett.no\/10\/f\/2018\/03\/20\/bamseleker-i-kjent-stil\/","title":{"rendered":"Bamseleker i kjent stil"},"content":{"rendered":"<p>\u00c5rets Bamseleker ble igjen en suksess. Tyrving stilte i hovedsak med ut\u00f8vere i alderen 10-16 \u00e5r og en god gjeng ble det i bussen oppover p\u00e5 l\u00f8rdag med overnatting p\u00e5 Hamar Vandrehjem i kjent tradisjon. Flere av v\u00e5re ut\u00f8vere var ogs\u00e5 med p\u00e5 fredags\u00f8kten, som var nytt p\u00e5 \u00e5rets Bamselekene-program. Sosialt morgen og kveld, men i tillegg sv\u00e6rt fokusert ut\u00f8vere i hallen ved sine \u00f8velser. En god kombinasjon av fokus, prestasjon og uh\u00f8ytidlighet, slik det skal det v\u00e6re p\u00e5 Bamselekene. Men visst ble det sv\u00e6rt mange perser og flotte resultater. Vi plukka jevnt og trutt poeng i lagkonkurransen og hadde etter l\u00f8rdagens \u00f8velser et solid forsprang til neste klubb. Til slutt vant vi den store bamsen og p\u00e5 bussturen hjem var det Jo Magnus Kleven som vant loddtrekningen. Mulig Jo Magnus, (15) hadde blitt enda mer glad for bamsen for noen \u00e5r tilbake, men regner med at det er noen sm\u00e5s\u00f8sken som ble ekstra glade :) Vi gleder oss allerede til ny Bamsetur i 2019!<\/p>\n<p>Link til resultater:<br \/>\n<a href=\"http:\/\/webres1.andro.no\/bamse\/2018\/dag3\/Resultatliste%20-%20Komplett.pdf\">http:\/\/webres1.andro.no\/bamse\/2018\/dag3\/Resultatliste%20-%20Komplett.pdf<\/a><\/p>\n<p>Tyrvings glade og forn\u00f8yde gjeng p\u00e5 forsidebildet(minus en del som ikke var p\u00e5 bildet)<\/p>\n<p>Og her endte den store bamsen. I baksetet hos Jo Magnus Kleven.<\/p>\n<p><img decoding=\"async\" loading=\"lazy\" class=\"wp-image-17716 alignleft\" src=\"http:\/\/tyrving.idrett.no\/10\/f\/files\/2018\/03\/29386790_10155311277916179_8048511529953616990_n1.jpg\" alt=\"\" width=\"808\" height=\"808\" srcset=\"https:\/\/tyrving.idrett.no\/10\/f\/files\/2018\/03\/29386790_10155311277916179_8048511529953616990_n1.jpg 960w, https:\/\/tyrving.idrett.no\/10\/f\/files\/2018\/03\/29386790_10155311277916179_8048511529953616990_n1-100x100.jpg 100w, https:\/\/tyrving.idrett.no\/10\/f\/files\/2018\/03\/29386790_10155311277916179_8048511529953616990_n1-300x300.jpg 300w, https:\/\/tyrving.idrett.no\/10\/f\/files\/2018\/03\/29386790_10155311277916179_8048511529953616990_n1-768x768.jpg 768w, https:\/\/tyrving.idrett.no\/10\/f\/files\/2018\/03\/29386790_10155311277916179_8048511529953616990_n1-600x600.jpg 600w\" sizes=\"(max-width: 808px) 100vw, 808px\" \/><\/p>\n<p>&nbsp;<\/p>\n<p>&nbsp;<\/p>\n","protected":false},"excerpt":{"rendered":"\u00c5rets Bamseleker ble igjen en suksess. Tyrving stilte i hovedsak med ut\u00f8vere i alderen 10-16 \u00e5r og en god gjeng ble det i bussen oppover p\u00e5 l\u00f8rdag med overnatting p\u00e5 Hamar Vandrehjem i kjent tradisjon&#8230;","protected":false},"author":33,"featured_media":17717,"comment_status":"open","ping_status":"open","sticky":false,"template":"","format":"standard","meta":{"footnotes":"","_jetpack_memberships_contains_paid_content":false},"categories":[1],"tags":[3943],"acf":[],"yoast_head":"<!-- This site is optimized with the Yoast SEO plugin v21.2 - https:\/\/yoast.com\/wordpress\/plugins\/seo\/ -->\n<title>Bamseleker i kjent stil - Tyrving - Friidrett<\/title>\n<meta name=\"robots\" content=\"index, follow, max-snippet:-1, max-image-preview:large, max-video-preview:-1\" \/>\n<link rel=\"canonical\" href=\"https:\/\/tyrving.idrett.no\/10\/f\/2018\/03\/20\/bamseleker-i-kjent-stil\/\" \/>\n<meta property=\"og:locale\" content=\"nb_NO\" \/>\n<meta property=\"og:type\" content=\"article\" \/>\n<meta property=\"og:title\" content=\"Bamseleker i kjent stil - Tyrving - Friidrett\" \/>\n<meta property=\"og:description\" content=\"\u00c5rets Bamseleker ble igjen en suksess. Tyrving stilte i hovedsak med ut\u00f8vere i alderen 10-16 \u00e5r og en god gjeng ble det i bussen oppover p\u00e5 l\u00f8rdag med overnatting p\u00e5 Hamar Vandrehjem i kjent tradisjon...\" \/>\n<meta property=\"og:url\" content=\"https:\/\/tyrving.idrett.no\/10\/f\/2018\/03\/20\/bamseleker-i-kjent-stil\/\" \/>\n<meta property=\"og:site_name\" content=\"Tyrving - Friidrett\" \/>\n<meta property=\"article:published_time\" content=\"2018-03-20T18:37:56+00:00\" \/>\n<meta property=\"article:modified_time\" content=\"2018-03-31T12:02:31+00:00\" \/>\n<meta property=\"og:image\" content=\"https:\/\/tyrving.idrett.no\/10\/f\/files\/2018\/03\/5-1.jpg\" \/>\n\t<meta property=\"og:image:width\" content=\"3879\" \/>\n\t<meta property=\"og:image:height\" content=\"2418\" \/>\n\t<meta property=\"og:image:type\" content=\"image\/jpeg\" \/>\n<meta name=\"author\" content=\"elin\" \/>\n<meta name=\"twitter:card\" content=\"summary_large_image\" \/>\n<meta name=\"twitter:label1\" content=\"Skrevet av\" \/>\n\t<meta name=\"twitter:data1\" content=\"elin\" \/>\n\t<meta name=\"twitter:label2\" content=\"Ansl. lesetid\" \/>\n\t<meta name=\"twitter:data2\" content=\"1 minutt\" \/>\n<script type=\"application\/ld+json\" class=\"yoast-schema-graph\">{\"@context\":\"https:\/\/schema.org\",\"@graph\":[{\"@type\":\"Article\",\"@id\":\"https:\/\/tyrving.idrett.no\/10\/f\/2018\/03\/20\/bamseleker-i-kjent-stil\/#article\",\"isPartOf\":{\"@id\":\"https:\/\/tyrving.idrett.no\/10\/f\/2018\/03\/20\/bamseleker-i-kjent-stil\/\"},\"author\":{\"name\":\"elin\",\"@id\":\"https:\/\/tyrving.idrett.no\/10\/f\/#\/schema\/person\/9f5049400b91e2521a091cba390d9613\"},\"headline\":\"Bamseleker i kjent stil\",\"datePublished\":\"2018-03-20T18:37:56+00:00\",\"dateModified\":\"2018-03-31T12:02:31+00:00\",\"mainEntityOfPage\":{\"@id\":\"https:\/\/tyrving.idrett.no\/10\/f\/2018\/03\/20\/bamseleker-i-kjent-stil\/\"},\"wordCount\":222,\"commentCount\":0,\"publisher\":{\"@id\":\"https:\/\/tyrving.idrett.no\/10\/f\/#organization\"},\"keywords\":[\"Tyrving-tur\"],\"articleSection\":[\"Nyheter\"],\"inLanguage\":\"nb-NO\",\"potentialAction\":[{\"@type\":\"CommentAction\",\"name\":\"Comment\",\"target\":[\"https:\/\/tyrving.idrett.no\/10\/f\/2018\/03\/20\/bamseleker-i-kjent-stil\/#respond\"]}]},{\"@type\":\"WebPage\",\"@id\":\"https:\/\/tyrving.idrett.no\/10\/f\/2018\/03\/20\/bamseleker-i-kjent-stil\/\",\"url\":\"https:\/\/tyrving.idrett.no\/10\/f\/2018\/03\/20\/bamseleker-i-kjent-stil\/\",\"name\":\"Bamseleker i kjent stil - Tyrving - Friidrett\",\"isPartOf\":{\"@id\":\"https:\/\/tyrving.idrett.no\/10\/f\/#website\"},\"datePublished\":\"2018-03-20T18:37:56+00:00\",\"dateModified\":\"2018-03-31T12:02:31+00:00\",\"breadcrumb\":{\"@id\":\"https:\/\/tyrving.idrett.no\/10\/f\/2018\/03\/20\/bamseleker-i-kjent-stil\/#breadcrumb\"},\"inLanguage\":\"nb-NO\",\"potentialAction\":[{\"@type\":\"ReadAction\",\"target\":[\"https:\/\/tyrving.idrett.no\/10\/f\/2018\/03\/20\/bamseleker-i-kjent-stil\/\"]}]},{\"@type\":\"BreadcrumbList\",\"@id\":\"https:\/\/tyrving.idrett.no\/10\/f\/2018\/03\/20\/bamseleker-i-kjent-stil\/#breadcrumb\",\"itemListElement\":[{\"@type\":\"ListItem\",\"position\":1,\"name\":\"Hjem\",\"item\":\"https:\/\/tyrving.idrett.no\/10\/f\/\"},{\"@type\":\"ListItem\",\"position\":2,\"name\":\"Bamseleker i kjent stil\"}]},{\"@type\":\"WebSite\",\"@id\":\"https:\/\/tyrving.idrett.no\/10\/f\/#website\",\"url\":\"https:\/\/tyrving.idrett.no\/10\/f\/\",\"name\":\"Tyrving - Friidrett\",\"description\":\"Friidrettsgruppa\",\"publisher\":{\"@id\":\"https:\/\/tyrving.idrett.no\/10\/f\/#organization\"},\"potentialAction\":[{\"@type\":\"SearchAction\",\"target\":{\"@type\":\"EntryPoint\",\"urlTemplate\":\"https:\/\/tyrving.idrett.no\/10\/f\/?s={search_term_string}\"},\"query-input\":\"required name=search_term_string\"}],\"inLanguage\":\"nb-NO\"},{\"@type\":\"Organization\",\"@id\":\"https:\/\/tyrving.idrett.no\/10\/f\/#organization\",\"name\":\"Tyrving Friidrettsgruppa\",\"url\":\"https:\/\/tyrving.idrett.no\/10\/f\/\",\"logo\":{\"@type\":\"ImageObject\",\"inLanguage\":\"nb-NO\",\"@id\":\"https:\/\/tyrving.idrett.no\/10\/f\/#\/schema\/logo\/image\/\",\"url\":\"https:\/\/tyrving.idrett.no\/10\/f\/files\/2019\/04\/Tyrving-Logo-Friidrett-2019.jpg\",\"contentUrl\":\"https:\/\/tyrving.idrett.no\/10\/f\/files\/2019\/04\/Tyrving-Logo-Friidrett-2019.jpg\",\"width\":460,\"height\":360,\"caption\":\"Tyrving Friidrettsgruppa\"},\"image\":{\"@id\":\"https:\/\/tyrving.idrett.no\/10\/f\/#\/schema\/logo\/image\/\"}},{\"@type\":\"Person\",\"@id\":\"https:\/\/tyrving.idrett.no\/10\/f\/#\/schema\/person\/9f5049400b91e2521a091cba390d9613\",\"name\":\"elin\",\"image\":{\"@type\":\"ImageObject\",\"inLanguage\":\"nb-NO\",\"@id\":\"https:\/\/tyrving.idrett.no\/10\/f\/#\/schema\/person\/image\/\",\"url\":\"https:\/\/secure.gravatar.com\/avatar\/e6a6b8ed8ea937e9813ce73b5a992dcd?s=96&d=mm&r=g\",\"contentUrl\":\"https:\/\/secure.gravatar.com\/avatar\/e6a6b8ed8ea937e9813ce73b5a992dcd?s=96&d=mm&r=g\",\"caption\":\"elin\"}}]}<\/script>\n<!-- \/ Yoast SEO plugin. -->","yoast_head_json":{"title":"Bamseleker i kjent stil - Tyrving - Friidrett","robots":{"index":"index","follow":"follow","max-snippet":"max-snippet:-1","max-image-preview":"max-image-preview:large","max-video-preview":"max-video-preview:-1"},"canonical":"https:\/\/tyrving.idrett.no\/10\/f\/2018\/03\/20\/bamseleker-i-kjent-stil\/","og_locale":"nb_NO","og_type":"article","og_title":"Bamseleker i kjent stil - Tyrving - Friidrett","og_description":"\u00c5rets Bamseleker ble igjen en suksess. Tyrving stilte i hovedsak med ut\u00f8vere i alderen 10-16 \u00e5r og en god gjeng ble det i bussen oppover p\u00e5 l\u00f8rdag med overnatting p\u00e5 Hamar Vandrehjem i kjent tradisjon...","og_url":"https:\/\/tyrving.idrett.no\/10\/f\/2018\/03\/20\/bamseleker-i-kjent-stil\/","og_site_name":"Tyrving - Friidrett","article_published_time":"2018-03-20T18:37:56+00:00","article_modified_time":"2018-03-31T12:02:31+00:00","og_image":[{"width":3879,"height":2418,"url":"https:\/\/tyrving.idrett.no\/10\/f\/files\/2018\/03\/5-1.jpg","type":"image\/jpeg"}],"author":"elin","twitter_card":"summary_large_image","twitter_misc":{"Skrevet av":"elin","Ansl. lesetid":"1 minutt"},"schema":{"@context":"https:\/\/schema.org","@graph":[{"@type":"Article","@id":"https:\/\/tyrving.idrett.no\/10\/f\/2018\/03\/20\/bamseleker-i-kjent-stil\/#article","isPartOf":{"@id":"https:\/\/tyrving.idrett.no\/10\/f\/2018\/03\/20\/bamseleker-i-kjent-stil\/"},"author":{"name":"elin","@id":"https:\/\/tyrving.idrett.no\/10\/f\/#\/schema\/person\/9f5049400b91e2521a091cba390d9613"},"headline":"Bamseleker i kjent stil","datePublished":"2018-03-20T18:37:56+00:00","dateModified":"2018-03-31T12:02:31+00:00","mainEntityOfPage":{"@id":"https:\/\/tyrving.idrett.no\/10\/f\/2018\/03\/20\/bamseleker-i-kjent-stil\/"},"wordCount":222,"commentCount":0,"publisher":{"@id":"https:\/\/tyrving.idrett.no\/10\/f\/#organization"},"keywords":["Tyrving-tur"],"articleSection":["Nyheter"],"inLanguage":"nb-NO","potentialAction":[{"@type":"CommentAction","name":"Comment","target":["https:\/\/tyrving.idrett.no\/10\/f\/2018\/03\/20\/bamseleker-i-kjent-stil\/#respond"]}]},{"@type":"WebPage","@id":"https:\/\/tyrving.idrett.no\/10\/f\/2018\/03\/20\/bamseleker-i-kjent-stil\/","url":"https:\/\/tyrving.idrett.no\/10\/f\/2018\/03\/20\/bamseleker-i-kjent-stil\/","name":"Bamseleker i kjent stil - Tyrving - Friidrett","isPartOf":{"@id":"https:\/\/tyrving.idrett.no\/10\/f\/#website"},"datePublished":"2018-03-20T18:37:56+00:00","dateModified":"2018-03-31T12:02:31+00:00","breadcrumb":{"@id":"https:\/\/tyrving.idrett.no\/10\/f\/2018\/03\/20\/bamseleker-i-kjent-stil\/#breadcrumb"},"inLanguage":"nb-NO","potentialAction":[{"@type":"ReadAction","target":["https:\/\/tyrving.idrett.no\/10\/f\/2018\/03\/20\/bamseleker-i-kjent-stil\/"]}]},{"@type":"BreadcrumbList","@id":"https:\/\/tyrving.idrett.no\/10\/f\/2018\/03\/20\/bamseleker-i-kjent-stil\/#breadcrumb","itemListElement":[{"@type":"ListItem","position":1,"name":"Hjem","item":"https:\/\/tyrving.idrett.no\/10\/f\/"},{"@type":"ListItem","position":2,"name":"Bamseleker i kjent stil"}]},{"@type":"WebSite","@id":"https:\/\/tyrving.idrett.no\/10\/f\/#website","url":"https:\/\/tyrving.idrett.no\/10\/f\/","name":"Tyrving - Friidrett","description":"Friidrettsgruppa","publisher":{"@id":"https:\/\/tyrving.idrett.no\/10\/f\/#organization"},"potentialAction":[{"@type":"SearchAction","target":{"@type":"EntryPoint","urlTemplate":"https:\/\/tyrving.idrett.no\/10\/f\/?s={search_term_string}"},"query-input":"required name=search_term_string"}],"inLanguage":"nb-NO"},{"@type":"Organization","@id":"https:\/\/tyrving.idrett.no\/10\/f\/#organization","name":"Tyrving Friidrettsgruppa","url":"https:\/\/tyrving.idrett.no\/10\/f\/","logo":{"@type":"ImageObject","inLanguage":"nb-NO","@id":"https:\/\/tyrving.idrett.no\/10\/f\/#\/schema\/logo\/image\/","url":"https:\/\/tyrving.idrett.no\/10\/f\/files\/2019\/04\/Tyrving-Logo-Friidrett-2019.jpg","contentUrl":"https:\/\/tyrving.idrett.no\/10\/f\/files\/2019\/04\/Tyrving-Logo-Friidrett-2019.jpg","width":460,"height":360,"caption":"Tyrving Friidrettsgruppa"},"image":{"@id":"https:\/\/tyrving.idrett.no\/10\/f\/#\/schema\/logo\/image\/"}},{"@type":"Person","@id":"https:\/\/tyrving.idrett.no\/10\/f\/#\/schema\/person\/9f5049400b91e2521a091cba390d9613","name":"elin","image":{"@type":"ImageObject","inLanguage":"nb-NO","@id":"https:\/\/tyrving.idrett.no\/10\/f\/#\/schema\/person\/image\/","url":"https:\/\/secure.gravatar.com\/avatar\/e6a6b8ed8ea937e9813ce73b5a992dcd?s=96&d=mm&r=g","contentUrl":"https:\/\/secure.gravatar.com\/avatar\/e6a6b8ed8ea937e9813ce73b5a992dcd?s=96&d=mm&r=g","caption":"elin"}}]}},"jetpack_sharing_enabled":true,"jetpack_featured_media_url":"https:\/\/tyrving.idrett.no\/10\/f\/files\/2018\/03\/5-1.jpg","_links":{"self":[{"href":"https:\/\/tyrving.idrett.no\/10\/f\/wp-json\/wp\/v2\/posts\/17714"}],"collection":[{"href":"https:\/\/tyrving.idrett.no\/10\/f\/wp-json\/wp\/v2\/posts"}],"about":[{"href":"https:\/\/tyrving.idrett.no\/10\/f\/wp-json\/wp\/v2\/types\/post"}],"author":[{"embeddable":true,"href":"https:\/\/tyrving.idrett.no\/10\/f\/wp-json\/wp\/v2\/users\/33"}],"replies":[{"embeddable":true,"href":"https:\/\/tyrving.idrett.no\/10\/f\/wp-json\/wp\/v2\/comments?post=17714"}],"version-history":[{"count":6,"href":"https:\/\/tyrving.idrett.no\/10\/f\/wp-json\/wp\/v2\/posts\/17714\/revisions"}],"predecessor-version":[{"id":17738,"href":"https:\/\/tyrving.idrett.no\/10\/f\/wp-json\/wp\/v2\/posts\/17714\/revisions\/17738"}],"wp:featuredmedia":[{"embeddable":true,"href":"https:\/\/tyrving.idrett.no\/10\/f\/wp-json\/wp\/v2\/media\/17717"}],"wp:attachment":[{"href":"https:\/\/tyrving.idrett.no\/10\/f\/wp-json\/wp\/v2\/media?parent=17714"}],"wp:term":[{"taxonomy":"category","embeddable":true,"href":"https:\/\/tyrving.idrett.no\/10\/f\/wp-json\/wp\/v2\/categories?post=17714"},{"taxonomy":"post_tag","embeddable":true,"href":"https:\/\/tyrving.idrett.no\/10\/f\/wp-json\/wp\/v2\/tags?post=17714"}],"curies":[{"name":"wp","href":"https:\/\/api.w.org\/{rel}","templated":true}]}}