{"id":17835,"date":"2018-04-25T14:56:27","date_gmt":"2018-04-25T12:56:27","guid":{"rendered":"http:\/\/tyrving.idrett.no\/10\/f\/?p=17835"},"modified":"2018-04-25T14:56:27","modified_gmt":"2018-04-25T12:56:27","slug":"pamelding-til-utendorssesongen-2018","status":"publish","type":"post","link":"https:\/\/tyrving.idrett.no\/10\/f\/2018\/04\/25\/pamelding-til-utendorssesongen-2018\/","title":{"rendered":"P\u00e5melding til utend\u00f8rssesongen 2018"},"content":{"rendered":"<p>Neste uke (fom torsdag) starter vi utend\u00f8rssesongen for fullt, og treningene avholdes da p\u00e5 Nadderud stadion. Vi h\u00e5per alle ut\u00f8vere blir med videre, og at vi ogs\u00e5 f\u00e5r se mange nye ansikter p\u00e5 trening. Innen vi starter opp m\u00e5 medlemmer ha betalt treningsavgift og medlemskontingent. <strong>Ekstra info til neste uke:\u00a0<\/strong><\/p>\n<p>Mandag 30.april: Grunnet Eliteseriekamp p\u00e5 Nadderud blir det siste trening med oppm\u00f8te B\u00e6rum Idrettspark. Denne dagen og framover er det treningskl\u00e6r og sko til utend\u00f8rsbruk.<\/p>\n<p>Tirsdag 1.mai: Ingen trening<\/p>\n<p>Onsdag 2.mai: L\u00f8psstevne p\u00e5 Nadderud, IKKE vanlig trening, men bli med p\u00e5 <a href=\"http:\/\/tyrving.idrett.no\/10\/f\/2018\/04\/23\/lopsstevne-2-mai-pa-nadderud\/\">stevne<\/a><\/p>\n<p><strong>Treningsavgift<\/strong><br \/>\nUtend\u00f8rssesongen 2018 er fra 02. mai til ca 15 oktober. Treningsavgiften er som f\u00f8lger:<br \/>\nBarneidretten 5-9 \u00e5r kr 1050. P\u00e5melding <a href=\"https:\/\/rubic.azurewebsites.net\/Public\/Events\/130\">her<\/a>.<br \/>\nFriidrettsut\u00f8vere 10-14 \u00e5r kr 2.950.<br \/>\nFriidrettsut\u00f8vere fra 15 \u00e5r kr 3.250.<\/p>\n<p>Treningsavgiften dekker:<br \/>\n<a href=\"http:\/\/tyrving.idrett.no\/10\/f\/treningstider\/\">Treningstilbudet og treningstider<\/a> Du bestemmer selv hvor mye du vil delta p\u00e5 fellestreningene.<br \/>\nStartkontingent i stevner og stafetter, Fornebul\u00f8pet.<br \/>\nForsikring \u2013 gjelder kun aldersgruppen 5-12 \u00e5r.<\/p>\n<p><strong>Nye friidrettsut\u00f8vere<\/strong> (fra 10 \u00e5r) har Tyrvingt\u00f8y for 300kr inkludert i treningsavgiften f\u00f8rste gang man er med.<br \/>\nNye ut\u00f8vere betaler treningsavgiften i denne <a href=\"https:\/\/rubic.azurewebsites.net\/Public\/Events\/142\">Linken<\/a>, slik at vi f\u00e5r registret dere. Ut\u00f8vere som var med i \u00e5rets innend\u00f8rssesong og tidligere sesonger betaler treningsavgiften direkte til friidrettsgruppens bankkonto <strong>9235.17.25747\u00a0<\/strong><\/p>\n<p>I tillegg til treningsavgiften, m\u00e5 alle ut\u00f8vere v\u00e6re medlem i Idrettslaget Tyrving. Medlemskontingenten betales til Tyrvings konto <strong>9235.17.25771<\/strong>.<\/p>\n<p>For 2018 er kontingenten:<br \/>\n10-16 \u00e5r kr 350.<br \/>\n17 \u00e5r og eldre kr 450.<br \/>\nFamiliekontingent kr 900.<\/p>\n<p><strong>Lisens<\/strong><br \/>\nUt\u00f8vere t.o.m. 12 \u00e5r er forsikret gjennom ordningen til Norges Idrettsforbund.<br \/>\nUt\u00f8vere f.04 og tidligere m\u00e5 i tillegg ha friidrettslisens for kalender\u00e5ret 2017, som de selv m\u00e5 kj\u00f8pe via denne lenken: <a href=\"https:\/\/www.friidrett.no\/mosjon\/lisens\/\">https:\/\/www.friidrett.no\/mosjon\/lisens\/<\/a><\/p>\n","protected":false},"excerpt":{"rendered":"Neste uke (fom torsdag) starter vi utend\u00f8rssesongen for fullt, og treningene avholdes da p\u00e5 Nadderud stadion. Vi h\u00e5per alle ut\u00f8vere blir med videre, og at vi ogs\u00e5 f\u00e5r se mange nye ansikter p\u00e5 trening&#8230;.","protected":false},"author":33,"featured_media":17063,"comment_status":"open","ping_status":"open","sticky":false,"template":"","format":"standard","meta":{"footnotes":"","_jetpack_memberships_contains_paid_content":false},"categories":[1],"tags":[],"acf":[],"yoast_head":"<!-- This site is optimized with the Yoast SEO plugin v21.2 - https:\/\/yoast.com\/wordpress\/plugins\/seo\/ -->\n<title>P\u00e5melding til utend\u00f8rssesongen 2018 - Tyrving - Friidrett<\/title>\n<meta name=\"robots\" content=\"index, follow, max-snippet:-1, max-image-preview:large, max-video-preview:-1\" \/>\n<link rel=\"canonical\" href=\"https:\/\/tyrving.idrett.no\/10\/f\/2018\/04\/25\/pamelding-til-utendorssesongen-2018\/\" \/>\n<meta property=\"og:locale\" content=\"nb_NO\" \/>\n<meta property=\"og:type\" content=\"article\" \/>\n<meta property=\"og:title\" content=\"P\u00e5melding til utend\u00f8rssesongen 2018 - Tyrving - Friidrett\" \/>\n<meta property=\"og:description\" content=\"Neste uke (fom torsdag) starter vi utend\u00f8rssesongen for fullt, og treningene avholdes da p\u00e5 Nadderud stadion. Vi h\u00e5per alle ut\u00f8vere blir med videre, og at vi ogs\u00e5 f\u00e5r se mange nye ansikter p\u00e5 trening....\" \/>\n<meta property=\"og:url\" content=\"https:\/\/tyrving.idrett.no\/10\/f\/2018\/04\/25\/pamelding-til-utendorssesongen-2018\/\" \/>\n<meta property=\"og:site_name\" content=\"Tyrving - Friidrett\" \/>\n<meta property=\"article:published_time\" content=\"2018-04-25T12:56:27+00:00\" \/>\n<meta property=\"og:image\" content=\"https:\/\/tyrving.idrett.no\/10\/f\/files\/2017\/08\/PSX_20170825_154408.jpg\" \/>\n\t<meta property=\"og:image:width\" content=\"3648\" \/>\n\t<meta property=\"og:image:height\" content=\"2432\" \/>\n\t<meta property=\"og:image:type\" content=\"image\/jpeg\" \/>\n<meta name=\"author\" content=\"elin\" \/>\n<meta name=\"twitter:card\" content=\"summary_large_image\" \/>\n<meta name=\"twitter:label1\" content=\"Skrevet av\" \/>\n\t<meta name=\"twitter:data1\" content=\"elin\" \/>\n\t<meta name=\"twitter:label2\" content=\"Ansl. lesetid\" \/>\n\t<meta name=\"twitter:data2\" content=\"1 minutt\" \/>\n<script type=\"application\/ld+json\" class=\"yoast-schema-graph\">{\"@context\":\"https:\/\/schema.org\",\"@graph\":[{\"@type\":\"Article\",\"@id\":\"https:\/\/tyrving.idrett.no\/10\/f\/2018\/04\/25\/pamelding-til-utendorssesongen-2018\/#article\",\"isPartOf\":{\"@id\":\"https:\/\/tyrving.idrett.no\/10\/f\/2018\/04\/25\/pamelding-til-utendorssesongen-2018\/\"},\"author\":{\"name\":\"elin\",\"@id\":\"https:\/\/tyrving.idrett.no\/10\/f\/#\/schema\/person\/9f5049400b91e2521a091cba390d9613\"},\"headline\":\"P\u00e5melding til utend\u00f8rssesongen 2018\",\"datePublished\":\"2018-04-25T12:56:27+00:00\",\"dateModified\":\"2018-04-25T12:56:27+00:00\",\"mainEntityOfPage\":{\"@id\":\"https:\/\/tyrving.idrett.no\/10\/f\/2018\/04\/25\/pamelding-til-utendorssesongen-2018\/\"},\"wordCount\":290,\"commentCount\":0,\"publisher\":{\"@id\":\"https:\/\/tyrving.idrett.no\/10\/f\/#organization\"},\"articleSection\":[\"Nyheter\"],\"inLanguage\":\"nb-NO\",\"potentialAction\":[{\"@type\":\"CommentAction\",\"name\":\"Comment\",\"target\":[\"https:\/\/tyrving.idrett.no\/10\/f\/2018\/04\/25\/pamelding-til-utendorssesongen-2018\/#respond\"]}]},{\"@type\":\"WebPage\",\"@id\":\"https:\/\/tyrving.idrett.no\/10\/f\/2018\/04\/25\/pamelding-til-utendorssesongen-2018\/\",\"url\":\"https:\/\/tyrving.idrett.no\/10\/f\/2018\/04\/25\/pamelding-til-utendorssesongen-2018\/\",\"name\":\"P\u00e5melding til utend\u00f8rssesongen 2018 - Tyrving - Friidrett\",\"isPartOf\":{\"@id\":\"https:\/\/tyrving.idrett.no\/10\/f\/#website\"},\"datePublished\":\"2018-04-25T12:56:27+00:00\",\"dateModified\":\"2018-04-25T12:56:27+00:00\",\"breadcrumb\":{\"@id\":\"https:\/\/tyrving.idrett.no\/10\/f\/2018\/04\/25\/pamelding-til-utendorssesongen-2018\/#breadcrumb\"},\"inLanguage\":\"nb-NO\",\"potentialAction\":[{\"@type\":\"ReadAction\",\"target\":[\"https:\/\/tyrving.idrett.no\/10\/f\/2018\/04\/25\/pamelding-til-utendorssesongen-2018\/\"]}]},{\"@type\":\"BreadcrumbList\",\"@id\":\"https:\/\/tyrving.idrett.no\/10\/f\/2018\/04\/25\/pamelding-til-utendorssesongen-2018\/#breadcrumb\",\"itemListElement\":[{\"@type\":\"ListItem\",\"position\":1,\"name\":\"Hjem\",\"item\":\"https:\/\/tyrving.idrett.no\/10\/f\/\"},{\"@type\":\"ListItem\",\"position\":2,\"name\":\"P\u00e5melding til utend\u00f8rssesongen 2018\"}]},{\"@type\":\"WebSite\",\"@id\":\"https:\/\/tyrving.idrett.no\/10\/f\/#website\",\"url\":\"https:\/\/tyrving.idrett.no\/10\/f\/\",\"name\":\"Tyrving - Friidrett\",\"description\":\"Friidrettsgruppa\",\"publisher\":{\"@id\":\"https:\/\/tyrving.idrett.no\/10\/f\/#organization\"},\"potentialAction\":[{\"@type\":\"SearchAction\",\"target\":{\"@type\":\"EntryPoint\",\"urlTemplate\":\"https:\/\/tyrving.idrett.no\/10\/f\/?s={search_term_string}\"},\"query-input\":\"required name=search_term_string\"}],\"inLanguage\":\"nb-NO\"},{\"@type\":\"Organization\",\"@id\":\"https:\/\/tyrving.idrett.no\/10\/f\/#organization\",\"name\":\"Tyrving Friidrettsgruppa\",\"url\":\"https:\/\/tyrving.idrett.no\/10\/f\/\",\"logo\":{\"@type\":\"ImageObject\",\"inLanguage\":\"nb-NO\",\"@id\":\"https:\/\/tyrving.idrett.no\/10\/f\/#\/schema\/logo\/image\/\",\"url\":\"https:\/\/tyrving.idrett.no\/10\/f\/files\/2019\/04\/Tyrving-Logo-Friidrett-2019.jpg\",\"contentUrl\":\"https:\/\/tyrving.idrett.no\/10\/f\/files\/2019\/04\/Tyrving-Logo-Friidrett-2019.jpg\",\"width\":460,\"height\":360,\"caption\":\"Tyrving Friidrettsgruppa\"},\"image\":{\"@id\":\"https:\/\/tyrving.idrett.no\/10\/f\/#\/schema\/logo\/image\/\"}},{\"@type\":\"Person\",\"@id\":\"https:\/\/tyrving.idrett.no\/10\/f\/#\/schema\/person\/9f5049400b91e2521a091cba390d9613\",\"name\":\"elin\",\"image\":{\"@type\":\"ImageObject\",\"inLanguage\":\"nb-NO\",\"@id\":\"https:\/\/tyrving.idrett.no\/10\/f\/#\/schema\/person\/image\/\",\"url\":\"https:\/\/secure.gravatar.com\/avatar\/e6a6b8ed8ea937e9813ce73b5a992dcd?s=96&d=mm&r=g\",\"contentUrl\":\"https:\/\/secure.gravatar.com\/avatar\/e6a6b8ed8ea937e9813ce73b5a992dcd?s=96&d=mm&r=g\",\"caption\":\"elin\"}}]}<\/script>\n<!-- \/ Yoast SEO plugin. -->","yoast_head_json":{"title":"P\u00e5melding til utend\u00f8rssesongen 2018 - Tyrving - Friidrett","robots":{"index":"index","follow":"follow","max-snippet":"max-snippet:-1","max-image-preview":"max-image-preview:large","max-video-preview":"max-video-preview:-1"},"canonical":"https:\/\/tyrving.idrett.no\/10\/f\/2018\/04\/25\/pamelding-til-utendorssesongen-2018\/","og_locale":"nb_NO","og_type":"article","og_title":"P\u00e5melding til utend\u00f8rssesongen 2018 - Tyrving - Friidrett","og_description":"Neste uke (fom torsdag) starter vi utend\u00f8rssesongen for fullt, og treningene avholdes da p\u00e5 Nadderud stadion. Vi h\u00e5per alle ut\u00f8vere blir med videre, og at vi ogs\u00e5 f\u00e5r se mange nye ansikter p\u00e5 trening....","og_url":"https:\/\/tyrving.idrett.no\/10\/f\/2018\/04\/25\/pamelding-til-utendorssesongen-2018\/","og_site_name":"Tyrving - Friidrett","article_published_time":"2018-04-25T12:56:27+00:00","og_image":[{"width":3648,"height":2432,"url":"https:\/\/tyrving.idrett.no\/10\/f\/files\/2017\/08\/PSX_20170825_154408.jpg","type":"image\/jpeg"}],"author":"elin","twitter_card":"summary_large_image","twitter_misc":{"Skrevet av":"elin","Ansl. lesetid":"1 minutt"},"schema":{"@context":"https:\/\/schema.org","@graph":[{"@type":"Article","@id":"https:\/\/tyrving.idrett.no\/10\/f\/2018\/04\/25\/pamelding-til-utendorssesongen-2018\/#article","isPartOf":{"@id":"https:\/\/tyrving.idrett.no\/10\/f\/2018\/04\/25\/pamelding-til-utendorssesongen-2018\/"},"author":{"name":"elin","@id":"https:\/\/tyrving.idrett.no\/10\/f\/#\/schema\/person\/9f5049400b91e2521a091cba390d9613"},"headline":"P\u00e5melding til utend\u00f8rssesongen 2018","datePublished":"2018-04-25T12:56:27+00:00","dateModified":"2018-04-25T12:56:27+00:00","mainEntityOfPage":{"@id":"https:\/\/tyrving.idrett.no\/10\/f\/2018\/04\/25\/pamelding-til-utendorssesongen-2018\/"},"wordCount":290,"commentCount":0,"publisher":{"@id":"https:\/\/tyrving.idrett.no\/10\/f\/#organization"},"articleSection":["Nyheter"],"inLanguage":"nb-NO","potentialAction":[{"@type":"CommentAction","name":"Comment","target":["https:\/\/tyrving.idrett.no\/10\/f\/2018\/04\/25\/pamelding-til-utendorssesongen-2018\/#respond"]}]},{"@type":"WebPage","@id":"https:\/\/tyrving.idrett.no\/10\/f\/2018\/04\/25\/pamelding-til-utendorssesongen-2018\/","url":"https:\/\/tyrving.idrett.no\/10\/f\/2018\/04\/25\/pamelding-til-utendorssesongen-2018\/","name":"P\u00e5melding til utend\u00f8rssesongen 2018 - Tyrving - Friidrett","isPartOf":{"@id":"https:\/\/tyrving.idrett.no\/10\/f\/#website"},"datePublished":"2018-04-25T12:56:27+00:00","dateModified":"2018-04-25T12:56:27+00:00","breadcrumb":{"@id":"https:\/\/tyrving.idrett.no\/10\/f\/2018\/04\/25\/pamelding-til-utendorssesongen-2018\/#breadcrumb"},"inLanguage":"nb-NO","potentialAction":[{"@type":"ReadAction","target":["https:\/\/tyrving.idrett.no\/10\/f\/2018\/04\/25\/pamelding-til-utendorssesongen-2018\/"]}]},{"@type":"BreadcrumbList","@id":"https:\/\/tyrving.idrett.no\/10\/f\/2018\/04\/25\/pamelding-til-utendorssesongen-2018\/#breadcrumb","itemListElement":[{"@type":"ListItem","position":1,"name":"Hjem","item":"https:\/\/tyrving.idrett.no\/10\/f\/"},{"@type":"ListItem","position":2,"name":"P\u00e5melding til utend\u00f8rssesongen 2018"}]},{"@type":"WebSite","@id":"https:\/\/tyrving.idrett.no\/10\/f\/#website","url":"https:\/\/tyrving.idrett.no\/10\/f\/","name":"Tyrving - Friidrett","description":"Friidrettsgruppa","publisher":{"@id":"https:\/\/tyrving.idrett.no\/10\/f\/#organization"},"potentialAction":[{"@type":"SearchAction","target":{"@type":"EntryPoint","urlTemplate":"https:\/\/tyrving.idrett.no\/10\/f\/?s={search_term_string}"},"query-input":"required name=search_term_string"}],"inLanguage":"nb-NO"},{"@type":"Organization","@id":"https:\/\/tyrving.idrett.no\/10\/f\/#organization","name":"Tyrving Friidrettsgruppa","url":"https:\/\/tyrving.idrett.no\/10\/f\/","logo":{"@type":"ImageObject","inLanguage":"nb-NO","@id":"https:\/\/tyrving.idrett.no\/10\/f\/#\/schema\/logo\/image\/","url":"https:\/\/tyrving.idrett.no\/10\/f\/files\/2019\/04\/Tyrving-Logo-Friidrett-2019.jpg","contentUrl":"https:\/\/tyrving.idrett.no\/10\/f\/files\/2019\/04\/Tyrving-Logo-Friidrett-2019.jpg","width":460,"height":360,"caption":"Tyrving Friidrettsgruppa"},"image":{"@id":"https:\/\/tyrving.idrett.no\/10\/f\/#\/schema\/logo\/image\/"}},{"@type":"Person","@id":"https:\/\/tyrving.idrett.no\/10\/f\/#\/schema\/person\/9f5049400b91e2521a091cba390d9613","name":"elin","image":{"@type":"ImageObject","inLanguage":"nb-NO","@id":"https:\/\/tyrving.idrett.no\/10\/f\/#\/schema\/person\/image\/","url":"https:\/\/secure.gravatar.com\/avatar\/e6a6b8ed8ea937e9813ce73b5a992dcd?s=96&d=mm&r=g","contentUrl":"https:\/\/secure.gravatar.com\/avatar\/e6a6b8ed8ea937e9813ce73b5a992dcd?s=96&d=mm&r=g","caption":"elin"}}]}},"jetpack_sharing_enabled":true,"jetpack_featured_media_url":"https:\/\/tyrving.idrett.no\/10\/f\/files\/2017\/08\/PSX_20170825_154408.jpg","_links":{"self":[{"href":"https:\/\/tyrving.idrett.no\/10\/f\/wp-json\/wp\/v2\/posts\/17835"}],"collection":[{"href":"https:\/\/tyrving.idrett.no\/10\/f\/wp-json\/wp\/v2\/posts"}],"about":[{"href":"https:\/\/tyrving.idrett.no\/10\/f\/wp-json\/wp\/v2\/types\/post"}],"author":[{"embeddable":true,"href":"https:\/\/tyrving.idrett.no\/10\/f\/wp-json\/wp\/v2\/users\/33"}],"replies":[{"embeddable":true,"href":"https:\/\/tyrving.idrett.no\/10\/f\/wp-json\/wp\/v2\/comments?post=17835"}],"version-history":[{"count":2,"href":"https:\/\/tyrving.idrett.no\/10\/f\/wp-json\/wp\/v2\/posts\/17835\/revisions"}],"predecessor-version":[{"id":17837,"href":"https:\/\/tyrving.idrett.no\/10\/f\/wp-json\/wp\/v2\/posts\/17835\/revisions\/17837"}],"wp:featuredmedia":[{"embeddable":true,"href":"https:\/\/tyrving.idrett.no\/10\/f\/wp-json\/wp\/v2\/media\/17063"}],"wp:attachment":[{"href":"https:\/\/tyrving.idrett.no\/10\/f\/wp-json\/wp\/v2\/media?parent=17835"}],"wp:term":[{"taxonomy":"category","embeddable":true,"href":"https:\/\/tyrving.idrett.no\/10\/f\/wp-json\/wp\/v2\/categories?post=17835"},{"taxonomy":"post_tag","embeddable":true,"href":"https:\/\/tyrving.idrett.no\/10\/f\/wp-json\/wp\/v2\/tags?post=17835"}],"curies":[{"name":"wp","href":"https:\/\/api.w.org\/{rel}","templated":true}]}}