{"id":17873,"date":"2018-05-04T10:24:23","date_gmt":"2018-05-04T08:24:23","guid":{"rendered":"http:\/\/tyrving.idrett.no\/10\/f\/?p=17873"},"modified":"2018-05-24T10:54:01","modified_gmt":"2018-05-24T08:54:01","slug":"klart-for-tinestafetten","status":"publish","type":"post","link":"https:\/\/tyrving.idrett.no\/10\/f\/2018\/05\/04\/klart-for-tinestafetten\/","title":{"rendered":"Klart for Tinestafetten"},"content":{"rendered":"<p><strong>Vi er halvveis til femti \u00e5r med l\u00f8peglede, og det m\u00e5 feires!<\/strong> Dette sier generalsekret\u00e6r i Norges Friidrettsforbund, Kjetil Hildeskor.\u00a0 Friidrettsforbundet og TINE deler i disse dager ut en symbolsk gullstafettpinne til tjuefem arrang\u00f8rer av TINEstafetten. Og det er veldig hyggelig at Tyrving er en av arrang\u00f8rene som n\u00e5 har blitt tildelt stafettpinnen i \u00abgull\u00bb som en takk for lang og tro tjeneste.\u00a0 Ekstra hyggelig er det selvsagt ogs\u00e5 at \u00e5rets stafett p\u00e5 Nadderud har p\u00e5meldinger fra de aller fleste barneskolene i B\u00e6rum.\u00a0 Masse l\u00f8pere, store heiagjenger og fint v\u00e6r &#8211; alt tegner mot en flott Tinestafett!\u00a0\u00a0<!--more--><\/p>\n<p>Informasjon om stafetten p\u00e5 Nadderud finner man p\u00e5 v\u00e5r hjemmeside:<\/p>\n<p><a href=\"http:\/\/tyrving.idrett.no\/10\/f\/tyrvingstevner\/tinestafetten\/\">http:\/\/tyrving.idrett.no\/10\/f\/tyrvingstevner\/tinestafetten\/\u00a0<\/a><\/p>\n<p>Og til deg som har ledig tid denne formiddagen: Vi har fremdeles behov for flere funksjon\u00e6rer, ikke n\u00f8l med \u00e5 gi oss et hint &#8211; bli med p\u00e5 l\u00f8pefesten p\u00e5 Nadderud!<\/p>\n","protected":false},"excerpt":{"rendered":"Vi er halvveis til femti \u00e5r med l\u00f8peglede, og det m\u00e5 feires! Dette sier generalsekret\u00e6r i Norges Friidrettsforbund, Kjetil Hildeskor.\u00a0 Friidrettsforbundet og TINE deler i disse dager ut en symbolsk gu&#8230;","protected":false},"author":2,"featured_media":13841,"comment_status":"open","ping_status":"open","sticky":false,"template":"","format":"standard","meta":{"footnotes":"","_jetpack_memberships_contains_paid_content":false},"categories":[1],"tags":[3919,12],"acf":[],"yoast_head":"<!-- This site is optimized with the Yoast SEO plugin v21.2 - https:\/\/yoast.com\/wordpress\/plugins\/seo\/ -->\n<title>Klart for Tinestafetten - Tyrving - Friidrett<\/title>\n<meta name=\"robots\" content=\"index, follow, max-snippet:-1, max-image-preview:large, max-video-preview:-1\" \/>\n<link rel=\"canonical\" href=\"https:\/\/tyrving.idrett.no\/10\/f\/2018\/05\/04\/klart-for-tinestafetten\/\" \/>\n<meta property=\"og:locale\" content=\"nb_NO\" \/>\n<meta property=\"og:type\" content=\"article\" \/>\n<meta property=\"og:title\" content=\"Klart for Tinestafetten - Tyrving - Friidrett\" \/>\n<meta property=\"og:description\" content=\"Vi er halvveis til femti \u00e5r med l\u00f8peglede, og det m\u00e5 feires! Dette sier generalsekret\u00e6r i Norges Friidrettsforbund, Kjetil Hildeskor.\u00a0 Friidrettsforbundet og TINE deler i disse dager ut en symbolsk gu...\" \/>\n<meta property=\"og:url\" content=\"https:\/\/tyrving.idrett.no\/10\/f\/2018\/05\/04\/klart-for-tinestafetten\/\" \/>\n<meta property=\"og:site_name\" content=\"Tyrving - Friidrett\" \/>\n<meta property=\"article:published_time\" content=\"2018-05-04T08:24:23+00:00\" \/>\n<meta property=\"article:modified_time\" content=\"2018-05-24T08:54:01+00:00\" \/>\n<meta property=\"og:image\" content=\"https:\/\/tyrving.idrett.no\/10\/f\/files\/2013\/03\/20150512_125039-e1524923824132.jpg\" \/>\n\t<meta property=\"og:image:width\" content=\"898\" \/>\n\t<meta property=\"og:image:height\" content=\"600\" \/>\n\t<meta property=\"og:image:type\" content=\"image\/jpeg\" \/>\n<meta name=\"author\" content=\"Kirsten Larsen\" \/>\n<meta name=\"twitter:card\" content=\"summary_large_image\" \/>\n<meta name=\"twitter:label1\" content=\"Skrevet av\" \/>\n\t<meta name=\"twitter:data1\" content=\"Kirsten Larsen\" \/>\n\t<meta name=\"twitter:label2\" content=\"Ansl. lesetid\" \/>\n\t<meta name=\"twitter:data2\" content=\"1 minutt\" \/>\n<script type=\"application\/ld+json\" class=\"yoast-schema-graph\">{\"@context\":\"https:\/\/schema.org\",\"@graph\":[{\"@type\":\"Article\",\"@id\":\"https:\/\/tyrving.idrett.no\/10\/f\/2018\/05\/04\/klart-for-tinestafetten\/#article\",\"isPartOf\":{\"@id\":\"https:\/\/tyrving.idrett.no\/10\/f\/2018\/05\/04\/klart-for-tinestafetten\/\"},\"author\":{\"name\":\"Kirsten Larsen\",\"@id\":\"https:\/\/tyrving.idrett.no\/10\/f\/#\/schema\/person\/9d33b15b4997b99c21c6e0b044d8bfd3\"},\"headline\":\"Klart for Tinestafetten\",\"datePublished\":\"2018-05-04T08:24:23+00:00\",\"dateModified\":\"2018-05-24T08:54:01+00:00\",\"mainEntityOfPage\":{\"@id\":\"https:\/\/tyrving.idrett.no\/10\/f\/2018\/05\/04\/klart-for-tinestafetten\/\"},\"wordCount\":159,\"commentCount\":0,\"publisher\":{\"@id\":\"https:\/\/tyrving.idrett.no\/10\/f\/#organization\"},\"keywords\":[\"Jubilanter\",\"Stafett\"],\"articleSection\":[\"Nyheter\"],\"inLanguage\":\"nb-NO\",\"potentialAction\":[{\"@type\":\"CommentAction\",\"name\":\"Comment\",\"target\":[\"https:\/\/tyrving.idrett.no\/10\/f\/2018\/05\/04\/klart-for-tinestafetten\/#respond\"]}]},{\"@type\":\"WebPage\",\"@id\":\"https:\/\/tyrving.idrett.no\/10\/f\/2018\/05\/04\/klart-for-tinestafetten\/\",\"url\":\"https:\/\/tyrving.idrett.no\/10\/f\/2018\/05\/04\/klart-for-tinestafetten\/\",\"name\":\"Klart for Tinestafetten - Tyrving - Friidrett\",\"isPartOf\":{\"@id\":\"https:\/\/tyrving.idrett.no\/10\/f\/#website\"},\"datePublished\":\"2018-05-04T08:24:23+00:00\",\"dateModified\":\"2018-05-24T08:54:01+00:00\",\"breadcrumb\":{\"@id\":\"https:\/\/tyrving.idrett.no\/10\/f\/2018\/05\/04\/klart-for-tinestafetten\/#breadcrumb\"},\"inLanguage\":\"nb-NO\",\"potentialAction\":[{\"@type\":\"ReadAction\",\"target\":[\"https:\/\/tyrving.idrett.no\/10\/f\/2018\/05\/04\/klart-for-tinestafetten\/\"]}]},{\"@type\":\"BreadcrumbList\",\"@id\":\"https:\/\/tyrving.idrett.no\/10\/f\/2018\/05\/04\/klart-for-tinestafetten\/#breadcrumb\",\"itemListElement\":[{\"@type\":\"ListItem\",\"position\":1,\"name\":\"Hjem\",\"item\":\"https:\/\/tyrving.idrett.no\/10\/f\/\"},{\"@type\":\"ListItem\",\"position\":2,\"name\":\"Klart for Tinestafetten\"}]},{\"@type\":\"WebSite\",\"@id\":\"https:\/\/tyrving.idrett.no\/10\/f\/#website\",\"url\":\"https:\/\/tyrving.idrett.no\/10\/f\/\",\"name\":\"Tyrving - Friidrett\",\"description\":\"Friidrettsgruppa\",\"publisher\":{\"@id\":\"https:\/\/tyrving.idrett.no\/10\/f\/#organization\"},\"potentialAction\":[{\"@type\":\"SearchAction\",\"target\":{\"@type\":\"EntryPoint\",\"urlTemplate\":\"https:\/\/tyrving.idrett.no\/10\/f\/?s={search_term_string}\"},\"query-input\":\"required name=search_term_string\"}],\"inLanguage\":\"nb-NO\"},{\"@type\":\"Organization\",\"@id\":\"https:\/\/tyrving.idrett.no\/10\/f\/#organization\",\"name\":\"Tyrving Friidrettsgruppa\",\"url\":\"https:\/\/tyrving.idrett.no\/10\/f\/\",\"logo\":{\"@type\":\"ImageObject\",\"inLanguage\":\"nb-NO\",\"@id\":\"https:\/\/tyrving.idrett.no\/10\/f\/#\/schema\/logo\/image\/\",\"url\":\"https:\/\/tyrving.idrett.no\/10\/f\/files\/2019\/04\/Tyrving-Logo-Friidrett-2019.jpg\",\"contentUrl\":\"https:\/\/tyrving.idrett.no\/10\/f\/files\/2019\/04\/Tyrving-Logo-Friidrett-2019.jpg\",\"width\":460,\"height\":360,\"caption\":\"Tyrving Friidrettsgruppa\"},\"image\":{\"@id\":\"https:\/\/tyrving.idrett.no\/10\/f\/#\/schema\/logo\/image\/\"}},{\"@type\":\"Person\",\"@id\":\"https:\/\/tyrving.idrett.no\/10\/f\/#\/schema\/person\/9d33b15b4997b99c21c6e0b044d8bfd3\",\"name\":\"Kirsten Larsen\",\"image\":{\"@type\":\"ImageObject\",\"inLanguage\":\"nb-NO\",\"@id\":\"https:\/\/tyrving.idrett.no\/10\/f\/#\/schema\/person\/image\/\",\"url\":\"https:\/\/secure.gravatar.com\/avatar\/2924b58c2b807e7f70945c639540a744?s=96&d=mm&r=g\",\"contentUrl\":\"https:\/\/secure.gravatar.com\/avatar\/2924b58c2b807e7f70945c639540a744?s=96&d=mm&r=g\",\"caption\":\"Kirsten Larsen\"}}]}<\/script>\n<!-- \/ Yoast SEO plugin. -->","yoast_head_json":{"title":"Klart for Tinestafetten - Tyrving - Friidrett","robots":{"index":"index","follow":"follow","max-snippet":"max-snippet:-1","max-image-preview":"max-image-preview:large","max-video-preview":"max-video-preview:-1"},"canonical":"https:\/\/tyrving.idrett.no\/10\/f\/2018\/05\/04\/klart-for-tinestafetten\/","og_locale":"nb_NO","og_type":"article","og_title":"Klart for Tinestafetten - Tyrving - Friidrett","og_description":"Vi er halvveis til femti \u00e5r med l\u00f8peglede, og det m\u00e5 feires! Dette sier generalsekret\u00e6r i Norges Friidrettsforbund, Kjetil Hildeskor.\u00a0 Friidrettsforbundet og TINE deler i disse dager ut en symbolsk gu...","og_url":"https:\/\/tyrving.idrett.no\/10\/f\/2018\/05\/04\/klart-for-tinestafetten\/","og_site_name":"Tyrving - Friidrett","article_published_time":"2018-05-04T08:24:23+00:00","article_modified_time":"2018-05-24T08:54:01+00:00","og_image":[{"width":898,"height":600,"url":"https:\/\/tyrving.idrett.no\/10\/f\/files\/2013\/03\/20150512_125039-e1524923824132.jpg","type":"image\/jpeg"}],"author":"Kirsten Larsen","twitter_card":"summary_large_image","twitter_misc":{"Skrevet av":"Kirsten Larsen","Ansl. lesetid":"1 minutt"},"schema":{"@context":"https:\/\/schema.org","@graph":[{"@type":"Article","@id":"https:\/\/tyrving.idrett.no\/10\/f\/2018\/05\/04\/klart-for-tinestafetten\/#article","isPartOf":{"@id":"https:\/\/tyrving.idrett.no\/10\/f\/2018\/05\/04\/klart-for-tinestafetten\/"},"author":{"name":"Kirsten Larsen","@id":"https:\/\/tyrving.idrett.no\/10\/f\/#\/schema\/person\/9d33b15b4997b99c21c6e0b044d8bfd3"},"headline":"Klart for Tinestafetten","datePublished":"2018-05-04T08:24:23+00:00","dateModified":"2018-05-24T08:54:01+00:00","mainEntityOfPage":{"@id":"https:\/\/tyrving.idrett.no\/10\/f\/2018\/05\/04\/klart-for-tinestafetten\/"},"wordCount":159,"commentCount":0,"publisher":{"@id":"https:\/\/tyrving.idrett.no\/10\/f\/#organization"},"keywords":["Jubilanter","Stafett"],"articleSection":["Nyheter"],"inLanguage":"nb-NO","potentialAction":[{"@type":"CommentAction","name":"Comment","target":["https:\/\/tyrving.idrett.no\/10\/f\/2018\/05\/04\/klart-for-tinestafetten\/#respond"]}]},{"@type":"WebPage","@id":"https:\/\/tyrving.idrett.no\/10\/f\/2018\/05\/04\/klart-for-tinestafetten\/","url":"https:\/\/tyrving.idrett.no\/10\/f\/2018\/05\/04\/klart-for-tinestafetten\/","name":"Klart for Tinestafetten - Tyrving - Friidrett","isPartOf":{"@id":"https:\/\/tyrving.idrett.no\/10\/f\/#website"},"datePublished":"2018-05-04T08:24:23+00:00","dateModified":"2018-05-24T08:54:01+00:00","breadcrumb":{"@id":"https:\/\/tyrving.idrett.no\/10\/f\/2018\/05\/04\/klart-for-tinestafetten\/#breadcrumb"},"inLanguage":"nb-NO","potentialAction":[{"@type":"ReadAction","target":["https:\/\/tyrving.idrett.no\/10\/f\/2018\/05\/04\/klart-for-tinestafetten\/"]}]},{"@type":"BreadcrumbList","@id":"https:\/\/tyrving.idrett.no\/10\/f\/2018\/05\/04\/klart-for-tinestafetten\/#breadcrumb","itemListElement":[{"@type":"ListItem","position":1,"name":"Hjem","item":"https:\/\/tyrving.idrett.no\/10\/f\/"},{"@type":"ListItem","position":2,"name":"Klart for Tinestafetten"}]},{"@type":"WebSite","@id":"https:\/\/tyrving.idrett.no\/10\/f\/#website","url":"https:\/\/tyrving.idrett.no\/10\/f\/","name":"Tyrving - Friidrett","description":"Friidrettsgruppa","publisher":{"@id":"https:\/\/tyrving.idrett.no\/10\/f\/#organization"},"potentialAction":[{"@type":"SearchAction","target":{"@type":"EntryPoint","urlTemplate":"https:\/\/tyrving.idrett.no\/10\/f\/?s={search_term_string}"},"query-input":"required name=search_term_string"}],"inLanguage":"nb-NO"},{"@type":"Organization","@id":"https:\/\/tyrving.idrett.no\/10\/f\/#organization","name":"Tyrving Friidrettsgruppa","url":"https:\/\/tyrving.idrett.no\/10\/f\/","logo":{"@type":"ImageObject","inLanguage":"nb-NO","@id":"https:\/\/tyrving.idrett.no\/10\/f\/#\/schema\/logo\/image\/","url":"https:\/\/tyrving.idrett.no\/10\/f\/files\/2019\/04\/Tyrving-Logo-Friidrett-2019.jpg","contentUrl":"https:\/\/tyrving.idrett.no\/10\/f\/files\/2019\/04\/Tyrving-Logo-Friidrett-2019.jpg","width":460,"height":360,"caption":"Tyrving Friidrettsgruppa"},"image":{"@id":"https:\/\/tyrving.idrett.no\/10\/f\/#\/schema\/logo\/image\/"}},{"@type":"Person","@id":"https:\/\/tyrving.idrett.no\/10\/f\/#\/schema\/person\/9d33b15b4997b99c21c6e0b044d8bfd3","name":"Kirsten Larsen","image":{"@type":"ImageObject","inLanguage":"nb-NO","@id":"https:\/\/tyrving.idrett.no\/10\/f\/#\/schema\/person\/image\/","url":"https:\/\/secure.gravatar.com\/avatar\/2924b58c2b807e7f70945c639540a744?s=96&d=mm&r=g","contentUrl":"https:\/\/secure.gravatar.com\/avatar\/2924b58c2b807e7f70945c639540a744?s=96&d=mm&r=g","caption":"Kirsten Larsen"}}]}},"jetpack_sharing_enabled":true,"jetpack_featured_media_url":"https:\/\/tyrving.idrett.no\/10\/f\/files\/2013\/03\/20150512_125039-e1524923824132.jpg","_links":{"self":[{"href":"https:\/\/tyrving.idrett.no\/10\/f\/wp-json\/wp\/v2\/posts\/17873"}],"collection":[{"href":"https:\/\/tyrving.idrett.no\/10\/f\/wp-json\/wp\/v2\/posts"}],"about":[{"href":"https:\/\/tyrving.idrett.no\/10\/f\/wp-json\/wp\/v2\/types\/post"}],"author":[{"embeddable":true,"href":"https:\/\/tyrving.idrett.no\/10\/f\/wp-json\/wp\/v2\/users\/2"}],"replies":[{"embeddable":true,"href":"https:\/\/tyrving.idrett.no\/10\/f\/wp-json\/wp\/v2\/comments?post=17873"}],"version-history":[{"count":3,"href":"https:\/\/tyrving.idrett.no\/10\/f\/wp-json\/wp\/v2\/posts\/17873\/revisions"}],"predecessor-version":[{"id":17876,"href":"https:\/\/tyrving.idrett.no\/10\/f\/wp-json\/wp\/v2\/posts\/17873\/revisions\/17876"}],"wp:featuredmedia":[{"embeddable":true,"href":"https:\/\/tyrving.idrett.no\/10\/f\/wp-json\/wp\/v2\/media\/13841"}],"wp:attachment":[{"href":"https:\/\/tyrving.idrett.no\/10\/f\/wp-json\/wp\/v2\/media?parent=17873"}],"wp:term":[{"taxonomy":"category","embeddable":true,"href":"https:\/\/tyrving.idrett.no\/10\/f\/wp-json\/wp\/v2\/categories?post=17873"},{"taxonomy":"post_tag","embeddable":true,"href":"https:\/\/tyrving.idrett.no\/10\/f\/wp-json\/wp\/v2\/tags?post=17873"}],"curies":[{"name":"wp","href":"https:\/\/api.w.org\/{rel}","templated":true}]}}