{"id":17878,"date":"2018-05-07T08:11:55","date_gmt":"2018-05-07T06:11:55","guid":{"rendered":"http:\/\/tyrving.idrett.no\/10\/f\/?p=17878"},"modified":"2018-05-24T10:53:04","modified_gmt":"2018-05-24T08:53:04","slug":"stor-fremgang-i-holmenkollstafetten","status":"publish","type":"post","link":"https:\/\/tyrving.idrett.no\/10\/f\/2018\/05\/07\/stor-fremgang-i-holmenkollstafetten\/","title":{"rendered":"Stor fremgang i Holmenkollstafetten!"},"content":{"rendered":"<p>Det var som vanlig stor spenning knyttet til hvordan v\u00e5re lag ville hevde seg i dette gigantarrangementet. I fjor var det fremgang \u00e5 spore i kvinner elite og menn junior, mens vi tidsmessig falt litt tilbake i kvinner junior og ikke minst i menn senior hvor forfallene haglet inn og vi rykket ned fra eliteklassen. Samtidig merket vi foran \u00e5rets stafett at vi var inne i et generasjonsskifte og kom til \u00e5 stille med de kanskje yngste juniorlagene noensinne. Men alle bekymringer vi m\u00e5tte hatt ble feiet til side, for v\u00e5re ungdommer slo virkelig fra seg!<\/p>\n<p>Enda bedre var dette i lys av at vi i \u00e5r hadde f\u00e6rre &laquo;leiesoldater&raquo; enn noen gang i moderne tid. Det er jo vanlig for de fleste klubber \u00e5 hente inn sterke kort fra andre idretter til denne stafetten med mange og harde etapper. Men i \u00e5r hadde vi et juniorlag for kvinner med bare friidrettsut\u00f8vere, et seniorlag for menn der alle deltagerne hadde konkurrert for Tyrving i friidrett, et lag i kvinner senior med to spreke jenter fra orienteringsgruppen i tillegg til dem som hadde g\u00e5tt gradene i friidrettsgruppen, og et lag i menn junior med gutter som veksler mellom klister og pigger under s\u00e5lene. Bare en gutt var shanghaiet fra et testl\u00f8p for lovende skigutter p\u00e5 D\u00f8nski.<\/p>\n<p>La oss begynne med juniorjentene. Gjennomsnittsalderen p\u00e5 laget var 16,6 \u00e5r, men her skal jeg si det gikk unna! Begge de foreg\u00e5ende \u00e5rene var vi rundt p\u00e5 67.55 \u2013 i \u00e5r feide laget inn p\u00e5 66.20 og tok en flott tredjeplass. Alle l\u00f8perne p\u00e5 laget holder alderen neste \u00e5r ogs\u00e5 \u2013 syv av dem de neste syv \u00e5rene! Med landslagsl\u00f8pere p\u00e5 de tre siste etappene, var det heller ikke langt frem til annenplassen. Flott innsats!<\/p>\n<p>Juniorlaget for gutter var ogs\u00e5 rekordungt. 17,2 \u00e5r i det som er en 22-\u00e5rsklasse for menn, betyr at det ligger mye utviklingspotensial i laget som hovedsakelig bestod av gutter med ski p\u00e5 menyen vinterstid. I lys av dette var det imponerende med nok en fin tredjeplass \u2013 ogs\u00e5 fordi \u00e5rets stafett kom en uke tidligere enn vanlig, og skigutta knapt hadde f\u00e5tt l\u00f8snet bindingene f\u00f8r startskuddet gikk! Her virker det ogs\u00e5 opplagt at vi skal hente et par minutter p\u00e5 sikt n\u00e5r disse gutta f\u00e5r litt flere \u00e5r p\u00e5 baken (eller l\u00e5rene).<\/p>\n<p>I eliteklassen for kvinner var ble det dakapo p\u00e5 fjor\u00e5rets \u00e5ttendeplass. Men vi var med p\u00e5 en helt annen m\u00e5te enn p\u00e5 lenge. Laget var avgjort toppet fra start med Mina Anglero, Mari Drabl\u00f8s og Marie Skj\u00e6ggestad og da Marie sendte UM-vinneren i J15, Sigrid Alvik ut p\u00e5 fjerdeetappe, var vi bare fire sekunder bak vinnerlaget fra BUL. Vi holdt fint f\u00f8lge videre, men som ventet var vi ikke like sterke p\u00e5 annen halvdel som p\u00e5 f\u00f8rste. Skj\u00f8nt vi gjorde oss p\u00e5 ingen m\u00e5te ikke bort \u2013 b\u00e5de trener-Petra og Heidi Hessan N\u00e6ss hadde klassens beste etappetider. I m\u00e5l var laget inne p\u00e5 en tid som var hele minuttet bedre enn i fjor \u2013 flott levert! Hvis vi en gang i overskuelig fremtid kan f\u00e5 med v\u00e5re fire internasjonale l\u00f8pere som har v\u00e6rt i studieeksil, kan vi faktisk v\u00e6re med \u00e5 kjempe helt i toppen i denne klassen!<\/p>\n<p>Vi f\u00f8lte oss ganske sikre p\u00e5 at vi hadde mye bedre lag i menn senior enn i fjor da vi alts\u00e5 gikk p\u00e5 dette forsmedelige nedrykket. Men vi ble reddet av en serie forfall i eliteklassen, og fikk likevel stille blant de beste. Det var en sjanse gutta grep med begge hender. Allerede p\u00e5 f\u00f8rste etappe markerte Didrik Warlo at vi mente alvor, og vant denne prestisjetunge etappen! Siden gikk det slag i slag og vi var inne 1.43 raskere enn i fjor til en grei 11. plass. Det var s\u00e6rlig l\u00f8perne p\u00e5 de korte etappene som hevdet seg i toppen p\u00e5 sine respektive etapper, men ogs\u00e5 p\u00e5 de lengre etappene gikk det mye bedre unna enn i fjor.<\/p>\n<p>Den aller beste plasseringen gikk imidlertid til v\u00e5re spreke damer i superveteranklassen. De stormet inn til en annenplass bak et lag fra Strindheim som var spekket med gamle stjerner. Flott l\u00f8pt! Dessverre har vi ikke lagoppstillingen deres, s\u00e5 i f\u00f8rste utgave av denne epistelen er ingen navn vist!<\/p>\n<p>I sum var det all grunn til \u00e5 v\u00e6re godt forn\u00f8yd b\u00e5de med l\u00f8pingen og med v\u00e6ret \u2013 og ikke minst s\u00e5 det ut til at mange fikk ny inspirasjon til \u00e5 delta i banel\u00f8p fremover. La oss f\u00f8lge opp dette! Kanskje dukker lokalavisen ut av fotballt\u00e5ken ogs\u00e5 og oppdager at de lokale klubbene hadde med tre lag i eliteklassene. Det er jo skandal\u00f8st at man ikke skriver om Norges st\u00f8rste idrettsarrangement med sikkert over 1000 lokale deltagere samtidig som man har kapasitet til \u00e5 direktesende (og omtale i store oppslag) kamper i 5. divisjon i fotball (kall divisjonen hva dere vil \u2013 det ER 5. divisjon uansett hvilke inflaterte betegnelser man velger.)<\/p>\n<p>Ja, og s\u00e5 skal vi runde av med en takk til alle som hjalp til med \u00e5 f\u00e5 lagene p\u00e5 plass \u2013 Ingvar Sperstad i kjent energisk stil, Solveig Sikkeland som g\u00e5r p\u00e5 med d\u00f8dsforakt og denne gang fikk hjelp av orienteringskollega Ivar Lundanes, og ikke minst til Jannecke Lauritzen og Lene Buseth som reddet juniorlaget for gutter da det s\u00e5 ut til at Team Vestmarka hadde sl\u00e5tt knock out p\u00e5 Tyrving i kampen om skil\u00f8perne den l\u00f8rdagen! Men den kanskje st\u00f8rste takken g\u00e5r til moren til klubbens yngste medlem, William &#8211; v\u00e5r tidligere storl\u00f8per Ida Landgraff som p\u00e5 kortest mulig varsel kastet seg i bilen, leverte den nyf\u00f8dte til besteforeldrene, og p\u00e5 rekordfart kom seg til toppen p\u00e5 Besserud akkurat i tide til \u00e5 overta pinnen etter Katrine Harsem, som var tredje l\u00f8per opp den forferdelige bakken!<\/p>\n","protected":false},"excerpt":{"rendered":"Det var som vanlig stor spenning knyttet til hvordan v\u00e5re lag ville hevde seg i dette gigantarrangementet. I fjor var det fremgang \u00e5 spore i kvinner elite og menn junior, mens vi tidsmessig falt litt &#8230;","protected":false},"author":11,"featured_media":17879,"comment_status":"open","ping_status":"open","sticky":false,"template":"","format":"standard","meta":{"footnotes":"","_jetpack_memberships_contains_paid_content":false},"categories":[1],"tags":[24],"acf":[],"yoast_head":"<!-- This site is optimized with the Yoast SEO plugin v21.2 - https:\/\/yoast.com\/wordpress\/plugins\/seo\/ -->\n<title>Stor fremgang i Holmenkollstafetten! - Tyrving - Friidrett<\/title>\n<meta name=\"robots\" content=\"index, follow, max-snippet:-1, max-image-preview:large, max-video-preview:-1\" \/>\n<link rel=\"canonical\" href=\"https:\/\/tyrving.idrett.no\/10\/f\/2018\/05\/07\/stor-fremgang-i-holmenkollstafetten\/\" \/>\n<meta property=\"og:locale\" content=\"nb_NO\" \/>\n<meta property=\"og:type\" content=\"article\" \/>\n<meta property=\"og:title\" content=\"Stor fremgang i Holmenkollstafetten! - Tyrving - Friidrett\" \/>\n<meta property=\"og:description\" content=\"Det var som vanlig stor spenning knyttet til hvordan v\u00e5re lag ville hevde seg i dette gigantarrangementet. I fjor var det fremgang \u00e5 spore i kvinner elite og menn junior, mens vi tidsmessig falt litt ...\" \/>\n<meta property=\"og:url\" content=\"https:\/\/tyrving.idrett.no\/10\/f\/2018\/05\/07\/stor-fremgang-i-holmenkollstafetten\/\" \/>\n<meta property=\"og:site_name\" content=\"Tyrving - Friidrett\" \/>\n<meta property=\"article:published_time\" content=\"2018-05-07T06:11:55+00:00\" \/>\n<meta property=\"article:modified_time\" content=\"2018-05-24T08:53:04+00:00\" \/>\n<meta property=\"og:image\" content=\"https:\/\/tyrving.idrett.no\/10\/f\/files\/2018\/05\/HK.jpg\" \/>\n\t<meta property=\"og:image:width\" content=\"960\" \/>\n\t<meta property=\"og:image:height\" content=\"720\" \/>\n\t<meta property=\"og:image:type\" content=\"image\/jpeg\" \/>\n<meta name=\"author\" content=\"Jo Nesse\" \/>\n<meta name=\"twitter:card\" content=\"summary_large_image\" \/>\n<meta name=\"twitter:label1\" content=\"Skrevet av\" \/>\n\t<meta name=\"twitter:data1\" content=\"Jo Nesse\" \/>\n\t<meta name=\"twitter:label2\" content=\"Ansl. lesetid\" \/>\n\t<meta name=\"twitter:data2\" content=\"5 minutter\" \/>\n<script type=\"application\/ld+json\" class=\"yoast-schema-graph\">{\"@context\":\"https:\/\/schema.org\",\"@graph\":[{\"@type\":\"Article\",\"@id\":\"https:\/\/tyrving.idrett.no\/10\/f\/2018\/05\/07\/stor-fremgang-i-holmenkollstafetten\/#article\",\"isPartOf\":{\"@id\":\"https:\/\/tyrving.idrett.no\/10\/f\/2018\/05\/07\/stor-fremgang-i-holmenkollstafetten\/\"},\"author\":{\"name\":\"Jo Nesse\",\"@id\":\"https:\/\/tyrving.idrett.no\/10\/f\/#\/schema\/person\/d4c0beffa6e345e38d49e774568a87f8\"},\"headline\":\"Stor fremgang i Holmenkollstafetten!\",\"datePublished\":\"2018-05-07T06:11:55+00:00\",\"dateModified\":\"2018-05-24T08:53:04+00:00\",\"mainEntityOfPage\":{\"@id\":\"https:\/\/tyrving.idrett.no\/10\/f\/2018\/05\/07\/stor-fremgang-i-holmenkollstafetten\/\"},\"wordCount\":988,\"commentCount\":0,\"publisher\":{\"@id\":\"https:\/\/tyrving.idrett.no\/10\/f\/#organization\"},\"keywords\":[\"HK-stafetten\"],\"articleSection\":[\"Nyheter\"],\"inLanguage\":\"nb-NO\",\"potentialAction\":[{\"@type\":\"CommentAction\",\"name\":\"Comment\",\"target\":[\"https:\/\/tyrving.idrett.no\/10\/f\/2018\/05\/07\/stor-fremgang-i-holmenkollstafetten\/#respond\"]}]},{\"@type\":\"WebPage\",\"@id\":\"https:\/\/tyrving.idrett.no\/10\/f\/2018\/05\/07\/stor-fremgang-i-holmenkollstafetten\/\",\"url\":\"https:\/\/tyrving.idrett.no\/10\/f\/2018\/05\/07\/stor-fremgang-i-holmenkollstafetten\/\",\"name\":\"Stor fremgang i Holmenkollstafetten! - Tyrving - Friidrett\",\"isPartOf\":{\"@id\":\"https:\/\/tyrving.idrett.no\/10\/f\/#website\"},\"datePublished\":\"2018-05-07T06:11:55+00:00\",\"dateModified\":\"2018-05-24T08:53:04+00:00\",\"breadcrumb\":{\"@id\":\"https:\/\/tyrving.idrett.no\/10\/f\/2018\/05\/07\/stor-fremgang-i-holmenkollstafetten\/#breadcrumb\"},\"inLanguage\":\"nb-NO\",\"potentialAction\":[{\"@type\":\"ReadAction\",\"target\":[\"https:\/\/tyrving.idrett.no\/10\/f\/2018\/05\/07\/stor-fremgang-i-holmenkollstafetten\/\"]}]},{\"@type\":\"BreadcrumbList\",\"@id\":\"https:\/\/tyrving.idrett.no\/10\/f\/2018\/05\/07\/stor-fremgang-i-holmenkollstafetten\/#breadcrumb\",\"itemListElement\":[{\"@type\":\"ListItem\",\"position\":1,\"name\":\"Hjem\",\"item\":\"https:\/\/tyrving.idrett.no\/10\/f\/\"},{\"@type\":\"ListItem\",\"position\":2,\"name\":\"Stor fremgang i Holmenkollstafetten!\"}]},{\"@type\":\"WebSite\",\"@id\":\"https:\/\/tyrving.idrett.no\/10\/f\/#website\",\"url\":\"https:\/\/tyrving.idrett.no\/10\/f\/\",\"name\":\"Tyrving - Friidrett\",\"description\":\"Friidrettsgruppa\",\"publisher\":{\"@id\":\"https:\/\/tyrving.idrett.no\/10\/f\/#organization\"},\"potentialAction\":[{\"@type\":\"SearchAction\",\"target\":{\"@type\":\"EntryPoint\",\"urlTemplate\":\"https:\/\/tyrving.idrett.no\/10\/f\/?s={search_term_string}\"},\"query-input\":\"required name=search_term_string\"}],\"inLanguage\":\"nb-NO\"},{\"@type\":\"Organization\",\"@id\":\"https:\/\/tyrving.idrett.no\/10\/f\/#organization\",\"name\":\"Tyrving Friidrettsgruppa\",\"url\":\"https:\/\/tyrving.idrett.no\/10\/f\/\",\"logo\":{\"@type\":\"ImageObject\",\"inLanguage\":\"nb-NO\",\"@id\":\"https:\/\/tyrving.idrett.no\/10\/f\/#\/schema\/logo\/image\/\",\"url\":\"https:\/\/tyrving.idrett.no\/10\/f\/files\/2019\/04\/Tyrving-Logo-Friidrett-2019.jpg\",\"contentUrl\":\"https:\/\/tyrving.idrett.no\/10\/f\/files\/2019\/04\/Tyrving-Logo-Friidrett-2019.jpg\",\"width\":460,\"height\":360,\"caption\":\"Tyrving Friidrettsgruppa\"},\"image\":{\"@id\":\"https:\/\/tyrving.idrett.no\/10\/f\/#\/schema\/logo\/image\/\"}},{\"@type\":\"Person\",\"@id\":\"https:\/\/tyrving.idrett.no\/10\/f\/#\/schema\/person\/d4c0beffa6e345e38d49e774568a87f8\",\"name\":\"Jo Nesse\",\"image\":{\"@type\":\"ImageObject\",\"inLanguage\":\"nb-NO\",\"@id\":\"https:\/\/tyrving.idrett.no\/10\/f\/#\/schema\/person\/image\/\",\"url\":\"https:\/\/secure.gravatar.com\/avatar\/1a06e9e4dda9ad2aa819860d47a5c08e?s=96&d=mm&r=g\",\"contentUrl\":\"https:\/\/secure.gravatar.com\/avatar\/1a06e9e4dda9ad2aa819860d47a5c08e?s=96&d=mm&r=g\",\"caption\":\"Jo Nesse\"}}]}<\/script>\n<!-- \/ Yoast SEO plugin. -->","yoast_head_json":{"title":"Stor fremgang i Holmenkollstafetten! - Tyrving - Friidrett","robots":{"index":"index","follow":"follow","max-snippet":"max-snippet:-1","max-image-preview":"max-image-preview:large","max-video-preview":"max-video-preview:-1"},"canonical":"https:\/\/tyrving.idrett.no\/10\/f\/2018\/05\/07\/stor-fremgang-i-holmenkollstafetten\/","og_locale":"nb_NO","og_type":"article","og_title":"Stor fremgang i Holmenkollstafetten! - Tyrving - Friidrett","og_description":"Det var som vanlig stor spenning knyttet til hvordan v\u00e5re lag ville hevde seg i dette gigantarrangementet. I fjor var det fremgang \u00e5 spore i kvinner elite og menn junior, mens vi tidsmessig falt litt ...","og_url":"https:\/\/tyrving.idrett.no\/10\/f\/2018\/05\/07\/stor-fremgang-i-holmenkollstafetten\/","og_site_name":"Tyrving - Friidrett","article_published_time":"2018-05-07T06:11:55+00:00","article_modified_time":"2018-05-24T08:53:04+00:00","og_image":[{"width":960,"height":720,"url":"https:\/\/tyrving.idrett.no\/10\/f\/files\/2018\/05\/HK.jpg","type":"image\/jpeg"}],"author":"Jo Nesse","twitter_card":"summary_large_image","twitter_misc":{"Skrevet av":"Jo Nesse","Ansl. lesetid":"5 minutter"},"schema":{"@context":"https:\/\/schema.org","@graph":[{"@type":"Article","@id":"https:\/\/tyrving.idrett.no\/10\/f\/2018\/05\/07\/stor-fremgang-i-holmenkollstafetten\/#article","isPartOf":{"@id":"https:\/\/tyrving.idrett.no\/10\/f\/2018\/05\/07\/stor-fremgang-i-holmenkollstafetten\/"},"author":{"name":"Jo Nesse","@id":"https:\/\/tyrving.idrett.no\/10\/f\/#\/schema\/person\/d4c0beffa6e345e38d49e774568a87f8"},"headline":"Stor fremgang i Holmenkollstafetten!","datePublished":"2018-05-07T06:11:55+00:00","dateModified":"2018-05-24T08:53:04+00:00","mainEntityOfPage":{"@id":"https:\/\/tyrving.idrett.no\/10\/f\/2018\/05\/07\/stor-fremgang-i-holmenkollstafetten\/"},"wordCount":988,"commentCount":0,"publisher":{"@id":"https:\/\/tyrving.idrett.no\/10\/f\/#organization"},"keywords":["HK-stafetten"],"articleSection":["Nyheter"],"inLanguage":"nb-NO","potentialAction":[{"@type":"CommentAction","name":"Comment","target":["https:\/\/tyrving.idrett.no\/10\/f\/2018\/05\/07\/stor-fremgang-i-holmenkollstafetten\/#respond"]}]},{"@type":"WebPage","@id":"https:\/\/tyrving.idrett.no\/10\/f\/2018\/05\/07\/stor-fremgang-i-holmenkollstafetten\/","url":"https:\/\/tyrving.idrett.no\/10\/f\/2018\/05\/07\/stor-fremgang-i-holmenkollstafetten\/","name":"Stor fremgang i Holmenkollstafetten! - Tyrving - Friidrett","isPartOf":{"@id":"https:\/\/tyrving.idrett.no\/10\/f\/#website"},"datePublished":"2018-05-07T06:11:55+00:00","dateModified":"2018-05-24T08:53:04+00:00","breadcrumb":{"@id":"https:\/\/tyrving.idrett.no\/10\/f\/2018\/05\/07\/stor-fremgang-i-holmenkollstafetten\/#breadcrumb"},"inLanguage":"nb-NO","potentialAction":[{"@type":"ReadAction","target":["https:\/\/tyrving.idrett.no\/10\/f\/2018\/05\/07\/stor-fremgang-i-holmenkollstafetten\/"]}]},{"@type":"BreadcrumbList","@id":"https:\/\/tyrving.idrett.no\/10\/f\/2018\/05\/07\/stor-fremgang-i-holmenkollstafetten\/#breadcrumb","itemListElement":[{"@type":"ListItem","position":1,"name":"Hjem","item":"https:\/\/tyrving.idrett.no\/10\/f\/"},{"@type":"ListItem","position":2,"name":"Stor fremgang i Holmenkollstafetten!"}]},{"@type":"WebSite","@id":"https:\/\/tyrving.idrett.no\/10\/f\/#website","url":"https:\/\/tyrving.idrett.no\/10\/f\/","name":"Tyrving - Friidrett","description":"Friidrettsgruppa","publisher":{"@id":"https:\/\/tyrving.idrett.no\/10\/f\/#organization"},"potentialAction":[{"@type":"SearchAction","target":{"@type":"EntryPoint","urlTemplate":"https:\/\/tyrving.idrett.no\/10\/f\/?s={search_term_string}"},"query-input":"required name=search_term_string"}],"inLanguage":"nb-NO"},{"@type":"Organization","@id":"https:\/\/tyrving.idrett.no\/10\/f\/#organization","name":"Tyrving Friidrettsgruppa","url":"https:\/\/tyrving.idrett.no\/10\/f\/","logo":{"@type":"ImageObject","inLanguage":"nb-NO","@id":"https:\/\/tyrving.idrett.no\/10\/f\/#\/schema\/logo\/image\/","url":"https:\/\/tyrving.idrett.no\/10\/f\/files\/2019\/04\/Tyrving-Logo-Friidrett-2019.jpg","contentUrl":"https:\/\/tyrving.idrett.no\/10\/f\/files\/2019\/04\/Tyrving-Logo-Friidrett-2019.jpg","width":460,"height":360,"caption":"Tyrving Friidrettsgruppa"},"image":{"@id":"https:\/\/tyrving.idrett.no\/10\/f\/#\/schema\/logo\/image\/"}},{"@type":"Person","@id":"https:\/\/tyrving.idrett.no\/10\/f\/#\/schema\/person\/d4c0beffa6e345e38d49e774568a87f8","name":"Jo Nesse","image":{"@type":"ImageObject","inLanguage":"nb-NO","@id":"https:\/\/tyrving.idrett.no\/10\/f\/#\/schema\/person\/image\/","url":"https:\/\/secure.gravatar.com\/avatar\/1a06e9e4dda9ad2aa819860d47a5c08e?s=96&d=mm&r=g","contentUrl":"https:\/\/secure.gravatar.com\/avatar\/1a06e9e4dda9ad2aa819860d47a5c08e?s=96&d=mm&r=g","caption":"Jo Nesse"}}]}},"jetpack_sharing_enabled":true,"jetpack_featured_media_url":"https:\/\/tyrving.idrett.no\/10\/f\/files\/2018\/05\/HK.jpg","_links":{"self":[{"href":"https:\/\/tyrving.idrett.no\/10\/f\/wp-json\/wp\/v2\/posts\/17878"}],"collection":[{"href":"https:\/\/tyrving.idrett.no\/10\/f\/wp-json\/wp\/v2\/posts"}],"about":[{"href":"https:\/\/tyrving.idrett.no\/10\/f\/wp-json\/wp\/v2\/types\/post"}],"author":[{"embeddable":true,"href":"https:\/\/tyrving.idrett.no\/10\/f\/wp-json\/wp\/v2\/users\/11"}],"replies":[{"embeddable":true,"href":"https:\/\/tyrving.idrett.no\/10\/f\/wp-json\/wp\/v2\/comments?post=17878"}],"version-history":[{"count":1,"href":"https:\/\/tyrving.idrett.no\/10\/f\/wp-json\/wp\/v2\/posts\/17878\/revisions"}],"predecessor-version":[{"id":17880,"href":"https:\/\/tyrving.idrett.no\/10\/f\/wp-json\/wp\/v2\/posts\/17878\/revisions\/17880"}],"wp:featuredmedia":[{"embeddable":true,"href":"https:\/\/tyrving.idrett.no\/10\/f\/wp-json\/wp\/v2\/media\/17879"}],"wp:attachment":[{"href":"https:\/\/tyrving.idrett.no\/10\/f\/wp-json\/wp\/v2\/media?parent=17878"}],"wp:term":[{"taxonomy":"category","embeddable":true,"href":"https:\/\/tyrving.idrett.no\/10\/f\/wp-json\/wp\/v2\/categories?post=17878"},{"taxonomy":"post_tag","embeddable":true,"href":"https:\/\/tyrving.idrett.no\/10\/f\/wp-json\/wp\/v2\/tags?post=17878"}],"curies":[{"name":"wp","href":"https:\/\/api.w.org\/{rel}","templated":true}]}}