{"id":17896,"date":"2018-05-16T19:27:32","date_gmt":"2018-05-16T17:27:32","guid":{"rendered":"http:\/\/tyrving.idrett.no\/10\/f\/?p=17896"},"modified":"2018-05-16T20:41:38","modified_gmt":"2018-05-16T18:41:38","slug":"tyrvinggjeng-i-bergen","status":"publish","type":"post","link":"https:\/\/tyrving.idrett.no\/10\/f\/2018\/05\/16\/tyrvinggjeng-i-bergen\/","title":{"rendered":"Tyrvinggjeng i Bergen"},"content":{"rendered":"<p>I helgen som var, var det 5 spreke jenter og en sterk kulest\u00f8ter, alle p\u00e5 15 \u00e5r som tok turen over fjellet, til Bergen og Karabinlekene p\u00e5 Fana stadion. Dette var et fint foreldreinitiativ, hvor de la opp til felles tur, overnatting og stevne.<\/p>\n<p>Et kort referat fra Arthur Kristoffersen:<\/p>\n<p>&laquo;Var en veldig flott tur der Bergen viste seg fra sin beste side. Seks ut\u00f8vere fra 15 \u00e5rs klassen tok turen over fra fredag til s\u00f8ndag. Flott innsats p\u00e5 banen, der alle satte personlige rekord i en eller flere \u00f8velser. Av s\u00e6rlig flotte resultater kan nevnes J\u00f8rgen Loennechen som vant kule med ny pers. p\u00e5 14,11, og Aurora Erlandsen Opland, som i sin andre fors\u00f8k i \u00f8velsen noensinne, til slutt vant en jevn trestegkonkurranse med flotte 10,40 m. Ida Leir fikk en fin andreplass p\u00e5 den noe uvanlige distansen 80m. P\u00e5 l\u00f8rdagskvelden dro vi inn til Bergen sentrum og restaurantbes\u00f8k p\u00e5 Bryggen og litt sightseeing. Var en veldig flott tur!&raquo;<\/p>\n<p>Flere slike initiativ!<\/p>\n<p>Aurora Opland, Benedikta Hana Kristoffersen, Ida Leir, Josefine Fjeldtvedt, Alva Barthel Sveen og en &laquo;ensom&raquo; hane i flokken, J\u00f8rgen Brenna Loennechen.<\/p>\n<p><img decoding=\"async\" loading=\"lazy\" class=\"alignnone wp-image-17899 \" src=\"http:\/\/tyrving.idrett.no\/10\/f\/files\/2018\/05\/last-ned-1024x821.jpg\" alt=\"\" width=\"744\" height=\"596\" \/><\/p>\n<p><img decoding=\"async\" loading=\"lazy\" class=\"alignnone wp-image-17900 \" src=\"http:\/\/tyrving.idrett.no\/10\/f\/files\/2018\/05\/last-ned-2-1024x847.jpg\" alt=\"\" width=\"744\" height=\"616\" srcset=\"https:\/\/tyrving.idrett.no\/10\/f\/files\/2018\/05\/last-ned-2-1024x847.jpg 1024w, https:\/\/tyrving.idrett.no\/10\/f\/files\/2018\/05\/last-ned-2-300x248.jpg 300w, https:\/\/tyrving.idrett.no\/10\/f\/files\/2018\/05\/last-ned-2-768x635.jpg 768w, https:\/\/tyrving.idrett.no\/10\/f\/files\/2018\/05\/last-ned-2-600x496.jpg 600w\" sizes=\"(max-width: 744px) 100vw, 744px\" \/><\/p>\n<p><img decoding=\"async\" loading=\"lazy\" class=\"alignnone wp-image-17901 \" src=\"http:\/\/tyrving.idrett.no\/10\/f\/files\/2018\/05\/last-ned-3-1024x690.jpg\" alt=\"\" width=\"741\" height=\"499\" srcset=\"https:\/\/tyrving.idrett.no\/10\/f\/files\/2018\/05\/last-ned-3-1024x690.jpg 1024w, https:\/\/tyrving.idrett.no\/10\/f\/files\/2018\/05\/last-ned-3-300x202.jpg 300w, https:\/\/tyrving.idrett.no\/10\/f\/files\/2018\/05\/last-ned-3-768x518.jpg 768w, https:\/\/tyrving.idrett.no\/10\/f\/files\/2018\/05\/last-ned-3-600x405.jpg 600w\" sizes=\"(max-width: 741px) 100vw, 741px\" \/><\/p>\n","protected":false},"excerpt":{"rendered":"I helgen som var, var det 5 spreke jenter og en sterk kulest\u00f8ter, alle p\u00e5 15 \u00e5r som tok turen over fjellet, til Bergen og Karabinlekene p\u00e5 Fana stadion. Dette var et fint foreldreinitiativ, hvor de la&#8230;","protected":false},"author":33,"featured_media":17911,"comment_status":"open","ping_status":"open","sticky":false,"template":"","format":"standard","meta":{"footnotes":"","_jetpack_memberships_contains_paid_content":false},"categories":[1],"tags":[],"acf":[],"yoast_head":"<!-- This site is optimized with the Yoast SEO plugin v21.2 - https:\/\/yoast.com\/wordpress\/plugins\/seo\/ -->\n<title>Tyrvinggjeng i Bergen - Tyrving - Friidrett<\/title>\n<meta name=\"robots\" content=\"index, follow, max-snippet:-1, max-image-preview:large, max-video-preview:-1\" \/>\n<link rel=\"canonical\" href=\"https:\/\/tyrving.idrett.no\/10\/f\/2018\/05\/16\/tyrvinggjeng-i-bergen\/\" \/>\n<meta property=\"og:locale\" content=\"nb_NO\" \/>\n<meta property=\"og:type\" content=\"article\" \/>\n<meta property=\"og:title\" content=\"Tyrvinggjeng i Bergen - Tyrving - Friidrett\" \/>\n<meta property=\"og:description\" content=\"I helgen som var, var det 5 spreke jenter og en sterk kulest\u00f8ter, alle p\u00e5 15 \u00e5r som tok turen over fjellet, til Bergen og Karabinlekene p\u00e5 Fana stadion. Dette var et fint foreldreinitiativ, hvor de la...\" \/>\n<meta property=\"og:url\" content=\"https:\/\/tyrving.idrett.no\/10\/f\/2018\/05\/16\/tyrvinggjeng-i-bergen\/\" \/>\n<meta property=\"og:site_name\" content=\"Tyrving - Friidrett\" \/>\n<meta property=\"article:published_time\" content=\"2018-05-16T17:27:32+00:00\" \/>\n<meta property=\"article:modified_time\" content=\"2018-05-16T18:41:38+00:00\" \/>\n<meta property=\"og:image\" content=\"https:\/\/tyrving.idrett.no\/10\/f\/files\/2018\/05\/k.jpg\" \/>\n\t<meta property=\"og:image:width\" content=\"2444\" \/>\n\t<meta property=\"og:image:height\" content=\"1309\" \/>\n\t<meta property=\"og:image:type\" content=\"image\/jpeg\" \/>\n<meta name=\"author\" content=\"elin\" \/>\n<meta name=\"twitter:card\" content=\"summary_large_image\" \/>\n<meta name=\"twitter:label1\" content=\"Skrevet av\" \/>\n\t<meta name=\"twitter:data1\" content=\"elin\" \/>\n\t<meta name=\"twitter:label2\" content=\"Ansl. lesetid\" \/>\n\t<meta name=\"twitter:data2\" content=\"1 minutt\" \/>\n<script type=\"application\/ld+json\" class=\"yoast-schema-graph\">{\"@context\":\"https:\/\/schema.org\",\"@graph\":[{\"@type\":\"Article\",\"@id\":\"https:\/\/tyrving.idrett.no\/10\/f\/2018\/05\/16\/tyrvinggjeng-i-bergen\/#article\",\"isPartOf\":{\"@id\":\"https:\/\/tyrving.idrett.no\/10\/f\/2018\/05\/16\/tyrvinggjeng-i-bergen\/\"},\"author\":{\"name\":\"elin\",\"@id\":\"https:\/\/tyrving.idrett.no\/10\/f\/#\/schema\/person\/9f5049400b91e2521a091cba390d9613\"},\"headline\":\"Tyrvinggjeng i Bergen\",\"datePublished\":\"2018-05-16T17:27:32+00:00\",\"dateModified\":\"2018-05-16T18:41:38+00:00\",\"mainEntityOfPage\":{\"@id\":\"https:\/\/tyrving.idrett.no\/10\/f\/2018\/05\/16\/tyrvinggjeng-i-bergen\/\"},\"wordCount\":191,\"commentCount\":0,\"publisher\":{\"@id\":\"https:\/\/tyrving.idrett.no\/10\/f\/#organization\"},\"articleSection\":[\"Nyheter\"],\"inLanguage\":\"nb-NO\",\"potentialAction\":[{\"@type\":\"CommentAction\",\"name\":\"Comment\",\"target\":[\"https:\/\/tyrving.idrett.no\/10\/f\/2018\/05\/16\/tyrvinggjeng-i-bergen\/#respond\"]}]},{\"@type\":\"WebPage\",\"@id\":\"https:\/\/tyrving.idrett.no\/10\/f\/2018\/05\/16\/tyrvinggjeng-i-bergen\/\",\"url\":\"https:\/\/tyrving.idrett.no\/10\/f\/2018\/05\/16\/tyrvinggjeng-i-bergen\/\",\"name\":\"Tyrvinggjeng i Bergen - Tyrving - Friidrett\",\"isPartOf\":{\"@id\":\"https:\/\/tyrving.idrett.no\/10\/f\/#website\"},\"datePublished\":\"2018-05-16T17:27:32+00:00\",\"dateModified\":\"2018-05-16T18:41:38+00:00\",\"breadcrumb\":{\"@id\":\"https:\/\/tyrving.idrett.no\/10\/f\/2018\/05\/16\/tyrvinggjeng-i-bergen\/#breadcrumb\"},\"inLanguage\":\"nb-NO\",\"potentialAction\":[{\"@type\":\"ReadAction\",\"target\":[\"https:\/\/tyrving.idrett.no\/10\/f\/2018\/05\/16\/tyrvinggjeng-i-bergen\/\"]}]},{\"@type\":\"BreadcrumbList\",\"@id\":\"https:\/\/tyrving.idrett.no\/10\/f\/2018\/05\/16\/tyrvinggjeng-i-bergen\/#breadcrumb\",\"itemListElement\":[{\"@type\":\"ListItem\",\"position\":1,\"name\":\"Hjem\",\"item\":\"https:\/\/tyrving.idrett.no\/10\/f\/\"},{\"@type\":\"ListItem\",\"position\":2,\"name\":\"Tyrvinggjeng i Bergen\"}]},{\"@type\":\"WebSite\",\"@id\":\"https:\/\/tyrving.idrett.no\/10\/f\/#website\",\"url\":\"https:\/\/tyrving.idrett.no\/10\/f\/\",\"name\":\"Tyrving - Friidrett\",\"description\":\"Friidrettsgruppa\",\"publisher\":{\"@id\":\"https:\/\/tyrving.idrett.no\/10\/f\/#organization\"},\"potentialAction\":[{\"@type\":\"SearchAction\",\"target\":{\"@type\":\"EntryPoint\",\"urlTemplate\":\"https:\/\/tyrving.idrett.no\/10\/f\/?s={search_term_string}\"},\"query-input\":\"required name=search_term_string\"}],\"inLanguage\":\"nb-NO\"},{\"@type\":\"Organization\",\"@id\":\"https:\/\/tyrving.idrett.no\/10\/f\/#organization\",\"name\":\"Tyrving Friidrettsgruppa\",\"url\":\"https:\/\/tyrving.idrett.no\/10\/f\/\",\"logo\":{\"@type\":\"ImageObject\",\"inLanguage\":\"nb-NO\",\"@id\":\"https:\/\/tyrving.idrett.no\/10\/f\/#\/schema\/logo\/image\/\",\"url\":\"https:\/\/tyrving.idrett.no\/10\/f\/files\/2019\/04\/Tyrving-Logo-Friidrett-2019.jpg\",\"contentUrl\":\"https:\/\/tyrving.idrett.no\/10\/f\/files\/2019\/04\/Tyrving-Logo-Friidrett-2019.jpg\",\"width\":460,\"height\":360,\"caption\":\"Tyrving Friidrettsgruppa\"},\"image\":{\"@id\":\"https:\/\/tyrving.idrett.no\/10\/f\/#\/schema\/logo\/image\/\"}},{\"@type\":\"Person\",\"@id\":\"https:\/\/tyrving.idrett.no\/10\/f\/#\/schema\/person\/9f5049400b91e2521a091cba390d9613\",\"name\":\"elin\",\"image\":{\"@type\":\"ImageObject\",\"inLanguage\":\"nb-NO\",\"@id\":\"https:\/\/tyrving.idrett.no\/10\/f\/#\/schema\/person\/image\/\",\"url\":\"https:\/\/secure.gravatar.com\/avatar\/e6a6b8ed8ea937e9813ce73b5a992dcd?s=96&d=mm&r=g\",\"contentUrl\":\"https:\/\/secure.gravatar.com\/avatar\/e6a6b8ed8ea937e9813ce73b5a992dcd?s=96&d=mm&r=g\",\"caption\":\"elin\"}}]}<\/script>\n<!-- \/ Yoast SEO plugin. -->","yoast_head_json":{"title":"Tyrvinggjeng i Bergen - Tyrving - Friidrett","robots":{"index":"index","follow":"follow","max-snippet":"max-snippet:-1","max-image-preview":"max-image-preview:large","max-video-preview":"max-video-preview:-1"},"canonical":"https:\/\/tyrving.idrett.no\/10\/f\/2018\/05\/16\/tyrvinggjeng-i-bergen\/","og_locale":"nb_NO","og_type":"article","og_title":"Tyrvinggjeng i Bergen - Tyrving - Friidrett","og_description":"I helgen som var, var det 5 spreke jenter og en sterk kulest\u00f8ter, alle p\u00e5 15 \u00e5r som tok turen over fjellet, til Bergen og Karabinlekene p\u00e5 Fana stadion. Dette var et fint foreldreinitiativ, hvor de la...","og_url":"https:\/\/tyrving.idrett.no\/10\/f\/2018\/05\/16\/tyrvinggjeng-i-bergen\/","og_site_name":"Tyrving - Friidrett","article_published_time":"2018-05-16T17:27:32+00:00","article_modified_time":"2018-05-16T18:41:38+00:00","og_image":[{"width":2444,"height":1309,"url":"https:\/\/tyrving.idrett.no\/10\/f\/files\/2018\/05\/k.jpg","type":"image\/jpeg"}],"author":"elin","twitter_card":"summary_large_image","twitter_misc":{"Skrevet av":"elin","Ansl. lesetid":"1 minutt"},"schema":{"@context":"https:\/\/schema.org","@graph":[{"@type":"Article","@id":"https:\/\/tyrving.idrett.no\/10\/f\/2018\/05\/16\/tyrvinggjeng-i-bergen\/#article","isPartOf":{"@id":"https:\/\/tyrving.idrett.no\/10\/f\/2018\/05\/16\/tyrvinggjeng-i-bergen\/"},"author":{"name":"elin","@id":"https:\/\/tyrving.idrett.no\/10\/f\/#\/schema\/person\/9f5049400b91e2521a091cba390d9613"},"headline":"Tyrvinggjeng i Bergen","datePublished":"2018-05-16T17:27:32+00:00","dateModified":"2018-05-16T18:41:38+00:00","mainEntityOfPage":{"@id":"https:\/\/tyrving.idrett.no\/10\/f\/2018\/05\/16\/tyrvinggjeng-i-bergen\/"},"wordCount":191,"commentCount":0,"publisher":{"@id":"https:\/\/tyrving.idrett.no\/10\/f\/#organization"},"articleSection":["Nyheter"],"inLanguage":"nb-NO","potentialAction":[{"@type":"CommentAction","name":"Comment","target":["https:\/\/tyrving.idrett.no\/10\/f\/2018\/05\/16\/tyrvinggjeng-i-bergen\/#respond"]}]},{"@type":"WebPage","@id":"https:\/\/tyrving.idrett.no\/10\/f\/2018\/05\/16\/tyrvinggjeng-i-bergen\/","url":"https:\/\/tyrving.idrett.no\/10\/f\/2018\/05\/16\/tyrvinggjeng-i-bergen\/","name":"Tyrvinggjeng i Bergen - Tyrving - Friidrett","isPartOf":{"@id":"https:\/\/tyrving.idrett.no\/10\/f\/#website"},"datePublished":"2018-05-16T17:27:32+00:00","dateModified":"2018-05-16T18:41:38+00:00","breadcrumb":{"@id":"https:\/\/tyrving.idrett.no\/10\/f\/2018\/05\/16\/tyrvinggjeng-i-bergen\/#breadcrumb"},"inLanguage":"nb-NO","potentialAction":[{"@type":"ReadAction","target":["https:\/\/tyrving.idrett.no\/10\/f\/2018\/05\/16\/tyrvinggjeng-i-bergen\/"]}]},{"@type":"BreadcrumbList","@id":"https:\/\/tyrving.idrett.no\/10\/f\/2018\/05\/16\/tyrvinggjeng-i-bergen\/#breadcrumb","itemListElement":[{"@type":"ListItem","position":1,"name":"Hjem","item":"https:\/\/tyrving.idrett.no\/10\/f\/"},{"@type":"ListItem","position":2,"name":"Tyrvinggjeng i Bergen"}]},{"@type":"WebSite","@id":"https:\/\/tyrving.idrett.no\/10\/f\/#website","url":"https:\/\/tyrving.idrett.no\/10\/f\/","name":"Tyrving - Friidrett","description":"Friidrettsgruppa","publisher":{"@id":"https:\/\/tyrving.idrett.no\/10\/f\/#organization"},"potentialAction":[{"@type":"SearchAction","target":{"@type":"EntryPoint","urlTemplate":"https:\/\/tyrving.idrett.no\/10\/f\/?s={search_term_string}"},"query-input":"required name=search_term_string"}],"inLanguage":"nb-NO"},{"@type":"Organization","@id":"https:\/\/tyrving.idrett.no\/10\/f\/#organization","name":"Tyrving Friidrettsgruppa","url":"https:\/\/tyrving.idrett.no\/10\/f\/","logo":{"@type":"ImageObject","inLanguage":"nb-NO","@id":"https:\/\/tyrving.idrett.no\/10\/f\/#\/schema\/logo\/image\/","url":"https:\/\/tyrving.idrett.no\/10\/f\/files\/2019\/04\/Tyrving-Logo-Friidrett-2019.jpg","contentUrl":"https:\/\/tyrving.idrett.no\/10\/f\/files\/2019\/04\/Tyrving-Logo-Friidrett-2019.jpg","width":460,"height":360,"caption":"Tyrving Friidrettsgruppa"},"image":{"@id":"https:\/\/tyrving.idrett.no\/10\/f\/#\/schema\/logo\/image\/"}},{"@type":"Person","@id":"https:\/\/tyrving.idrett.no\/10\/f\/#\/schema\/person\/9f5049400b91e2521a091cba390d9613","name":"elin","image":{"@type":"ImageObject","inLanguage":"nb-NO","@id":"https:\/\/tyrving.idrett.no\/10\/f\/#\/schema\/person\/image\/","url":"https:\/\/secure.gravatar.com\/avatar\/e6a6b8ed8ea937e9813ce73b5a992dcd?s=96&d=mm&r=g","contentUrl":"https:\/\/secure.gravatar.com\/avatar\/e6a6b8ed8ea937e9813ce73b5a992dcd?s=96&d=mm&r=g","caption":"elin"}}]}},"jetpack_sharing_enabled":true,"jetpack_featured_media_url":"https:\/\/tyrving.idrett.no\/10\/f\/files\/2018\/05\/k.jpg","_links":{"self":[{"href":"https:\/\/tyrving.idrett.no\/10\/f\/wp-json\/wp\/v2\/posts\/17896"}],"collection":[{"href":"https:\/\/tyrving.idrett.no\/10\/f\/wp-json\/wp\/v2\/posts"}],"about":[{"href":"https:\/\/tyrving.idrett.no\/10\/f\/wp-json\/wp\/v2\/types\/post"}],"author":[{"embeddable":true,"href":"https:\/\/tyrving.idrett.no\/10\/f\/wp-json\/wp\/v2\/users\/33"}],"replies":[{"embeddable":true,"href":"https:\/\/tyrving.idrett.no\/10\/f\/wp-json\/wp\/v2\/comments?post=17896"}],"version-history":[{"count":4,"href":"https:\/\/tyrving.idrett.no\/10\/f\/wp-json\/wp\/v2\/posts\/17896\/revisions"}],"predecessor-version":[{"id":17915,"href":"https:\/\/tyrving.idrett.no\/10\/f\/wp-json\/wp\/v2\/posts\/17896\/revisions\/17915"}],"wp:featuredmedia":[{"embeddable":true,"href":"https:\/\/tyrving.idrett.no\/10\/f\/wp-json\/wp\/v2\/media\/17911"}],"wp:attachment":[{"href":"https:\/\/tyrving.idrett.no\/10\/f\/wp-json\/wp\/v2\/media?parent=17896"}],"wp:term":[{"taxonomy":"category","embeddable":true,"href":"https:\/\/tyrving.idrett.no\/10\/f\/wp-json\/wp\/v2\/categories?post=17896"},{"taxonomy":"post_tag","embeddable":true,"href":"https:\/\/tyrving.idrett.no\/10\/f\/wp-json\/wp\/v2\/tags?post=17896"}],"curies":[{"name":"wp","href":"https:\/\/api.w.org\/{rel}","templated":true}]}}