{"id":17961,"date":"2018-05-29T12:23:27","date_gmt":"2018-05-29T10:23:27","guid":{"rendered":"http:\/\/tyrving.idrett.no\/10\/f\/?p=17961"},"modified":"2018-05-29T12:23:27","modified_gmt":"2018-05-29T10:23:27","slug":"varleker-6-juni-pa-nadderud-stadion","status":"publish","type":"post","link":"https:\/\/tyrving.idrett.no\/10\/f\/2018\/05\/29\/varleker-6-juni-pa-nadderud-stadion\/","title":{"rendered":"V\u00e5rleker 6.juni p\u00e5 Nadderud stadion"},"content":{"rendered":"<p>I kjent Tyrvingtradisjon blir det V\u00e5rleker p\u00e5 Nadderud stadion i \u00e5r igjen . 6.juni kl 1800 er det bare \u00e5 ta med seg barna og hele familien, venner og naboer. Opplegget er 2 timer med full aktivitet i \u00f8velsene 60m, 60m hekk, lengde og liten ball. Hopp, l\u00f8p, kast s\u00e5 mye du vil og f\u00e5 premie i hver \u00f8velse! Kiosken er \u00e5pen og alle mellom 2-9 \u00e5r er hjertelig velkomne til \u00e5 delta! Allidrettsbarn i Tyrving f\u00e5r gratis inngang. Ellers koster det 200,- (150,- med Budstikkakort) Velkommen! P\u00e5melding fra 1730.<\/p>\n<p><a href=\"http:\/\/tyrving.idrett.no\/10\/f\/files\/2018\/05\/Flyer-2018-v\u00e5rlekene-1.pdf\">Flyer 2018<\/a><\/p>\n<p>&nbsp;<\/p>\n<p>&nbsp;<\/p>\n","protected":false},"excerpt":{"rendered":"I kjent Tyrvingtradisjon blir det V\u00e5rleker p\u00e5 Nadderud stadion i \u00e5r igjen . 6.juni kl 1800 er det bare \u00e5 ta med seg barna og hele familien, venner og naboer. Opplegget er 2 timer med full aktivitet i &#8230;","protected":false},"author":33,"featured_media":17963,"comment_status":"open","ping_status":"open","sticky":false,"template":"","format":"standard","meta":{"footnotes":"","_jetpack_memberships_contains_paid_content":false},"categories":[1],"tags":[],"acf":[],"yoast_head":"<!-- This site is optimized with the Yoast SEO plugin v21.2 - https:\/\/yoast.com\/wordpress\/plugins\/seo\/ -->\n<title>V\u00e5rleker 6.juni p\u00e5 Nadderud stadion - Tyrving - Friidrett<\/title>\n<meta name=\"robots\" content=\"index, follow, max-snippet:-1, max-image-preview:large, max-video-preview:-1\" \/>\n<link rel=\"canonical\" href=\"https:\/\/tyrving.idrett.no\/10\/f\/2018\/05\/29\/varleker-6-juni-pa-nadderud-stadion\/\" \/>\n<meta property=\"og:locale\" content=\"nb_NO\" \/>\n<meta property=\"og:type\" content=\"article\" \/>\n<meta property=\"og:title\" content=\"V\u00e5rleker 6.juni p\u00e5 Nadderud stadion - Tyrving - Friidrett\" \/>\n<meta property=\"og:description\" content=\"I kjent Tyrvingtradisjon blir det V\u00e5rleker p\u00e5 Nadderud stadion i \u00e5r igjen . 6.juni kl 1800 er det bare \u00e5 ta med seg barna og hele familien, venner og naboer. Opplegget er 2 timer med full aktivitet i ...\" \/>\n<meta property=\"og:url\" content=\"https:\/\/tyrving.idrett.no\/10\/f\/2018\/05\/29\/varleker-6-juni-pa-nadderud-stadion\/\" \/>\n<meta property=\"og:site_name\" content=\"Tyrving - Friidrett\" \/>\n<meta property=\"article:published_time\" content=\"2018-05-29T10:23:27+00:00\" \/>\n<meta property=\"og:image\" content=\"https:\/\/tyrving.idrett.no\/10\/f\/files\/2018\/05\/20150527_181358-600x4001.jpg\" \/>\n\t<meta property=\"og:image:width\" content=\"600\" \/>\n\t<meta property=\"og:image:height\" content=\"400\" \/>\n\t<meta property=\"og:image:type\" content=\"image\/jpeg\" \/>\n<meta name=\"author\" content=\"elin\" \/>\n<meta name=\"twitter:card\" content=\"summary_large_image\" \/>\n<meta name=\"twitter:label1\" content=\"Skrevet av\" \/>\n\t<meta name=\"twitter:data1\" content=\"elin\" \/>\n<script type=\"application\/ld+json\" class=\"yoast-schema-graph\">{\"@context\":\"https:\/\/schema.org\",\"@graph\":[{\"@type\":\"Article\",\"@id\":\"https:\/\/tyrving.idrett.no\/10\/f\/2018\/05\/29\/varleker-6-juni-pa-nadderud-stadion\/#article\",\"isPartOf\":{\"@id\":\"https:\/\/tyrving.idrett.no\/10\/f\/2018\/05\/29\/varleker-6-juni-pa-nadderud-stadion\/\"},\"author\":{\"name\":\"elin\",\"@id\":\"https:\/\/tyrving.idrett.no\/10\/f\/#\/schema\/person\/9f5049400b91e2521a091cba390d9613\"},\"headline\":\"V\u00e5rleker 6.juni p\u00e5 Nadderud stadion\",\"datePublished\":\"2018-05-29T10:23:27+00:00\",\"dateModified\":\"2018-05-29T10:23:27+00:00\",\"mainEntityOfPage\":{\"@id\":\"https:\/\/tyrving.idrett.no\/10\/f\/2018\/05\/29\/varleker-6-juni-pa-nadderud-stadion\/\"},\"wordCount\":97,\"commentCount\":0,\"publisher\":{\"@id\":\"https:\/\/tyrving.idrett.no\/10\/f\/#organization\"},\"articleSection\":[\"Nyheter\"],\"inLanguage\":\"nb-NO\",\"potentialAction\":[{\"@type\":\"CommentAction\",\"name\":\"Comment\",\"target\":[\"https:\/\/tyrving.idrett.no\/10\/f\/2018\/05\/29\/varleker-6-juni-pa-nadderud-stadion\/#respond\"]}]},{\"@type\":\"WebPage\",\"@id\":\"https:\/\/tyrving.idrett.no\/10\/f\/2018\/05\/29\/varleker-6-juni-pa-nadderud-stadion\/\",\"url\":\"https:\/\/tyrving.idrett.no\/10\/f\/2018\/05\/29\/varleker-6-juni-pa-nadderud-stadion\/\",\"name\":\"V\u00e5rleker 6.juni p\u00e5 Nadderud stadion - Tyrving - Friidrett\",\"isPartOf\":{\"@id\":\"https:\/\/tyrving.idrett.no\/10\/f\/#website\"},\"datePublished\":\"2018-05-29T10:23:27+00:00\",\"dateModified\":\"2018-05-29T10:23:27+00:00\",\"breadcrumb\":{\"@id\":\"https:\/\/tyrving.idrett.no\/10\/f\/2018\/05\/29\/varleker-6-juni-pa-nadderud-stadion\/#breadcrumb\"},\"inLanguage\":\"nb-NO\",\"potentialAction\":[{\"@type\":\"ReadAction\",\"target\":[\"https:\/\/tyrving.idrett.no\/10\/f\/2018\/05\/29\/varleker-6-juni-pa-nadderud-stadion\/\"]}]},{\"@type\":\"BreadcrumbList\",\"@id\":\"https:\/\/tyrving.idrett.no\/10\/f\/2018\/05\/29\/varleker-6-juni-pa-nadderud-stadion\/#breadcrumb\",\"itemListElement\":[{\"@type\":\"ListItem\",\"position\":1,\"name\":\"Hjem\",\"item\":\"https:\/\/tyrving.idrett.no\/10\/f\/\"},{\"@type\":\"ListItem\",\"position\":2,\"name\":\"V\u00e5rleker 6.juni p\u00e5 Nadderud stadion\"}]},{\"@type\":\"WebSite\",\"@id\":\"https:\/\/tyrving.idrett.no\/10\/f\/#website\",\"url\":\"https:\/\/tyrving.idrett.no\/10\/f\/\",\"name\":\"Tyrving - Friidrett\",\"description\":\"Friidrettsgruppa\",\"publisher\":{\"@id\":\"https:\/\/tyrving.idrett.no\/10\/f\/#organization\"},\"potentialAction\":[{\"@type\":\"SearchAction\",\"target\":{\"@type\":\"EntryPoint\",\"urlTemplate\":\"https:\/\/tyrving.idrett.no\/10\/f\/?s={search_term_string}\"},\"query-input\":\"required name=search_term_string\"}],\"inLanguage\":\"nb-NO\"},{\"@type\":\"Organization\",\"@id\":\"https:\/\/tyrving.idrett.no\/10\/f\/#organization\",\"name\":\"Tyrving Friidrettsgruppa\",\"url\":\"https:\/\/tyrving.idrett.no\/10\/f\/\",\"logo\":{\"@type\":\"ImageObject\",\"inLanguage\":\"nb-NO\",\"@id\":\"https:\/\/tyrving.idrett.no\/10\/f\/#\/schema\/logo\/image\/\",\"url\":\"https:\/\/tyrving.idrett.no\/10\/f\/files\/2019\/04\/Tyrving-Logo-Friidrett-2019.jpg\",\"contentUrl\":\"https:\/\/tyrving.idrett.no\/10\/f\/files\/2019\/04\/Tyrving-Logo-Friidrett-2019.jpg\",\"width\":460,\"height\":360,\"caption\":\"Tyrving Friidrettsgruppa\"},\"image\":{\"@id\":\"https:\/\/tyrving.idrett.no\/10\/f\/#\/schema\/logo\/image\/\"}},{\"@type\":\"Person\",\"@id\":\"https:\/\/tyrving.idrett.no\/10\/f\/#\/schema\/person\/9f5049400b91e2521a091cba390d9613\",\"name\":\"elin\",\"image\":{\"@type\":\"ImageObject\",\"inLanguage\":\"nb-NO\",\"@id\":\"https:\/\/tyrving.idrett.no\/10\/f\/#\/schema\/person\/image\/\",\"url\":\"https:\/\/secure.gravatar.com\/avatar\/e6a6b8ed8ea937e9813ce73b5a992dcd?s=96&d=mm&r=g\",\"contentUrl\":\"https:\/\/secure.gravatar.com\/avatar\/e6a6b8ed8ea937e9813ce73b5a992dcd?s=96&d=mm&r=g\",\"caption\":\"elin\"}}]}<\/script>\n<!-- \/ Yoast SEO plugin. -->","yoast_head_json":{"title":"V\u00e5rleker 6.juni p\u00e5 Nadderud stadion - Tyrving - Friidrett","robots":{"index":"index","follow":"follow","max-snippet":"max-snippet:-1","max-image-preview":"max-image-preview:large","max-video-preview":"max-video-preview:-1"},"canonical":"https:\/\/tyrving.idrett.no\/10\/f\/2018\/05\/29\/varleker-6-juni-pa-nadderud-stadion\/","og_locale":"nb_NO","og_type":"article","og_title":"V\u00e5rleker 6.juni p\u00e5 Nadderud stadion - Tyrving - Friidrett","og_description":"I kjent Tyrvingtradisjon blir det V\u00e5rleker p\u00e5 Nadderud stadion i \u00e5r igjen . 6.juni kl 1800 er det bare \u00e5 ta med seg barna og hele familien, venner og naboer. Opplegget er 2 timer med full aktivitet i ...","og_url":"https:\/\/tyrving.idrett.no\/10\/f\/2018\/05\/29\/varleker-6-juni-pa-nadderud-stadion\/","og_site_name":"Tyrving - Friidrett","article_published_time":"2018-05-29T10:23:27+00:00","og_image":[{"width":600,"height":400,"url":"https:\/\/tyrving.idrett.no\/10\/f\/files\/2018\/05\/20150527_181358-600x4001.jpg","type":"image\/jpeg"}],"author":"elin","twitter_card":"summary_large_image","twitter_misc":{"Skrevet av":"elin"},"schema":{"@context":"https:\/\/schema.org","@graph":[{"@type":"Article","@id":"https:\/\/tyrving.idrett.no\/10\/f\/2018\/05\/29\/varleker-6-juni-pa-nadderud-stadion\/#article","isPartOf":{"@id":"https:\/\/tyrving.idrett.no\/10\/f\/2018\/05\/29\/varleker-6-juni-pa-nadderud-stadion\/"},"author":{"name":"elin","@id":"https:\/\/tyrving.idrett.no\/10\/f\/#\/schema\/person\/9f5049400b91e2521a091cba390d9613"},"headline":"V\u00e5rleker 6.juni p\u00e5 Nadderud stadion","datePublished":"2018-05-29T10:23:27+00:00","dateModified":"2018-05-29T10:23:27+00:00","mainEntityOfPage":{"@id":"https:\/\/tyrving.idrett.no\/10\/f\/2018\/05\/29\/varleker-6-juni-pa-nadderud-stadion\/"},"wordCount":97,"commentCount":0,"publisher":{"@id":"https:\/\/tyrving.idrett.no\/10\/f\/#organization"},"articleSection":["Nyheter"],"inLanguage":"nb-NO","potentialAction":[{"@type":"CommentAction","name":"Comment","target":["https:\/\/tyrving.idrett.no\/10\/f\/2018\/05\/29\/varleker-6-juni-pa-nadderud-stadion\/#respond"]}]},{"@type":"WebPage","@id":"https:\/\/tyrving.idrett.no\/10\/f\/2018\/05\/29\/varleker-6-juni-pa-nadderud-stadion\/","url":"https:\/\/tyrving.idrett.no\/10\/f\/2018\/05\/29\/varleker-6-juni-pa-nadderud-stadion\/","name":"V\u00e5rleker 6.juni p\u00e5 Nadderud stadion - Tyrving - Friidrett","isPartOf":{"@id":"https:\/\/tyrving.idrett.no\/10\/f\/#website"},"datePublished":"2018-05-29T10:23:27+00:00","dateModified":"2018-05-29T10:23:27+00:00","breadcrumb":{"@id":"https:\/\/tyrving.idrett.no\/10\/f\/2018\/05\/29\/varleker-6-juni-pa-nadderud-stadion\/#breadcrumb"},"inLanguage":"nb-NO","potentialAction":[{"@type":"ReadAction","target":["https:\/\/tyrving.idrett.no\/10\/f\/2018\/05\/29\/varleker-6-juni-pa-nadderud-stadion\/"]}]},{"@type":"BreadcrumbList","@id":"https:\/\/tyrving.idrett.no\/10\/f\/2018\/05\/29\/varleker-6-juni-pa-nadderud-stadion\/#breadcrumb","itemListElement":[{"@type":"ListItem","position":1,"name":"Hjem","item":"https:\/\/tyrving.idrett.no\/10\/f\/"},{"@type":"ListItem","position":2,"name":"V\u00e5rleker 6.juni p\u00e5 Nadderud stadion"}]},{"@type":"WebSite","@id":"https:\/\/tyrving.idrett.no\/10\/f\/#website","url":"https:\/\/tyrving.idrett.no\/10\/f\/","name":"Tyrving - Friidrett","description":"Friidrettsgruppa","publisher":{"@id":"https:\/\/tyrving.idrett.no\/10\/f\/#organization"},"potentialAction":[{"@type":"SearchAction","target":{"@type":"EntryPoint","urlTemplate":"https:\/\/tyrving.idrett.no\/10\/f\/?s={search_term_string}"},"query-input":"required name=search_term_string"}],"inLanguage":"nb-NO"},{"@type":"Organization","@id":"https:\/\/tyrving.idrett.no\/10\/f\/#organization","name":"Tyrving Friidrettsgruppa","url":"https:\/\/tyrving.idrett.no\/10\/f\/","logo":{"@type":"ImageObject","inLanguage":"nb-NO","@id":"https:\/\/tyrving.idrett.no\/10\/f\/#\/schema\/logo\/image\/","url":"https:\/\/tyrving.idrett.no\/10\/f\/files\/2019\/04\/Tyrving-Logo-Friidrett-2019.jpg","contentUrl":"https:\/\/tyrving.idrett.no\/10\/f\/files\/2019\/04\/Tyrving-Logo-Friidrett-2019.jpg","width":460,"height":360,"caption":"Tyrving Friidrettsgruppa"},"image":{"@id":"https:\/\/tyrving.idrett.no\/10\/f\/#\/schema\/logo\/image\/"}},{"@type":"Person","@id":"https:\/\/tyrving.idrett.no\/10\/f\/#\/schema\/person\/9f5049400b91e2521a091cba390d9613","name":"elin","image":{"@type":"ImageObject","inLanguage":"nb-NO","@id":"https:\/\/tyrving.idrett.no\/10\/f\/#\/schema\/person\/image\/","url":"https:\/\/secure.gravatar.com\/avatar\/e6a6b8ed8ea937e9813ce73b5a992dcd?s=96&d=mm&r=g","contentUrl":"https:\/\/secure.gravatar.com\/avatar\/e6a6b8ed8ea937e9813ce73b5a992dcd?s=96&d=mm&r=g","caption":"elin"}}]}},"jetpack_sharing_enabled":true,"jetpack_featured_media_url":"https:\/\/tyrving.idrett.no\/10\/f\/files\/2018\/05\/20150527_181358-600x4001.jpg","_links":{"self":[{"href":"https:\/\/tyrving.idrett.no\/10\/f\/wp-json\/wp\/v2\/posts\/17961"}],"collection":[{"href":"https:\/\/tyrving.idrett.no\/10\/f\/wp-json\/wp\/v2\/posts"}],"about":[{"href":"https:\/\/tyrving.idrett.no\/10\/f\/wp-json\/wp\/v2\/types\/post"}],"author":[{"embeddable":true,"href":"https:\/\/tyrving.idrett.no\/10\/f\/wp-json\/wp\/v2\/users\/33"}],"replies":[{"embeddable":true,"href":"https:\/\/tyrving.idrett.no\/10\/f\/wp-json\/wp\/v2\/comments?post=17961"}],"version-history":[{"count":2,"href":"https:\/\/tyrving.idrett.no\/10\/f\/wp-json\/wp\/v2\/posts\/17961\/revisions"}],"predecessor-version":[{"id":17967,"href":"https:\/\/tyrving.idrett.no\/10\/f\/wp-json\/wp\/v2\/posts\/17961\/revisions\/17967"}],"wp:featuredmedia":[{"embeddable":true,"href":"https:\/\/tyrving.idrett.no\/10\/f\/wp-json\/wp\/v2\/media\/17963"}],"wp:attachment":[{"href":"https:\/\/tyrving.idrett.no\/10\/f\/wp-json\/wp\/v2\/media?parent=17961"}],"wp:term":[{"taxonomy":"category","embeddable":true,"href":"https:\/\/tyrving.idrett.no\/10\/f\/wp-json\/wp\/v2\/categories?post=17961"},{"taxonomy":"post_tag","embeddable":true,"href":"https:\/\/tyrving.idrett.no\/10\/f\/wp-json\/wp\/v2\/tags?post=17961"}],"curies":[{"name":"wp","href":"https:\/\/api.w.org\/{rel}","templated":true}]}}