{"id":17972,"date":"2018-06-08T12:05:03","date_gmt":"2018-06-08T10:05:03","guid":{"rendered":"http:\/\/tyrving.idrett.no\/10\/f\/?p=17972"},"modified":"2018-06-08T13:01:25","modified_gmt":"2018-06-08T11:01:25","slug":"fantastisk-bislett-kveld","status":"publish","type":"post","link":"https:\/\/tyrving.idrett.no\/10\/f\/2018\/06\/08\/fantastisk-bislett-kveld\/","title":{"rendered":"Fantastisk Bislett kveld!"},"content":{"rendered":"<p>Sol, 25 grader, 19 Tyrvingut\u00f8vere p\u00e5 startstreken, opptil 100 Tyrvingsupportere i s\u00f8ndre sving, dette inklusive dommere, foreldre, ut\u00f8vere og ellers administrasjon og styremedlemmer.\u00a0P\u00e5 indre bane skjedde det fantastiske resultat og vi hadde ut\u00f8vere b\u00e5de i forstevnet og i Diamond League stevnet. Hvilken kveld det ble p\u00e5 Bislett stadion i g\u00e5r.<\/p>\n<p><img decoding=\"async\" loading=\"lazy\" class=\"wp-image-17976 size-full aligncenter\" src=\"http:\/\/tyrving.idrett.no\/10\/f\/files\/2018\/06\/image0011.jpg\" alt=\"\" width=\"891\" height=\"668\" srcset=\"https:\/\/tyrving.idrett.no\/10\/f\/files\/2018\/06\/image0011.jpg 891w, https:\/\/tyrving.idrett.no\/10\/f\/files\/2018\/06\/image0011-300x225.jpg 300w, https:\/\/tyrving.idrett.no\/10\/f\/files\/2018\/06\/image0011-768x576.jpg 768w, https:\/\/tyrving.idrett.no\/10\/f\/files\/2018\/06\/image0011-600x450.jpg 600w\" sizes=\"(max-width: 891px) 100vw, 891px\" \/><\/p>\n<p>De st\u00f8rste prestasjonene stod Helene R\u00f8nningen og Amalie Iuel for. Begge satte norske rekorder. Helene l\u00f8p f\u00f8rst inn til supertid p\u00e5 100m med 11,34, dessverre i litt for sterk vind (2,5) Men p\u00e5 200m var vind godkjent, og Helene l\u00f8p inn til fantastiske 23,27! Norsk rekord og EM krav tatt. P\u00e5 400m hekk var det spenning rundt Amalie Iuel sin sesongdebutt p\u00e5 distansen. Amalie slo like gjerne til med ny pers, norsk rekord og godt innenfor EM kravet p\u00e5 distansen. 55,26. Herlig \u00e5 se Amalie tilbake i storslaget! N\u00e5 er det bare \u00e5 bestille billetter til Berlin og heie p\u00e5 Tyrvingjentene under EM i august!<\/p>\n<p><img decoding=\"async\" loading=\"lazy\" class=\"alignnone wp-image-17975 size-full\" src=\"http:\/\/tyrving.idrett.no\/10\/f\/files\/2018\/06\/PSX_20180607_181555.jpg\" alt=\"\" width=\"1920\" height=\"1280\" srcset=\"https:\/\/tyrving.idrett.no\/10\/f\/files\/2018\/06\/PSX_20180607_181555.jpg 1920w, https:\/\/tyrving.idrett.no\/10\/f\/files\/2018\/06\/PSX_20180607_181555-300x200.jpg 300w, https:\/\/tyrving.idrett.no\/10\/f\/files\/2018\/06\/PSX_20180607_181555-768x512.jpg 768w, https:\/\/tyrving.idrett.no\/10\/f\/files\/2018\/06\/PSX_20180607_181555-1024x683.jpg 1024w, https:\/\/tyrving.idrett.no\/10\/f\/files\/2018\/06\/PSX_20180607_181555-600x400.jpg 600w\" sizes=\"(max-width: 1920px) 100vw, 1920px\" \/><\/p>\n<p>Under forstevne stod ut\u00f8vere fra Tyrving i k\u00f8 for \u00e5 vise seg fram og alle perset ellers var tett oppi mot pers. F\u00f8rst ut var Maria Aaberg (17) som l\u00f8p str\u00e5lende p\u00e5 100mhk, med tiden 14,02. Ny pers og bare to 100\/deler fra \u00e5 ta kravet til U18-EM. Sprinterne viste ogs\u00e5 susende form. Patrick Bifuko l\u00f8p inn til flott pers med tiden 10,78. Hallgeir Martinsen l\u00f8p sin beste 100m p\u00e5 to \u00e5r, med tiden 10,84 og Nils Sk\u00e5ra l\u00f8p 11,07. P\u00e5 den doble distansen, fra bane 1(!), l\u00f8p Jonatan Greni Bjerkaas forrykende inn til pers med 21,65.\u00a0V\u00e5re 400m jenter Marie Skjeggestad og Mari Drabl\u00f8s l\u00f8p flott i sommerbrisen p\u00e5 Bislett i g\u00e5r. Marie med nytt solid l\u00f8p fikk tiden 55,44 og Mari med tiden 56,00. Didrik Warlo, v\u00e5r alltid sterke konkurransemann, l\u00f8p flott inn til ny pers med tiden 1,50,88 p\u00e5 800m. Mina Angelero, p\u00e5 samme distanse, l\u00f8p inn til tiden 2,08,00 i g\u00e5r. Et solid l\u00f8p av Mina, like bak persen. I tillegg til v\u00e5re seniorut\u00f8vere hadde vi to spente lag i klassen 13-14 \u00e5r p\u00e5 mixstafett 4x200m. Hedvig Kall\u00e5k, Sondre Audahl Vik, Filippa Berthelsen Fadnes og Sigmund Le Fjeld stakk av med seieren og v\u00e5rt andre lag tok 4.plassen, sv\u00e6rt tett p\u00e5 3.plassen. Her l\u00f8p Mille Baastad Berg, Hampus \u00c5strand, Sara Ankarstrand og Kristian Drabl\u00f8s. Tenker disse hadde en passe inspirerende og spennende Bislett kveld, b\u00e5de p\u00e5 indre bane og p\u00e5 tribune. Snakkes i 2019, Bislett Games!<\/p>\n<p><img decoding=\"async\" loading=\"lazy\" class=\"wp-image-17978 size-full aligncenter\" src=\"http:\/\/tyrving.idrett.no\/10\/f\/files\/2018\/06\/IMG_0673-1.jpg\" alt=\"\" width=\"797\" height=\"598\" srcset=\"https:\/\/tyrving.idrett.no\/10\/f\/files\/2018\/06\/IMG_0673-1.jpg 797w, https:\/\/tyrving.idrett.no\/10\/f\/files\/2018\/06\/IMG_0673-1-300x225.jpg 300w, https:\/\/tyrving.idrett.no\/10\/f\/files\/2018\/06\/IMG_0673-1-768x576.jpg 768w, https:\/\/tyrving.idrett.no\/10\/f\/files\/2018\/06\/IMG_0673-1-600x450.jpg 600w\" sizes=\"(max-width: 797px) 100vw, 797px\" \/><\/p>\n<p>Foto:<\/p>\n<p>Eirik F\u00f8rde<\/p>\n<p>Benedikte Kall\u00e5k<\/p>\n<p>Geir Ankarstrand<\/p>\n<p>&nbsp;<\/p>\n<p>&nbsp;<\/p>\n<p>&nbsp;<\/p>\n<p>&nbsp;<\/p>\n","protected":false},"excerpt":{"rendered":"Sol, 25 grader, 19 Tyrvingut\u00f8vere p\u00e5 startstreken, opptil 100 Tyrvingsupportere i s\u00f8ndre sving, dette inklusive dommere, foreldre, ut\u00f8vere og ellers administrasjon og styremedlemmer.\u00a0P\u00e5 indre bane skj&#8230;","protected":false},"author":33,"featured_media":17983,"comment_status":"open","ping_status":"open","sticky":false,"template":"","format":"standard","meta":{"footnotes":"","_jetpack_memberships_contains_paid_content":false},"categories":[1],"tags":[],"acf":[],"yoast_head":"<!-- This site is optimized with the Yoast SEO plugin v21.2 - https:\/\/yoast.com\/wordpress\/plugins\/seo\/ -->\n<title>Fantastisk Bislett kveld! - Tyrving - Friidrett<\/title>\n<meta name=\"robots\" content=\"index, follow, max-snippet:-1, max-image-preview:large, max-video-preview:-1\" \/>\n<link rel=\"canonical\" href=\"https:\/\/tyrving.idrett.no\/10\/f\/2018\/06\/08\/fantastisk-bislett-kveld\/\" \/>\n<meta property=\"og:locale\" content=\"nb_NO\" \/>\n<meta property=\"og:type\" content=\"article\" \/>\n<meta property=\"og:title\" content=\"Fantastisk Bislett kveld! - Tyrving - Friidrett\" \/>\n<meta property=\"og:description\" content=\"Sol, 25 grader, 19 Tyrvingut\u00f8vere p\u00e5 startstreken, opptil 100 Tyrvingsupportere i s\u00f8ndre sving, dette inklusive dommere, foreldre, ut\u00f8vere og ellers administrasjon og styremedlemmer.\u00a0P\u00e5 indre bane skj...\" \/>\n<meta property=\"og:url\" content=\"https:\/\/tyrving.idrett.no\/10\/f\/2018\/06\/08\/fantastisk-bislett-kveld\/\" \/>\n<meta property=\"og:site_name\" content=\"Tyrving - Friidrett\" \/>\n<meta property=\"article:published_time\" content=\"2018-06-08T10:05:03+00:00\" \/>\n<meta property=\"article:modified_time\" content=\"2018-06-08T11:01:25+00:00\" \/>\n<meta property=\"og:image\" content=\"https:\/\/tyrving.idrett.no\/10\/f\/files\/2018\/06\/L6Y4741.jpg\" \/>\n\t<meta property=\"og:image:width\" content=\"612\" \/>\n\t<meta property=\"og:image:height\" content=\"408\" \/>\n\t<meta property=\"og:image:type\" content=\"image\/jpeg\" \/>\n<meta name=\"author\" content=\"elin\" \/>\n<meta name=\"twitter:card\" content=\"summary_large_image\" \/>\n<meta name=\"twitter:label1\" content=\"Skrevet av\" \/>\n\t<meta name=\"twitter:data1\" content=\"elin\" \/>\n\t<meta name=\"twitter:label2\" content=\"Ansl. lesetid\" \/>\n\t<meta name=\"twitter:data2\" content=\"2 minutter\" \/>\n<script type=\"application\/ld+json\" class=\"yoast-schema-graph\">{\"@context\":\"https:\/\/schema.org\",\"@graph\":[{\"@type\":\"Article\",\"@id\":\"https:\/\/tyrving.idrett.no\/10\/f\/2018\/06\/08\/fantastisk-bislett-kveld\/#article\",\"isPartOf\":{\"@id\":\"https:\/\/tyrving.idrett.no\/10\/f\/2018\/06\/08\/fantastisk-bislett-kveld\/\"},\"author\":{\"name\":\"elin\",\"@id\":\"https:\/\/tyrving.idrett.no\/10\/f\/#\/schema\/person\/9f5049400b91e2521a091cba390d9613\"},\"headline\":\"Fantastisk Bislett kveld!\",\"datePublished\":\"2018-06-08T10:05:03+00:00\",\"dateModified\":\"2018-06-08T11:01:25+00:00\",\"mainEntityOfPage\":{\"@id\":\"https:\/\/tyrving.idrett.no\/10\/f\/2018\/06\/08\/fantastisk-bislett-kveld\/\"},\"wordCount\":429,\"commentCount\":0,\"publisher\":{\"@id\":\"https:\/\/tyrving.idrett.no\/10\/f\/#organization\"},\"articleSection\":[\"Nyheter\"],\"inLanguage\":\"nb-NO\",\"potentialAction\":[{\"@type\":\"CommentAction\",\"name\":\"Comment\",\"target\":[\"https:\/\/tyrving.idrett.no\/10\/f\/2018\/06\/08\/fantastisk-bislett-kveld\/#respond\"]}]},{\"@type\":\"WebPage\",\"@id\":\"https:\/\/tyrving.idrett.no\/10\/f\/2018\/06\/08\/fantastisk-bislett-kveld\/\",\"url\":\"https:\/\/tyrving.idrett.no\/10\/f\/2018\/06\/08\/fantastisk-bislett-kveld\/\",\"name\":\"Fantastisk Bislett kveld! - Tyrving - Friidrett\",\"isPartOf\":{\"@id\":\"https:\/\/tyrving.idrett.no\/10\/f\/#website\"},\"datePublished\":\"2018-06-08T10:05:03+00:00\",\"dateModified\":\"2018-06-08T11:01:25+00:00\",\"breadcrumb\":{\"@id\":\"https:\/\/tyrving.idrett.no\/10\/f\/2018\/06\/08\/fantastisk-bislett-kveld\/#breadcrumb\"},\"inLanguage\":\"nb-NO\",\"potentialAction\":[{\"@type\":\"ReadAction\",\"target\":[\"https:\/\/tyrving.idrett.no\/10\/f\/2018\/06\/08\/fantastisk-bislett-kveld\/\"]}]},{\"@type\":\"BreadcrumbList\",\"@id\":\"https:\/\/tyrving.idrett.no\/10\/f\/2018\/06\/08\/fantastisk-bislett-kveld\/#breadcrumb\",\"itemListElement\":[{\"@type\":\"ListItem\",\"position\":1,\"name\":\"Hjem\",\"item\":\"https:\/\/tyrving.idrett.no\/10\/f\/\"},{\"@type\":\"ListItem\",\"position\":2,\"name\":\"Fantastisk Bislett kveld!\"}]},{\"@type\":\"WebSite\",\"@id\":\"https:\/\/tyrving.idrett.no\/10\/f\/#website\",\"url\":\"https:\/\/tyrving.idrett.no\/10\/f\/\",\"name\":\"Tyrving - Friidrett\",\"description\":\"Friidrettsgruppa\",\"publisher\":{\"@id\":\"https:\/\/tyrving.idrett.no\/10\/f\/#organization\"},\"potentialAction\":[{\"@type\":\"SearchAction\",\"target\":{\"@type\":\"EntryPoint\",\"urlTemplate\":\"https:\/\/tyrving.idrett.no\/10\/f\/?s={search_term_string}\"},\"query-input\":\"required name=search_term_string\"}],\"inLanguage\":\"nb-NO\"},{\"@type\":\"Organization\",\"@id\":\"https:\/\/tyrving.idrett.no\/10\/f\/#organization\",\"name\":\"Tyrving Friidrettsgruppa\",\"url\":\"https:\/\/tyrving.idrett.no\/10\/f\/\",\"logo\":{\"@type\":\"ImageObject\",\"inLanguage\":\"nb-NO\",\"@id\":\"https:\/\/tyrving.idrett.no\/10\/f\/#\/schema\/logo\/image\/\",\"url\":\"https:\/\/tyrving.idrett.no\/10\/f\/files\/2019\/04\/Tyrving-Logo-Friidrett-2019.jpg\",\"contentUrl\":\"https:\/\/tyrving.idrett.no\/10\/f\/files\/2019\/04\/Tyrving-Logo-Friidrett-2019.jpg\",\"width\":460,\"height\":360,\"caption\":\"Tyrving Friidrettsgruppa\"},\"image\":{\"@id\":\"https:\/\/tyrving.idrett.no\/10\/f\/#\/schema\/logo\/image\/\"}},{\"@type\":\"Person\",\"@id\":\"https:\/\/tyrving.idrett.no\/10\/f\/#\/schema\/person\/9f5049400b91e2521a091cba390d9613\",\"name\":\"elin\",\"image\":{\"@type\":\"ImageObject\",\"inLanguage\":\"nb-NO\",\"@id\":\"https:\/\/tyrving.idrett.no\/10\/f\/#\/schema\/person\/image\/\",\"url\":\"https:\/\/secure.gravatar.com\/avatar\/e6a6b8ed8ea937e9813ce73b5a992dcd?s=96&d=mm&r=g\",\"contentUrl\":\"https:\/\/secure.gravatar.com\/avatar\/e6a6b8ed8ea937e9813ce73b5a992dcd?s=96&d=mm&r=g\",\"caption\":\"elin\"}}]}<\/script>\n<!-- \/ Yoast SEO plugin. -->","yoast_head_json":{"title":"Fantastisk Bislett kveld! - Tyrving - Friidrett","robots":{"index":"index","follow":"follow","max-snippet":"max-snippet:-1","max-image-preview":"max-image-preview:large","max-video-preview":"max-video-preview:-1"},"canonical":"https:\/\/tyrving.idrett.no\/10\/f\/2018\/06\/08\/fantastisk-bislett-kveld\/","og_locale":"nb_NO","og_type":"article","og_title":"Fantastisk Bislett kveld! - Tyrving - Friidrett","og_description":"Sol, 25 grader, 19 Tyrvingut\u00f8vere p\u00e5 startstreken, opptil 100 Tyrvingsupportere i s\u00f8ndre sving, dette inklusive dommere, foreldre, ut\u00f8vere og ellers administrasjon og styremedlemmer.\u00a0P\u00e5 indre bane skj...","og_url":"https:\/\/tyrving.idrett.no\/10\/f\/2018\/06\/08\/fantastisk-bislett-kveld\/","og_site_name":"Tyrving - Friidrett","article_published_time":"2018-06-08T10:05:03+00:00","article_modified_time":"2018-06-08T11:01:25+00:00","og_image":[{"width":612,"height":408,"url":"https:\/\/tyrving.idrett.no\/10\/f\/files\/2018\/06\/L6Y4741.jpg","type":"image\/jpeg"}],"author":"elin","twitter_card":"summary_large_image","twitter_misc":{"Skrevet av":"elin","Ansl. lesetid":"2 minutter"},"schema":{"@context":"https:\/\/schema.org","@graph":[{"@type":"Article","@id":"https:\/\/tyrving.idrett.no\/10\/f\/2018\/06\/08\/fantastisk-bislett-kveld\/#article","isPartOf":{"@id":"https:\/\/tyrving.idrett.no\/10\/f\/2018\/06\/08\/fantastisk-bislett-kveld\/"},"author":{"name":"elin","@id":"https:\/\/tyrving.idrett.no\/10\/f\/#\/schema\/person\/9f5049400b91e2521a091cba390d9613"},"headline":"Fantastisk Bislett kveld!","datePublished":"2018-06-08T10:05:03+00:00","dateModified":"2018-06-08T11:01:25+00:00","mainEntityOfPage":{"@id":"https:\/\/tyrving.idrett.no\/10\/f\/2018\/06\/08\/fantastisk-bislett-kveld\/"},"wordCount":429,"commentCount":0,"publisher":{"@id":"https:\/\/tyrving.idrett.no\/10\/f\/#organization"},"articleSection":["Nyheter"],"inLanguage":"nb-NO","potentialAction":[{"@type":"CommentAction","name":"Comment","target":["https:\/\/tyrving.idrett.no\/10\/f\/2018\/06\/08\/fantastisk-bislett-kveld\/#respond"]}]},{"@type":"WebPage","@id":"https:\/\/tyrving.idrett.no\/10\/f\/2018\/06\/08\/fantastisk-bislett-kveld\/","url":"https:\/\/tyrving.idrett.no\/10\/f\/2018\/06\/08\/fantastisk-bislett-kveld\/","name":"Fantastisk Bislett kveld! - Tyrving - Friidrett","isPartOf":{"@id":"https:\/\/tyrving.idrett.no\/10\/f\/#website"},"datePublished":"2018-06-08T10:05:03+00:00","dateModified":"2018-06-08T11:01:25+00:00","breadcrumb":{"@id":"https:\/\/tyrving.idrett.no\/10\/f\/2018\/06\/08\/fantastisk-bislett-kveld\/#breadcrumb"},"inLanguage":"nb-NO","potentialAction":[{"@type":"ReadAction","target":["https:\/\/tyrving.idrett.no\/10\/f\/2018\/06\/08\/fantastisk-bislett-kveld\/"]}]},{"@type":"BreadcrumbList","@id":"https:\/\/tyrving.idrett.no\/10\/f\/2018\/06\/08\/fantastisk-bislett-kveld\/#breadcrumb","itemListElement":[{"@type":"ListItem","position":1,"name":"Hjem","item":"https:\/\/tyrving.idrett.no\/10\/f\/"},{"@type":"ListItem","position":2,"name":"Fantastisk Bislett kveld!"}]},{"@type":"WebSite","@id":"https:\/\/tyrving.idrett.no\/10\/f\/#website","url":"https:\/\/tyrving.idrett.no\/10\/f\/","name":"Tyrving - Friidrett","description":"Friidrettsgruppa","publisher":{"@id":"https:\/\/tyrving.idrett.no\/10\/f\/#organization"},"potentialAction":[{"@type":"SearchAction","target":{"@type":"EntryPoint","urlTemplate":"https:\/\/tyrving.idrett.no\/10\/f\/?s={search_term_string}"},"query-input":"required name=search_term_string"}],"inLanguage":"nb-NO"},{"@type":"Organization","@id":"https:\/\/tyrving.idrett.no\/10\/f\/#organization","name":"Tyrving Friidrettsgruppa","url":"https:\/\/tyrving.idrett.no\/10\/f\/","logo":{"@type":"ImageObject","inLanguage":"nb-NO","@id":"https:\/\/tyrving.idrett.no\/10\/f\/#\/schema\/logo\/image\/","url":"https:\/\/tyrving.idrett.no\/10\/f\/files\/2019\/04\/Tyrving-Logo-Friidrett-2019.jpg","contentUrl":"https:\/\/tyrving.idrett.no\/10\/f\/files\/2019\/04\/Tyrving-Logo-Friidrett-2019.jpg","width":460,"height":360,"caption":"Tyrving Friidrettsgruppa"},"image":{"@id":"https:\/\/tyrving.idrett.no\/10\/f\/#\/schema\/logo\/image\/"}},{"@type":"Person","@id":"https:\/\/tyrving.idrett.no\/10\/f\/#\/schema\/person\/9f5049400b91e2521a091cba390d9613","name":"elin","image":{"@type":"ImageObject","inLanguage":"nb-NO","@id":"https:\/\/tyrving.idrett.no\/10\/f\/#\/schema\/person\/image\/","url":"https:\/\/secure.gravatar.com\/avatar\/e6a6b8ed8ea937e9813ce73b5a992dcd?s=96&d=mm&r=g","contentUrl":"https:\/\/secure.gravatar.com\/avatar\/e6a6b8ed8ea937e9813ce73b5a992dcd?s=96&d=mm&r=g","caption":"elin"}}]}},"jetpack_sharing_enabled":true,"jetpack_featured_media_url":"https:\/\/tyrving.idrett.no\/10\/f\/files\/2018\/06\/L6Y4741.jpg","_links":{"self":[{"href":"https:\/\/tyrving.idrett.no\/10\/f\/wp-json\/wp\/v2\/posts\/17972"}],"collection":[{"href":"https:\/\/tyrving.idrett.no\/10\/f\/wp-json\/wp\/v2\/posts"}],"about":[{"href":"https:\/\/tyrving.idrett.no\/10\/f\/wp-json\/wp\/v2\/types\/post"}],"author":[{"embeddable":true,"href":"https:\/\/tyrving.idrett.no\/10\/f\/wp-json\/wp\/v2\/users\/33"}],"replies":[{"embeddable":true,"href":"https:\/\/tyrving.idrett.no\/10\/f\/wp-json\/wp\/v2\/comments?post=17972"}],"version-history":[{"count":5,"href":"https:\/\/tyrving.idrett.no\/10\/f\/wp-json\/wp\/v2\/posts\/17972\/revisions"}],"predecessor-version":[{"id":17982,"href":"https:\/\/tyrving.idrett.no\/10\/f\/wp-json\/wp\/v2\/posts\/17972\/revisions\/17982"}],"wp:featuredmedia":[{"embeddable":true,"href":"https:\/\/tyrving.idrett.no\/10\/f\/wp-json\/wp\/v2\/media\/17983"}],"wp:attachment":[{"href":"https:\/\/tyrving.idrett.no\/10\/f\/wp-json\/wp\/v2\/media?parent=17972"}],"wp:term":[{"taxonomy":"category","embeddable":true,"href":"https:\/\/tyrving.idrett.no\/10\/f\/wp-json\/wp\/v2\/categories?post=17972"},{"taxonomy":"post_tag","embeddable":true,"href":"https:\/\/tyrving.idrett.no\/10\/f\/wp-json\/wp\/v2\/tags?post=17972"}],"curies":[{"name":"wp","href":"https:\/\/api.w.org\/{rel}","templated":true}]}}