{"id":17990,"date":"2018-06-12T10:15:24","date_gmt":"2018-06-12T08:15:24","guid":{"rendered":"http:\/\/tyrving.idrett.no\/10\/f\/?p=17990"},"modified":"2018-06-12T17:17:29","modified_gmt":"2018-06-12T15:17:29","slug":"kampen-om-mesterskapskravene-intensiveres","status":"publish","type":"post","link":"https:\/\/tyrving.idrett.no\/10\/f\/2018\/06\/12\/kampen-om-mesterskapskravene-intensiveres\/","title":{"rendered":"Kampen om mesterskapskravene intensiveres!"},"content":{"rendered":"<p>Et av de store spenningsmomentene i enhver friidrettssesong, er hvor mange tyrvingut\u00f8vere som kan klare de ulike mesterskapskravene \u2013 nasjonalt og internasjonalt. Selvsagt er det mest spektakul\u00e6rt n\u00e5r v\u00e5re beste ut\u00f8vere kvalifiserer seg til de store internasjonale mesterskapene, men for unge ut\u00f8vere er selvsagt kravene til UM og junior-NM de mest relevante. Heldigvis har Tyrvings ut\u00f8vere de siste \u00e5rene tatt store steg mot toppen slik at begge grupper av ut\u00f8vere er \u00e5 finne i v\u00e5re rekker. N\u00e5 er friidrettssesongen p\u00e5 sitt mest intense og kampen for \u00e5 ta de respektive kvalifiseringskravene intensiveres \u2013 n\u00e5 f\u00f8rst under helgens tyrvingleker!<\/p>\n<p>La oss starte p\u00e5 toppen: Helene R\u00f8nningen og Amalie Iuel er ikke bare solide ut\u00f8vere med Tyrving \u00e5 ryggen \u2013 de har akkurat markert seg som Norges beste i sin \u00f8velse gjennom alle tider gjennom hver sin norske seniorrekord under forrige ukes Bislett Games. Resultatene var selvsagt gode nok til \u00e5 kvalifisere dem til EM i Berlin i august. Vi har et l\u00f8nnlig h\u00e5p om at Katarina M\u00f6genburg kan hoppe 1.90 i h\u00f8yde og kanskje Jonas Halonen l\u00f8pe ned mot 10.32 som er kravet p\u00e5 100 meter. Andre som skulle ta et krav ville st\u00e5 for store positive overraskelser! En som allerede er klar for EM i Berlin, er for \u00f8vrig Ida Nesse som skal kaste diskos i para-EM to uker etter det ordin\u00e6re mesterskapet. Ida har forel\u00f8pig beste kast i \u00e5r i sin klasse, s\u00e5 det er bare \u00e5 glede seg!<\/p>\n<p>Norges Friidrettsforbund har ikke satt noen resultatkrav til deltagelse i \u00e5rets Nordisk\/Baltisk mesterskap for U23, men det ligger selvsagt an til at vi blir godt representert. Helene er selvskreven der ogs\u00e5, og kan f\u00e5 f\u00f8lge av Mari Drabl\u00f8s, Mina Anglero, Sondre H\u00f8yland. Blir det stafettlag, har nok Patrick Bifuko, Kenneth Vik Gulbrandsen, Sebastian Perez og Lars St\u00f8len alle en fair sjanse til billett!<\/p>\n<p>Kravene til junior-VM er skjerpet kraftig denne gangen \u2013 altfor kraftig etter v\u00e5rt skj\u00f8nn. Men uansett er Marie Skj\u00e6ggestad klar for mesterskapet po\u00e5 400 meter hekk med 59,65 som pers (norsk krav 60.00). N\u00e6rmest i k\u00f8en st\u00e5r Didrik Warlo som er en av dem som rammes av de urimelige, s\u00e6rnorske kvalifiseringskravene \u2013 for ham 1:48.50 p\u00e5 800. Ogs\u00e5 Jonathan Greni Bjerkaas har en fair sjanse p\u00e5 200 etter 21.65 fra bane 1 p\u00e5 Bislett Games \u2013 t\u00f8ff kost i den farten for en som er s\u00e5 lang! Men 21.15 blir en real utfordring. Til orientering er de internasjonale kravene for Didrik og Jonathan henholdsvis 1:50.00 og 21,35 \u2013 det skal nok kunne g\u00e5!<\/p>\n<p>Til EM for U18 i Gy\u00f8r i Ungarn, har vi nok realistisk sett bare \u00e9n kandidat \u2013 Maria Aaberg. Maria var bare fattige 2\/100 fra kravet p\u00e5 14,00 under Bislett, men m\u00e5 skynde seg i dobbelt forstand skal hun ta kravet hvor fristen er allerede 26.6. Hvorfor ikke p\u00e5 Tyrvinglekene?<\/p>\n<p>I skrivende stund har Tyrving 38 ut\u00f8vere kvalifisert til NM med 15 \u00e5r gamle Sigrid Alvik som siste skudd p\u00e5 stammen etter supre 4:39.50 p\u00e5 1500 i Askerlekene! P\u00e5 venteliste har vi gamle stjerner som Fredrik Amundg\u00e5rd (seks NM-medaljer hvorav to gull i diskos) og Jonas M\u00f6genburg (11 medaljer hvorav syv gull i lengde ute\/inne) og juniorer som Einar Melsom p\u00e5 langdistanse, Andrea Dammen i horisontale hopp og Vilde Marsteinstredet i spyd.<\/p>\n<p>Til junior-NM er allerede 45 kvalifisert og det kan fort krype mot 50 f\u00f8r startskuddene smeller p\u00e5 Bislett i august. Spydkaster Joakim Lunde ligger nok n\u00e6rmest i \u00f8yeblikket, men ogs\u00e5 flere spreke jenter p\u00e5 Petters mellomdistansegruppe er rett bak kravene og har god tid til \u00e5 fikse et krav!<\/p>\n<p>\u00c5rets UM g\u00e5r i Overhalla. Forel\u00f8pig har 58 ut\u00f8vere kvalifisert seg dit og det blir ganske sikkert ytterligere noen! Tyrvinglekene er en viktig arena for dem som vil pr\u00f8ve seg og vi h\u00e5per flere griper sjansen \u2013 og ikke minst at noen av disse skynder seg og f\u00e5r p\u00e5 plass en kjapp etteranmelding!<\/p>\n<p>Dere kan sjekke listen over alle de kvalifiserte her \u2013 si fra hvis det er feil eller uteglemmelser!<\/p>\n<p><a href=\"http:\/\/tyrving.idrett.no\/10\/f\/files\/2018\/06\/TYRVINGUT\u00d8VERE-KVALIFISERT-FOR-MESTERSKAPENE-I-2018.pdf\">TYRVINGUT\u00d8VERE KVALIFISERT FOR MESTERSKAPENE I 2018<\/a><\/p>\n","protected":false},"excerpt":{"rendered":"Et av de store spenningsmomentene i enhver friidrettssesong, er hvor mange tyrvingut\u00f8vere som kan klare de ulike mesterskapskravene \u2013 nasjonalt og internasjonalt. Selvsagt er det mest spektakul\u00e6rt n\u00e5r&#8230;","protected":false},"author":11,"featured_media":17996,"comment_status":"open","ping_status":"open","sticky":false,"template":"","format":"standard","meta":{"footnotes":"","_jetpack_memberships_contains_paid_content":false},"categories":[1],"tags":[],"acf":[],"yoast_head":"<!-- This site is optimized with the Yoast SEO plugin v21.2 - https:\/\/yoast.com\/wordpress\/plugins\/seo\/ -->\n<title>Kampen om mesterskapskravene intensiveres! - Tyrving - Friidrett<\/title>\n<meta name=\"robots\" content=\"index, follow, max-snippet:-1, max-image-preview:large, max-video-preview:-1\" \/>\n<link rel=\"canonical\" href=\"https:\/\/tyrving.idrett.no\/10\/f\/2018\/06\/12\/kampen-om-mesterskapskravene-intensiveres\/\" \/>\n<meta property=\"og:locale\" content=\"nb_NO\" \/>\n<meta property=\"og:type\" content=\"article\" \/>\n<meta property=\"og:title\" content=\"Kampen om mesterskapskravene intensiveres! - Tyrving - Friidrett\" \/>\n<meta property=\"og:description\" content=\"Et av de store spenningsmomentene i enhver friidrettssesong, er hvor mange tyrvingut\u00f8vere som kan klare de ulike mesterskapskravene \u2013 nasjonalt og internasjonalt. Selvsagt er det mest spektakul\u00e6rt n\u00e5r...\" \/>\n<meta property=\"og:url\" content=\"https:\/\/tyrving.idrett.no\/10\/f\/2018\/06\/12\/kampen-om-mesterskapskravene-intensiveres\/\" \/>\n<meta property=\"og:site_name\" content=\"Tyrving - Friidrett\" \/>\n<meta property=\"article:published_time\" content=\"2018-06-12T08:15:24+00:00\" \/>\n<meta property=\"article:modified_time\" content=\"2018-06-12T15:17:29+00:00\" \/>\n<meta property=\"og:image\" content=\"https:\/\/tyrving.idrett.no\/10\/f\/files\/2018\/06\/DSC_75941.jpg\" \/>\n\t<meta property=\"og:image:width\" content=\"483\" \/>\n\t<meta property=\"og:image:height\" content=\"587\" \/>\n\t<meta property=\"og:image:type\" content=\"image\/jpeg\" \/>\n<meta name=\"author\" content=\"Jo Nesse\" \/>\n<meta name=\"twitter:card\" content=\"summary_large_image\" \/>\n<meta name=\"twitter:label1\" content=\"Skrevet av\" \/>\n\t<meta name=\"twitter:data1\" content=\"Jo Nesse\" \/>\n\t<meta name=\"twitter:label2\" content=\"Ansl. lesetid\" \/>\n\t<meta name=\"twitter:data2\" content=\"3 minutter\" \/>\n<script type=\"application\/ld+json\" class=\"yoast-schema-graph\">{\"@context\":\"https:\/\/schema.org\",\"@graph\":[{\"@type\":\"Article\",\"@id\":\"https:\/\/tyrving.idrett.no\/10\/f\/2018\/06\/12\/kampen-om-mesterskapskravene-intensiveres\/#article\",\"isPartOf\":{\"@id\":\"https:\/\/tyrving.idrett.no\/10\/f\/2018\/06\/12\/kampen-om-mesterskapskravene-intensiveres\/\"},\"author\":{\"name\":\"Jo Nesse\",\"@id\":\"https:\/\/tyrving.idrett.no\/10\/f\/#\/schema\/person\/d4c0beffa6e345e38d49e774568a87f8\"},\"headline\":\"Kampen om mesterskapskravene intensiveres!\",\"datePublished\":\"2018-06-12T08:15:24+00:00\",\"dateModified\":\"2018-06-12T15:17:29+00:00\",\"mainEntityOfPage\":{\"@id\":\"https:\/\/tyrving.idrett.no\/10\/f\/2018\/06\/12\/kampen-om-mesterskapskravene-intensiveres\/\"},\"wordCount\":672,\"commentCount\":0,\"publisher\":{\"@id\":\"https:\/\/tyrving.idrett.no\/10\/f\/#organization\"},\"articleSection\":[\"Nyheter\"],\"inLanguage\":\"nb-NO\",\"potentialAction\":[{\"@type\":\"CommentAction\",\"name\":\"Comment\",\"target\":[\"https:\/\/tyrving.idrett.no\/10\/f\/2018\/06\/12\/kampen-om-mesterskapskravene-intensiveres\/#respond\"]}]},{\"@type\":\"WebPage\",\"@id\":\"https:\/\/tyrving.idrett.no\/10\/f\/2018\/06\/12\/kampen-om-mesterskapskravene-intensiveres\/\",\"url\":\"https:\/\/tyrving.idrett.no\/10\/f\/2018\/06\/12\/kampen-om-mesterskapskravene-intensiveres\/\",\"name\":\"Kampen om mesterskapskravene intensiveres! - Tyrving - Friidrett\",\"isPartOf\":{\"@id\":\"https:\/\/tyrving.idrett.no\/10\/f\/#website\"},\"datePublished\":\"2018-06-12T08:15:24+00:00\",\"dateModified\":\"2018-06-12T15:17:29+00:00\",\"breadcrumb\":{\"@id\":\"https:\/\/tyrving.idrett.no\/10\/f\/2018\/06\/12\/kampen-om-mesterskapskravene-intensiveres\/#breadcrumb\"},\"inLanguage\":\"nb-NO\",\"potentialAction\":[{\"@type\":\"ReadAction\",\"target\":[\"https:\/\/tyrving.idrett.no\/10\/f\/2018\/06\/12\/kampen-om-mesterskapskravene-intensiveres\/\"]}]},{\"@type\":\"BreadcrumbList\",\"@id\":\"https:\/\/tyrving.idrett.no\/10\/f\/2018\/06\/12\/kampen-om-mesterskapskravene-intensiveres\/#breadcrumb\",\"itemListElement\":[{\"@type\":\"ListItem\",\"position\":1,\"name\":\"Hjem\",\"item\":\"https:\/\/tyrving.idrett.no\/10\/f\/\"},{\"@type\":\"ListItem\",\"position\":2,\"name\":\"Kampen om mesterskapskravene intensiveres!\"}]},{\"@type\":\"WebSite\",\"@id\":\"https:\/\/tyrving.idrett.no\/10\/f\/#website\",\"url\":\"https:\/\/tyrving.idrett.no\/10\/f\/\",\"name\":\"Tyrving - Friidrett\",\"description\":\"Friidrettsgruppa\",\"publisher\":{\"@id\":\"https:\/\/tyrving.idrett.no\/10\/f\/#organization\"},\"potentialAction\":[{\"@type\":\"SearchAction\",\"target\":{\"@type\":\"EntryPoint\",\"urlTemplate\":\"https:\/\/tyrving.idrett.no\/10\/f\/?s={search_term_string}\"},\"query-input\":\"required name=search_term_string\"}],\"inLanguage\":\"nb-NO\"},{\"@type\":\"Organization\",\"@id\":\"https:\/\/tyrving.idrett.no\/10\/f\/#organization\",\"name\":\"Tyrving Friidrettsgruppa\",\"url\":\"https:\/\/tyrving.idrett.no\/10\/f\/\",\"logo\":{\"@type\":\"ImageObject\",\"inLanguage\":\"nb-NO\",\"@id\":\"https:\/\/tyrving.idrett.no\/10\/f\/#\/schema\/logo\/image\/\",\"url\":\"https:\/\/tyrving.idrett.no\/10\/f\/files\/2019\/04\/Tyrving-Logo-Friidrett-2019.jpg\",\"contentUrl\":\"https:\/\/tyrving.idrett.no\/10\/f\/files\/2019\/04\/Tyrving-Logo-Friidrett-2019.jpg\",\"width\":460,\"height\":360,\"caption\":\"Tyrving Friidrettsgruppa\"},\"image\":{\"@id\":\"https:\/\/tyrving.idrett.no\/10\/f\/#\/schema\/logo\/image\/\"}},{\"@type\":\"Person\",\"@id\":\"https:\/\/tyrving.idrett.no\/10\/f\/#\/schema\/person\/d4c0beffa6e345e38d49e774568a87f8\",\"name\":\"Jo Nesse\",\"image\":{\"@type\":\"ImageObject\",\"inLanguage\":\"nb-NO\",\"@id\":\"https:\/\/tyrving.idrett.no\/10\/f\/#\/schema\/person\/image\/\",\"url\":\"https:\/\/secure.gravatar.com\/avatar\/1a06e9e4dda9ad2aa819860d47a5c08e?s=96&d=mm&r=g\",\"contentUrl\":\"https:\/\/secure.gravatar.com\/avatar\/1a06e9e4dda9ad2aa819860d47a5c08e?s=96&d=mm&r=g\",\"caption\":\"Jo Nesse\"}}]}<\/script>\n<!-- \/ Yoast SEO plugin. -->","yoast_head_json":{"title":"Kampen om mesterskapskravene intensiveres! - Tyrving - Friidrett","robots":{"index":"index","follow":"follow","max-snippet":"max-snippet:-1","max-image-preview":"max-image-preview:large","max-video-preview":"max-video-preview:-1"},"canonical":"https:\/\/tyrving.idrett.no\/10\/f\/2018\/06\/12\/kampen-om-mesterskapskravene-intensiveres\/","og_locale":"nb_NO","og_type":"article","og_title":"Kampen om mesterskapskravene intensiveres! - Tyrving - Friidrett","og_description":"Et av de store spenningsmomentene i enhver friidrettssesong, er hvor mange tyrvingut\u00f8vere som kan klare de ulike mesterskapskravene \u2013 nasjonalt og internasjonalt. Selvsagt er det mest spektakul\u00e6rt n\u00e5r...","og_url":"https:\/\/tyrving.idrett.no\/10\/f\/2018\/06\/12\/kampen-om-mesterskapskravene-intensiveres\/","og_site_name":"Tyrving - Friidrett","article_published_time":"2018-06-12T08:15:24+00:00","article_modified_time":"2018-06-12T15:17:29+00:00","og_image":[{"width":483,"height":587,"url":"https:\/\/tyrving.idrett.no\/10\/f\/files\/2018\/06\/DSC_75941.jpg","type":"image\/jpeg"}],"author":"Jo Nesse","twitter_card":"summary_large_image","twitter_misc":{"Skrevet av":"Jo Nesse","Ansl. lesetid":"3 minutter"},"schema":{"@context":"https:\/\/schema.org","@graph":[{"@type":"Article","@id":"https:\/\/tyrving.idrett.no\/10\/f\/2018\/06\/12\/kampen-om-mesterskapskravene-intensiveres\/#article","isPartOf":{"@id":"https:\/\/tyrving.idrett.no\/10\/f\/2018\/06\/12\/kampen-om-mesterskapskravene-intensiveres\/"},"author":{"name":"Jo Nesse","@id":"https:\/\/tyrving.idrett.no\/10\/f\/#\/schema\/person\/d4c0beffa6e345e38d49e774568a87f8"},"headline":"Kampen om mesterskapskravene intensiveres!","datePublished":"2018-06-12T08:15:24+00:00","dateModified":"2018-06-12T15:17:29+00:00","mainEntityOfPage":{"@id":"https:\/\/tyrving.idrett.no\/10\/f\/2018\/06\/12\/kampen-om-mesterskapskravene-intensiveres\/"},"wordCount":672,"commentCount":0,"publisher":{"@id":"https:\/\/tyrving.idrett.no\/10\/f\/#organization"},"articleSection":["Nyheter"],"inLanguage":"nb-NO","potentialAction":[{"@type":"CommentAction","name":"Comment","target":["https:\/\/tyrving.idrett.no\/10\/f\/2018\/06\/12\/kampen-om-mesterskapskravene-intensiveres\/#respond"]}]},{"@type":"WebPage","@id":"https:\/\/tyrving.idrett.no\/10\/f\/2018\/06\/12\/kampen-om-mesterskapskravene-intensiveres\/","url":"https:\/\/tyrving.idrett.no\/10\/f\/2018\/06\/12\/kampen-om-mesterskapskravene-intensiveres\/","name":"Kampen om mesterskapskravene intensiveres! - Tyrving - Friidrett","isPartOf":{"@id":"https:\/\/tyrving.idrett.no\/10\/f\/#website"},"datePublished":"2018-06-12T08:15:24+00:00","dateModified":"2018-06-12T15:17:29+00:00","breadcrumb":{"@id":"https:\/\/tyrving.idrett.no\/10\/f\/2018\/06\/12\/kampen-om-mesterskapskravene-intensiveres\/#breadcrumb"},"inLanguage":"nb-NO","potentialAction":[{"@type":"ReadAction","target":["https:\/\/tyrving.idrett.no\/10\/f\/2018\/06\/12\/kampen-om-mesterskapskravene-intensiveres\/"]}]},{"@type":"BreadcrumbList","@id":"https:\/\/tyrving.idrett.no\/10\/f\/2018\/06\/12\/kampen-om-mesterskapskravene-intensiveres\/#breadcrumb","itemListElement":[{"@type":"ListItem","position":1,"name":"Hjem","item":"https:\/\/tyrving.idrett.no\/10\/f\/"},{"@type":"ListItem","position":2,"name":"Kampen om mesterskapskravene intensiveres!"}]},{"@type":"WebSite","@id":"https:\/\/tyrving.idrett.no\/10\/f\/#website","url":"https:\/\/tyrving.idrett.no\/10\/f\/","name":"Tyrving - Friidrett","description":"Friidrettsgruppa","publisher":{"@id":"https:\/\/tyrving.idrett.no\/10\/f\/#organization"},"potentialAction":[{"@type":"SearchAction","target":{"@type":"EntryPoint","urlTemplate":"https:\/\/tyrving.idrett.no\/10\/f\/?s={search_term_string}"},"query-input":"required name=search_term_string"}],"inLanguage":"nb-NO"},{"@type":"Organization","@id":"https:\/\/tyrving.idrett.no\/10\/f\/#organization","name":"Tyrving Friidrettsgruppa","url":"https:\/\/tyrving.idrett.no\/10\/f\/","logo":{"@type":"ImageObject","inLanguage":"nb-NO","@id":"https:\/\/tyrving.idrett.no\/10\/f\/#\/schema\/logo\/image\/","url":"https:\/\/tyrving.idrett.no\/10\/f\/files\/2019\/04\/Tyrving-Logo-Friidrett-2019.jpg","contentUrl":"https:\/\/tyrving.idrett.no\/10\/f\/files\/2019\/04\/Tyrving-Logo-Friidrett-2019.jpg","width":460,"height":360,"caption":"Tyrving Friidrettsgruppa"},"image":{"@id":"https:\/\/tyrving.idrett.no\/10\/f\/#\/schema\/logo\/image\/"}},{"@type":"Person","@id":"https:\/\/tyrving.idrett.no\/10\/f\/#\/schema\/person\/d4c0beffa6e345e38d49e774568a87f8","name":"Jo Nesse","image":{"@type":"ImageObject","inLanguage":"nb-NO","@id":"https:\/\/tyrving.idrett.no\/10\/f\/#\/schema\/person\/image\/","url":"https:\/\/secure.gravatar.com\/avatar\/1a06e9e4dda9ad2aa819860d47a5c08e?s=96&d=mm&r=g","contentUrl":"https:\/\/secure.gravatar.com\/avatar\/1a06e9e4dda9ad2aa819860d47a5c08e?s=96&d=mm&r=g","caption":"Jo Nesse"}}]}},"jetpack_sharing_enabled":true,"jetpack_featured_media_url":"https:\/\/tyrving.idrett.no\/10\/f\/files\/2018\/06\/DSC_75941.jpg","_links":{"self":[{"href":"https:\/\/tyrving.idrett.no\/10\/f\/wp-json\/wp\/v2\/posts\/17990"}],"collection":[{"href":"https:\/\/tyrving.idrett.no\/10\/f\/wp-json\/wp\/v2\/posts"}],"about":[{"href":"https:\/\/tyrving.idrett.no\/10\/f\/wp-json\/wp\/v2\/types\/post"}],"author":[{"embeddable":true,"href":"https:\/\/tyrving.idrett.no\/10\/f\/wp-json\/wp\/v2\/users\/11"}],"replies":[{"embeddable":true,"href":"https:\/\/tyrving.idrett.no\/10\/f\/wp-json\/wp\/v2\/comments?post=17990"}],"version-history":[{"count":1,"href":"https:\/\/tyrving.idrett.no\/10\/f\/wp-json\/wp\/v2\/posts\/17990\/revisions"}],"predecessor-version":[{"id":17992,"href":"https:\/\/tyrving.idrett.no\/10\/f\/wp-json\/wp\/v2\/posts\/17990\/revisions\/17992"}],"wp:featuredmedia":[{"embeddable":true,"href":"https:\/\/tyrving.idrett.no\/10\/f\/wp-json\/wp\/v2\/media\/17996"}],"wp:attachment":[{"href":"https:\/\/tyrving.idrett.no\/10\/f\/wp-json\/wp\/v2\/media?parent=17990"}],"wp:term":[{"taxonomy":"category","embeddable":true,"href":"https:\/\/tyrving.idrett.no\/10\/f\/wp-json\/wp\/v2\/categories?post=17990"},{"taxonomy":"post_tag","embeddable":true,"href":"https:\/\/tyrving.idrett.no\/10\/f\/wp-json\/wp\/v2\/tags?post=17990"}],"curies":[{"name":"wp","href":"https:\/\/api.w.org\/{rel}","templated":true}]}}