{"id":18034,"date":"2018-08-14T11:14:36","date_gmt":"2018-08-14T09:14:36","guid":{"rendered":"http:\/\/tyrving.idrett.no\/10\/f\/?p=18034"},"modified":"2018-08-29T12:03:33","modified_gmt":"2018-08-29T10:03:33","slug":"stevner-pa-nadderud-framover","status":"publish","type":"post","link":"https:\/\/tyrving.idrett.no\/10\/f\/2018\/08\/14\/stevner-pa-nadderud-framover\/","title":{"rendered":"Stevner p\u00e5 Nadderud framover"},"content":{"rendered":"<p>Som tidligere \u00e5r arrangerer Tyrving ogs\u00e5 stevner p\u00e5 sensommeren. Allerede neste mandag blir det stevne for ut\u00f8vere f\u00f8dt i 2003 og eldre med b\u00e5de hopp og l\u00f8p p\u00e5 Nadderud stadion. I september blir det 2 kaststevner og 1 l\u00f8psstevne. Alle stevnene starter kl 1800.<\/p>\n<p>Datoene for Tyrvings h\u00f8stserie bli f\u00f8lgende:<\/p>\n<p>20.august: 300mhk, 3000m, 800m, h\u00f8yde, tresteg (2003 og eldre) P\u00e5melding <a href=\"https:\/\/mi.nif.no\/Event#322202-011\">HER<\/a><\/p>\n<p>4.september: slegge og diskos p\u00e5 kastbanen ved Bekkestua skole\/Nadderud Arena (2008 og eldre) P\u00e5melding <a href=\"https:\/\/mi.nif.no\/Event#322203-011\">HER<\/a><\/p>\n<p>11.september: l\u00f8psstevne med f\u00f8lgende distanser:\u00a060\/80mhk,600m (2008-2004) \u00a0 \u00a0 \u00a0 \u00a0 \u00a0 \u00a0 \u00a0 \u00a0 \u00a0\u00a0 100mhk\/110mhk,200m,200mhk, 400m,1500m,5000m (2003 og eldre) P\u00e5melding<a href=\"https:\/\/mi.nif.no\/Event#322200-011\"> HER<\/a><\/p>\n<p>18.september: spyd og kule + lengde (2008 og eldre) P\u00e5melding <a href=\"https:\/\/mi.nif.no\/Event#322204-011\">HER<\/a><\/p>\n<p>5.september blir det tradisjonelle H\u00f8stleker for de aller minste fra 2 til 9 \u00e5r. Dette er et gratis arrangement for Tyrvings Allidrettsbarn, men ALLE som vil, kan delta.\u00a0 <a href=\"http:\/\/tyrving.idrett.no\/10\/f\/barneleker\/\">Les mer om Tyrvings barneleker<\/a><\/p>\n<p>&nbsp;<\/p>\n","protected":false},"excerpt":{"rendered":"Som tidligere \u00e5r arrangerer Tyrving ogs\u00e5 stevner p\u00e5 sensommeren. Allerede neste mandag blir det stevne for ut\u00f8vere f\u00f8dt i 2003 og eldre med b\u00e5de hopp og l\u00f8p p\u00e5 Nadderud stadion. I september blir det 2&#8230;","protected":false},"author":33,"featured_media":18039,"comment_status":"open","ping_status":"open","sticky":false,"template":"","format":"standard","meta":{"footnotes":"","_jetpack_memberships_contains_paid_content":false},"categories":[1],"tags":[],"acf":[],"yoast_head":"<!-- This site is optimized with the Yoast SEO plugin v21.2 - https:\/\/yoast.com\/wordpress\/plugins\/seo\/ -->\n<title>Stevner p\u00e5 Nadderud framover - Tyrving - Friidrett<\/title>\n<meta name=\"robots\" content=\"index, follow, max-snippet:-1, max-image-preview:large, max-video-preview:-1\" \/>\n<link rel=\"canonical\" href=\"https:\/\/tyrving.idrett.no\/10\/f\/2018\/08\/14\/stevner-pa-nadderud-framover\/\" \/>\n<meta property=\"og:locale\" content=\"nb_NO\" \/>\n<meta property=\"og:type\" content=\"article\" \/>\n<meta property=\"og:title\" content=\"Stevner p\u00e5 Nadderud framover - Tyrving - Friidrett\" \/>\n<meta property=\"og:description\" content=\"Som tidligere \u00e5r arrangerer Tyrving ogs\u00e5 stevner p\u00e5 sensommeren. Allerede neste mandag blir det stevne for ut\u00f8vere f\u00f8dt i 2003 og eldre med b\u00e5de hopp og l\u00f8p p\u00e5 Nadderud stadion. I september blir det 2...\" \/>\n<meta property=\"og:url\" content=\"https:\/\/tyrving.idrett.no\/10\/f\/2018\/08\/14\/stevner-pa-nadderud-framover\/\" \/>\n<meta property=\"og:site_name\" content=\"Tyrving - Friidrett\" \/>\n<meta property=\"article:published_time\" content=\"2018-08-14T09:14:36+00:00\" \/>\n<meta property=\"article:modified_time\" content=\"2018-08-29T10:03:33+00:00\" \/>\n<meta property=\"og:image\" content=\"https:\/\/tyrving.idrett.no\/10\/f\/files\/2018\/08\/35432868_1710966858952496_566532875269177344_n1.jpg\" \/>\n\t<meta property=\"og:image:width\" content=\"960\" \/>\n\t<meta property=\"og:image:height\" content=\"720\" \/>\n\t<meta property=\"og:image:type\" content=\"image\/jpeg\" \/>\n<meta name=\"author\" content=\"elin\" \/>\n<meta name=\"twitter:card\" content=\"summary_large_image\" \/>\n<meta name=\"twitter:label1\" content=\"Skrevet av\" \/>\n\t<meta name=\"twitter:data1\" content=\"elin\" \/>\n\t<meta name=\"twitter:label2\" content=\"Ansl. lesetid\" \/>\n\t<meta name=\"twitter:data2\" content=\"1 minutt\" \/>\n<script type=\"application\/ld+json\" class=\"yoast-schema-graph\">{\"@context\":\"https:\/\/schema.org\",\"@graph\":[{\"@type\":\"Article\",\"@id\":\"https:\/\/tyrving.idrett.no\/10\/f\/2018\/08\/14\/stevner-pa-nadderud-framover\/#article\",\"isPartOf\":{\"@id\":\"https:\/\/tyrving.idrett.no\/10\/f\/2018\/08\/14\/stevner-pa-nadderud-framover\/\"},\"author\":{\"name\":\"elin\",\"@id\":\"https:\/\/tyrving.idrett.no\/10\/f\/#\/schema\/person\/9f5049400b91e2521a091cba390d9613\"},\"headline\":\"Stevner p\u00e5 Nadderud framover\",\"datePublished\":\"2018-08-14T09:14:36+00:00\",\"dateModified\":\"2018-08-29T10:03:33+00:00\",\"mainEntityOfPage\":{\"@id\":\"https:\/\/tyrving.idrett.no\/10\/f\/2018\/08\/14\/stevner-pa-nadderud-framover\/\"},\"wordCount\":150,\"commentCount\":0,\"publisher\":{\"@id\":\"https:\/\/tyrving.idrett.no\/10\/f\/#organization\"},\"articleSection\":[\"Nyheter\"],\"inLanguage\":\"nb-NO\",\"potentialAction\":[{\"@type\":\"CommentAction\",\"name\":\"Comment\",\"target\":[\"https:\/\/tyrving.idrett.no\/10\/f\/2018\/08\/14\/stevner-pa-nadderud-framover\/#respond\"]}]},{\"@type\":\"WebPage\",\"@id\":\"https:\/\/tyrving.idrett.no\/10\/f\/2018\/08\/14\/stevner-pa-nadderud-framover\/\",\"url\":\"https:\/\/tyrving.idrett.no\/10\/f\/2018\/08\/14\/stevner-pa-nadderud-framover\/\",\"name\":\"Stevner p\u00e5 Nadderud framover - Tyrving - Friidrett\",\"isPartOf\":{\"@id\":\"https:\/\/tyrving.idrett.no\/10\/f\/#website\"},\"datePublished\":\"2018-08-14T09:14:36+00:00\",\"dateModified\":\"2018-08-29T10:03:33+00:00\",\"breadcrumb\":{\"@id\":\"https:\/\/tyrving.idrett.no\/10\/f\/2018\/08\/14\/stevner-pa-nadderud-framover\/#breadcrumb\"},\"inLanguage\":\"nb-NO\",\"potentialAction\":[{\"@type\":\"ReadAction\",\"target\":[\"https:\/\/tyrving.idrett.no\/10\/f\/2018\/08\/14\/stevner-pa-nadderud-framover\/\"]}]},{\"@type\":\"BreadcrumbList\",\"@id\":\"https:\/\/tyrving.idrett.no\/10\/f\/2018\/08\/14\/stevner-pa-nadderud-framover\/#breadcrumb\",\"itemListElement\":[{\"@type\":\"ListItem\",\"position\":1,\"name\":\"Hjem\",\"item\":\"https:\/\/tyrving.idrett.no\/10\/f\/\"},{\"@type\":\"ListItem\",\"position\":2,\"name\":\"Stevner p\u00e5 Nadderud framover\"}]},{\"@type\":\"WebSite\",\"@id\":\"https:\/\/tyrving.idrett.no\/10\/f\/#website\",\"url\":\"https:\/\/tyrving.idrett.no\/10\/f\/\",\"name\":\"Tyrving - Friidrett\",\"description\":\"Friidrettsgruppa\",\"publisher\":{\"@id\":\"https:\/\/tyrving.idrett.no\/10\/f\/#organization\"},\"potentialAction\":[{\"@type\":\"SearchAction\",\"target\":{\"@type\":\"EntryPoint\",\"urlTemplate\":\"https:\/\/tyrving.idrett.no\/10\/f\/?s={search_term_string}\"},\"query-input\":\"required name=search_term_string\"}],\"inLanguage\":\"nb-NO\"},{\"@type\":\"Organization\",\"@id\":\"https:\/\/tyrving.idrett.no\/10\/f\/#organization\",\"name\":\"Tyrving Friidrettsgruppa\",\"url\":\"https:\/\/tyrving.idrett.no\/10\/f\/\",\"logo\":{\"@type\":\"ImageObject\",\"inLanguage\":\"nb-NO\",\"@id\":\"https:\/\/tyrving.idrett.no\/10\/f\/#\/schema\/logo\/image\/\",\"url\":\"https:\/\/tyrving.idrett.no\/10\/f\/files\/2019\/04\/Tyrving-Logo-Friidrett-2019.jpg\",\"contentUrl\":\"https:\/\/tyrving.idrett.no\/10\/f\/files\/2019\/04\/Tyrving-Logo-Friidrett-2019.jpg\",\"width\":460,\"height\":360,\"caption\":\"Tyrving Friidrettsgruppa\"},\"image\":{\"@id\":\"https:\/\/tyrving.idrett.no\/10\/f\/#\/schema\/logo\/image\/\"}},{\"@type\":\"Person\",\"@id\":\"https:\/\/tyrving.idrett.no\/10\/f\/#\/schema\/person\/9f5049400b91e2521a091cba390d9613\",\"name\":\"elin\",\"image\":{\"@type\":\"ImageObject\",\"inLanguage\":\"nb-NO\",\"@id\":\"https:\/\/tyrving.idrett.no\/10\/f\/#\/schema\/person\/image\/\",\"url\":\"https:\/\/secure.gravatar.com\/avatar\/e6a6b8ed8ea937e9813ce73b5a992dcd?s=96&d=mm&r=g\",\"contentUrl\":\"https:\/\/secure.gravatar.com\/avatar\/e6a6b8ed8ea937e9813ce73b5a992dcd?s=96&d=mm&r=g\",\"caption\":\"elin\"}}]}<\/script>\n<!-- \/ Yoast SEO plugin. -->","yoast_head_json":{"title":"Stevner p\u00e5 Nadderud framover - Tyrving - Friidrett","robots":{"index":"index","follow":"follow","max-snippet":"max-snippet:-1","max-image-preview":"max-image-preview:large","max-video-preview":"max-video-preview:-1"},"canonical":"https:\/\/tyrving.idrett.no\/10\/f\/2018\/08\/14\/stevner-pa-nadderud-framover\/","og_locale":"nb_NO","og_type":"article","og_title":"Stevner p\u00e5 Nadderud framover - Tyrving - Friidrett","og_description":"Som tidligere \u00e5r arrangerer Tyrving ogs\u00e5 stevner p\u00e5 sensommeren. Allerede neste mandag blir det stevne for ut\u00f8vere f\u00f8dt i 2003 og eldre med b\u00e5de hopp og l\u00f8p p\u00e5 Nadderud stadion. I september blir det 2...","og_url":"https:\/\/tyrving.idrett.no\/10\/f\/2018\/08\/14\/stevner-pa-nadderud-framover\/","og_site_name":"Tyrving - Friidrett","article_published_time":"2018-08-14T09:14:36+00:00","article_modified_time":"2018-08-29T10:03:33+00:00","og_image":[{"width":960,"height":720,"url":"https:\/\/tyrving.idrett.no\/10\/f\/files\/2018\/08\/35432868_1710966858952496_566532875269177344_n1.jpg","type":"image\/jpeg"}],"author":"elin","twitter_card":"summary_large_image","twitter_misc":{"Skrevet av":"elin","Ansl. lesetid":"1 minutt"},"schema":{"@context":"https:\/\/schema.org","@graph":[{"@type":"Article","@id":"https:\/\/tyrving.idrett.no\/10\/f\/2018\/08\/14\/stevner-pa-nadderud-framover\/#article","isPartOf":{"@id":"https:\/\/tyrving.idrett.no\/10\/f\/2018\/08\/14\/stevner-pa-nadderud-framover\/"},"author":{"name":"elin","@id":"https:\/\/tyrving.idrett.no\/10\/f\/#\/schema\/person\/9f5049400b91e2521a091cba390d9613"},"headline":"Stevner p\u00e5 Nadderud framover","datePublished":"2018-08-14T09:14:36+00:00","dateModified":"2018-08-29T10:03:33+00:00","mainEntityOfPage":{"@id":"https:\/\/tyrving.idrett.no\/10\/f\/2018\/08\/14\/stevner-pa-nadderud-framover\/"},"wordCount":150,"commentCount":0,"publisher":{"@id":"https:\/\/tyrving.idrett.no\/10\/f\/#organization"},"articleSection":["Nyheter"],"inLanguage":"nb-NO","potentialAction":[{"@type":"CommentAction","name":"Comment","target":["https:\/\/tyrving.idrett.no\/10\/f\/2018\/08\/14\/stevner-pa-nadderud-framover\/#respond"]}]},{"@type":"WebPage","@id":"https:\/\/tyrving.idrett.no\/10\/f\/2018\/08\/14\/stevner-pa-nadderud-framover\/","url":"https:\/\/tyrving.idrett.no\/10\/f\/2018\/08\/14\/stevner-pa-nadderud-framover\/","name":"Stevner p\u00e5 Nadderud framover - Tyrving - Friidrett","isPartOf":{"@id":"https:\/\/tyrving.idrett.no\/10\/f\/#website"},"datePublished":"2018-08-14T09:14:36+00:00","dateModified":"2018-08-29T10:03:33+00:00","breadcrumb":{"@id":"https:\/\/tyrving.idrett.no\/10\/f\/2018\/08\/14\/stevner-pa-nadderud-framover\/#breadcrumb"},"inLanguage":"nb-NO","potentialAction":[{"@type":"ReadAction","target":["https:\/\/tyrving.idrett.no\/10\/f\/2018\/08\/14\/stevner-pa-nadderud-framover\/"]}]},{"@type":"BreadcrumbList","@id":"https:\/\/tyrving.idrett.no\/10\/f\/2018\/08\/14\/stevner-pa-nadderud-framover\/#breadcrumb","itemListElement":[{"@type":"ListItem","position":1,"name":"Hjem","item":"https:\/\/tyrving.idrett.no\/10\/f\/"},{"@type":"ListItem","position":2,"name":"Stevner p\u00e5 Nadderud framover"}]},{"@type":"WebSite","@id":"https:\/\/tyrving.idrett.no\/10\/f\/#website","url":"https:\/\/tyrving.idrett.no\/10\/f\/","name":"Tyrving - Friidrett","description":"Friidrettsgruppa","publisher":{"@id":"https:\/\/tyrving.idrett.no\/10\/f\/#organization"},"potentialAction":[{"@type":"SearchAction","target":{"@type":"EntryPoint","urlTemplate":"https:\/\/tyrving.idrett.no\/10\/f\/?s={search_term_string}"},"query-input":"required name=search_term_string"}],"inLanguage":"nb-NO"},{"@type":"Organization","@id":"https:\/\/tyrving.idrett.no\/10\/f\/#organization","name":"Tyrving Friidrettsgruppa","url":"https:\/\/tyrving.idrett.no\/10\/f\/","logo":{"@type":"ImageObject","inLanguage":"nb-NO","@id":"https:\/\/tyrving.idrett.no\/10\/f\/#\/schema\/logo\/image\/","url":"https:\/\/tyrving.idrett.no\/10\/f\/files\/2019\/04\/Tyrving-Logo-Friidrett-2019.jpg","contentUrl":"https:\/\/tyrving.idrett.no\/10\/f\/files\/2019\/04\/Tyrving-Logo-Friidrett-2019.jpg","width":460,"height":360,"caption":"Tyrving Friidrettsgruppa"},"image":{"@id":"https:\/\/tyrving.idrett.no\/10\/f\/#\/schema\/logo\/image\/"}},{"@type":"Person","@id":"https:\/\/tyrving.idrett.no\/10\/f\/#\/schema\/person\/9f5049400b91e2521a091cba390d9613","name":"elin","image":{"@type":"ImageObject","inLanguage":"nb-NO","@id":"https:\/\/tyrving.idrett.no\/10\/f\/#\/schema\/person\/image\/","url":"https:\/\/secure.gravatar.com\/avatar\/e6a6b8ed8ea937e9813ce73b5a992dcd?s=96&d=mm&r=g","contentUrl":"https:\/\/secure.gravatar.com\/avatar\/e6a6b8ed8ea937e9813ce73b5a992dcd?s=96&d=mm&r=g","caption":"elin"}}]}},"jetpack_sharing_enabled":true,"jetpack_featured_media_url":"https:\/\/tyrving.idrett.no\/10\/f\/files\/2018\/08\/35432868_1710966858952496_566532875269177344_n1.jpg","_links":{"self":[{"href":"https:\/\/tyrving.idrett.no\/10\/f\/wp-json\/wp\/v2\/posts\/18034"}],"collection":[{"href":"https:\/\/tyrving.idrett.no\/10\/f\/wp-json\/wp\/v2\/posts"}],"about":[{"href":"https:\/\/tyrving.idrett.no\/10\/f\/wp-json\/wp\/v2\/types\/post"}],"author":[{"embeddable":true,"href":"https:\/\/tyrving.idrett.no\/10\/f\/wp-json\/wp\/v2\/users\/33"}],"replies":[{"embeddable":true,"href":"https:\/\/tyrving.idrett.no\/10\/f\/wp-json\/wp\/v2\/comments?post=18034"}],"version-history":[{"count":7,"href":"https:\/\/tyrving.idrett.no\/10\/f\/wp-json\/wp\/v2\/posts\/18034\/revisions"}],"predecessor-version":[{"id":18097,"href":"https:\/\/tyrving.idrett.no\/10\/f\/wp-json\/wp\/v2\/posts\/18034\/revisions\/18097"}],"wp:featuredmedia":[{"embeddable":true,"href":"https:\/\/tyrving.idrett.no\/10\/f\/wp-json\/wp\/v2\/media\/18039"}],"wp:attachment":[{"href":"https:\/\/tyrving.idrett.no\/10\/f\/wp-json\/wp\/v2\/media?parent=18034"}],"wp:term":[{"taxonomy":"category","embeddable":true,"href":"https:\/\/tyrving.idrett.no\/10\/f\/wp-json\/wp\/v2\/categories?post=18034"},{"taxonomy":"post_tag","embeddable":true,"href":"https:\/\/tyrving.idrett.no\/10\/f\/wp-json\/wp\/v2\/tags?post=18034"}],"curies":[{"name":"wp","href":"https:\/\/api.w.org\/{rel}","templated":true}]}}