{"id":18045,"date":"2018-08-18T11:32:27","date_gmt":"2018-08-18T09:32:27","guid":{"rendered":"http:\/\/tyrving.idrett.no\/10\/f\/?p=18045"},"modified":"2018-08-18T21:59:05","modified_gmt":"2018-08-18T19:59:05","slug":"2-bronse-pa-nms-forste-dag","status":"publish","type":"post","link":"https:\/\/tyrving.idrett.no\/10\/f\/2018\/08\/18\/2-bronse-pa-nms-forste-dag\/","title":{"rendered":"2 bronse p\u00e5 NMs f\u00f8rste dag"},"content":{"rendered":"<p>Det ble 2 bronsemedaljer til Tyrving under f\u00f8rste dag av NM i Byrkjelo. Dagen var preget av regn og kalde forhold og slett ikke optimalt for gode resultat. Men det edle metallet skulle deles ut og to medaljer ble det alts\u00e5 til oss. Fredrik Ammundg\u00e5rd, fikk en fin tredjeplass i diskos med resultatet 56,13 i sitt NM comeback. Vi h\u00e5per n\u00e5 at Fredrik er tilbake p\u00e5 rett spor og kan fortsette sin satsning og etterhvert komme opp mot tidligere lengder over 60m. V\u00e5r andre mann p\u00e5 pallen i g\u00e5r var Jonas Halonen. 3.plass i prestisje\u00f8velsen 100m er flott, men uheldig for Jonas, s\u00e5 det utifra tv-bilder ut som han fikk krampe\/strekk. Tiden ble 10,94. Vi h\u00e5per at det ikke er noe langvarig for Jonas! Marie Skjeggestad fikk en fin 4.plass i 400mhk finalen, med tiden 1,00,05 etter god fight p\u00e5 siste 50m. Neste \u00e5r, medalje, Marie! Amalie Iuel som var favoritt p\u00e5 distansen, blir heller \u00e5 se p\u00e5 startstreken i 400m finalen i dag. Her ble dessverre Mari Drabl\u00f8s sl\u00e5tt ut i fors\u00f8ket. Men i herrefinalen p\u00e5 samme distanse, skal Lars Gausemel St\u00f8len kjempe om de gjeveste plasseringene. I lengdefinalen for kvinner, f\u00e5r vi ogs\u00e5 med oss en Tyrvingkvinne. Petra Stepankova hoppet 5,32 i kvalifiseringen i g\u00e5r og vi h\u00e5per Petra kan strekke seg enda lengre i finalen. Flere av v\u00e5re sprintere var ogs\u00e5 i aksjon i g\u00e5r p\u00e5 100m. Nils Paul Sk\u00e5ra l\u00f8p 11,18, Hallgeir Martinsen fikk 11,17, mens Patrick Bifuko endte med 11,20 som tid.<\/p>\n<p>Foto av Fredrik i ringen: Eirik F\u00f8rde<\/p>\n","protected":false},"excerpt":{"rendered":"Det ble 2 bronsemedaljer til Tyrving under f\u00f8rste dag av NM i Byrkjelo. Dagen var preget av regn og kalde forhold og slett ikke optimalt for gode resultat. Men det edle metallet skulle deles ut og to &#8230;","protected":false},"author":33,"featured_media":18047,"comment_status":"open","ping_status":"open","sticky":false,"template":"","format":"standard","meta":{"footnotes":"","_jetpack_memberships_contains_paid_content":false},"categories":[1],"tags":[],"acf":[],"yoast_head":"<!-- This site is optimized with the Yoast SEO plugin v21.2 - https:\/\/yoast.com\/wordpress\/plugins\/seo\/ -->\n<title>2 bronse p\u00e5 NMs f\u00f8rste dag - Tyrving - Friidrett<\/title>\n<meta name=\"robots\" content=\"index, follow, max-snippet:-1, max-image-preview:large, max-video-preview:-1\" \/>\n<link rel=\"canonical\" href=\"https:\/\/tyrving.idrett.no\/10\/f\/2018\/08\/18\/2-bronse-pa-nms-forste-dag\/\" \/>\n<meta property=\"og:locale\" content=\"nb_NO\" \/>\n<meta property=\"og:type\" content=\"article\" \/>\n<meta property=\"og:title\" content=\"2 bronse p\u00e5 NMs f\u00f8rste dag - Tyrving - Friidrett\" \/>\n<meta property=\"og:description\" content=\"Det ble 2 bronsemedaljer til Tyrving under f\u00f8rste dag av NM i Byrkjelo. Dagen var preget av regn og kalde forhold og slett ikke optimalt for gode resultat. Men det edle metallet skulle deles ut og to ...\" \/>\n<meta property=\"og:url\" content=\"https:\/\/tyrving.idrett.no\/10\/f\/2018\/08\/18\/2-bronse-pa-nms-forste-dag\/\" \/>\n<meta property=\"og:site_name\" content=\"Tyrving - Friidrett\" \/>\n<meta property=\"article:published_time\" content=\"2018-08-18T09:32:27+00:00\" \/>\n<meta property=\"article:modified_time\" content=\"2018-08-18T19:59:05+00:00\" \/>\n<meta property=\"og:image\" content=\"https:\/\/tyrving.idrett.no\/10\/f\/files\/2018\/08\/L6Y2543EF.jpg\" \/>\n\t<meta property=\"og:image:width\" content=\"2242\" \/>\n\t<meta property=\"og:image:height\" content=\"2429\" \/>\n\t<meta property=\"og:image:type\" content=\"image\/jpeg\" \/>\n<meta name=\"author\" content=\"elin\" \/>\n<meta name=\"twitter:card\" content=\"summary_large_image\" \/>\n<meta name=\"twitter:label1\" content=\"Skrevet av\" \/>\n\t<meta name=\"twitter:data1\" content=\"elin\" \/>\n\t<meta name=\"twitter:label2\" content=\"Ansl. lesetid\" \/>\n\t<meta name=\"twitter:data2\" content=\"1 minutt\" \/>\n<script type=\"application\/ld+json\" class=\"yoast-schema-graph\">{\"@context\":\"https:\/\/schema.org\",\"@graph\":[{\"@type\":\"Article\",\"@id\":\"https:\/\/tyrving.idrett.no\/10\/f\/2018\/08\/18\/2-bronse-pa-nms-forste-dag\/#article\",\"isPartOf\":{\"@id\":\"https:\/\/tyrving.idrett.no\/10\/f\/2018\/08\/18\/2-bronse-pa-nms-forste-dag\/\"},\"author\":{\"name\":\"elin\",\"@id\":\"https:\/\/tyrving.idrett.no\/10\/f\/#\/schema\/person\/9f5049400b91e2521a091cba390d9613\"},\"headline\":\"2 bronse p\u00e5 NMs f\u00f8rste dag\",\"datePublished\":\"2018-08-18T09:32:27+00:00\",\"dateModified\":\"2018-08-18T19:59:05+00:00\",\"mainEntityOfPage\":{\"@id\":\"https:\/\/tyrving.idrett.no\/10\/f\/2018\/08\/18\/2-bronse-pa-nms-forste-dag\/\"},\"wordCount\":271,\"commentCount\":0,\"publisher\":{\"@id\":\"https:\/\/tyrving.idrett.no\/10\/f\/#organization\"},\"articleSection\":[\"Nyheter\"],\"inLanguage\":\"nb-NO\",\"potentialAction\":[{\"@type\":\"CommentAction\",\"name\":\"Comment\",\"target\":[\"https:\/\/tyrving.idrett.no\/10\/f\/2018\/08\/18\/2-bronse-pa-nms-forste-dag\/#respond\"]}]},{\"@type\":\"WebPage\",\"@id\":\"https:\/\/tyrving.idrett.no\/10\/f\/2018\/08\/18\/2-bronse-pa-nms-forste-dag\/\",\"url\":\"https:\/\/tyrving.idrett.no\/10\/f\/2018\/08\/18\/2-bronse-pa-nms-forste-dag\/\",\"name\":\"2 bronse p\u00e5 NMs f\u00f8rste dag - Tyrving - Friidrett\",\"isPartOf\":{\"@id\":\"https:\/\/tyrving.idrett.no\/10\/f\/#website\"},\"datePublished\":\"2018-08-18T09:32:27+00:00\",\"dateModified\":\"2018-08-18T19:59:05+00:00\",\"breadcrumb\":{\"@id\":\"https:\/\/tyrving.idrett.no\/10\/f\/2018\/08\/18\/2-bronse-pa-nms-forste-dag\/#breadcrumb\"},\"inLanguage\":\"nb-NO\",\"potentialAction\":[{\"@type\":\"ReadAction\",\"target\":[\"https:\/\/tyrving.idrett.no\/10\/f\/2018\/08\/18\/2-bronse-pa-nms-forste-dag\/\"]}]},{\"@type\":\"BreadcrumbList\",\"@id\":\"https:\/\/tyrving.idrett.no\/10\/f\/2018\/08\/18\/2-bronse-pa-nms-forste-dag\/#breadcrumb\",\"itemListElement\":[{\"@type\":\"ListItem\",\"position\":1,\"name\":\"Hjem\",\"item\":\"https:\/\/tyrving.idrett.no\/10\/f\/\"},{\"@type\":\"ListItem\",\"position\":2,\"name\":\"2 bronse p\u00e5 NMs f\u00f8rste dag\"}]},{\"@type\":\"WebSite\",\"@id\":\"https:\/\/tyrving.idrett.no\/10\/f\/#website\",\"url\":\"https:\/\/tyrving.idrett.no\/10\/f\/\",\"name\":\"Tyrving - Friidrett\",\"description\":\"Friidrettsgruppa\",\"publisher\":{\"@id\":\"https:\/\/tyrving.idrett.no\/10\/f\/#organization\"},\"potentialAction\":[{\"@type\":\"SearchAction\",\"target\":{\"@type\":\"EntryPoint\",\"urlTemplate\":\"https:\/\/tyrving.idrett.no\/10\/f\/?s={search_term_string}\"},\"query-input\":\"required name=search_term_string\"}],\"inLanguage\":\"nb-NO\"},{\"@type\":\"Organization\",\"@id\":\"https:\/\/tyrving.idrett.no\/10\/f\/#organization\",\"name\":\"Tyrving Friidrettsgruppa\",\"url\":\"https:\/\/tyrving.idrett.no\/10\/f\/\",\"logo\":{\"@type\":\"ImageObject\",\"inLanguage\":\"nb-NO\",\"@id\":\"https:\/\/tyrving.idrett.no\/10\/f\/#\/schema\/logo\/image\/\",\"url\":\"https:\/\/tyrving.idrett.no\/10\/f\/files\/2019\/04\/Tyrving-Logo-Friidrett-2019.jpg\",\"contentUrl\":\"https:\/\/tyrving.idrett.no\/10\/f\/files\/2019\/04\/Tyrving-Logo-Friidrett-2019.jpg\",\"width\":460,\"height\":360,\"caption\":\"Tyrving Friidrettsgruppa\"},\"image\":{\"@id\":\"https:\/\/tyrving.idrett.no\/10\/f\/#\/schema\/logo\/image\/\"}},{\"@type\":\"Person\",\"@id\":\"https:\/\/tyrving.idrett.no\/10\/f\/#\/schema\/person\/9f5049400b91e2521a091cba390d9613\",\"name\":\"elin\",\"image\":{\"@type\":\"ImageObject\",\"inLanguage\":\"nb-NO\",\"@id\":\"https:\/\/tyrving.idrett.no\/10\/f\/#\/schema\/person\/image\/\",\"url\":\"https:\/\/secure.gravatar.com\/avatar\/e6a6b8ed8ea937e9813ce73b5a992dcd?s=96&d=mm&r=g\",\"contentUrl\":\"https:\/\/secure.gravatar.com\/avatar\/e6a6b8ed8ea937e9813ce73b5a992dcd?s=96&d=mm&r=g\",\"caption\":\"elin\"}}]}<\/script>\n<!-- \/ Yoast SEO plugin. -->","yoast_head_json":{"title":"2 bronse p\u00e5 NMs f\u00f8rste dag - Tyrving - Friidrett","robots":{"index":"index","follow":"follow","max-snippet":"max-snippet:-1","max-image-preview":"max-image-preview:large","max-video-preview":"max-video-preview:-1"},"canonical":"https:\/\/tyrving.idrett.no\/10\/f\/2018\/08\/18\/2-bronse-pa-nms-forste-dag\/","og_locale":"nb_NO","og_type":"article","og_title":"2 bronse p\u00e5 NMs f\u00f8rste dag - Tyrving - Friidrett","og_description":"Det ble 2 bronsemedaljer til Tyrving under f\u00f8rste dag av NM i Byrkjelo. Dagen var preget av regn og kalde forhold og slett ikke optimalt for gode resultat. Men det edle metallet skulle deles ut og to ...","og_url":"https:\/\/tyrving.idrett.no\/10\/f\/2018\/08\/18\/2-bronse-pa-nms-forste-dag\/","og_site_name":"Tyrving - Friidrett","article_published_time":"2018-08-18T09:32:27+00:00","article_modified_time":"2018-08-18T19:59:05+00:00","og_image":[{"width":2242,"height":2429,"url":"https:\/\/tyrving.idrett.no\/10\/f\/files\/2018\/08\/L6Y2543EF.jpg","type":"image\/jpeg"}],"author":"elin","twitter_card":"summary_large_image","twitter_misc":{"Skrevet av":"elin","Ansl. lesetid":"1 minutt"},"schema":{"@context":"https:\/\/schema.org","@graph":[{"@type":"Article","@id":"https:\/\/tyrving.idrett.no\/10\/f\/2018\/08\/18\/2-bronse-pa-nms-forste-dag\/#article","isPartOf":{"@id":"https:\/\/tyrving.idrett.no\/10\/f\/2018\/08\/18\/2-bronse-pa-nms-forste-dag\/"},"author":{"name":"elin","@id":"https:\/\/tyrving.idrett.no\/10\/f\/#\/schema\/person\/9f5049400b91e2521a091cba390d9613"},"headline":"2 bronse p\u00e5 NMs f\u00f8rste dag","datePublished":"2018-08-18T09:32:27+00:00","dateModified":"2018-08-18T19:59:05+00:00","mainEntityOfPage":{"@id":"https:\/\/tyrving.idrett.no\/10\/f\/2018\/08\/18\/2-bronse-pa-nms-forste-dag\/"},"wordCount":271,"commentCount":0,"publisher":{"@id":"https:\/\/tyrving.idrett.no\/10\/f\/#organization"},"articleSection":["Nyheter"],"inLanguage":"nb-NO","potentialAction":[{"@type":"CommentAction","name":"Comment","target":["https:\/\/tyrving.idrett.no\/10\/f\/2018\/08\/18\/2-bronse-pa-nms-forste-dag\/#respond"]}]},{"@type":"WebPage","@id":"https:\/\/tyrving.idrett.no\/10\/f\/2018\/08\/18\/2-bronse-pa-nms-forste-dag\/","url":"https:\/\/tyrving.idrett.no\/10\/f\/2018\/08\/18\/2-bronse-pa-nms-forste-dag\/","name":"2 bronse p\u00e5 NMs f\u00f8rste dag - Tyrving - Friidrett","isPartOf":{"@id":"https:\/\/tyrving.idrett.no\/10\/f\/#website"},"datePublished":"2018-08-18T09:32:27+00:00","dateModified":"2018-08-18T19:59:05+00:00","breadcrumb":{"@id":"https:\/\/tyrving.idrett.no\/10\/f\/2018\/08\/18\/2-bronse-pa-nms-forste-dag\/#breadcrumb"},"inLanguage":"nb-NO","potentialAction":[{"@type":"ReadAction","target":["https:\/\/tyrving.idrett.no\/10\/f\/2018\/08\/18\/2-bronse-pa-nms-forste-dag\/"]}]},{"@type":"BreadcrumbList","@id":"https:\/\/tyrving.idrett.no\/10\/f\/2018\/08\/18\/2-bronse-pa-nms-forste-dag\/#breadcrumb","itemListElement":[{"@type":"ListItem","position":1,"name":"Hjem","item":"https:\/\/tyrving.idrett.no\/10\/f\/"},{"@type":"ListItem","position":2,"name":"2 bronse p\u00e5 NMs f\u00f8rste dag"}]},{"@type":"WebSite","@id":"https:\/\/tyrving.idrett.no\/10\/f\/#website","url":"https:\/\/tyrving.idrett.no\/10\/f\/","name":"Tyrving - Friidrett","description":"Friidrettsgruppa","publisher":{"@id":"https:\/\/tyrving.idrett.no\/10\/f\/#organization"},"potentialAction":[{"@type":"SearchAction","target":{"@type":"EntryPoint","urlTemplate":"https:\/\/tyrving.idrett.no\/10\/f\/?s={search_term_string}"},"query-input":"required name=search_term_string"}],"inLanguage":"nb-NO"},{"@type":"Organization","@id":"https:\/\/tyrving.idrett.no\/10\/f\/#organization","name":"Tyrving Friidrettsgruppa","url":"https:\/\/tyrving.idrett.no\/10\/f\/","logo":{"@type":"ImageObject","inLanguage":"nb-NO","@id":"https:\/\/tyrving.idrett.no\/10\/f\/#\/schema\/logo\/image\/","url":"https:\/\/tyrving.idrett.no\/10\/f\/files\/2019\/04\/Tyrving-Logo-Friidrett-2019.jpg","contentUrl":"https:\/\/tyrving.idrett.no\/10\/f\/files\/2019\/04\/Tyrving-Logo-Friidrett-2019.jpg","width":460,"height":360,"caption":"Tyrving Friidrettsgruppa"},"image":{"@id":"https:\/\/tyrving.idrett.no\/10\/f\/#\/schema\/logo\/image\/"}},{"@type":"Person","@id":"https:\/\/tyrving.idrett.no\/10\/f\/#\/schema\/person\/9f5049400b91e2521a091cba390d9613","name":"elin","image":{"@type":"ImageObject","inLanguage":"nb-NO","@id":"https:\/\/tyrving.idrett.no\/10\/f\/#\/schema\/person\/image\/","url":"https:\/\/secure.gravatar.com\/avatar\/e6a6b8ed8ea937e9813ce73b5a992dcd?s=96&d=mm&r=g","contentUrl":"https:\/\/secure.gravatar.com\/avatar\/e6a6b8ed8ea937e9813ce73b5a992dcd?s=96&d=mm&r=g","caption":"elin"}}]}},"jetpack_sharing_enabled":true,"jetpack_featured_media_url":"https:\/\/tyrving.idrett.no\/10\/f\/files\/2018\/08\/L6Y2543EF.jpg","_links":{"self":[{"href":"https:\/\/tyrving.idrett.no\/10\/f\/wp-json\/wp\/v2\/posts\/18045"}],"collection":[{"href":"https:\/\/tyrving.idrett.no\/10\/f\/wp-json\/wp\/v2\/posts"}],"about":[{"href":"https:\/\/tyrving.idrett.no\/10\/f\/wp-json\/wp\/v2\/types\/post"}],"author":[{"embeddable":true,"href":"https:\/\/tyrving.idrett.no\/10\/f\/wp-json\/wp\/v2\/users\/33"}],"replies":[{"embeddable":true,"href":"https:\/\/tyrving.idrett.no\/10\/f\/wp-json\/wp\/v2\/comments?post=18045"}],"version-history":[{"count":3,"href":"https:\/\/tyrving.idrett.no\/10\/f\/wp-json\/wp\/v2\/posts\/18045\/revisions"}],"predecessor-version":[{"id":18049,"href":"https:\/\/tyrving.idrett.no\/10\/f\/wp-json\/wp\/v2\/posts\/18045\/revisions\/18049"}],"wp:featuredmedia":[{"embeddable":true,"href":"https:\/\/tyrving.idrett.no\/10\/f\/wp-json\/wp\/v2\/media\/18047"}],"wp:attachment":[{"href":"https:\/\/tyrving.idrett.no\/10\/f\/wp-json\/wp\/v2\/media?parent=18045"}],"wp:term":[{"taxonomy":"category","embeddable":true,"href":"https:\/\/tyrving.idrett.no\/10\/f\/wp-json\/wp\/v2\/categories?post=18045"},{"taxonomy":"post_tag","embeddable":true,"href":"https:\/\/tyrving.idrett.no\/10\/f\/wp-json\/wp\/v2\/tags?post=18045"}],"curies":[{"name":"wp","href":"https:\/\/api.w.org\/{rel}","templated":true}]}}